{"id":124494,"date":"2026-03-13T00:21:57","date_gmt":"2026-03-13T04:21:57","guid":{"rendered":"https:\/\/lasprimeras.com.do\/?p=124494"},"modified":"2026-03-13T00:21:59","modified_gmt":"2026-03-13T04:21:59","slug":"abinader-proyecta-al-campo-dominicano-hacia-el-futuro-con-la-apertura-de-la-38-feria-agropecuaria-nacional-2026","status":"publish","type":"post","link":"https:\/\/lasprimeras.com.do\/index.php\/2026\/03\/13\/abinader-proyecta-al-campo-dominicano-hacia-el-futuro-con-la-apertura-de-la-38-feria-agropecuaria-nacional-2026\/","title":{"rendered":"Abinader proyecta al campo dominicano hacia el futuro con la apertura de la 38 Feria Agropecuaria Nacional 2026"},"content":{"rendered":"\n<p>Con la presencia del presidente Luis Abinader, el Patronato Nacional de Ganaderos inaugur\u00f3 la 38.\u00aa Feria Agropecuaria Nacional, un evento que este a\u00f1o pone especial \u00e9nfasis en la mecanizaci\u00f3n del campo dominicano y en el uso de tecnolog\u00edas para impulsar la productividad del sector agropecuario.<\/p>\n\n\n\n<p>La ceremonia se celebr\u00f3 en la Ciudad Ganadera Julio Antonio Brache Arzeno, donde durante 11 d\u00edas productores, empresas, instituciones y miles de familias dominicanas podr\u00e1n conocer los avances del sector agropecuario, disfrutar de exhibiciones ganaderas, demostraciones de maquinaria agr\u00edcola y diversas actividades educativas y recreativas.<\/p>\n\n\n\n<p>Ministro de Agricultura<\/p>\n\n\n\n<p>Durante el acto inaugural, el ministro de Agricultura, Francisco Oliverio Espaillat destac\u00f3 que el sector agropecuario aporta alrededor del 4.5% del PIB y genera m\u00e1s de 365 mil empleos directos y representa cerca del 7% de la poblaci\u00f3n ocupada del pa\u00eds.<\/p>\n\n\n\n<p>Explic\u00f3 que estos avances tambi\u00e9n han contribuido a mejorar los indicadores de seguridad alimentaria del pa\u00eds, reduciendo el \u00edndice de desnutrici\u00f3n y hambre de 8.7% en 2019 a 3.6% en 2025, con la meta de llevarlo a 2.5% para el a\u00f1o 2028, en consonancia con el objetivo presidencial de &#8220;Hambre Cero al 2028&#8221;.<\/p>\n\n\n\n<p>Presidente del Patronato Nacional de Ganaderos<\/p>\n\n\n\n<p>De su lado, el presidente del Patronato Nacional de Ganaderos, Jos\u00e9 Manuel Mall\u00e9n, destac\u00f3 la importancia de la feria como el principal espacio para mostrar el potencial productivo del pa\u00eds.<\/p>\n\n\n\n<p>\u201cLa Feria Agropecuaria Nacional es la principal vitrina del campo dominicano y un punto de encuentro entre productores, empresarios, instituciones y la sociedad. Aqu\u00ed se exhiben los avances del sector y las oportunidades para continuar fortaleciendo la producci\u00f3n nacional\u201d, expres\u00f3 Mall\u00e9n.<\/p>\n\n\n\n<p>Develaci\u00f3n de tarja<\/p>\n\n\n\n<p>Uno de los momentos m\u00e1s significativos de la inauguraci\u00f3n fue la develaci\u00f3n de una tarja en honor al empresario y ganadero dominicano Julio Antonio Brache Arzeno, cuyo nombre lleva la Ciudad Ganadera, en reconocimiento a su legado y a su contribuci\u00f3n al desarrollo del sector ganadero nacional.<\/p>\n\n\n\n<p>La edici\u00f3n de este a\u00f1o cuenta adem\u00e1s con Corea como pa\u00eds invitado, naci\u00f3n reconocida por su liderazgo en innovaci\u00f3n tecnol\u00f3gica y agricultura inteligente, lo que permitir\u00e1 fortalecer el intercambio de conocimientos y experiencias para la modernizaci\u00f3n del agro dominicano.<\/p>\n\n\n\n<p>11 d\u00edas de feria<\/p>\n\n\n\n<p>Durante los 11 d\u00edas de feria, los visitantes podr\u00e1n disfrutar de exhibiciones de razas bovinas de alto nivel gen\u00e9tico, demostraciones de maquinaria agr\u00edcola, muestras de innovaci\u00f3n tecnol\u00f3gica, actividades educativas, espacios gastron\u00f3micos y presentaciones culturales, as\u00ed como \u00e1reas de recreaci\u00f3n para toda la familia.<\/p>\n\n\n\n<p>En esta edici\u00f3n, la feria contar\u00e1 con la participaci\u00f3n de unas 70 fincas, las cuales presentar\u00e1n una diversa muestra de razas y l\u00edneas de producci\u00f3n. La exhibici\u00f3n ganadera reunir\u00e1 a 515 animales bovinos, destacando 278 ejemplares de aptitud lechera, junto a cerca de 400 caprinos y ovinos.<\/p>\n\n\n\n<p>El evento tambi\u00e9n integrar\u00e1 una destacada cartelera ecuestre con 330 caballos que competir\u00e1n en disciplinas como Paso Hig\u00fceyano, Paso Fino, reining y rodeo infantil, una oferta integral dise\u00f1ada para atraer a miles de aficionados y familias durante los fines de semana.<\/p>\n\n\n\n<p>La feria tambi\u00e9n contar\u00e1 con la participaci\u00f3n de empresas del sector agroindustrial, proveedores de insumos e instituciones financieras que ofrecer\u00e1n facilidades de cr\u00e9dito para la adquisici\u00f3n de maquinaria, equipos y ganado, contribuyendo a impulsar la mecanizaci\u00f3n y modernizaci\u00f3n del campo.<\/p>\n","protected":false},"excerpt":{"rendered":"<p>Con la presencia del presidente Luis Abinader, el Patronato Nacional de Ganaderos inaugur\u00f3 la 38.\u00aa Feria Agropecuaria Nacional, un evento que este a\u00f1o pone especial \u00e9nfasis en la mecanizaci\u00f3n del&hellip;<\/p>\n","protected":false},"author":10,"featured_media":124495,"comment_status":"open","ping_status":"open","sticky":false,"template":"","format":"standard","meta":{"content-type":"","jetpack_post_was_ever_published":false,"_jetpack_newsletter_access":"","_jetpack_dont_email_post_to_subs":false,"_jetpack_newsletter_tier_id":0,"_jetpack_memberships_contains_paywalled_content":false,"_jetpack_memberships_contains_paid_content":false,"footnotes":""},"categories":[39],"tags":[31141,31142,4718,67,13585],"class_list":["post-124494","post","type-post","status-publish","format-standard","has-post-thumbnail","hentry","category-economia","tag-campo-dominicano","tag-feria-agropecuaria-nacional-2026","tag-futuro","tag-luis-abinader","tag-proyecta"],"jetpack_featured_media_url":"https:\/\/lasprimeras.com.do\/wp-content\/uploads\/2026\/03\/feria.jpg","jetpack-related-posts":[{"id":125328,"url":"https:\/\/lasprimeras.com.do\/index.php\/2026\/03\/22\/raquel-pena-visita-la-feria-agropecuaria-nacional-en-su-ultimo-dia-previo-a-su-clausura-esta-noche\/","url_meta":{"origin":124494,"position":0},"title":"Raquel Pe\u00f1a visita la Feria Agropecuaria Nacional en su \u00faltimo d\u00eda, previo a su clausura esta noche","author":"Nelson Feliz","date":"22 de marzo de 2026","format":false,"excerpt":"La vicepresidenta visit\u00f3 la 38.\u00aa edici\u00f3n de la feria, un espacio que por m\u00e1s de tres d\u00e9cadas impulsa el desarrollo del sector agropecuario. La vicepresidenta de la Rep\u00fablica, Raquel Pe\u00f1a, realiz\u00f3 este domingo un recorrido por los pabellones de la 38.\u00aa Feria Agropecuaria Nacional, en su \u00faltimo d\u00eda, donde productores,\u2026","rel":"","context":"En \u00abNACIONALES\u00bb","block_context":{"text":"NACIONALES","link":"https:\/\/lasprimeras.com.do\/index.php\/category\/nacionales\/"},"img":{"alt_text":"Raquel Pe\u00f1a","src":"https:\/\/i0.wp.com\/lasprimeras.com.do\/wp-content\/uploads\/2026\/03\/Raquel-Pena-1-2.jpg?resize=350%2C200&ssl=1","width":350,"height":200,"srcset":"https:\/\/i0.wp.com\/lasprimeras.com.do\/wp-content\/uploads\/2026\/03\/Raquel-Pena-1-2.jpg?resize=350%2C200&ssl=1 1x, https:\/\/i0.wp.com\/lasprimeras.com.do\/wp-content\/uploads\/2026\/03\/Raquel-Pena-1-2.jpg?resize=525%2C300&ssl=1 1.5x, https:\/\/i0.wp.com\/lasprimeras.com.do\/wp-content\/uploads\/2026\/03\/Raquel-Pena-1-2.jpg?resize=700%2C400&ssl=1 2x"},"classes":[]},{"id":95959,"url":"https:\/\/lasprimeras.com.do\/index.php\/2025\/03\/21\/abinader-inaugura-feria-agropecuaria-nacional-2025\/","url_meta":{"origin":124494,"position":1},"title":"Abinader inaugura Feria Agropecuaria Nacional 2025","author":"Nelson Feliz","date":"21 de marzo de 2025","format":false,"excerpt":"Somete proyecto de ley para designar Ciudad Ganadera con el nombre de Dr. Julio Antonio Brache Arzeno. El presidente Luis Abinader inaugur\u00f3 la Feria Agropecuaria Nacional 2025, escenario en el que anunci\u00f3 fue sometido ante el Congreso Nacional un proyecto de ley para designar la Ciudad Ganadera con el nombre\u2026","rel":"","context":"En \u00abECONOM\u00cdA\u00bb","block_context":{"text":"ECONOM\u00cdA","link":"https:\/\/lasprimeras.com.do\/index.php\/category\/economia\/"},"img":{"alt_text":"","src":"https:\/\/i0.wp.com\/lasprimeras.com.do\/wp-content\/uploads\/2025\/03\/Abinader-1.jpg?resize=350%2C200&ssl=1","width":350,"height":200,"srcset":"https:\/\/i0.wp.com\/lasprimeras.com.do\/wp-content\/uploads\/2025\/03\/Abinader-1.jpg?resize=350%2C200&ssl=1 1x, https:\/\/i0.wp.com\/lasprimeras.com.do\/wp-content\/uploads\/2025\/03\/Abinader-1.jpg?resize=525%2C300&ssl=1 1.5x, https:\/\/i0.wp.com\/lasprimeras.com.do\/wp-content\/uploads\/2025\/03\/Abinader-1.jpg?resize=700%2C400&ssl=1 2x"},"classes":[]},{"id":121501,"url":"https:\/\/lasprimeras.com.do\/index.php\/2026\/02\/04\/bagricola-anuncia-prestamos-con-tasa-del-6-en-la-feria-agropecuaria-2026\/","url_meta":{"origin":124494,"position":2},"title":"Bagr\u00edcola anuncia pr\u00e9stamos con tasa del 6% en la Feria Agropecuaria 2026","author":"Nelson Feliz","date":"4 de febrero de 2026","format":false,"excerpt":"Los pr\u00e9stamos del Banco Agr\u00edcola de la Rep\u00fablica Dominicana, a una tasa preferencial del 6% anual, figuran entre los principales atractivos de la Feria Agropecuaria Nacional 2026, que celebrar\u00e1 el Patronato Nacional de Ganaderos, del 12 al 22 de marzo, en la capital. El administrador del Bagr\u00edcola, Fernando Dur\u00e1n, expres\u00f3\u2026","rel":"","context":"En \u00abECONOM\u00cdA\u00bb","block_context":{"text":"ECONOM\u00cdA","link":"https:\/\/lasprimeras.com.do\/index.php\/category\/economia\/"},"img":{"alt_text":"","src":"https:\/\/i0.wp.com\/lasprimeras.com.do\/wp-content\/uploads\/2026\/02\/FERIA-AGROPECUARIA-2.jpg?resize=350%2C200&ssl=1","width":350,"height":200,"srcset":"https:\/\/i0.wp.com\/lasprimeras.com.do\/wp-content\/uploads\/2026\/02\/FERIA-AGROPECUARIA-2.jpg?resize=350%2C200&ssl=1 1x, https:\/\/i0.wp.com\/lasprimeras.com.do\/wp-content\/uploads\/2026\/02\/FERIA-AGROPECUARIA-2.jpg?resize=525%2C300&ssl=1 1.5x, https:\/\/i0.wp.com\/lasprimeras.com.do\/wp-content\/uploads\/2026\/02\/FERIA-AGROPECUARIA-2.jpg?resize=700%2C400&ssl=1 2x"},"classes":[]},{"id":76181,"url":"https:\/\/lasprimeras.com.do\/index.php\/2024\/02\/08\/el-patronato-nacional-de-ganaderos-anuncia-feria-agropecuaria-nacional-2024\/","url_meta":{"origin":124494,"position":3},"title":"El Patronato Nacional de Ganaderos anuncia Feria Agropecuaria Nacional 2024","author":"Nelson Feliz","date":"8 de febrero de 2024","format":false,"excerpt":"Bajo el lema: \u201cUnidos hacia un desarrollo agropecuario sostenible\u201d, este a\u00f1o la feria tendr\u00e1 como pa\u00eds invitado a Francia. La Feria Nacional Agropecuaria 2024 se llevar\u00e1 a cabo del 8 al 17 de marzo en la ciudad ganadera. Este evento anual, consolidado como un referente en el sector, convoca a\u2026","rel":"","context":"En \u00abECONOM\u00cdA\u00bb","block_context":{"text":"ECONOM\u00cdA","link":"https:\/\/lasprimeras.com.do\/index.php\/category\/economia\/"},"img":{"alt_text":"Directiva del Patronato Nacional de Ganaderos.","src":"https:\/\/i0.wp.com\/lasprimeras.com.do\/wp-content\/uploads\/2024\/02\/Directiva-del-Patronato-Nacional-de-Ganaderos.jpg?resize=350%2C200&ssl=1","width":350,"height":200,"srcset":"https:\/\/i0.wp.com\/lasprimeras.com.do\/wp-content\/uploads\/2024\/02\/Directiva-del-Patronato-Nacional-de-Ganaderos.jpg?resize=350%2C200&ssl=1 1x, https:\/\/i0.wp.com\/lasprimeras.com.do\/wp-content\/uploads\/2024\/02\/Directiva-del-Patronato-Nacional-de-Ganaderos.jpg?resize=525%2C300&ssl=1 1.5x, https:\/\/i0.wp.com\/lasprimeras.com.do\/wp-content\/uploads\/2024\/02\/Directiva-del-Patronato-Nacional-de-Ganaderos.jpg?resize=700%2C400&ssl=1 2x"},"classes":[]},{"id":124615,"url":"https:\/\/lasprimeras.com.do\/index.php\/2026\/03\/15\/banco-agricola-anuncia-fondos-en-feria-agropecuaria\/","url_meta":{"origin":124494,"position":4},"title":"Banco Agr\u00edcola anuncia fondos en Feria Agropecuaria","author":"Nelson Feliz","date":"15 de marzo de 2026","format":false,"excerpt":"En el marco de la Feria Nacional Agropecuaria 2026, el Banco Agr\u00edcola anunci\u00f3 la disponibilidad de recursos para apoyar la tecnificaci\u00f3n y modernizaci\u00f3n de la producci\u00f3n agropecuaria, con financiamientos de a una tasa de feria del 6 % anual. Dicha iniciativa est\u00e1 dirigida a medianos y peque\u00f1os productores, tanto individuales\u2026","rel":"","context":"En \u00abECONOM\u00cdA\u00bb","block_context":{"text":"ECONOM\u00cdA","link":"https:\/\/lasprimeras.com.do\/index.php\/category\/economia\/"},"img":{"alt_text":"","src":"https:\/\/i0.wp.com\/lasprimeras.com.do\/wp-content\/uploads\/2026\/03\/CON-EL-MINISTRO-DE-AGRICULTURA.jpg?resize=350%2C200&ssl=1","width":350,"height":200,"srcset":"https:\/\/i0.wp.com\/lasprimeras.com.do\/wp-content\/uploads\/2026\/03\/CON-EL-MINISTRO-DE-AGRICULTURA.jpg?resize=350%2C200&ssl=1 1x, https:\/\/i0.wp.com\/lasprimeras.com.do\/wp-content\/uploads\/2026\/03\/CON-EL-MINISTRO-DE-AGRICULTURA.jpg?resize=525%2C300&ssl=1 1.5x, https:\/\/i0.wp.com\/lasprimeras.com.do\/wp-content\/uploads\/2026\/03\/CON-EL-MINISTRO-DE-AGRICULTURA.jpg?resize=700%2C400&ssl=1 2x"},"classes":[]},{"id":122060,"url":"https:\/\/lasprimeras.com.do\/index.php\/2026\/02\/12\/agropecuarios-marchan-hacia-el-palacio-nacional\/","url_meta":{"origin":124494,"position":5},"title":"Agropecuarios marchan hacia el Palacio Nacional","author":"Nelson Feliz","date":"12 de febrero de 2026","format":false,"excerpt":"Cientos de profesionales agropecuarios encabezados por su presidente, Agr\u00f3n. V\u00edctor Hugo Hern\u00e1ndez (Tito) y miembros del Comit\u00e9 Ejecutivo, marcharon este jueves hacia el Palacio Nacional, reiterando las demandas en favor de los agr\u00f3nomos. El dirigente gremial, quien habl\u00f3 en representaci\u00f3n del gremio se mostr\u00f3 esperanzado en que las autoridades del\u2026","rel":"","context":"En \u00abNACIONALES\u00bb","block_context":{"text":"NACIONALES","link":"https:\/\/lasprimeras.com.do\/index.php\/category\/nacionales\/"},"img":{"alt_text":"","src":"https:\/\/i0.wp.com\/lasprimeras.com.do\/wp-content\/uploads\/2026\/02\/agro-1.jpg?resize=350%2C200&ssl=1","width":350,"height":200,"srcset":"https:\/\/i0.wp.com\/lasprimeras.com.do\/wp-content\/uploads\/2026\/02\/agro-1.jpg?resize=350%2C200&ssl=1 1x, https:\/\/i0.wp.com\/lasprimeras.com.do\/wp-content\/uploads\/2026\/02\/agro-1.jpg?resize=525%2C300&ssl=1 1.5x, https:\/\/i0.wp.com\/lasprimeras.com.do\/wp-content\/uploads\/2026\/02\/agro-1.jpg?resize=700%2C400&ssl=1 2x"},"classes":[]}],"jetpack_sharing_enabled":true,"_links":{"self":[{"href":"https:\/\/lasprimeras.com.do\/index.php\/wp-json\/wp\/v2\/posts\/124494","targetHints":{"allow":["GET"]}}],"collection":[{"href":"https:\/\/lasprimeras.com.do\/index.php\/wp-json\/wp\/v2\/posts"}],"about":[{"href":"https:\/\/lasprimeras.com.do\/index.php\/wp-json\/wp\/v2\/types\/post"}],"author":[{"embeddable":true,"href":"https:\/\/lasprimeras.com.do\/index.php\/wp-json\/wp\/v2\/users\/10"}],"replies":[{"embeddable":true,"href":"https:\/\/lasprimeras.com.do\/index.php\/wp-json\/wp\/v2\/comments?post=124494"}],"version-history":[{"count":1,"href":"https:\/\/lasprimeras.com.do\/index.php\/wp-json\/wp\/v2\/posts\/124494\/revisions"}],"predecessor-version":[{"id":124496,"href":"https:\/\/lasprimeras.com.do\/index.php\/wp-json\/wp\/v2\/posts\/124494\/revisions\/124496"}],"wp:featuredmedia":[{"embeddable":true,"href":"https:\/\/lasprimeras.com.do\/index.php\/wp-json\/wp\/v2\/media\/124495"}],"wp:attachment":[{"href":"https:\/\/lasprimeras.com.do\/index.php\/wp-json\/wp\/v2\/media?parent=124494"}],"wp:term":[{"taxonomy":"category","embeddable":true,"href":"https:\/\/lasprimeras.com.do\/index.php\/wp-json\/wp\/v2\/categories?post=124494"},{"taxonomy":"post_tag","embeddable":true,"href":"https:\/\/lasprimeras.com.do\/index.php\/wp-json\/wp\/v2\/tags?post=124494"}],"curies":[{"name":"wp","href":"https:\/\/api.w.org\/{rel}","templated":true}]}}