{"id":124497,"date":"2026-03-13T07:21:54","date_gmt":"2026-03-13T11:21:54","guid":{"rendered":"https:\/\/lasprimeras.com.do\/?p=124497"},"modified":"2026-03-13T07:21:56","modified_gmt":"2026-03-13T11:21:56","slug":"embajadora-de-ee-uu-anuncia-reapertura-de-la-oficina-de-la-dea-en-santo-domingo","status":"publish","type":"post","link":"https:\/\/lasprimeras.com.do\/index.php\/2026\/03\/13\/embajadora-de-ee-uu-anuncia-reapertura-de-la-oficina-de-la-dea-en-santo-domingo\/","title":{"rendered":"Embajadora de EE.UU. anuncia reapertura de la oficina de la DEA en Santo Domingo"},"content":{"rendered":"\n<p>La sede antidrogas volver\u00e1 a operar bajo un nuevo liderazgo tras el esc\u00e1ndalo que involucr\u00f3 al agente Melit\u00f3n Cordero.<\/p>\n\n\n\n<p>La embajadora de Estados Unidos en el pa\u00eds, Leah Francis Campos, anunci\u00f3 este jueves la reapertura oficial de la oficina de la <a href=\"https:\/\/eldia.com.do\/paso-a-paso-asi-se-dio-el-cierre-temporal-de-la-dea-en-republica-dominicana\/\">Drug Enforcement Administration (DEA, por sus siglas en ingl\u00e9s)<\/a> en Santo Domingo, tras el cierre provisional producto de la investigaci\u00f3n en contra de su agente encargado, Melit\u00f3n Cordero, acusado de soborno y fraude de visas.<\/p>\n\n\n\n<p>El anuncio fue realizado a trav\u00e9s de las redes sociales de la Embajada de Estados Unidos en Rep\u00fablica Dominicana, donde la diplom\u00e1tica indic\u00f3 que la oficina operar\u00e1 bajo un nuevo liderazgo como parte del fortalecimiento de la cooperaci\u00f3n bilateral en la lucha contra el narcotr\u00e1fico y la corrupci\u00f3n.<\/p>\n\n\n\n<p>\u201cHoy me complace anunciar que reabrir oficialmente la oficina de la DEA en Santo Domingo bajo un nuevo liderazgo,marcando un nuevo cap\u00edtulo en nuestra lucha compartida contra el narcoterrorismo y la corrupci\u00f3n\u201d, expres\u00f3 Campos.<\/p>\n\n\n\n<p>La embajadora asegur\u00f3 que<\/p>\n\n\n\n<p>Estados Unidos mantiene su compromiso de cooperaci\u00f3n con Rep\u00fablica Dominicana para combatir el narcotr\u00e1fico y otras actividades criminales que afectan la seguridad de ambos pa\u00edses.<\/p>\n\n\n\n<p>La oficina de la DEA en Santo Domingo hab\u00eda sido cerrada tras el inicio de una investigaci\u00f3n contra el agente supervisor <a href=\"https:\/\/eldia.com.do\/cierre-de-la-dea-en-rd-quien-es-meliton-cordero-y-que-investiga-ee-uu\/\">Melit\u00f3n Cordero<\/a><a href=\"https:\/\/eldia.com.do\/cierre-de-la-dea-en-rd-quien-es-meliton-cordero-y-que-investiga-ee-uu\/\">,<\/a>quien fue acusado de presuntamente participar en un esquema de sobornos y fraude de visas.<\/p>\n\n\n\n<p>El caso gener\u00f3 cuestionamientos sobre las operaciones de la agencia antidrogas en el pa\u00eds y provoc\u00f3 la suspensi\u00f3n de las actividades de la oficina mientras se desarrollaban las investigaciones.<\/p>\n\n\n\n<p>Con la reapertura anunciada por la embajadora Campos, las autoridades estadounidenses buscan retomar las operaciones de la DEA en territorio dominicano y reforzar la colaboraci\u00f3n con las instituciones locales en la lucha contra el narcotr\u00e1fico y el crimen organizado.<\/p>\n","protected":false},"excerpt":{"rendered":"<p>La sede antidrogas volver\u00e1 a operar bajo un nuevo liderazgo tras el esc\u00e1ndalo que involucr\u00f3 al agente Melit\u00f3n Cordero. La embajadora de Estados Unidos en el pa\u00eds, Leah Francis Campos,&hellip;<\/p>\n","protected":false},"author":10,"featured_media":113250,"comment_status":"open","ping_status":"open","sticky":false,"template":"","format":"standard","meta":{"content-type":"","jetpack_post_was_ever_published":false,"_jetpack_newsletter_access":"","_jetpack_dont_email_post_to_subs":false,"_jetpack_newsletter_tier_id":0,"_jetpack_memberships_contains_paywalled_content":false,"_jetpack_memberships_contains_paid_content":false,"footnotes":""},"categories":[35],"tags":[15382,25717,26156,806],"class_list":["post-124497","post","type-post","status-publish","format-standard","has-post-thumbnail","hentry","category-nacionales","tag-dea","tag-embajadora-de-ee-uu","tag-leah-francis-campos","tag-santo-domingo"],"jetpack_featured_media_url":"https:\/\/lasprimeras.com.do\/wp-content\/uploads\/2025\/10\/Leah-Francis-Campos.jpg","jetpack-related-posts":[{"id":124575,"url":"https:\/\/lasprimeras.com.do\/index.php\/2026\/03\/13\/embajadora-ee-uu-presenta-al-presidente-dncd-nuevo-agregado-de-la-dea-en-rd\/","url_meta":{"origin":124497,"position":0},"title":"Embajadora EE. UU. presenta al presidente DNCD nuevo agregado de la DEA en RD","author":"Nelson Feliz","date":"13 de marzo de 2026","format":false,"excerpt":"\u00a0La unidad funcionar\u00e1 bajo una nueva direcci\u00f3n marcando un nuevo cap\u00edtulo en la lucha contra el narcotr\u00e1fico y sus delitos conexos La Embajadora de Estados Unidos, Leah F. Campos, se reuni\u00f3 con el presidente de la Direcci\u00f3n Nacional de Control de Drogas (DNCD), vicealmirante Jos\u00e9 M. Cabrera Ulloa, donde present\u00f3\u2026","rel":"","context":"En \u00abNACIONALES\u00bb","block_context":{"text":"NACIONALES","link":"https:\/\/lasprimeras.com.do\/index.php\/category\/nacionales\/"},"img":{"alt_text":"Leah F. Campos","src":"https:\/\/i0.wp.com\/lasprimeras.com.do\/wp-content\/uploads\/2026\/03\/Leah-F.-Campos-1.jpg?resize=350%2C200&ssl=1","width":350,"height":200,"srcset":"https:\/\/i0.wp.com\/lasprimeras.com.do\/wp-content\/uploads\/2026\/03\/Leah-F.-Campos-1.jpg?resize=350%2C200&ssl=1 1x, https:\/\/i0.wp.com\/lasprimeras.com.do\/wp-content\/uploads\/2026\/03\/Leah-F.-Campos-1.jpg?resize=525%2C300&ssl=1 1.5x, https:\/\/i0.wp.com\/lasprimeras.com.do\/wp-content\/uploads\/2026\/03\/Leah-F.-Campos-1.jpg?resize=700%2C400&ssl=1 2x"},"classes":[]},{"id":122103,"url":"https:\/\/lasprimeras.com.do\/index.php\/2026\/02\/13\/arrestan-a-supervisor-de-la-dea-en-santo-domingo-tras-cierre-de-oficina\/","url_meta":{"origin":124497,"position":1},"title":"Arrestan a supervisor de la DEA en Santo Domingo tras cierre de oficina","author":"Nelson Feliz","date":"13 de febrero de 2026","format":false,"excerpt":"Un supervisor de la oficina de la DEA en Rep\u00fablica Dominicana fue arrestado como parte de una investigaci\u00f3n sobre el abuso de un programa de visas estadounidenses para informantes confidenciales, declar\u00f3 el jueves a The Associated Press un funcionario federal y un exfuncionario con conocimiento del asunto. El arresto se\u2026","rel":"","context":"En \u00abNACIONALES\u00bb","block_context":{"text":"NACIONALES","link":"https:\/\/lasprimeras.com.do\/index.php\/category\/nacionales\/"},"img":{"alt_text":"","src":"https:\/\/i0.wp.com\/lasprimeras.com.do\/wp-content\/uploads\/2026\/02\/WhatsApp-Image-2026-02-13-at-7.21.15-AM.jpeg?resize=350%2C200&ssl=1","width":350,"height":200,"srcset":"https:\/\/i0.wp.com\/lasprimeras.com.do\/wp-content\/uploads\/2026\/02\/WhatsApp-Image-2026-02-13-at-7.21.15-AM.jpeg?resize=350%2C200&ssl=1 1x, https:\/\/i0.wp.com\/lasprimeras.com.do\/wp-content\/uploads\/2026\/02\/WhatsApp-Image-2026-02-13-at-7.21.15-AM.jpeg?resize=525%2C300&ssl=1 1.5x, https:\/\/i0.wp.com\/lasprimeras.com.do\/wp-content\/uploads\/2026\/02\/WhatsApp-Image-2026-02-13-at-7.21.15-AM.jpeg?resize=700%2C400&ssl=1 2x"},"classes":[]},{"id":122127,"url":"https:\/\/lasprimeras.com.do\/index.php\/2026\/02\/13\/meliton-cordero-supervisor-de-la-dea-en-rd-habria-aceptado-miles-de-dolares-por-visas\/","url_meta":{"origin":124497,"position":2},"title":"Melit\u00f3n Cordero, supervisor de la DEA en RD, habr\u00eda aceptado miles de d\u00f3lares por visas","author":"Nelson Feliz","date":"13 de febrero de 2026","format":false,"excerpt":"Cordero se habr\u00eda reunido con un ciudadano extranjero y le proporcion\u00f3 un pasaporte y una visa que le permit\u00edan viajar a Estados Unidos a cambio de dinero. Melit\u00f3n Cordero, agente especial supervisor de la Administraci\u00f3n para el Control de Drogas (DEA) en Santo Domingo, fue arrestado el jueves en Washington\u2026","rel":"","context":"En \u00abNACIONALES\u00bb","block_context":{"text":"NACIONALES","link":"https:\/\/lasprimeras.com.do\/index.php\/category\/nacionales\/"},"img":{"alt_text":"","src":"https:\/\/i0.wp.com\/lasprimeras.com.do\/wp-content\/uploads\/2026\/02\/dea.jpeg?resize=350%2C200&ssl=1","width":350,"height":200,"srcset":"https:\/\/i0.wp.com\/lasprimeras.com.do\/wp-content\/uploads\/2026\/02\/dea.jpeg?resize=350%2C200&ssl=1 1x, https:\/\/i0.wp.com\/lasprimeras.com.do\/wp-content\/uploads\/2026\/02\/dea.jpeg?resize=525%2C300&ssl=1 1.5x, https:\/\/i0.wp.com\/lasprimeras.com.do\/wp-content\/uploads\/2026\/02\/dea.jpeg?resize=700%2C400&ssl=1 2x"},"classes":[]},{"id":122088,"url":"https:\/\/lasprimeras.com.do\/index.php\/2026\/02\/13\/embajadora-de-ee-uu-cierra-oficina-de-la-dea-en-santo-domingo-no-tolerare-percepcion-de-corrupcion\/","url_meta":{"origin":124497,"position":3},"title":"Embajadora de EE.UU. cierra oficina de la DEA en Santo Domingo: No tolerar\u00e9 percepci\u00f3n de corrupci\u00f3n","author":"Nelson Feliz","date":"13 de febrero de 2026","format":false,"excerpt":"La embajadora de Estados Unidos en Rep\u00fablica Dominicana anunci\u00f3 este jueves el cierre de la oficina de laAdministraci\u00f3n para el Control de Drogas (DEA)que se encuentra en Santo Domingo. La embajadora Leah Campos public\u00f3 un mensaje en las redes sociales del \u00f3rgano diplom\u00e1tico asegurando queno tolerar\u00e1 la corrupci\u00f3n, rechazando cualquier\u2026","rel":"","context":"En \u00abNACIONALES\u00bb","block_context":{"text":"NACIONALES","link":"https:\/\/lasprimeras.com.do\/index.php\/category\/nacionales\/"},"img":{"alt_text":"","src":"https:\/\/i0.wp.com\/lasprimeras.com.do\/wp-content\/uploads\/2026\/02\/691f78e8a34ee.png?resize=350%2C200&ssl=1","width":350,"height":200,"srcset":"https:\/\/i0.wp.com\/lasprimeras.com.do\/wp-content\/uploads\/2026\/02\/691f78e8a34ee.png?resize=350%2C200&ssl=1 1x, https:\/\/i0.wp.com\/lasprimeras.com.do\/wp-content\/uploads\/2026\/02\/691f78e8a34ee.png?resize=525%2C300&ssl=1 1.5x, https:\/\/i0.wp.com\/lasprimeras.com.do\/wp-content\/uploads\/2026\/02\/691f78e8a34ee.png?resize=700%2C400&ssl=1 2x"},"classes":[]},{"id":119632,"url":"https:\/\/lasprimeras.com.do\/index.php\/2026\/01\/15\/embajadora-de-eeuu-leah-campos-se-reune-con-el-presidente-de-la-dncd-cabrera-ulloa\/","url_meta":{"origin":124497,"position":4},"title":"Embajadora de EEUU Leah Campos se re\u00fane con el presidente de la DNCD Cabrera Ulloa","author":"Nelson Feliz","date":"15 de enero de 2026","format":false,"excerpt":"_Durante el encuentro se acord\u00f3 reforzar la cooperaci\u00f3n bilateral contra el narcotr\u00e1fico, el lavado de activos y la criminalidad organizada transnacional_ La Embajadora de Estados Unidos en Rep\u00fablica Dominicana, Leah F. Campos se reuni\u00f3 por primera vez con el vicealmirante Jos\u00e9 Manuel Cabrera Ulloa, presidente de la Direcci\u00f3n Nacional de\u2026","rel":"","context":"En \u00abNACIONALES\u00bb","block_context":{"text":"NACIONALES","link":"https:\/\/lasprimeras.com.do\/index.php\/category\/nacionales\/"},"img":{"alt_text":"","src":"https:\/\/i0.wp.com\/lasprimeras.com.do\/wp-content\/uploads\/2026\/01\/IMG-20260115-WA0095-scaled.jpg?resize=350%2C200&ssl=1","width":350,"height":200,"srcset":"https:\/\/i0.wp.com\/lasprimeras.com.do\/wp-content\/uploads\/2026\/01\/IMG-20260115-WA0095-scaled.jpg?resize=350%2C200&ssl=1 1x, https:\/\/i0.wp.com\/lasprimeras.com.do\/wp-content\/uploads\/2026\/01\/IMG-20260115-WA0095-scaled.jpg?resize=525%2C300&ssl=1 1.5x, https:\/\/i0.wp.com\/lasprimeras.com.do\/wp-content\/uploads\/2026\/01\/IMG-20260115-WA0095-scaled.jpg?resize=700%2C400&ssl=1 2x, https:\/\/i0.wp.com\/lasprimeras.com.do\/wp-content\/uploads\/2026\/01\/IMG-20260115-WA0095-scaled.jpg?resize=1050%2C600&ssl=1 3x, https:\/\/i0.wp.com\/lasprimeras.com.do\/wp-content\/uploads\/2026\/01\/IMG-20260115-WA0095-scaled.jpg?resize=1400%2C800&ssl=1 4x"},"classes":[]},{"id":122952,"url":"https:\/\/lasprimeras.com.do\/index.php\/2026\/02\/24\/usa-y-rd-mensajes-confusos\/","url_meta":{"origin":124497,"position":5},"title":"USA y RD: mensajes confusos","author":"Nelson Feliz","date":"24 de febrero de 2026","format":false,"excerpt":"Cristhian Jim\u00e9nez Resulta dif\u00edcil la lectura pol\u00edtica y diplom\u00e1tica del trumpismo. El an\u00e1lisis de una medida disruptiva tropieza en horas al ser rectificada la decisi\u00f3n. El mundo pende de un repentino cambio emocional ante la portada de un diario o los titulares del noticiario. Incertidumbre absoluta. Los principales funcionarios de\u2026","rel":"","context":"En \u00abOPINI\u00d3N\u00bb","block_context":{"text":"OPINI\u00d3N","link":"https:\/\/lasprimeras.com.do\/index.php\/category\/opinion\/"},"img":{"alt_text":"","src":"","width":0,"height":0},"classes":[]}],"jetpack_sharing_enabled":true,"_links":{"self":[{"href":"https:\/\/lasprimeras.com.do\/index.php\/wp-json\/wp\/v2\/posts\/124497","targetHints":{"allow":["GET"]}}],"collection":[{"href":"https:\/\/lasprimeras.com.do\/index.php\/wp-json\/wp\/v2\/posts"}],"about":[{"href":"https:\/\/lasprimeras.com.do\/index.php\/wp-json\/wp\/v2\/types\/post"}],"author":[{"embeddable":true,"href":"https:\/\/lasprimeras.com.do\/index.php\/wp-json\/wp\/v2\/users\/10"}],"replies":[{"embeddable":true,"href":"https:\/\/lasprimeras.com.do\/index.php\/wp-json\/wp\/v2\/comments?post=124497"}],"version-history":[{"count":1,"href":"https:\/\/lasprimeras.com.do\/index.php\/wp-json\/wp\/v2\/posts\/124497\/revisions"}],"predecessor-version":[{"id":124498,"href":"https:\/\/lasprimeras.com.do\/index.php\/wp-json\/wp\/v2\/posts\/124497\/revisions\/124498"}],"wp:featuredmedia":[{"embeddable":true,"href":"https:\/\/lasprimeras.com.do\/index.php\/wp-json\/wp\/v2\/media\/113250"}],"wp:attachment":[{"href":"https:\/\/lasprimeras.com.do\/index.php\/wp-json\/wp\/v2\/media?parent=124497"}],"wp:term":[{"taxonomy":"category","embeddable":true,"href":"https:\/\/lasprimeras.com.do\/index.php\/wp-json\/wp\/v2\/categories?post=124497"},{"taxonomy":"post_tag","embeddable":true,"href":"https:\/\/lasprimeras.com.do\/index.php\/wp-json\/wp\/v2\/tags?post=124497"}],"curies":[{"name":"wp","href":"https:\/\/api.w.org\/{rel}","templated":true}]}}