{"id":124499,"date":"2026-03-13T07:44:47","date_gmt":"2026-03-13T11:44:47","guid":{"rendered":"https:\/\/lasprimeras.com.do\/?p=124499"},"modified":"2026-03-13T07:44:49","modified_gmt":"2026-03-13T11:44:49","slug":"la-superintendencia-de-bancos-ofrecera-cuatro-charlas-en-la-semana-economica-y-financiera","status":"publish","type":"post","link":"https:\/\/lasprimeras.com.do\/index.php\/2026\/03\/13\/la-superintendencia-de-bancos-ofrecera-cuatro-charlas-en-la-semana-economica-y-financiera\/","title":{"rendered":"La Superintendencia de Bancos ofrecer\u00e1 cuatro charlas en la Semana Econ\u00f3mica y Financiera"},"content":{"rendered":"\n<p>Las conferencias, dirigidas a ni\u00f1os y adolescentes, ser\u00e1n impartidas en Santo Domingo, Santiago y Ban\u00ed.<\/p>\n\n\n\n<p>En el marco de la d\u00e9cimo segunda Semana Econ\u00f3mica y Financiera del Banco Central y la campa\u00f1a Global Money Weeko Semana Mundial del Dinero, la Superintendencia de Bancos (SB) auspicia cuatro charlas, dos en Santo Domingo, una en Santiago&nbsp;y otra en Ban\u00ed,con el fin de orientar a la ciudadan\u00eda sobre buenos h\u00e1bitos para la gesti\u00f3n de las finanzas personales.&nbsp;<\/p>\n\n\n\n<p>La charla \u201cAhorropolis: mis primeras finanzas\u201d,dirigida a ni\u00f1os deentre seis y ocho a\u00f1os, ser\u00e1 impartida en la sede del Banco Central, el lunes 16 de marzo a las 10:30 a.m.,en el Sal\u00f3n El Mundo del Dinero, en el piso tres.<\/p>\n\n\n\n<p>Esta misma charla ser\u00e1 ofrecida tambi\u00e9n en Santiago,en las instalaciones del Centro Le\u00f3n, el mi\u00e9rcoles 18 a las 11:00 a.m.<\/p>\n\n\n\n<p>La SB tambi\u00e9n auspicia la charla\u201cFinanzas para j\u00f3venes\u201d, dirigida a adolescentes. Esta ser\u00e1 llevada a caboeste 16 de marzo en el Sal\u00f3n Salom\u00e9 Ure\u00f1a de la sede del Banco Central, a las 4:00 p.m.<\/p>\n\n\n\n<p>De igual manera, se impartir\u00e1 en el Centro Perell\u00f3 de Ban\u00ed, El jueves 19a las 11:30 a.m.<\/p>\n\n\n\n<p>Adem\u00e1s de las conferencias informativas, la SB pone a disposici\u00f3n de quienes asisten a las actividades de esta semana un stand de la Oficina de Servicios y Protecci\u00f3n al Usuario (ProUsuario), donde ofrece informaci\u00f3n general y herramientas que apoyen a los j\u00f3venes visitantes a tomar decisiones financieras inteligentes en un futuro.<\/p>\n\n\n\n<p>Semana Econ\u00f3mica y Financiera&nbsp;<\/p>\n\n\n\n<p>Esta d\u00e9cimo segunda edici\u00f3n de la Semana Econ\u00f3mica y Financiera (#sefBCRD) se lleva a cabo desde ellunes 16 hasta el viernes 20 de marzo,&nbsp;en el auditorio del Banco Central, en Santo Domingo, su oficina regional de Santiago y el Centro Perell\u00f3,en Ban\u00ed.<\/p>\n\n\n\n<p>Adem\u00e1s de visitar los stands de las instituciones p\u00fablicas y privadas&nbsp;participantes, los asistentes presenciar charlas, talleres, juegos&nbsp;y la posibilidad de acceder al Museo Numism\u00e1tico y Filat\u00e9lico.&nbsp;<\/p>\n\n\n\n<p>App ProUsuario<\/p>\n\n\n\n<p>Los asistentes a la Semana Econ\u00f3mica y Financiera tambi\u00e9n podr\u00e1n recibir orientaci\u00f3n para descargar la aplicaci\u00f3n ProUsuario, de descarga gratuita en las tiendas de Android (Google Play) y de iOS (App Store).<\/p>\n\n\n\n<p>All\u00ed, los usuarios y las usuarias tienen acceso a la informaci\u00f3n crediticia, educaci\u00f3n Financiera y a la realizaci\u00f3n de reclamaciones, quejas y denuncias sobre productos y servicios bancarios.&nbsp;<\/p>\n\n\n\n<p>De igual manera, permite consultar\u202fcuentas inactivas y abandonadas, as\u00ed como obtener informaci\u00f3n sobre dep\u00f3sitos en entidades en proceso de\u202fliquidaci\u00f3n.&nbsp;<\/p>\n\n\n\n<p>Asimismo, ofrece la posibilidad de solicitar el retiro de las listas de promociones y venta de nuevos productos de cualquier entidad bancaria, explorar las ubicaciones y horarios de las sucursales, cajeros autom\u00e1ticos y subagentes bancarios de todo el territorio nacional, adem\u00e1s de recibir un diagn\u00f3stico del nivel personal de endeudamiento.<\/p>\n","protected":false},"excerpt":{"rendered":"<p>Las conferencias, dirigidas a ni\u00f1os y adolescentes, ser\u00e1n impartidas en Santo Domingo, Santiago y Ban\u00ed. En el marco de la d\u00e9cimo segunda Semana Econ\u00f3mica y Financiera del Banco Central y&hellip;<\/p>\n","protected":false},"author":10,"featured_media":124500,"comment_status":"open","ping_status":"open","sticky":false,"template":"","format":"standard","meta":{"content-type":"","jetpack_post_was_ever_published":false,"_jetpack_newsletter_access":"","_jetpack_dont_email_post_to_subs":false,"_jetpack_newsletter_tier_id":0,"_jetpack_memberships_contains_paywalled_content":false,"_jetpack_memberships_contains_paid_content":false,"footnotes":""},"categories":[39],"tags":[946,13320,31143],"class_list":["post-124499","post","type-post","status-publish","format-standard","has-post-thumbnail","hentry","category-economia","tag-financiera","tag-sb","tag-semana-economica"],"jetpack_featured_media_url":"https:\/\/lasprimeras.com.do\/wp-content\/uploads\/2026\/03\/Foto-web_31.jpg","jetpack-related-posts":[{"id":124646,"url":"https:\/\/lasprimeras.com.do\/index.php\/2026\/03\/15\/banreservas-presentara-charlas-y-talleres-en-la-semana-economica-y-financiera-del-bc\/","url_meta":{"origin":124499,"position":0},"title":"Banreservas presentar\u00e1 charlas y talleres en la Semana Econ\u00f3mica y Financiera del BC","author":"Nelson Feliz","date":"15 de marzo de 2026","format":false,"excerpt":"La intituci\u00f3n bancaria promueve la educaci\u00f3n financiera para ni\u00f1os y adolescentes. El Banco de Reservas desarrollar\u00e1 en la VI edici\u00f3n de la Semana Econ\u00f3mica y Financiera del Banco Central de la Rep\u00fablica Dominicana, a celebrarse desde este lunes 16 hasta el 20 de marzo, un amplio programa de charlas de\u2026","rel":"","context":"En \u00abECONOM\u00cdA\u00bb","block_context":{"text":"ECONOM\u00cdA","link":"https:\/\/lasprimeras.com.do\/index.php\/category\/economia\/"},"img":{"alt_text":"Banreservas","src":"https:\/\/i0.wp.com\/lasprimeras.com.do\/wp-content\/uploads\/2025\/12\/Banreservas-1-2.jpg?resize=350%2C200&ssl=1","width":350,"height":200,"srcset":"https:\/\/i0.wp.com\/lasprimeras.com.do\/wp-content\/uploads\/2025\/12\/Banreservas-1-2.jpg?resize=350%2C200&ssl=1 1x, https:\/\/i0.wp.com\/lasprimeras.com.do\/wp-content\/uploads\/2025\/12\/Banreservas-1-2.jpg?resize=525%2C300&ssl=1 1.5x, https:\/\/i0.wp.com\/lasprimeras.com.do\/wp-content\/uploads\/2025\/12\/Banreservas-1-2.jpg?resize=700%2C400&ssl=1 2x"},"classes":[]},{"id":110137,"url":"https:\/\/lasprimeras.com.do\/index.php\/2025\/09\/23\/sb-adofintech-y-el-hub-de-innovacion-financiera-promueven-finanzas-abiertas-para-aumentar-la-inclusion-y-la-innovacion\/","url_meta":{"origin":124499,"position":1},"title":"SB, Adofintech y el Hub de Innovaci\u00f3n Financiera promueven finanzas abiertas para aumentar la inclusi\u00f3n y la innovaci\u00f3n","author":"Nelson Feliz","date":"23 de septiembre de 2025","format":false,"excerpt":"Las finanzas abiertas tienen el potencial de fomentar la innovaci\u00f3n en el sistema financiero, favorecer la inclusi\u00f3n de la poblaci\u00f3n y estimular el desarrollo econ\u00f3mico. La Superintendencia de Bancos (SB), la Asociaci\u00f3n Dominicana de Empresas Fintech (Adofintech) y el Hub de Innovaci\u00f3n Financiera realizaron el III Foro Open Banking de\u2026","rel":"","context":"En \u00abECONOM\u00cdA\u00bb","block_context":{"text":"ECONOM\u00cdA","link":"https:\/\/lasprimeras.com.do\/index.php\/category\/economia\/"},"img":{"alt_text":"","src":"https:\/\/i0.wp.com\/lasprimeras.com.do\/wp-content\/uploads\/2025\/09\/banca-abierta.jpg?resize=350%2C200&ssl=1","width":350,"height":200,"srcset":"https:\/\/i0.wp.com\/lasprimeras.com.do\/wp-content\/uploads\/2025\/09\/banca-abierta.jpg?resize=350%2C200&ssl=1 1x, https:\/\/i0.wp.com\/lasprimeras.com.do\/wp-content\/uploads\/2025\/09\/banca-abierta.jpg?resize=525%2C300&ssl=1 1.5x, https:\/\/i0.wp.com\/lasprimeras.com.do\/wp-content\/uploads\/2025\/09\/banca-abierta.jpg?resize=700%2C400&ssl=1 2x"},"classes":[]},{"id":53708,"url":"https:\/\/lasprimeras.com.do\/index.php\/2023\/06\/30\/nueva-york-index-imparte-curso-sobre-finanzas\/","url_meta":{"origin":124499,"position":2},"title":"NUEVA YORK: INDEX imparte curso sobre finanzas","author":"Nelson Feliz","date":"30 de junio de 2023","format":false,"excerpt":"Por Jhonny Trinidad El Instituto del Dominicano en el Exterior (INDEX) imparti\u00f3 un importante taller sobre finanzas en Nueva York. El curso te\u00f3rico \/ pr\u00e1ctico \u201cDomina tus Finanzas\u201d fue dictado por la mentora financiera y coach de Negocios Yoxagna Cana\u00e1n en la Direcci\u00f3n de Cultura Dominicana en el Exterior, localizada\u2026","rel":"","context":"En \u00abSin categor\u00eda\u00bb","block_context":{"text":"Sin categor\u00eda","link":"https:\/\/lasprimeras.com.do\/index.php\/category\/sin-categoria\/"},"img":{"alt_text":"","src":"https:\/\/i0.wp.com\/lasprimeras.com.do\/wp-content\/uploads\/2023\/06\/Taller.jpg?resize=350%2C200&ssl=1","width":350,"height":200,"srcset":"https:\/\/i0.wp.com\/lasprimeras.com.do\/wp-content\/uploads\/2023\/06\/Taller.jpg?resize=350%2C200&ssl=1 1x, https:\/\/i0.wp.com\/lasprimeras.com.do\/wp-content\/uploads\/2023\/06\/Taller.jpg?resize=525%2C300&ssl=1 1.5x, https:\/\/i0.wp.com\/lasprimeras.com.do\/wp-content\/uploads\/2023\/06\/Taller.jpg?resize=700%2C400&ssl=1 2x"},"classes":[]},{"id":125698,"url":"https:\/\/lasprimeras.com.do\/index.php\/2026\/03\/25\/banreservas-realiza-jornadas-de-bancarizacion-para-estudiantes-de-la-uasd-y-el-itla\/","url_meta":{"origin":124499,"position":3},"title":"Banreservas realiza jornadas de bancarizaci\u00f3n para estudiantes de la UASD y el ITLA","author":"Nelson Feliz","date":"25 de marzo de 2026","format":false,"excerpt":"El Banco de Reservas realiz\u00f3 varias jornadas de bancarizaci\u00f3n para estudiantes de la Universidad Aut\u00f3noma de Santo Domingo (UASD) y del Instituto Tecnol\u00f3gico de Las Am\u00e9ricas (ITLA), quienes tuvieron la oportunidad de acceder a servicios bancarios de la instituci\u00f3n, adem\u00e1s de participar en talleres de educaci\u00f3n financiera. En ambas entidades\u2026","rel":"","context":"En \u00abECONOM\u00cdA\u00bb","block_context":{"text":"ECONOM\u00cdA","link":"https:\/\/lasprimeras.com.do\/index.php\/category\/economia\/"},"img":{"alt_text":"Estudiantes de la Universidad Aut\u00f3noma de Santo Domingo reciben servicios financieros durante una jornada de bancarizaci\u00f3n de Banreservas en la Facultad de Econom\u00eda de esa casa de altos estudios.","src":"https:\/\/i0.wp.com\/lasprimeras.com.do\/wp-content\/uploads\/2026\/03\/Banreservas-4.jpg?resize=350%2C200&ssl=1","width":350,"height":200,"srcset":"https:\/\/i0.wp.com\/lasprimeras.com.do\/wp-content\/uploads\/2026\/03\/Banreservas-4.jpg?resize=350%2C200&ssl=1 1x, https:\/\/i0.wp.com\/lasprimeras.com.do\/wp-content\/uploads\/2026\/03\/Banreservas-4.jpg?resize=525%2C300&ssl=1 1.5x, https:\/\/i0.wp.com\/lasprimeras.com.do\/wp-content\/uploads\/2026\/03\/Banreservas-4.jpg?resize=700%2C400&ssl=1 2x"},"classes":[]},{"id":117684,"url":"https:\/\/lasprimeras.com.do\/index.php\/2025\/12\/14\/banreservas-encabeza-ranking-de-inclusion-financiera-2025-segun-informe-de-la-sb\/","url_meta":{"origin":124499,"position":4},"title":"Banreservas encabeza Ranking de Inclusi\u00f3n Financiera 2025 seg\u00fan informe de la SB","author":"Nelson Feliz","date":"14 de diciembre de 2025","format":false,"excerpt":"El doctor Leonardo Aguilera, presidente ejecutivo de Banreservas.","rel":"","context":"En \u00abECONOM\u00cdA\u00bb","block_context":{"text":"ECONOM\u00cdA","link":"https:\/\/lasprimeras.com.do\/index.php\/category\/economia\/"},"img":{"alt_text":"Leonardo Aguilera","src":"https:\/\/i0.wp.com\/lasprimeras.com.do\/wp-content\/uploads\/2025\/12\/Leonardo-Aguilera-1.jpg?resize=350%2C200&ssl=1","width":350,"height":200,"srcset":"https:\/\/i0.wp.com\/lasprimeras.com.do\/wp-content\/uploads\/2025\/12\/Leonardo-Aguilera-1.jpg?resize=350%2C200&ssl=1 1x, https:\/\/i0.wp.com\/lasprimeras.com.do\/wp-content\/uploads\/2025\/12\/Leonardo-Aguilera-1.jpg?resize=525%2C300&ssl=1 1.5x, https:\/\/i0.wp.com\/lasprimeras.com.do\/wp-content\/uploads\/2025\/12\/Leonardo-Aguilera-1.jpg?resize=700%2C400&ssl=1 2x"},"classes":[]},{"id":102546,"url":"https:\/\/lasprimeras.com.do\/index.php\/2025\/07\/06\/camara-alta-imparte-la-charla-aventura-financiera-a-los-hijos-de-sus-colaboradores\/","url_meta":{"origin":124499,"position":5},"title":"C\u00e1mara Alta imparte la charla \u201cAventura Financiera\u201d a los hijos de sus colaboradores","author":"Nelson Feliz","date":"6 de julio de 2025","format":false,"excerpt":"\u00a0Con este evento, el Senado de la Rep\u00fablica reafirma su compromiso con la educaci\u00f3n integral de las familias de sus colaboradores, contribuyendo a la estabilidad financiera individual y comunitaria, promoviendo un consumo responsable y eficiente de los recursos. Por Mayelin Guzm\u00e1n En una actividad entusiasta y llena de diversi\u00f3n, ciento\u2026","rel":"","context":"En \u00abNACIONALES\u00bb","block_context":{"text":"NACIONALES","link":"https:\/\/lasprimeras.com.do\/index.php\/category\/nacionales\/"},"img":{"alt_text":"","src":"https:\/\/i0.wp.com\/lasprimeras.com.do\/wp-content\/uploads\/2025\/07\/Charla.jpg?resize=350%2C200&ssl=1","width":350,"height":200,"srcset":"https:\/\/i0.wp.com\/lasprimeras.com.do\/wp-content\/uploads\/2025\/07\/Charla.jpg?resize=350%2C200&ssl=1 1x, https:\/\/i0.wp.com\/lasprimeras.com.do\/wp-content\/uploads\/2025\/07\/Charla.jpg?resize=525%2C300&ssl=1 1.5x, https:\/\/i0.wp.com\/lasprimeras.com.do\/wp-content\/uploads\/2025\/07\/Charla.jpg?resize=700%2C400&ssl=1 2x"},"classes":[]}],"jetpack_sharing_enabled":true,"_links":{"self":[{"href":"https:\/\/lasprimeras.com.do\/index.php\/wp-json\/wp\/v2\/posts\/124499","targetHints":{"allow":["GET"]}}],"collection":[{"href":"https:\/\/lasprimeras.com.do\/index.php\/wp-json\/wp\/v2\/posts"}],"about":[{"href":"https:\/\/lasprimeras.com.do\/index.php\/wp-json\/wp\/v2\/types\/post"}],"author":[{"embeddable":true,"href":"https:\/\/lasprimeras.com.do\/index.php\/wp-json\/wp\/v2\/users\/10"}],"replies":[{"embeddable":true,"href":"https:\/\/lasprimeras.com.do\/index.php\/wp-json\/wp\/v2\/comments?post=124499"}],"version-history":[{"count":1,"href":"https:\/\/lasprimeras.com.do\/index.php\/wp-json\/wp\/v2\/posts\/124499\/revisions"}],"predecessor-version":[{"id":124501,"href":"https:\/\/lasprimeras.com.do\/index.php\/wp-json\/wp\/v2\/posts\/124499\/revisions\/124501"}],"wp:featuredmedia":[{"embeddable":true,"href":"https:\/\/lasprimeras.com.do\/index.php\/wp-json\/wp\/v2\/media\/124500"}],"wp:attachment":[{"href":"https:\/\/lasprimeras.com.do\/index.php\/wp-json\/wp\/v2\/media?parent=124499"}],"wp:term":[{"taxonomy":"category","embeddable":true,"href":"https:\/\/lasprimeras.com.do\/index.php\/wp-json\/wp\/v2\/categories?post=124499"},{"taxonomy":"post_tag","embeddable":true,"href":"https:\/\/lasprimeras.com.do\/index.php\/wp-json\/wp\/v2\/tags?post=124499"}],"curies":[{"name":"wp","href":"https:\/\/api.w.org\/{rel}","templated":true}]}}