{"id":124505,"date":"2026-03-13T08:17:07","date_gmt":"2026-03-13T12:17:07","guid":{"rendered":"https:\/\/lasprimeras.com.do\/?p=124505"},"modified":"2026-03-13T08:17:09","modified_gmt":"2026-03-13T12:17:09","slug":"coyote-ataca-a-tres-personas-y-seis-perros-en-westchester-en-el-lugar-residen-familias-dominicanas","status":"publish","type":"post","link":"https:\/\/lasprimeras.com.do\/index.php\/2026\/03\/13\/coyote-ataca-a-tres-personas-y-seis-perros-en-westchester-en-el-lugar-residen-familias-dominicanas\/","title":{"rendered":"Coyote ataca a tres personas y seis perros en Westchester; en el lugar residen familias dominicanas"},"content":{"rendered":"\n<p>Por Ram\u00f3n Mercedes<\/p>\n\n\n\n<p>NUEVA YORK.- Un coyote con rabia atac\u00f3 a tres personas y seis perros en los condados de Westchester y Bronxville, teniendo que ser abatido a tiros por la polic\u00eda.<\/p>\n\n\n\n<p>El animal dio positivo en las pruebas de su cerebro, realizadas por el Departamento de Salud, que confirm\u00f3 la infecci\u00f3n por rabia.<\/p>\n\n\n\n<p>Los signos de rabia en animales incluyen agresividad, letargo, tambaleo o espuma en la boca.<\/p>\n\n\n\n<p>Los ataques se reportaron en zonas recreativas populares, espec\u00edficamente en \u00e1reas cercanas al Siwanoy Country Club y al Twin Lakes Park, donde el coyote mostr\u00f3 un comportamiento agresivo inusual.<\/p>\n\n\n\n<p>Cerca del lugar de los incidentes residen varias familias dominicanas. Las identidades ni la nacionalidad de las personas atacadas fueron reveladas por las autoridades.<\/p>\n\n\n\n<p>El Departamento de Salud del Condado de Westchester aconseja evitar animales salvajes y callejeros, y ense\u00f1ar a los ni\u00f1os a no acercarse a ellos, incluso si parecen amigables o heridos.<\/p>\n","protected":false},"excerpt":{"rendered":"<p>Por Ram\u00f3n Mercedes NUEVA YORK.- Un coyote con rabia atac\u00f3 a tres personas y seis perros en los condados de Westchester y Bronxville, teniendo que ser abatido a tiros por&hellip;<\/p>\n","protected":false},"author":10,"featured_media":124506,"comment_status":"open","ping_status":"open","sticky":false,"template":"","format":"standard","meta":{"content-type":"","jetpack_post_was_ever_published":false,"_jetpack_newsletter_access":"","_jetpack_dont_email_post_to_subs":false,"_jetpack_newsletter_tier_id":0,"_jetpack_memberships_contains_paywalled_content":false,"_jetpack_memberships_contains_paid_content":false,"footnotes":""},"categories":[16289],"tags":[4418,29506,10835,2367,31145],"class_list":["post-124505","post","type-post","status-publish","format-standard","has-post-thumbnail","hentry","category-internacionales","tag-ataca","tag-coyote","tag-perros","tag-tres-personas","tag-westchester"],"jetpack_featured_media_url":"https:\/\/lasprimeras.com.do\/wp-content\/uploads\/2026\/03\/IMG-20260313-WA0111.jpg","jetpack-related-posts":[{"id":119955,"url":"https:\/\/lasprimeras.com.do\/index.php\/2026\/01\/19\/alarma-a-dominicanos-ataque-y-desaparicion-de-perro-por-un-coyote-en-bergen-nj\/","url_meta":{"origin":124505,"position":0},"title":"Alarma a dominicanos ataque y desaparici\u00f3n de perro por un coyote en Bergen-NJ","author":"Nelson Feliz","date":"19 de enero de 2026","format":false,"excerpt":"Por Ram\u00f3n Mercedes NUEVA JERSEY.- Dominicanos residentes en la ciudad de Saddle River, en el condado de Bergen-NJ, distante a 49 kil\u00f3metros de Manhattan, se sienten alarmados por un coyote atacar un peque\u00f1o perro y desaparecerlo hacia el bosque, mientras permanec\u00eda suelto a poca distancia de su propietario. Indican los\u2026","rel":"","context":"En \u00abINTERNACIONALES\u00bb","block_context":{"text":"INTERNACIONALES","link":"https:\/\/lasprimeras.com.do\/index.php\/category\/sin-categoria\/internacionales\/"},"img":{"alt_text":"","src":"https:\/\/i0.wp.com\/lasprimeras.com.do\/wp-content\/uploads\/2026\/01\/IMG-20260119-WA0047.jpg?resize=350%2C200&ssl=1","width":350,"height":200,"srcset":"https:\/\/i0.wp.com\/lasprimeras.com.do\/wp-content\/uploads\/2026\/01\/IMG-20260119-WA0047.jpg?resize=350%2C200&ssl=1 1x, https:\/\/i0.wp.com\/lasprimeras.com.do\/wp-content\/uploads\/2026\/01\/IMG-20260119-WA0047.jpg?resize=525%2C300&ssl=1 1.5x, https:\/\/i0.wp.com\/lasprimeras.com.do\/wp-content\/uploads\/2026\/01\/IMG-20260119-WA0047.jpg?resize=700%2C400&ssl=1 2x"},"classes":[]},{"id":72693,"url":"https:\/\/lasprimeras.com.do\/index.php\/2024\/01\/02\/cinco-perros-rottweiler-matan-a-su-dueno-en-su-casa-en-nicaragua-tras-no-reconocerlo\/","url_meta":{"origin":124505,"position":1},"title":"Cinco perros rottweiler matan a su due\u00f1o en su casa en Nicaragua tras no reconocerlo","author":"Nelson Feliz","date":"2 de enero de 2024","format":false,"excerpt":"El pasado jueves 28 de diciembre, la nicarag\u00fcense Ana Rosa Aguilera Bland\u00f3n, de 83 a\u00f1os, falleci\u00f3 tras ser atacada por su propio perro, de raza pitbull, tambi\u00e9n en su casa. San Jos\u00e9, EFE.-. El nicarag\u00fcense Augusto Jos\u00e9 Garc\u00eda, de 21 a\u00f1os, falleci\u00f3 este lunes a consecuencia de las heridas que\u2026","rel":"","context":"En \u00abSin categor\u00eda\u00bb","block_context":{"text":"Sin categor\u00eda","link":"https:\/\/lasprimeras.com.do\/index.php\/category\/sin-categoria\/"},"img":{"alt_text":"","src":"https:\/\/i0.wp.com\/lasprimeras.com.do\/wp-content\/uploads\/2024\/01\/perros.png?resize=350%2C200&ssl=1","width":350,"height":200,"srcset":"https:\/\/i0.wp.com\/lasprimeras.com.do\/wp-content\/uploads\/2024\/01\/perros.png?resize=350%2C200&ssl=1 1x, https:\/\/i0.wp.com\/lasprimeras.com.do\/wp-content\/uploads\/2024\/01\/perros.png?resize=525%2C300&ssl=1 1.5x, https:\/\/i0.wp.com\/lasprimeras.com.do\/wp-content\/uploads\/2024\/01\/perros.png?resize=700%2C400&ssl=1 2x"},"classes":[]},{"id":57530,"url":"https:\/\/lasprimeras.com.do\/index.php\/2023\/08\/13\/investigan-en-mexico-a-un-edil-que-mato-a-balazos-a-dos-perritas\/","url_meta":{"origin":124505,"position":2},"title":"Investigan en M\u00e9xico a un edil que mat\u00f3 a balazos a dos perritas","author":"Nelson Feliz","date":"13 de agosto de 2023","format":false,"excerpt":"David Melgoza Monta\u00f1ez ha sido calificado de asesino. Varios grupos animalistas pidieron justicia para las mascotas. El funcionario alega que actu\u00f3 en defensa personal y culpa a los due\u00f1os de los animales. El presidente municipal de Tanganc\u00edcuaro (Michoac\u00e1n, M\u00e9xico), David Melgoza Monta\u00f1ez, mat\u00f3 a balazos a dos perritas alegando defensa\u2026","rel":"","context":"En \u00abSin categor\u00eda\u00bb","block_context":{"text":"Sin categor\u00eda","link":"https:\/\/lasprimeras.com.do\/index.php\/category\/sin-categoria\/"},"img":{"alt_text":"alcalde mexico","src":"https:\/\/i0.wp.com\/lasprimeras.com.do\/wp-content\/uploads\/2023\/08\/alcalde-mexico.jpg?resize=350%2C200&ssl=1","width":350,"height":200,"srcset":"https:\/\/i0.wp.com\/lasprimeras.com.do\/wp-content\/uploads\/2023\/08\/alcalde-mexico.jpg?resize=350%2C200&ssl=1 1x, https:\/\/i0.wp.com\/lasprimeras.com.do\/wp-content\/uploads\/2023\/08\/alcalde-mexico.jpg?resize=525%2C300&ssl=1 1.5x, https:\/\/i0.wp.com\/lasprimeras.com.do\/wp-content\/uploads\/2023\/08\/alcalde-mexico.jpg?resize=700%2C400&ssl=1 2x"},"classes":[]},{"id":74460,"url":"https:\/\/lasprimeras.com.do\/index.php\/2024\/01\/23\/dos-perros-pitbull-atacan-y-hieren-a-una-mujer-en-santiago\/","url_meta":{"origin":124505,"position":3},"title":"Dos perros pitbull atacan y hieren a una mujer en Santiago","author":"BIMARY DE JES\u00daS Matos","date":"23 de enero de 2024","format":false,"excerpt":"SANTIAGO.- Una mujer fue salvajemente atacada por dos perros de la raza pitbull, en un hecho ocurrido la ma\u00f1ana de este martes en el sector La Herradura, en Santiago. La mujer identificada como Ana Mar\u00eda Moreno Contreras, de 54 a\u00f1os, fue agredida cuando se dispon\u00eda a ir a la iglesia.\u2026","rel":"","context":"En \u00abNACIONALES\u00bb","block_context":{"text":"NACIONALES","link":"https:\/\/lasprimeras.com.do\/index.php\/category\/nacionales\/"},"img":{"alt_text":"","src":"https:\/\/i0.wp.com\/lasprimeras.com.do\/wp-content\/uploads\/2024\/01\/WhatsApp-Image-2024-01-22-at-11.36.03-AM.webp?resize=350%2C200&ssl=1","width":350,"height":200,"srcset":"https:\/\/i0.wp.com\/lasprimeras.com.do\/wp-content\/uploads\/2024\/01\/WhatsApp-Image-2024-01-22-at-11.36.03-AM.webp?resize=350%2C200&ssl=1 1x, https:\/\/i0.wp.com\/lasprimeras.com.do\/wp-content\/uploads\/2024\/01\/WhatsApp-Image-2024-01-22-at-11.36.03-AM.webp?resize=525%2C300&ssl=1 1.5x"},"classes":[]},{"id":104926,"url":"https:\/\/lasprimeras.com.do\/index.php\/2025\/07\/29\/declaran-rabia-una-amenaza-para-ciudad-de-nassau-residen-miles-dominicanos\/","url_meta":{"origin":124505,"position":4},"title":"Declaran rabia una amenaza para ciudad de Nassau; residen miles dominicanos","author":"Nelson Feliz","date":"29 de julio de 2025","format":false,"excerpt":"Por Ram\u00f3n Mercedes NUEVA YORK.- El n\u00famero de casos de rabia se ha disparado en la ciudad Nassau, Long Island, que constituye una amenaza inminente para la salud p\u00fablica de los residentes a trav\u00e9s de la transmisi\u00f3n animal. Miles de dominicanos residen en el lugar. Nassau, con una poblaci\u00f3n de\u2026","rel":"","context":"En \u00abINTERNACIONALES\u00bb","block_context":{"text":"INTERNACIONALES","link":"https:\/\/lasprimeras.com.do\/index.php\/category\/sin-categoria\/internacionales\/"},"img":{"alt_text":"","src":"https:\/\/i0.wp.com\/lasprimeras.com.do\/wp-content\/uploads\/2025\/07\/WhatsApp-Image-2025-07-29-at-6.36.12-AM.jpeg?resize=350%2C200&ssl=1","width":350,"height":200,"srcset":"https:\/\/i0.wp.com\/lasprimeras.com.do\/wp-content\/uploads\/2025\/07\/WhatsApp-Image-2025-07-29-at-6.36.12-AM.jpeg?resize=350%2C200&ssl=1 1x, https:\/\/i0.wp.com\/lasprimeras.com.do\/wp-content\/uploads\/2025\/07\/WhatsApp-Image-2025-07-29-at-6.36.12-AM.jpeg?resize=525%2C300&ssl=1 1.5x, https:\/\/i0.wp.com\/lasprimeras.com.do\/wp-content\/uploads\/2025\/07\/WhatsApp-Image-2025-07-29-at-6.36.12-AM.jpeg?resize=700%2C400&ssl=1 2x"},"classes":[]},{"id":114036,"url":"https:\/\/lasprimeras.com.do\/index.php\/2025\/11\/10\/fuegos-afectan-dominicanos-en-nyc\/","url_meta":{"origin":124505,"position":5},"title":"Fuegos afectan dominicanos en NYC","author":"Nelson Feliz","date":"10 de noviembre de 2025","format":false,"excerpt":"Por Ram\u00f3n Mercedes NUEVA YORK.- Varios fuegos ocurrido el pasado fin de semana en esta ciudad afectaron varias familias dominicanas, con heridos, incluyendo el fallecimiento de un miembro del cuerpo de Bomberos. Un siniestro de cinco alarmas se produjo en el 1740 de la avenida Tremont, con la avenida Rosedale,\u2026","rel":"","context":"En \u00abLA VOZ DE LA DIASPORA\u00bb","block_context":{"text":"LA VOZ DE LA DIASPORA","link":"https:\/\/lasprimeras.com.do\/index.php\/category\/la-voz-de-la-diaspora\/"},"img":{"alt_text":"","src":"https:\/\/i0.wp.com\/lasprimeras.com.do\/wp-content\/uploads\/2025\/11\/Fuegos-afectan-dominicanos-en-NYC.jpg?resize=350%2C200&ssl=1","width":350,"height":200,"srcset":"https:\/\/i0.wp.com\/lasprimeras.com.do\/wp-content\/uploads\/2025\/11\/Fuegos-afectan-dominicanos-en-NYC.jpg?resize=350%2C200&ssl=1 1x, https:\/\/i0.wp.com\/lasprimeras.com.do\/wp-content\/uploads\/2025\/11\/Fuegos-afectan-dominicanos-en-NYC.jpg?resize=525%2C300&ssl=1 1.5x, https:\/\/i0.wp.com\/lasprimeras.com.do\/wp-content\/uploads\/2025\/11\/Fuegos-afectan-dominicanos-en-NYC.jpg?resize=700%2C400&ssl=1 2x"},"classes":[]}],"jetpack_sharing_enabled":true,"_links":{"self":[{"href":"https:\/\/lasprimeras.com.do\/index.php\/wp-json\/wp\/v2\/posts\/124505","targetHints":{"allow":["GET"]}}],"collection":[{"href":"https:\/\/lasprimeras.com.do\/index.php\/wp-json\/wp\/v2\/posts"}],"about":[{"href":"https:\/\/lasprimeras.com.do\/index.php\/wp-json\/wp\/v2\/types\/post"}],"author":[{"embeddable":true,"href":"https:\/\/lasprimeras.com.do\/index.php\/wp-json\/wp\/v2\/users\/10"}],"replies":[{"embeddable":true,"href":"https:\/\/lasprimeras.com.do\/index.php\/wp-json\/wp\/v2\/comments?post=124505"}],"version-history":[{"count":1,"href":"https:\/\/lasprimeras.com.do\/index.php\/wp-json\/wp\/v2\/posts\/124505\/revisions"}],"predecessor-version":[{"id":124507,"href":"https:\/\/lasprimeras.com.do\/index.php\/wp-json\/wp\/v2\/posts\/124505\/revisions\/124507"}],"wp:featuredmedia":[{"embeddable":true,"href":"https:\/\/lasprimeras.com.do\/index.php\/wp-json\/wp\/v2\/media\/124506"}],"wp:attachment":[{"href":"https:\/\/lasprimeras.com.do\/index.php\/wp-json\/wp\/v2\/media?parent=124505"}],"wp:term":[{"taxonomy":"category","embeddable":true,"href":"https:\/\/lasprimeras.com.do\/index.php\/wp-json\/wp\/v2\/categories?post=124505"},{"taxonomy":"post_tag","embeddable":true,"href":"https:\/\/lasprimeras.com.do\/index.php\/wp-json\/wp\/v2\/tags?post=124505"}],"curies":[{"name":"wp","href":"https:\/\/api.w.org\/{rel}","templated":true}]}}