{"id":124508,"date":"2026-03-13T08:28:45","date_gmt":"2026-03-13T12:28:45","guid":{"rendered":"https:\/\/lasprimeras.com.do\/?p=124508"},"modified":"2026-03-13T08:28:47","modified_gmt":"2026-03-13T12:28:47","slug":"fbi-y-nypd-atentos-ante-posibles-amenazas-contra-plaza-times-square-nyc-por-conflicto-con-iran","status":"publish","type":"post","link":"https:\/\/lasprimeras.com.do\/index.php\/2026\/03\/13\/fbi-y-nypd-atentos-ante-posibles-amenazas-contra-plaza-times-square-nyc-por-conflicto-con-iran\/","title":{"rendered":"FBI y NYPD atentos ante posibles amenazas contra Plaza Times Square-NYC por conflicto con Ir\u00e1n"},"content":{"rendered":"\n<p>Por Ram\u00f3n Mercedes<\/p>\n\n\n\n<p>NUEVA YORK.- El FBI y la polic\u00eda neoyorquina en esta ciudad se mantienen atentos las 24 horas del d\u00eda, los 7 d\u00edas de la semana, portando armas largas en varios lugares \u00edcono de la Gran Manzana, principalmente en la Plaza de Times Square, en Manhattan, ante posibles amenazas derivadas del conflicto b\u00e9lico entre Estados Unidos e Ir\u00e1n.<\/p>\n\n\n\n<p>Las autoridades sostienen que Times Square es un objetivo prioritario para atentados terroristas a nivel mundial, pero, hasta el momento, no hay una amenaza oficial, aseguran.<\/p>\n\n\n\n<p>California es otro objetivo que el FBI considera prioritario para los terroristas.<\/p>\n\n\n\n<p>La Plaza de Times Square, de cinco manzanas a lo largo de Broadway y la S\u00e9ptima Avenida, entre las calles 42 y 47, es la atracci\u00f3n tur\u00edstica m\u00e1s visitada del mundo, atrayendo a 350 mil turistas diariamente, y por donde transitan miles de dominicanos, entre otras etnias.<\/p>\n\n\n\n<p>El consulado dominicano se encuentra a escasos metros de ella.<\/p>\n\n\n\n<p>Asimismo, es el centro del Distrito Teatral, un importante centro de la industria del entretenimiento mundial, y el sitio de la ca\u00edda anual de la bola de Nochevieja, atrayendo a m\u00e1s de un mill\u00f3n de visitantes cada 31 de diciembre, entre otras maravillas.<\/p>\n","protected":false},"excerpt":{"rendered":"<p>Por Ram\u00f3n Mercedes NUEVA YORK.- El FBI y la polic\u00eda neoyorquina en esta ciudad se mantienen atentos las 24 horas del d\u00eda, los 7 d\u00edas de la semana, portando armas&hellip;<\/p>\n","protected":false},"author":10,"featured_media":124509,"comment_status":"open","ping_status":"open","sticky":false,"template":"","format":"standard","meta":{"content-type":"","jetpack_post_was_ever_published":false,"_jetpack_newsletter_access":"","_jetpack_dont_email_post_to_subs":false,"_jetpack_newsletter_tier_id":0,"_jetpack_memberships_contains_paywalled_content":false,"_jetpack_memberships_contains_paid_content":false,"footnotes":""},"categories":[16289],"tags":[2553,793,6186,9427,3734,24795],"class_list":["post-124508","post","type-post","status-publish","format-standard","has-post-thumbnail","hentry","category-internacionales","tag-amenazas","tag-fbi","tag-iran","tag-nypd","tag-plaza","tag-times-square-de-ny"],"jetpack_featured_media_url":"https:\/\/lasprimeras.com.do\/wp-content\/uploads\/2026\/03\/IMG-20260313-WA0112.jpg","jetpack-related-posts":[{"id":109461,"url":"https:\/\/lasprimeras.com.do\/index.php\/2025\/09\/18\/miles-de-hispanos-incluidos-cientos-de-dominicanos-llenan-de-alegria-y-folklore-la-plaza-de-times-square-de-ny\/","url_meta":{"origin":124508,"position":0},"title":"Miles de hispanos, incluidos cientos de dominicanos, llenan de alegr\u00eda y folklore la plaza de Times Square de NY","author":"Nelson Feliz","date":"18 de septiembre de 2025","format":false,"excerpt":"https:\/\/www.youtube.com\/watch?v=e69eIgSbEkI Por Ram\u00f3n Mercedes NUEVA YORK.- A ritmo de merengue, bachata, cumbia, ranchera y vallenato miles de latinos, incluido cientos de dominicanos, ocuparon este martes la zona de Times Square en el mayor evento art\u00edstico cultural p\u00fablico en la Gran Manzana, para dar inicio a la celebraci\u00f3n del Mes de\u2026","rel":"","context":"En \u00abENTRETENIMIENTO\u00bb","block_context":{"text":"ENTRETENIMIENTO","link":"https:\/\/lasprimeras.com.do\/index.php\/category\/entretenimiento\/"},"img":{"alt_text":"","src":"https:\/\/i0.wp.com\/lasprimeras.com.do\/wp-content\/uploads\/2025\/09\/WhatsApp-Image-2025-09-18-at-7.28.40-AM.jpeg?resize=350%2C200&ssl=1","width":350,"height":200,"srcset":"https:\/\/i0.wp.com\/lasprimeras.com.do\/wp-content\/uploads\/2025\/09\/WhatsApp-Image-2025-09-18-at-7.28.40-AM.jpeg?resize=350%2C200&ssl=1 1x, https:\/\/i0.wp.com\/lasprimeras.com.do\/wp-content\/uploads\/2025\/09\/WhatsApp-Image-2025-09-18-at-7.28.40-AM.jpeg?resize=525%2C300&ssl=1 1.5x, https:\/\/i0.wp.com\/lasprimeras.com.do\/wp-content\/uploads\/2025\/09\/WhatsApp-Image-2025-09-18-at-7.28.40-AM.jpeg?resize=700%2C400&ssl=1 2x"},"classes":[]},{"id":109166,"url":"https:\/\/lasprimeras.com.do\/index.php\/2025\/09\/15\/milly-joe-veras-manny-cruz-vakero-y-zeo-munoz-aporte-de-rd-a-latinos-en-times-square-este-martes-en-ny\/","url_meta":{"origin":124508,"position":1},"title":"Milly, Joe Veras, Manny Cruz, Vaker\u00f3 y Zeo Mu\u00f1oz aporte de RD a \u201cLatinos en Times Square\u201d este martes en NY","author":"Nelson Feliz","date":"15 de septiembre de 2025","format":false,"excerpt":"Por Ram\u00f3n Mercedes NUEVA YORK.- La Gran Manzana vibrar\u00e1 de emoci\u00f3n ese martes 16 de septiembre con el sabor y la cultura latina a trav\u00e9s de una de las iniciativas m\u00e1s importantes para los hispanos de Nueva York, \u201cLatinos in Times Square\u201d. Este evento que por segundo a\u00f1o consecutivo se\u2026","rel":"","context":"En \u00abENTRETENIMIENTO\u00bb","block_context":{"text":"ENTRETENIMIENTO","link":"https:\/\/lasprimeras.com.do\/index.php\/category\/entretenimiento\/"},"img":{"alt_text":"","src":"https:\/\/i0.wp.com\/lasprimeras.com.do\/wp-content\/uploads\/2025\/09\/WhatsApp-Image-2025-09-15-at-6.03.07-AM-2.jpeg?resize=350%2C200&ssl=1","width":350,"height":200,"srcset":"https:\/\/i0.wp.com\/lasprimeras.com.do\/wp-content\/uploads\/2025\/09\/WhatsApp-Image-2025-09-15-at-6.03.07-AM-2.jpeg?resize=350%2C200&ssl=1 1x, https:\/\/i0.wp.com\/lasprimeras.com.do\/wp-content\/uploads\/2025\/09\/WhatsApp-Image-2025-09-15-at-6.03.07-AM-2.jpeg?resize=525%2C300&ssl=1 1.5x, https:\/\/i0.wp.com\/lasprimeras.com.do\/wp-content\/uploads\/2025\/09\/WhatsApp-Image-2025-09-15-at-6.03.07-AM-2.jpeg?resize=700%2C400&ssl=1 2x"},"classes":[]},{"id":106179,"url":"https:\/\/lasprimeras.com.do\/index.php\/2025\/08\/11\/fallecidos-y-heridos-en-nyc-por-balas\/","url_meta":{"origin":124508,"position":2},"title":"Fallecidos y heridos en NYC por balas","author":"Nelson Feliz","date":"11 de agosto de 2025","format":false,"excerpt":"Por Ram\u00f3n Mercedes NUEVA YORK.- La violencia contin\u00faa aposentada en esta ciudad y se hace sentir entre los neoyorkinos. Este fin de semana hubo un tiroteo en Brooklyn, otro en plena plaza tur\u00edstica de Times Square en Manhattan y dos en El Bronx, con saldo de dos fallecidos y cinco\u2026","rel":"","context":"En \u00abINTERNACIONALES\u00bb","block_context":{"text":"INTERNACIONALES","link":"https:\/\/lasprimeras.com.do\/index.php\/category\/sin-categoria\/internacionales\/"},"img":{"alt_text":"","src":"https:\/\/i0.wp.com\/lasprimeras.com.do\/wp-content\/uploads\/2025\/08\/WhatsApp-Image-2025-08-11-at-7.11.51-AM-2.jpeg?resize=350%2C200&ssl=1","width":350,"height":200,"srcset":"https:\/\/i0.wp.com\/lasprimeras.com.do\/wp-content\/uploads\/2025\/08\/WhatsApp-Image-2025-08-11-at-7.11.51-AM-2.jpeg?resize=350%2C200&ssl=1 1x, https:\/\/i0.wp.com\/lasprimeras.com.do\/wp-content\/uploads\/2025\/08\/WhatsApp-Image-2025-08-11-at-7.11.51-AM-2.jpeg?resize=525%2C300&ssl=1 1.5x"},"classes":[]},{"id":108898,"url":"https:\/\/lasprimeras.com.do\/index.php\/2025\/09\/11\/dominicana-estara-en-evento-latinos-en-times-square-para-celebrar-mes-de-la-herencia-hispana\/","url_meta":{"origin":124508,"position":3},"title":"Dominicana estar\u00e1 en evento \u00abLatinos en Times Square\u00bb para celebrar Mes de la Herencia Hispana","author":"Nelson Feliz","date":"11 de septiembre de 2025","format":false,"excerpt":"https:\/\/www.youtube.com\/watch?v=LS7LiIWe1zM Por Ram\u00f3n Mercedes NUEVA YORK.- El comisionado del Departamento de Transporte de esta ciudad (DOT-NY), Ydanis Rodr\u00edguez, dio a conocer los detalles del evento \u201cLatinos en Times Square\u201d el pr\u00f3ximo martes 16 de septiembre; una celebraci\u00f3n sobre las contribuciones y la diversidad de la cultura latina que marca el\u2026","rel":"","context":"En \u00abINTERNACIONALES\u00bb","block_context":{"text":"INTERNACIONALES","link":"https:\/\/lasprimeras.com.do\/index.php\/category\/sin-categoria\/internacionales\/"},"img":{"alt_text":"","src":"https:\/\/i0.wp.com\/lasprimeras.com.do\/wp-content\/uploads\/2025\/09\/WhatsApp-Image-2025-09-11-at-6.03.50-AM.jpeg?resize=350%2C200&ssl=1","width":350,"height":200,"srcset":"https:\/\/i0.wp.com\/lasprimeras.com.do\/wp-content\/uploads\/2025\/09\/WhatsApp-Image-2025-09-11-at-6.03.50-AM.jpeg?resize=350%2C200&ssl=1 1x, https:\/\/i0.wp.com\/lasprimeras.com.do\/wp-content\/uploads\/2025\/09\/WhatsApp-Image-2025-09-11-at-6.03.50-AM.jpeg?resize=525%2C300&ssl=1 1.5x, https:\/\/i0.wp.com\/lasprimeras.com.do\/wp-content\/uploads\/2025\/09\/WhatsApp-Image-2025-09-11-at-6.03.50-AM.jpeg?resize=700%2C400&ssl=1 2x"},"classes":[]},{"id":72917,"url":"https:\/\/lasprimeras.com.do\/index.php\/2024\/01\/04\/fbi-determina-que-amenazas-de-bomba-a-capitolios-estatales-en-ee-uu-eran-falsas\/","url_meta":{"origin":124508,"position":4},"title":"FBI determina que amenazas de bomba a capitolios estatales en EE.UU. eran falsas","author":"Nelson Feliz","date":"4 de enero de 2024","format":false,"excerpt":"Las advertencias se produjeron tras una oleada de noticias falsas de tiroteos en los domicilios de funcionarios p\u00fablicos en los \u00faltimos d\u00edas. Por Rebecca Reynolds Funcionarios de varios estados recibieron correos electr\u00f3nicos con amenazas de bomba este mi\u00e9rcoles, las cuales afectaron asuntos gubernamentales y obligaron a evacuar algunos capitolios estatales,\u2026","rel":"","context":"En \u00abSin categor\u00eda\u00bb","block_context":{"text":"Sin categor\u00eda","link":"https:\/\/lasprimeras.com.do\/index.php\/category\/sin-categoria\/"},"img":{"alt_text":"capitolios estatales","src":"https:\/\/i0.wp.com\/lasprimeras.com.do\/wp-content\/uploads\/2024\/01\/capitolios-estatales.jpg?resize=350%2C200&ssl=1","width":350,"height":200,"srcset":"https:\/\/i0.wp.com\/lasprimeras.com.do\/wp-content\/uploads\/2024\/01\/capitolios-estatales.jpg?resize=350%2C200&ssl=1 1x, https:\/\/i0.wp.com\/lasprimeras.com.do\/wp-content\/uploads\/2024\/01\/capitolios-estatales.jpg?resize=525%2C300&ssl=1 1.5x, https:\/\/i0.wp.com\/lasprimeras.com.do\/wp-content\/uploads\/2024\/01\/capitolios-estatales.jpg?resize=700%2C400&ssl=1 2x"},"classes":[]},{"id":72018,"url":"https:\/\/lasprimeras.com.do\/index.php\/2023\/12\/26\/fbi-investiga-amenazas-a-jueces-excluyeron-a-trump-de-elecciones\/","url_meta":{"origin":124508,"position":5},"title":"FBI investiga amenazas a jueces excluyeron a Trump de elecciones","author":"BIMARY DE JES\u00daS Matos","date":"26 de diciembre de 2023","format":false,"excerpt":"WASHINGTON.- La Oficina Federal de Investigaci\u00f3n (FBI) de Estados Unidos ha anunciado que est\u00e1 investigando denuncias sobre amenazas violentas contra jueces del Tribunal Supremo de Colorado, que fallaron la semana pasada que el expresidente Donald Trump no pod\u00eda ser candidato presidencial debido a su papel en el asalto al Capitolio.\u2026","rel":"","context":"En \u00abSin categor\u00eda\u00bb","block_context":{"text":"Sin categor\u00eda","link":"https:\/\/lasprimeras.com.do\/index.php\/category\/sin-categoria\/"},"img":{"alt_text":"","src":"https:\/\/i0.wp.com\/lasprimeras.com.do\/wp-content\/uploads\/2023\/12\/WhatsApp-Image-2023-12-25-at-12.45.01-PM-9.jpeg?resize=350%2C200&ssl=1","width":350,"height":200,"srcset":"https:\/\/i0.wp.com\/lasprimeras.com.do\/wp-content\/uploads\/2023\/12\/WhatsApp-Image-2023-12-25-at-12.45.01-PM-9.jpeg?resize=350%2C200&ssl=1 1x, https:\/\/i0.wp.com\/lasprimeras.com.do\/wp-content\/uploads\/2023\/12\/WhatsApp-Image-2023-12-25-at-12.45.01-PM-9.jpeg?resize=525%2C300&ssl=1 1.5x"},"classes":[]}],"jetpack_sharing_enabled":true,"_links":{"self":[{"href":"https:\/\/lasprimeras.com.do\/index.php\/wp-json\/wp\/v2\/posts\/124508","targetHints":{"allow":["GET"]}}],"collection":[{"href":"https:\/\/lasprimeras.com.do\/index.php\/wp-json\/wp\/v2\/posts"}],"about":[{"href":"https:\/\/lasprimeras.com.do\/index.php\/wp-json\/wp\/v2\/types\/post"}],"author":[{"embeddable":true,"href":"https:\/\/lasprimeras.com.do\/index.php\/wp-json\/wp\/v2\/users\/10"}],"replies":[{"embeddable":true,"href":"https:\/\/lasprimeras.com.do\/index.php\/wp-json\/wp\/v2\/comments?post=124508"}],"version-history":[{"count":1,"href":"https:\/\/lasprimeras.com.do\/index.php\/wp-json\/wp\/v2\/posts\/124508\/revisions"}],"predecessor-version":[{"id":124510,"href":"https:\/\/lasprimeras.com.do\/index.php\/wp-json\/wp\/v2\/posts\/124508\/revisions\/124510"}],"wp:featuredmedia":[{"embeddable":true,"href":"https:\/\/lasprimeras.com.do\/index.php\/wp-json\/wp\/v2\/media\/124509"}],"wp:attachment":[{"href":"https:\/\/lasprimeras.com.do\/index.php\/wp-json\/wp\/v2\/media?parent=124508"}],"wp:term":[{"taxonomy":"category","embeddable":true,"href":"https:\/\/lasprimeras.com.do\/index.php\/wp-json\/wp\/v2\/categories?post=124508"},{"taxonomy":"post_tag","embeddable":true,"href":"https:\/\/lasprimeras.com.do\/index.php\/wp-json\/wp\/v2\/tags?post=124508"}],"curies":[{"name":"wp","href":"https:\/\/api.w.org\/{rel}","templated":true}]}}