{"id":124511,"date":"2026-03-13T08:34:06","date_gmt":"2026-03-13T12:34:06","guid":{"rendered":"https:\/\/lasprimeras.com.do\/?p=124511"},"modified":"2026-03-13T08:34:09","modified_gmt":"2026-03-13T12:34:09","slug":"ny-aumentara-impuestos-a-los-mas-ricos-afectaria-a-algunos-dominicanos","status":"publish","type":"post","link":"https:\/\/lasprimeras.com.do\/index.php\/2026\/03\/13\/ny-aumentara-impuestos-a-los-mas-ricos-afectaria-a-algunos-dominicanos\/","title":{"rendered":"NY aumentara impuestos a los m\u00e1s ricos; afectar\u00eda a algunos dominicanos"},"content":{"rendered":"\n<p>Por Ram\u00f3n Mercedes.<\/p>\n\n\n\n<p>NUEVA YORK.- Las C\u00e1maras Legislativas de este estado acordaron aumentar los impuestos a los neoyorquinos y corporaciones m\u00e1s ricas, lo que podr\u00eda recaudar aproximadamente 5 mil millones de d\u00f3lares adicionales para NYC.<\/p>\n\n\n\n<p>De aprobarse la medida, decenas de dominicanos considerados millonarios en esta ciudad se ver\u00edan afectados.<\/p>\n\n\n\n<p>El alcalde Mamdani, quien ha convertido el aumento de impuestos a los m\u00e1s ricos en una propuesta emblem\u00e1tica, se mostr\u00f3 de acuerdo con la medida legislativa.<\/p>\n\n\n\n<p>34,280 millonarios aportan el 37 % del impuesto local, siendo apenas el 0.9 % del total de la poblaci\u00f3n en la Gran Manzana, con 8.5 millones de habitantes.<\/p>\n\n\n\n<p>Los dem\u00f3cratas de la Asamblea quieren recaudar 2 mil millones de d\u00f3lares mediante el aumento de las tasas a las personas que ganan m\u00e1s de 5 millones al a\u00f1o; 1.9 mil millones a las corporaciones; y 95 millones de un \u201cimpuesto a las instalaciones de miner\u00eda de criptomonedas\u201d.<\/p>\n\n\n\n<p>La Asamblea tambi\u00e9n propone una moratoria de dos a\u00f1os a los aumentos de tarifas de gas y electricidad, as\u00ed como cheques de reembolso de servicios p\u00fablicos de hasta 500 d\u00f3lares.<\/p>\n\n\n\n<p>Los del Senado quieren recaudar 5.2 mil millones de d\u00f3lares en ingresos mediante un aumento del impuesto sobre la renta a las personas con mayores ingresos y el fin de las exenciones fiscales para los contaminadores clim\u00e1ticos.<\/p>\n\n\n\n<p>El plan del Senado incluye aumentos en la ayuda escolar para distritos con un gran n\u00famero de alumnos sin hogar o ni\u00f1os que no dominan el ingl\u00e9s.<\/p>\n\n\n\n<p>Tambi\u00e9n modificar\u00eda las normas que regulan el trato que las redes sociales dan a los menores, para eliminar las exenciones a las plataformas de juegos.<\/p>\n\n\n\n<p>Con la aparici\u00f3n del alcalde Zohram Mandani, este postulado parece haber resurgido con mayor vigor. No obstante, en la actualidad, y bas\u00e1ndose en datos concretos y experiencias previas, algunas investigaciones recientes sugieren que la \u201cimposici\u00f3n fiscal a los millonarios\u201d no garantiza necesariamente resultados positivos.<\/p>\n\n\n\n<p>El principal efecto \u201cperverso\u201d claramente ponderado es que se impulsa a los millonarios a mudarse a estados con impuestos m\u00e1s bajos.<\/p>\n\n\n\n<p>As\u00ed lo demuestra un nuevo informe, elaborado por E.J. McMahon, investigador adjunto del Instituto Manhattan, que concluye que el sistema de impuestos sobre la renta de NY se ha vuelto cada vez m\u00e1s dependiente de un peque\u00f1o n\u00famero de millonarios, cuyos ingresos est\u00e1n desproporcionadamente vinculados a ganancias de capital e inversiones vol\u00e1tiles.<\/p>\n\n\n\n<p>La gobernadora del estado, Kathy Hochul, dijo que le preocupa que la medida pueda hacer que las personas con mayores ingresos abandonen el estado.<\/p>\n\n\n\n<p>\u201cLos neoyorquinos ya no pueden pagar m\u00e1s. Tenemos que reducir su costo de vida, la prioridad n\u00famero uno en este presupuesto\u201d, dijo.<\/p>\n\n\n\n<p><\/p>\n","protected":false},"excerpt":{"rendered":"<p>Por Ram\u00f3n Mercedes. NUEVA YORK.- Las C\u00e1maras Legislativas de este estado acordaron aumentar los impuestos a los neoyorquinos y corporaciones m\u00e1s ricas, lo que podr\u00eda recaudar aproximadamente 5 mil millones&hellip;<\/p>\n","protected":false},"author":10,"featured_media":124512,"comment_status":"open","ping_status":"open","sticky":false,"template":"","format":"standard","meta":{"content-type":"","jetpack_post_was_ever_published":false,"_jetpack_newsletter_access":"","_jetpack_dont_email_post_to_subs":false,"_jetpack_newsletter_tier_id":0,"_jetpack_memberships_contains_paywalled_content":false,"_jetpack_memberships_contains_paid_content":false,"footnotes":""},"categories":[39],"tags":[2502,1595,16738],"class_list":["post-124511","post","type-post","status-publish","format-standard","has-post-thumbnail","hentry","category-economia","tag-impuestos","tag-ny","tag-ricos"],"jetpack_featured_media_url":"https:\/\/lasprimeras.com.do\/wp-content\/uploads\/2026\/03\/IMG-20260313-WA0113.jpg","jetpack-related-posts":[{"id":49131,"url":"https:\/\/lasprimeras.com.do\/index.php\/2023\/05\/08\/dgii-informa-recaudo-mas-de-rd74-mil-millones-en-abril-de-2023\/","url_meta":{"origin":124511,"position":0},"title":"DGII informa recaud\u00f3 m\u00e1s de RD$74 mil millones en abril de 2023","author":"prenxa100","date":"8 de mayo de 2023","format":false,"excerpt":"SANTO DOMINGO.-.La Direcci\u00f3n General de Impuestos Internos (DGII) inform\u00f3 que el recaudo correspondiente al mes de abril del 2023 alcanz\u00f3 un total de RD$74,290.6 millones, para un cumplimiento 100.3 por ciento del total estimado para este periodo. Esta cifra super\u00f3 por RD$6,095.4 millones los RD$68,195.2 millones que se recaudaron en\u2026","rel":"","context":"En \u00abECONOM\u00cdA\u00bb","block_context":{"text":"ECONOM\u00cdA","link":"https:\/\/lasprimeras.com.do\/index.php\/category\/economia\/"},"img":{"alt_text":"","src":"","width":0,"height":0},"classes":[]},{"id":122678,"url":"https:\/\/lasprimeras.com.do\/index.php\/2026\/02\/20\/alcalde-nyc-subir-impuestos-a-la-propiedad-si-no-se-aumenta-impuestos-a-los-mas-ricos-dominicanos-se-afectarian\/","url_meta":{"origin":124511,"position":1},"title":"Alcalde NYC: Subir impuestos a la propiedad si no se aumenta impuestos a los m\u00e1s ricos; dominicanos se afectar\u00edan","author":"Nelson Feliz","date":"20 de febrero de 2026","format":false,"excerpt":"Por Ram\u00f3n Mercedes NUEVA YORK.- Miles de dominicanos, entre otras etnias, propietarios de diferentes negocios en esta ciudad, ser\u00edan afectados si se cumple la advertencia del alcalde Zohran Mamdani de que se ver\u00e1 obligado a subir los impuestos a la propiedad para paliar el d\u00e9ficit presupuestario de la Gran Manzana\u2026","rel":"","context":"En \u00abECONOM\u00cdA\u00bb","block_context":{"text":"ECONOM\u00cdA","link":"https:\/\/lasprimeras.com.do\/index.php\/category\/economia\/"},"img":{"alt_text":"","src":"https:\/\/i0.wp.com\/lasprimeras.com.do\/wp-content\/uploads\/2026\/02\/IMG-20260220-WA0073.jpg?resize=350%2C200&ssl=1","width":350,"height":200,"srcset":"https:\/\/i0.wp.com\/lasprimeras.com.do\/wp-content\/uploads\/2026\/02\/IMG-20260220-WA0073.jpg?resize=350%2C200&ssl=1 1x, https:\/\/i0.wp.com\/lasprimeras.com.do\/wp-content\/uploads\/2026\/02\/IMG-20260220-WA0073.jpg?resize=525%2C300&ssl=1 1.5x"},"classes":[]},{"id":97999,"url":"https:\/\/lasprimeras.com.do\/index.php\/2025\/04\/30\/hawai-planea-aumentar-el-impuesto-hotelero-para-afrontar-el-cambio-climatico\/","url_meta":{"origin":124511,"position":2},"title":"Haw\u00e1i planea aumentar el impuesto hotelero para afrontar el cambio clim\u00e1tico","author":"Nelson Feliz","date":"30 de abril de 2025","format":false,"excerpt":"Por AUDREY McAVOY HONOLULU (AP) \u2014 En una medida pionera, los legisladores de Haw\u00e1i est\u00e1n listos para aumentar un impuesto aplicado a los viajeros que se alojan en hoteles, alquileres vacacionales y otros alojamientos de corto plazo y destinar el nuevo dinero a programas para enfrentar el calentamiento del planeta.\u2026","rel":"","context":"En \u00abTURISMO\u00bb","block_context":{"text":"TURISMO","link":"https:\/\/lasprimeras.com.do\/index.php\/category\/turismo\/"},"img":{"alt_text":"","src":"https:\/\/i0.wp.com\/lasprimeras.com.do\/wp-content\/uploads\/2025\/04\/Hawai.jpg?resize=350%2C200&ssl=1","width":350,"height":200,"srcset":"https:\/\/i0.wp.com\/lasprimeras.com.do\/wp-content\/uploads\/2025\/04\/Hawai.jpg?resize=350%2C200&ssl=1 1x, https:\/\/i0.wp.com\/lasprimeras.com.do\/wp-content\/uploads\/2025\/04\/Hawai.jpg?resize=525%2C300&ssl=1 1.5x, https:\/\/i0.wp.com\/lasprimeras.com.do\/wp-content\/uploads\/2025\/04\/Hawai.jpg?resize=700%2C400&ssl=1 2x"},"classes":[]},{"id":68972,"url":"https:\/\/lasprimeras.com.do\/index.php\/2023\/11\/29\/el-turismo-aporta-rd12357-4-millones-a-las-recaudaciones-a-octubre\/","url_meta":{"origin":124511,"position":3},"title":"El turismo aporta RD$12,357.4 millones a las recaudaciones a octubre","author":"Nelson Feliz","date":"29 de noviembre de 2023","format":false,"excerpt":"Las recaudaciones estatales sobre la actividad tur\u00edstica a trav\u00e9s del cobro del impuesto a la salida aeroportuaria de pasajeros y por la entrada v\u00eda tarjeta de turistas se elev\u00f3 a 12,357.4 millones de pesos en los primeros 10 meses de este a\u00f1o. Este monto representa un cumplimiento de un 100.7\u2026","rel":"","context":"En \u00abTURISMO\u00bb","block_context":{"text":"TURISMO","link":"https:\/\/lasprimeras.com.do\/index.php\/category\/turismo\/"},"img":{"alt_text":"impuesto a la salida de pasajeros","src":"https:\/\/i0.wp.com\/lasprimeras.com.do\/wp-content\/uploads\/2023\/11\/impuesto-a-la-salida-de-pasajeros.jpg?resize=350%2C200&ssl=1","width":350,"height":200,"srcset":"https:\/\/i0.wp.com\/lasprimeras.com.do\/wp-content\/uploads\/2023\/11\/impuesto-a-la-salida-de-pasajeros.jpg?resize=350%2C200&ssl=1 1x, https:\/\/i0.wp.com\/lasprimeras.com.do\/wp-content\/uploads\/2023\/11\/impuesto-a-la-salida-de-pasajeros.jpg?resize=525%2C300&ssl=1 1.5x, https:\/\/i0.wp.com\/lasprimeras.com.do\/wp-content\/uploads\/2023\/11\/impuesto-a-la-salida-de-pasajeros.jpg?resize=700%2C400&ssl=1 2x"},"classes":[]},{"id":86004,"url":"https:\/\/lasprimeras.com.do\/index.php\/2024\/07\/14\/rechazan-aumento-de-impuestos-en-north-bergen\/","url_meta":{"origin":124511,"position":4},"title":"Rechazan aumento de impuestos en North Bergen","author":"Nelson Feliz","date":"14 de julio de 2024","format":false,"excerpt":"Por Vicente Balbuena Residentes de la ciudad de North Bergen en New Jersey, rechazaron el aumento de un 10% a los impuestos vigentes, por parte del alcalde Nicholas Sacco. El comunicador dominicano, Erick Estrella, quien habl\u00f3 en representaci\u00f3n de los afectados, record\u00f3 que anteriormente los pobladores de dicha localidad, hab\u00edan\u2026","rel":"","context":"En \u00abECONOM\u00cdA\u00bb","block_context":{"text":"ECONOM\u00cdA","link":"https:\/\/lasprimeras.com.do\/index.php\/category\/economia\/"},"img":{"alt_text":"Erick Estrella","src":"https:\/\/i0.wp.com\/lasprimeras.com.do\/wp-content\/uploads\/2024\/07\/Erick-Estrella-1.jpg?resize=350%2C200&ssl=1","width":350,"height":200},"classes":[]},{"id":90109,"url":"https:\/\/lasprimeras.com.do\/index.php\/2024\/10\/13\/que-pretenden-hacer\/","url_meta":{"origin":124511,"position":5},"title":"Que pretenden hacer","author":"Nelson Feliz","date":"13 de octubre de 2024","format":false,"excerpt":"Por: Luis Fern\u00e1ndez El llamado gobierno del cambio en su nuevo cuatrienio est\u00e1 tratando de imponer una serie de \u201creformas\u201d y \u201ccambios\u201d, que lo \u00fanico que est\u00e1 produciendo en la poblaci\u00f3n dominicana, son serias preocupaciones, incertidumbre, confusi\u00f3n e indignaci\u00f3n, ante la certeza de que este gobierno de los ricos, nada\u2026","rel":"","context":"En \u00abOPINI\u00d3N\u00bb","block_context":{"text":"OPINI\u00d3N","link":"https:\/\/lasprimeras.com.do\/index.php\/category\/opinion\/"},"img":{"alt_text":"","src":"https:\/\/i0.wp.com\/lasprimeras.com.do\/wp-content\/uploads\/2024\/02\/FOTO-PRINCIPAL-PALACIO-NACIONAL-e1708074506177-1.jpg?resize=350%2C200&ssl=1","width":350,"height":200,"srcset":"https:\/\/i0.wp.com\/lasprimeras.com.do\/wp-content\/uploads\/2024\/02\/FOTO-PRINCIPAL-PALACIO-NACIONAL-e1708074506177-1.jpg?resize=350%2C200&ssl=1 1x, https:\/\/i0.wp.com\/lasprimeras.com.do\/wp-content\/uploads\/2024\/02\/FOTO-PRINCIPAL-PALACIO-NACIONAL-e1708074506177-1.jpg?resize=525%2C300&ssl=1 1.5x, https:\/\/i0.wp.com\/lasprimeras.com.do\/wp-content\/uploads\/2024\/02\/FOTO-PRINCIPAL-PALACIO-NACIONAL-e1708074506177-1.jpg?resize=700%2C400&ssl=1 2x, https:\/\/i0.wp.com\/lasprimeras.com.do\/wp-content\/uploads\/2024\/02\/FOTO-PRINCIPAL-PALACIO-NACIONAL-e1708074506177-1.jpg?resize=1050%2C600&ssl=1 3x"},"classes":[]}],"jetpack_sharing_enabled":true,"_links":{"self":[{"href":"https:\/\/lasprimeras.com.do\/index.php\/wp-json\/wp\/v2\/posts\/124511","targetHints":{"allow":["GET"]}}],"collection":[{"href":"https:\/\/lasprimeras.com.do\/index.php\/wp-json\/wp\/v2\/posts"}],"about":[{"href":"https:\/\/lasprimeras.com.do\/index.php\/wp-json\/wp\/v2\/types\/post"}],"author":[{"embeddable":true,"href":"https:\/\/lasprimeras.com.do\/index.php\/wp-json\/wp\/v2\/users\/10"}],"replies":[{"embeddable":true,"href":"https:\/\/lasprimeras.com.do\/index.php\/wp-json\/wp\/v2\/comments?post=124511"}],"version-history":[{"count":1,"href":"https:\/\/lasprimeras.com.do\/index.php\/wp-json\/wp\/v2\/posts\/124511\/revisions"}],"predecessor-version":[{"id":124513,"href":"https:\/\/lasprimeras.com.do\/index.php\/wp-json\/wp\/v2\/posts\/124511\/revisions\/124513"}],"wp:featuredmedia":[{"embeddable":true,"href":"https:\/\/lasprimeras.com.do\/index.php\/wp-json\/wp\/v2\/media\/124512"}],"wp:attachment":[{"href":"https:\/\/lasprimeras.com.do\/index.php\/wp-json\/wp\/v2\/media?parent=124511"}],"wp:term":[{"taxonomy":"category","embeddable":true,"href":"https:\/\/lasprimeras.com.do\/index.php\/wp-json\/wp\/v2\/categories?post=124511"},{"taxonomy":"post_tag","embeddable":true,"href":"https:\/\/lasprimeras.com.do\/index.php\/wp-json\/wp\/v2\/tags?post=124511"}],"curies":[{"name":"wp","href":"https:\/\/api.w.org\/{rel}","templated":true}]}}