{"id":124514,"date":"2026-03-13T08:46:43","date_gmt":"2026-03-13T12:46:43","guid":{"rendered":"https:\/\/lasprimeras.com.do\/?p=124514"},"modified":"2026-03-13T08:46:45","modified_gmt":"2026-03-13T12:46:45","slug":"contralor-nyc-perdio-el-ano-pasado-38-mil-empleos-en-el-sector-privado-figuran-cientos-de-dominicanos","status":"publish","type":"post","link":"https:\/\/lasprimeras.com.do\/index.php\/2026\/03\/13\/contralor-nyc-perdio-el-ano-pasado-38-mil-empleos-en-el-sector-privado-figuran-cientos-de-dominicanos\/","title":{"rendered":"Contralor: NYC perdi\u00f3 el a\u00f1o pasado 38 mil empleos en el sector privado; figuran cientos de dominicanos"},"content":{"rendered":"\n<p>Por Ram\u00f3n Mercedes<\/p>\n\n\n\n<p>NUEVA YORK.- Un informe del contralor de esta ciudad, Mark Levine, sostiene que, durante el \u00faltimo a\u00f1o, en la Gran Manzana se perdieron 38 mil empleos en el sector privado, y, de cara al futuro, la incertidumbre est\u00e1 aumentando.<\/p>\n\n\n\n<p>Entre los empleados del sector privado en la Gran Manzana figuran cientos de dominicanos, seg\u00fan se report\u00f3 extraoficialmente.<\/p>\n\n\n\n<p>Dicho informe surge en un momento en que el mercado laboral tambi\u00e9n muestra se\u00f1ales de desaceleraci\u00f3n, y las agencias de empleo locales afirman que el mercado laboral se ha contra\u00eddo en varios sectores, con m\u00e1s personas compitiendo por menos vacantes.<\/p>\n\n\n\n<p>El presupuesto y los empleos est\u00e1n estrechamente relacionados, ya que NYC depende en gran medida de los impuestos de los trabajadores y las empresas. Cuando la contrataci\u00f3n disminuye, especialmente en industrias con altos salarios, como las finanzas y la tecnolog\u00eda, la ciudad recauda menos ingresos.<\/p>\n\n\n\n<p>El informe del contralor tambi\u00e9n se\u00f1ala otra tendencia preocupante: los j\u00f3venes graduados universitarios ahora enfrentan tasas de desempleo m\u00e1s altas que los trabajadores mayores sin t\u00edtulo. &#8220;En este momento las personas que se grad\u00faan de la universidad no pueden encontrar trabajo&#8221;.<\/p>\n\n\n\n<p>El contralor advierte que, si la contrataci\u00f3n contin\u00faa desaceler\u00e1ndose, la ciudad podr\u00eda recaudar menos ingresos fiscales, lo que dificultar\u00e1 a\u00fan m\u00e1s cerrar el d\u00e9ficit presupuestario proyectado de siete mil millones de d\u00f3lares en los pr\u00f3ximos a\u00f1os.<\/p>\n\n\n\n<p>El contralor de NYC se desempe\u00f1a como director de contabilidad y finanzas, gestionando la salud fiscal de la ciudad, auditando a las agencias y supervisando los fondos de pensiones.<\/p>\n\n\n\n<p>Sus principales responsabilidades incluyen la revisi\u00f3n de contratos municipales, la realizaci\u00f3n de auditor\u00edas, la resoluci\u00f3n de reclamaciones contra la ciudad y el cumplimiento fiscal.<\/p>\n\n\n\n<p>Levine fue concejal por ocho a\u00f1os en el Distrito 7, que abarca los vecindarios desde el Upper West Side hasta Morningside Heights, West Harlem, Manhattan Valley, Manhattanville, Hamilton Heights y parte de Washington Heights. Luego fue presidente del condado de Manhattan.<\/p>\n","protected":false},"excerpt":{"rendered":"<p>Por Ram\u00f3n Mercedes NUEVA YORK.- Un informe del contralor de esta ciudad, Mark Levine, sostiene que, durante el \u00faltimo a\u00f1o, en la Gran Manzana se perdieron 38 mil empleos en&hellip;<\/p>\n","protected":false},"author":10,"featured_media":124515,"comment_status":"open","ping_status":"open","sticky":false,"template":"","format":"standard","meta":{"content-type":"","jetpack_post_was_ever_published":false,"_jetpack_newsletter_access":"","_jetpack_dont_email_post_to_subs":false,"_jetpack_newsletter_tier_id":0,"_jetpack_memberships_contains_paywalled_content":false,"_jetpack_memberships_contains_paid_content":false,"footnotes":""},"categories":[16289],"tags":[31146,487,3573,12940],"class_list":["post-124514","post","type-post","status-publish","format-standard","has-post-thumbnail","hentry","category-internacionales","tag-contralor-ny","tag-dominicanos","tag-empleos","tag-sector-privado"],"jetpack_featured_media_url":"https:\/\/lasprimeras.com.do\/wp-content\/uploads\/2026\/03\/IMG-20260313-WA0114.jpg","jetpack-related-posts":[{"id":127502,"url":"https:\/\/lasprimeras.com.do\/index.php\/2026\/04\/13\/19500-empleados-del-sector-privado-nyc-fueron-despedidos-2025-figuran-cientos-de-dominicanos\/","url_meta":{"origin":124514,"position":0},"title":"19,500 empleados del sector privado NYC fueron despedidos 2025; figuran cientos de dominicanos","author":"Nelson Feliz","date":"13 de abril de 2026","format":false,"excerpt":"Por Ram\u00f3n Mercedes NUEVA YORK.- 19,500 empleados del sector privado en esta ciudad fueron despedidos durante 2025, seg\u00fan el Departamento de Trabajo (DOL) del estado. Entre los despedidos, se incluyen cientos de dominicanos que trabajaban en los cinco condados. La incertidumbre econ\u00f3mica y la p\u00e9rdida de empleos en el sector\u2026","rel":"","context":"En \u00abINTERNACIONALES\u00bb","block_context":{"text":"INTERNACIONALES","link":"https:\/\/lasprimeras.com.do\/index.php\/category\/sin-categoria\/internacionales\/"},"img":{"alt_text":"","src":"https:\/\/i0.wp.com\/lasprimeras.com.do\/wp-content\/uploads\/2026\/04\/19500-empleados-del-sector-privado-NYC-fueron-despedidos-2025.jpg?resize=350%2C200&ssl=1","width":350,"height":200,"srcset":"https:\/\/i0.wp.com\/lasprimeras.com.do\/wp-content\/uploads\/2026\/04\/19500-empleados-del-sector-privado-NYC-fueron-despedidos-2025.jpg?resize=350%2C200&ssl=1 1x, https:\/\/i0.wp.com\/lasprimeras.com.do\/wp-content\/uploads\/2026\/04\/19500-empleados-del-sector-privado-NYC-fueron-despedidos-2025.jpg?resize=525%2C300&ssl=1 1.5x"},"classes":[]},{"id":123735,"url":"https:\/\/lasprimeras.com.do\/index.php\/2026\/03\/04\/toribio-el-prm-presenta-un-panorama-laboral-incompleto\/","url_meta":{"origin":124514,"position":1},"title":"Toribio: El PRM presenta un panorama laboral incompleto","author":"Nelson Feliz","date":"4 de marzo de 2026","format":false,"excerpt":"Refuta informe oficial y reitera que 3 de cada 4 nuevos empleos formales en 2025 fueron del Estado. El economista y miembro de la Direcci\u00f3n Pol\u00edtica del partido Fuerza del Pueblo, Daniel Toribio, afirm\u00f3 que el Gobierno del PRM presenta una interpretaci\u00f3n incompleta de los datos del mercado laboral dominicano,\u2026","rel":"","context":"En \u00abPOLITICA\u00bb","block_context":{"text":"POLITICA","link":"https:\/\/lasprimeras.com.do\/index.php\/category\/politica\/"},"img":{"alt_text":"Daniel Toribio","src":"https:\/\/i0.wp.com\/lasprimeras.com.do\/wp-content\/uploads\/2026\/03\/Daniel-Toribio.jpg?resize=350%2C200&ssl=1","width":350,"height":200,"srcset":"https:\/\/i0.wp.com\/lasprimeras.com.do\/wp-content\/uploads\/2026\/03\/Daniel-Toribio.jpg?resize=350%2C200&ssl=1 1x, https:\/\/i0.wp.com\/lasprimeras.com.do\/wp-content\/uploads\/2026\/03\/Daniel-Toribio.jpg?resize=525%2C300&ssl=1 1.5x, https:\/\/i0.wp.com\/lasprimeras.com.do\/wp-content\/uploads\/2026\/03\/Daniel-Toribio.jpg?resize=700%2C400&ssl=1 2x"},"classes":[]},{"id":100168,"url":"https:\/\/lasprimeras.com.do\/index.php\/2025\/06\/02\/contraloria-destaca-la-capacidad-de-ahorro-del-presidente-abinader-para-crear-empleos\/","url_meta":{"origin":124514,"position":2},"title":"Contralor\u00eda destaca la capacidad de ahorro del presidente Abinader para crear empleos","author":"Nelson Feliz","date":"2 de junio de 2025","format":false,"excerpt":"El contralor general de la Rep\u00fablica puso de relieve la capacidad del presidente Luis Abinader para el control de las finanzas p\u00fablicas para el ahorro lo que, a su juicio, ha facilitado la creaci\u00f3n de nuevos empleos y el abastecimiento monetario para impulsar los proyectos de desarrollo. Al intervenir frente\u2026","rel":"","context":"En \u00abECONOM\u00cdA\u00bb","block_context":{"text":"ECONOM\u00cdA","link":"https:\/\/lasprimeras.com.do\/index.php\/category\/economia\/"},"img":{"alt_text":"F\u00e9lix Santana","src":"https:\/\/i0.wp.com\/lasprimeras.com.do\/wp-content\/uploads\/2025\/06\/Programa-Contralor-Estudiantil-1.jpg?resize=350%2C200&ssl=1","width":350,"height":200,"srcset":"https:\/\/i0.wp.com\/lasprimeras.com.do\/wp-content\/uploads\/2025\/06\/Programa-Contralor-Estudiantil-1.jpg?resize=350%2C200&ssl=1 1x, https:\/\/i0.wp.com\/lasprimeras.com.do\/wp-content\/uploads\/2025\/06\/Programa-Contralor-Estudiantil-1.jpg?resize=525%2C300&ssl=1 1.5x, https:\/\/i0.wp.com\/lasprimeras.com.do\/wp-content\/uploads\/2025\/06\/Programa-Contralor-Estudiantil-1.jpg?resize=700%2C400&ssl=1 2x"},"classes":[]},{"id":72708,"url":"https:\/\/lasprimeras.com.do\/index.php\/2024\/01\/02\/escuelas-vocacionales-insertan-en-el-mercado-laboral-1148-egresados-en-el-2023\/","url_meta":{"origin":124514,"position":3},"title":"Escuelas Vocacionales insertan en el mercado laboral 1,148 egresados en el 2023","author":"Nelson Feliz","date":"2 de enero de 2024","format":false,"excerpt":"Por Mart\u00edn Restituyo La Direcci\u00f3n General de las Escuelas Vocacionales de las Fuerzas Armadas y de la Polic\u00eda Nacional (DIGEV) inform\u00f3 hoy que un total de 1,148 egresados de esa instituci\u00f3n fueron colocados en el mercado laboral dominicano durante el periodo enero- noviembre 2023. La informaci\u00f3n est\u00e1 contenida en un\u2026","rel":"","context":"En \u00abMILITARES\u00bb","block_context":{"text":"MILITARES","link":"https:\/\/lasprimeras.com.do\/index.php\/category\/militares\/"},"img":{"alt_text":"Escuelas Vocacionales","src":"https:\/\/i0.wp.com\/lasprimeras.com.do\/wp-content\/uploads\/2024\/01\/digev-1.jpg?resize=350%2C200&ssl=1","width":350,"height":200,"srcset":"https:\/\/i0.wp.com\/lasprimeras.com.do\/wp-content\/uploads\/2024\/01\/digev-1.jpg?resize=350%2C200&ssl=1 1x, https:\/\/i0.wp.com\/lasprimeras.com.do\/wp-content\/uploads\/2024\/01\/digev-1.jpg?resize=525%2C300&ssl=1 1.5x, https:\/\/i0.wp.com\/lasprimeras.com.do\/wp-content\/uploads\/2024\/01\/digev-1.jpg?resize=700%2C400&ssl=1 2x"},"classes":[]},{"id":116881,"url":"https:\/\/lasprimeras.com.do\/index.php\/2025\/12\/05\/el-doble-sueldo-asciende-a-poco-mas-de-rd92000-millones-en-la-formalidad-laboral\/","url_meta":{"origin":124514,"position":4},"title":"El doble sueldo asciende a poco m\u00e1s de RD$92,000 millones en la formalidad laboral","author":"Nelson Feliz","date":"5 de diciembre de 2025","format":false,"excerpt":"Durante el mes de diciembre circularan, espec\u00edficamente en manos de la poblaci\u00f3n por concepto del \u201cdoble sueldo\u201d en salarios, pensiones y bonos sociales, se incrementa en alrededor de 100,000 millones, adicionales a la circulaci\u00f3n regular. Si a esos ingresos se agregan los montos regulares de salarios y pensiones, m\u00e1s otros\u2026","rel":"","context":"En \u00abECONOM\u00cdA\u00bb","block_context":{"text":"ECONOM\u00cdA","link":"https:\/\/lasprimeras.com.do\/index.php\/category\/economia\/"},"img":{"alt_text":"","src":"https:\/\/i0.wp.com\/lasprimeras.com.do\/wp-content\/uploads\/2025\/11\/dinero-peso-dominicano.jpeg?resize=350%2C200&ssl=1","width":350,"height":200,"srcset":"https:\/\/i0.wp.com\/lasprimeras.com.do\/wp-content\/uploads\/2025\/11\/dinero-peso-dominicano.jpeg?resize=350%2C200&ssl=1 1x, https:\/\/i0.wp.com\/lasprimeras.com.do\/wp-content\/uploads\/2025\/11\/dinero-peso-dominicano.jpeg?resize=525%2C300&ssl=1 1.5x, https:\/\/i0.wp.com\/lasprimeras.com.do\/wp-content\/uploads\/2025\/11\/dinero-peso-dominicano.jpeg?resize=700%2C400&ssl=1 2x, https:\/\/i0.wp.com\/lasprimeras.com.do\/wp-content\/uploads\/2025\/11\/dinero-peso-dominicano.jpeg?resize=1050%2C600&ssl=1 3x"},"classes":[]},{"id":123262,"url":"https:\/\/lasprimeras.com.do\/index.php\/2026\/02\/27\/abinader-destaca-robustecimiento-del-mercado-laboral\/","url_meta":{"origin":124514,"position":5},"title":"Abinader destaca robustecimiento del mercado laboral","author":"Nelson Feliz","date":"27 de febrero de 2026","format":false,"excerpt":"Rep\u00fablica Dominicana alcanza los 5.1 millones de personas ocupadas El presidente Luis Abinader inform\u00f3 este viernes que de acuerdo con la Encuesta Nacional Continua de Fuerza de Trabajo (ENCFT), durante el pasado a\u00f1o se crearon 133,915 nuevos puestos de trabajo y que, con este incremento, el pa\u00eds alcanza la cifra\u2026","rel":"","context":"En \u00abECONOM\u00cdA\u00bb","block_context":{"text":"ECONOM\u00cdA","link":"https:\/\/lasprimeras.com.do\/index.php\/category\/economia\/"},"img":{"alt_text":"","src":"https:\/\/i0.wp.com\/lasprimeras.com.do\/wp-content\/uploads\/2026\/02\/Luis-Abinader-c.jpg?resize=350%2C200&ssl=1","width":350,"height":200,"srcset":"https:\/\/i0.wp.com\/lasprimeras.com.do\/wp-content\/uploads\/2026\/02\/Luis-Abinader-c.jpg?resize=350%2C200&ssl=1 1x, https:\/\/i0.wp.com\/lasprimeras.com.do\/wp-content\/uploads\/2026\/02\/Luis-Abinader-c.jpg?resize=525%2C300&ssl=1 1.5x, https:\/\/i0.wp.com\/lasprimeras.com.do\/wp-content\/uploads\/2026\/02\/Luis-Abinader-c.jpg?resize=700%2C400&ssl=1 2x"},"classes":[]}],"jetpack_sharing_enabled":true,"_links":{"self":[{"href":"https:\/\/lasprimeras.com.do\/index.php\/wp-json\/wp\/v2\/posts\/124514","targetHints":{"allow":["GET"]}}],"collection":[{"href":"https:\/\/lasprimeras.com.do\/index.php\/wp-json\/wp\/v2\/posts"}],"about":[{"href":"https:\/\/lasprimeras.com.do\/index.php\/wp-json\/wp\/v2\/types\/post"}],"author":[{"embeddable":true,"href":"https:\/\/lasprimeras.com.do\/index.php\/wp-json\/wp\/v2\/users\/10"}],"replies":[{"embeddable":true,"href":"https:\/\/lasprimeras.com.do\/index.php\/wp-json\/wp\/v2\/comments?post=124514"}],"version-history":[{"count":1,"href":"https:\/\/lasprimeras.com.do\/index.php\/wp-json\/wp\/v2\/posts\/124514\/revisions"}],"predecessor-version":[{"id":124516,"href":"https:\/\/lasprimeras.com.do\/index.php\/wp-json\/wp\/v2\/posts\/124514\/revisions\/124516"}],"wp:featuredmedia":[{"embeddable":true,"href":"https:\/\/lasprimeras.com.do\/index.php\/wp-json\/wp\/v2\/media\/124515"}],"wp:attachment":[{"href":"https:\/\/lasprimeras.com.do\/index.php\/wp-json\/wp\/v2\/media?parent=124514"}],"wp:term":[{"taxonomy":"category","embeddable":true,"href":"https:\/\/lasprimeras.com.do\/index.php\/wp-json\/wp\/v2\/categories?post=124514"},{"taxonomy":"post_tag","embeddable":true,"href":"https:\/\/lasprimeras.com.do\/index.php\/wp-json\/wp\/v2\/tags?post=124514"}],"curies":[{"name":"wp","href":"https:\/\/api.w.org\/{rel}","templated":true}]}}