{"id":124519,"date":"2026-03-13T09:02:20","date_gmt":"2026-03-13T13:02:20","guid":{"rendered":"https:\/\/lasprimeras.com.do\/?p=124519"},"modified":"2026-03-13T09:02:24","modified_gmt":"2026-03-13T13:02:24","slug":"jovenes-entre-18-y-25-anos-en-ee-uu-serian-llamados-a-registrarse-al-servicio-militar-obligatorio","status":"publish","type":"post","link":"https:\/\/lasprimeras.com.do\/index.php\/2026\/03\/13\/jovenes-entre-18-y-25-anos-en-ee-uu-serian-llamados-a-registrarse-al-servicio-militar-obligatorio\/","title":{"rendered":"J\u00f3venes entre 18 y 25 a\u00f1os en EE. UU. ser\u00edan llamados a registrarse al servicio militar obligatorio"},"content":{"rendered":"\n<p>Por Ram\u00f3n Mercedes<\/p>\n\n\n\n<p>NUEVA YORK.- Seg\u00fan la ley vigente, los varones ciudadanos de Estados Unidos y los inmigrantes del sexo masculino, de entre 18 y 25 a\u00f1os, deben registrarse en el Sistema de Servicio Selectivo (SSS), seg\u00fan publica la prensa en territorio estadounidense.<\/p>\n\n\n\n<p>Actualmente en los EE. UU. residen decenas de miles de dominicanos entre las edades se\u00f1aladas.<\/p>\n\n\n\n<p>Es un plan de contingencia para suministrar tropas solo si un conflicto grave supera la capacidad del ej\u00e9rcito estadounidense, compuesto exclusivamente por voluntarios.<\/p>\n\n\n\n<p>Actualmente, EE. UU. mantiene un conflicto b\u00e9lico con Ir\u00e1n. No registrarse es un delito federal, punible con hasta cinco a\u00f1os de prisi\u00f3n y multas de hasta 250,000 d\u00f3lares.<\/p>\n\n\n\n<p>Tambi\u00e9n puede afectar el acceso a ayuda federal para estudiantes, empleos gubernamentales y otros beneficios.<\/p>\n\n\n\n<p>EE. UU. no ha utilizado el servicio militar obligatorio desde 1973. Solo los hombres est\u00e1n obligados a registrarse, pero esto podr\u00eda cambiar.<\/p>\n\n\n\n<p>En diciembre se aprob\u00f3 una versi\u00f3n actualizada de la Ley de Autorizaci\u00f3n de Defensa Nacional (NDAA), aunque el presidente Donald Trump evit\u00f3 el reclutamiento debido a una condici\u00f3n m\u00e9dica inusual, seg\u00fan inform\u00f3 Karoline Leavitt, actual secretaria de prensa de la Casa Blanca.<\/p>\n\n\n\n<p>El Comit\u00e9 de las Fuerzas Armadas del Senado present\u00f3 una versi\u00f3n del proyecto de ley que ampl\u00eda el registro a las mujeres, mientras que la versi\u00f3n de la C\u00e1mara de Representantes no lo hace.<\/p>\n\n\n\n<p>Cualquier cambio requerir\u00e1 la aprobaci\u00f3n de ambas c\u00e1maras para convertirse en ley.<\/p>\n\n\n\n<p>El SSS no se aplica a las mujeres, a hombres en servicio activo, cadetes o guardias navales en las academias militares de EE. UU., visitantes con visas de no inmigrante (turistas o estudiantes), personas con discapacidades severas e institucionalizadas, hombres hospitalizados o confinados en sus hogares de manera continua.<\/p>\n\n\n\n<p>Asimismo, funcionarios electos, ministros o miembros del clero pueden estar exentos. Tampoco se aplica a diplom\u00e1ticos.<\/p>\n\n\n\n<p>Los indocumentados, residentes permanentes y solicitantes de asilo s\u00ed est\u00e1n obligados a registrarse si viven en EE. UU.<\/p>\n\n\n\n<p>Aquellos con convicciones religiosas o morales contra la guerra deben registrarse, pero pueden solicitar una exenci\u00f3n si se activa un reclutamiento.<\/p>\n","protected":false},"excerpt":{"rendered":"<p>Por Ram\u00f3n Mercedes NUEVA YORK.- Seg\u00fan la ley vigente, los varones ciudadanos de Estados Unidos y los inmigrantes del sexo masculino, de entre 18 y 25 a\u00f1os, deben registrarse en&hellip;<\/p>\n","protected":false},"author":10,"featured_media":124520,"comment_status":"open","ping_status":"open","sticky":false,"template":"","format":"standard","meta":{"content-type":"","jetpack_post_was_ever_published":false,"_jetpack_newsletter_access":"","_jetpack_dont_email_post_to_subs":false,"_jetpack_newsletter_tier_id":0,"_jetpack_memberships_contains_paywalled_content":false,"_jetpack_memberships_contains_paid_content":false,"footnotes":""},"categories":[16289],"tags":[3899,1595,31147],"class_list":["post-124519","post","type-post","status-publish","format-standard","has-post-thumbnail","hentry","category-internacionales","tag-jovenes","tag-ny","tag-servicio-militar"],"jetpack_featured_media_url":"https:\/\/lasprimeras.com.do\/wp-content\/uploads\/2026\/03\/IMG-20260313-WA0115.jpg","jetpack-related-posts":[{"id":123532,"url":"https:\/\/lasprimeras.com.do\/index.php\/2026\/03\/02\/180-mil-estadounidenses-se-mudaron-ee-uu-en-2025-y-registraron-2875-millones-de-deportaciones-figuran-dominicanos\/","url_meta":{"origin":124519,"position":0},"title":"180 mil estadounidenses se mudaron EE. UU. en 2025 y registraron 2,875 millones de deportaciones; figuran dominicanos","author":"Nelson Feliz","date":"2 de marzo de 2026","format":false,"excerpt":"Por Ram\u00f3n Mercedes NUEVA YORK.- La Instituci\u00f3n Brookings, que realiza investigaci\u00f3n y docencia en ciencias sociales, principalmente en econom\u00eda, gobernanza, pol\u00edtica exterior y metropolitana, con sede en Washington, D. C., estableci\u00f3 que 150 mil estadounidenses se mudaron de EE. UU. durante 2025, m\u00e1s de los que ingresaron legal o irregularmente\u2026","rel":"","context":"En \u00abINTERNACIONALES\u00bb","block_context":{"text":"INTERNACIONALES","link":"https:\/\/lasprimeras.com.do\/index.php\/category\/sin-categoria\/internacionales\/"},"img":{"alt_text":"","src":"https:\/\/i0.wp.com\/lasprimeras.com.do\/wp-content\/uploads\/2026\/03\/IMG-20260302-WA0047.jpg?resize=350%2C200&ssl=1","width":350,"height":200,"srcset":"https:\/\/i0.wp.com\/lasprimeras.com.do\/wp-content\/uploads\/2026\/03\/IMG-20260302-WA0047.jpg?resize=350%2C200&ssl=1 1x, https:\/\/i0.wp.com\/lasprimeras.com.do\/wp-content\/uploads\/2026\/03\/IMG-20260302-WA0047.jpg?resize=525%2C300&ssl=1 1.5x"},"classes":[]},{"id":126246,"url":"https:\/\/lasprimeras.com.do\/index.php\/2026\/03\/31\/abogado-ny-explica-por-que-se-pierde-la-ciudadania-de-ee-uu\/","url_meta":{"origin":124519,"position":1},"title":"Abogado NY explica por qu\u00e9 se pierde la ciudadan\u00eda de EE. UU.","author":"Nelson Feliz","date":"31 de marzo de 2026","format":false,"excerpt":"Por Ram\u00f3n Mercedes NUEVA YORK.- El abogado criminalista y de inmigraci\u00f3n, con m\u00e1s de 43 a\u00f1os en el \u00e1rea triestatal de los Estados Unidos, Andr\u00e9s Aranda, explica a los cientos de miles de sus connacionales, entre otras etnias, que son naturalizados en este pa\u00eds, las razones por las cuales se\u2026","rel":"","context":"En \u00abINTERNACIONALES\u00bb","block_context":{"text":"INTERNACIONALES","link":"https:\/\/lasprimeras.com.do\/index.php\/category\/sin-categoria\/internacionales\/"},"img":{"alt_text":"","src":"https:\/\/i0.wp.com\/lasprimeras.com.do\/wp-content\/uploads\/2026\/03\/IMG-20260331-WA0063.jpg?resize=350%2C200&ssl=1","width":350,"height":200,"srcset":"https:\/\/i0.wp.com\/lasprimeras.com.do\/wp-content\/uploads\/2026\/03\/IMG-20260331-WA0063.jpg?resize=350%2C200&ssl=1 1x, https:\/\/i0.wp.com\/lasprimeras.com.do\/wp-content\/uploads\/2026\/03\/IMG-20260331-WA0063.jpg?resize=525%2C300&ssl=1 1.5x"},"classes":[]},{"id":108994,"url":"https:\/\/lasprimeras.com.do\/index.php\/2025\/09\/12\/habra-que-dominar-el-ingles-y-conocer-leyes-para-obtener-ciudadania-ee-uu\/","url_meta":{"origin":124519,"position":2},"title":"Habr\u00e1 que dominar el ingl\u00e9s y conocer leyes para obtener ciudadania EE. UU.","author":"Nelson Feliz","date":"12 de septiembre de 2025","format":false,"excerpt":"Por Ram\u00f3n Mercedes NUEVA YORK.- El Servicio de Ciudadan\u00eda e Inmigraci\u00f3n de los Estados Unidos (USCIS) anuncia una serie de cambios en su pol\u00edtica, entre ellas para obtener la ciudadan\u00eda no solo entiender el idioma ingl\u00e9s, que el presidente Donald Trump estableci\u00f3 como oficial, tambi\u00e9n la naturaleza de las leyes,\u2026","rel":"","context":"En \u00abINTERNACIONALES\u00bb","block_context":{"text":"INTERNACIONALES","link":"https:\/\/lasprimeras.com.do\/index.php\/category\/sin-categoria\/internacionales\/"},"img":{"alt_text":"","src":"https:\/\/i0.wp.com\/lasprimeras.com.do\/wp-content\/uploads\/2025\/09\/WhatsApp-Image-2025-09-12-at-7.26.42-AM-1.jpeg?resize=350%2C200&ssl=1","width":350,"height":200,"srcset":"https:\/\/i0.wp.com\/lasprimeras.com.do\/wp-content\/uploads\/2025\/09\/WhatsApp-Image-2025-09-12-at-7.26.42-AM-1.jpeg?resize=350%2C200&ssl=1 1x, https:\/\/i0.wp.com\/lasprimeras.com.do\/wp-content\/uploads\/2025\/09\/WhatsApp-Image-2025-09-12-at-7.26.42-AM-1.jpeg?resize=525%2C300&ssl=1 1.5x"},"classes":[]},{"id":125891,"url":"https:\/\/lasprimeras.com.do\/index.php\/2026\/03\/27\/exhortan-a-dominicanos-ciudadanos-de-ee-uu-inscribirse-en-programa-step-al-viajar-o-residir-en-cualquier-otro-pais\/","url_meta":{"origin":124519,"position":3},"title":"Exhortan a dominicanos ciudadanos de EE. UU. inscribirse en programa STEP al viajar o residir en cualquier otro pa\u00eds","author":"Nelson Feliz","date":"27 de marzo de 2026","format":false,"excerpt":"Por Ram\u00f3n Mercedes NUEVA YORK.- Ante la convulsi\u00f3n que vive el mundo, la Fundaci\u00f3n Hermanos Rojas (SOLN) y la organizaci\u00f3n Prensa & Comunidad Hispana (PreCoHis) exhortan a los dominicanos naturalizados estadounidenses a que, al viajar o residir en cualquier otro pa\u00eds, se registren en el Programa de Registro de Viajeros\u2026","rel":"","context":"En \u00abINTERNACIONALES\u00bb","block_context":{"text":"INTERNACIONALES","link":"https:\/\/lasprimeras.com.do\/index.php\/category\/sin-categoria\/internacionales\/"},"img":{"alt_text":"","src":"https:\/\/i0.wp.com\/lasprimeras.com.do\/wp-content\/uploads\/2026\/03\/IMG-20260327-WA0019.jpg?resize=350%2C200&ssl=1","width":350,"height":200,"srcset":"https:\/\/i0.wp.com\/lasprimeras.com.do\/wp-content\/uploads\/2026\/03\/IMG-20260327-WA0019.jpg?resize=350%2C200&ssl=1 1x, https:\/\/i0.wp.com\/lasprimeras.com.do\/wp-content\/uploads\/2026\/03\/IMG-20260327-WA0019.jpg?resize=525%2C300&ssl=1 1.5x"},"classes":[]},{"id":108889,"url":"https:\/\/lasprimeras.com.do\/index.php\/2025\/09\/11\/falla-tecnica-o-boicot-el-colapso-del-sistema-de-re-registro-del-tps-para-venezolanos-en-ee-uu\/","url_meta":{"origin":124519,"position":4},"title":"\u00bfFalla t\u00e9cnica o boicot? El colapso del sistema de re-registro del TPS para venezolanos en EE. UU.","author":"Nelson Feliz","date":"11 de septiembre de 2025","format":false,"excerpt":"Miami, Florida. - Este 10 de septiembre de 2025, d\u00eda l\u00edmite para que los venezolanos en Estados Unidos completaran su re-registro al Estatus de Protecci\u00f3n Temporal (TPS), el sistema en l\u00ednea del Servicio de Ciudadan\u00eda e Inmigraci\u00f3n (USCIS) colaps\u00f3 desde la medianoche, impidiendo que miles de personas pudieran completar el\u2026","rel":"","context":"En \u00abINTERNACIONALES\u00bb","block_context":{"text":"INTERNACIONALES","link":"https:\/\/lasprimeras.com.do\/index.php\/category\/sin-categoria\/internacionales\/"},"img":{"alt_text":"","src":"https:\/\/i0.wp.com\/lasprimeras.com.do\/wp-content\/uploads\/2025\/09\/Joselyn-Guzman.jpg?resize=350%2C200&ssl=1","width":350,"height":200,"srcset":"https:\/\/i0.wp.com\/lasprimeras.com.do\/wp-content\/uploads\/2025\/09\/Joselyn-Guzman.jpg?resize=350%2C200&ssl=1 1x, https:\/\/i0.wp.com\/lasprimeras.com.do\/wp-content\/uploads\/2025\/09\/Joselyn-Guzman.jpg?resize=525%2C300&ssl=1 1.5x, https:\/\/i0.wp.com\/lasprimeras.com.do\/wp-content\/uploads\/2025\/09\/Joselyn-Guzman.jpg?resize=700%2C400&ssl=1 2x"},"classes":[]},{"id":127728,"url":"https:\/\/lasprimeras.com.do\/index.php\/2026\/04\/15\/en-proceso-orden-ejecutiva-en-eua-para-solicitar-ciudadania-a-quienes-deseen-abrir-una-cuenta-bancaria\/","url_meta":{"origin":124519,"position":5},"title":"En proceso orden ejecutiva en EUA para solicitar ciudadania a quienes deseen abrir una cuenta bancaria","author":"Nelson Feliz","date":"15 de abril de 2026","format":false,"excerpt":"Por Ram\u00f3n Mercedes NUEVA YORK.- Estados Unidos est\u00e1 \"en proceso\" de finalizar una orden ejecutiva que requerir\u00e1 prueba de ciudadan\u00eda para abrir cuentas bancarias en el pa\u00eds, para afectar a\u00fan m\u00e1s a los inmigrantes indocumentados que residen en territorio estadounidense, inform\u00f3 el secretario del Tesoro, Scott Bessent. Bessent se\u00f1al\u00f3 \u201cno\u2026","rel":"","context":"En \u00abINTERNACIONALES\u00bb","block_context":{"text":"INTERNACIONALES","link":"https:\/\/lasprimeras.com.do\/index.php\/category\/sin-categoria\/internacionales\/"},"img":{"alt_text":"","src":"https:\/\/i0.wp.com\/lasprimeras.com.do\/wp-content\/uploads\/2026\/04\/IMG-20260415-WA0046.jpg?resize=350%2C200&ssl=1","width":350,"height":200,"srcset":"https:\/\/i0.wp.com\/lasprimeras.com.do\/wp-content\/uploads\/2026\/04\/IMG-20260415-WA0046.jpg?resize=350%2C200&ssl=1 1x, https:\/\/i0.wp.com\/lasprimeras.com.do\/wp-content\/uploads\/2026\/04\/IMG-20260415-WA0046.jpg?resize=525%2C300&ssl=1 1.5x"},"classes":[]}],"jetpack_sharing_enabled":true,"_links":{"self":[{"href":"https:\/\/lasprimeras.com.do\/index.php\/wp-json\/wp\/v2\/posts\/124519","targetHints":{"allow":["GET"]}}],"collection":[{"href":"https:\/\/lasprimeras.com.do\/index.php\/wp-json\/wp\/v2\/posts"}],"about":[{"href":"https:\/\/lasprimeras.com.do\/index.php\/wp-json\/wp\/v2\/types\/post"}],"author":[{"embeddable":true,"href":"https:\/\/lasprimeras.com.do\/index.php\/wp-json\/wp\/v2\/users\/10"}],"replies":[{"embeddable":true,"href":"https:\/\/lasprimeras.com.do\/index.php\/wp-json\/wp\/v2\/comments?post=124519"}],"version-history":[{"count":1,"href":"https:\/\/lasprimeras.com.do\/index.php\/wp-json\/wp\/v2\/posts\/124519\/revisions"}],"predecessor-version":[{"id":124521,"href":"https:\/\/lasprimeras.com.do\/index.php\/wp-json\/wp\/v2\/posts\/124519\/revisions\/124521"}],"wp:featuredmedia":[{"embeddable":true,"href":"https:\/\/lasprimeras.com.do\/index.php\/wp-json\/wp\/v2\/media\/124520"}],"wp:attachment":[{"href":"https:\/\/lasprimeras.com.do\/index.php\/wp-json\/wp\/v2\/media?parent=124519"}],"wp:term":[{"taxonomy":"category","embeddable":true,"href":"https:\/\/lasprimeras.com.do\/index.php\/wp-json\/wp\/v2\/categories?post=124519"},{"taxonomy":"post_tag","embeddable":true,"href":"https:\/\/lasprimeras.com.do\/index.php\/wp-json\/wp\/v2\/tags?post=124519"}],"curies":[{"name":"wp","href":"https:\/\/api.w.org\/{rel}","templated":true}]}}