{"id":124522,"date":"2026-03-13T09:17:49","date_gmt":"2026-03-13T13:17:49","guid":{"rendered":"https:\/\/lasprimeras.com.do\/?p=124522"},"modified":"2026-03-13T09:17:52","modified_gmt":"2026-03-13T13:17:52","slug":"seguros-reservas-junto-a-corredores-de-seguros-celebra-su-vigesimo-cuarto-aniversario","status":"publish","type":"post","link":"https:\/\/lasprimeras.com.do\/index.php\/2026\/03\/13\/seguros-reservas-junto-a-corredores-de-seguros-celebra-su-vigesimo-cuarto-aniversario\/","title":{"rendered":"Seguros Reservas junto a corredores de seguros celebra su vig\u00e9simo cuarto aniversario"},"content":{"rendered":"\n<p>La actividad permiti\u00f3 reconocer a los corredores que alcanzaron las metas de producci\u00f3n en 2025 y fortalecer los lazos con este importante canal de intermediaci\u00f3n.<\/p>\n\n\n\n<p>Seguros Reservas celebr\u00f3 un c\u00f3ctel conmemorativo con motivo de su 24\u00b0 aniversario, en un encuentro que reuni\u00f3 a corredores de seguros, destacados reaseguradores, ejecutivos de la instituci\u00f3n, miembros del Consejo de Administraci\u00f3n y de su casa matriz, el Banco de Reservas, para celebrar los logros alcanzados.<\/p>\n\n\n\n<p>En la actividad fueron reconocidos los corredores que superaron las metas de producci\u00f3n el pasado a\u00f1o, destacando su compromiso, desempe\u00f1o y contribuci\u00f3n al crecimiento sostenido de la empresa.<\/p>\n\n\n\n<p>El encuentro tambi\u00e9n sirvi\u00f3 como espacio para reafirmar la estrecha relaci\u00f3n que Seguros Reservas mantiene con los intermediarios que forman parte fundamental de su red comercial.<\/p>\n\n\n\n<p>Durante el encuentro, el vicepresidente ejecutivo de Seguros Reservas, Luis Valdez Veras, expres\u00f3 la enorme satisfacci\u00f3n que representa formar parte de una instituci\u00f3n respaldada por un equipo de profesionales que est\u00e1n dejando una huella significativa en la industria aseguradora dominicana.<\/p>\n\n\n\n<p>Valdez Veras reconoci\u00f3 la labor de los corredores de seguros, resaltando que no son simplemente un canal m\u00e1s dentro del negocio asegurador, sino asesores estrat\u00e9gicos de los clientes.<\/p>\n\n\n\n<p>En ese sentido, destac\u00f3 que los corredores interpretan necesidades, explican condiciones y acompa\u00f1an decisiones que impactan directamente el patrimonio y la tranquilidad de personas y empresas.<\/p>\n\n\n\n<p>De su lado, el superintendente de Seguros, Julio C\u00e9sar Valent\u00edn, se dirigi\u00f3 a los presentes para felicitar la amplia trayectoria de Seguros Reservas, resaltando su crecimiento sostenido y su contribuci\u00f3n al fortalecimiento del sector.<\/p>\n\n\n\n<p>Durante sus palabras, destac\u00f3 adem\u00e1s la solidez que exhibe actualmente la industria aseguradora dominicana.<\/p>\n\n\n\n<p>Por su parte, el doctor Leonardo Aguilera, presidente del Consejo de Administraci\u00f3n de Seguros Reservas y presidente Ejecutivo del Banco de Reservas de la Rep\u00fablica Dominicana, expres\u00f3 el orgullo de contar dentro de la gran familia Reservas con esta importante filial, resaltando el significativo aporte que ha realizado durante m\u00e1s de dos d\u00e9cadas para promover el bienestar, la protecci\u00f3n patrimonial y la tranquilidad de miles de familias dominicanas.<\/p>\n\n\n\n<p>La celebraci\u00f3n del 24\u00b0 aniversario reafirma el compromiso de Seguros Reservas con el desarrollo del sector asegurador dominicano, la excelencia en el servicio y el fortalecimiento de alianzas estrat\u00e9gicas que contin\u00faan impulsando su crecimiento y su posicionamiento en el mercado.<\/p>\n","protected":false},"excerpt":{"rendered":"<p>La actividad permiti\u00f3 reconocer a los corredores que alcanzaron las metas de producci\u00f3n en 2025 y fortalecer los lazos con este importante canal de intermediaci\u00f3n. Seguros Reservas celebr\u00f3 un c\u00f3ctel&hellip;<\/p>\n","protected":false},"author":10,"featured_media":124523,"comment_status":"open","ping_status":"open","sticky":false,"template":"","format":"standard","meta":{"content-type":"","jetpack_post_was_ever_published":false,"_jetpack_newsletter_access":"","_jetpack_dont_email_post_to_subs":false,"_jetpack_newsletter_tier_id":0,"_jetpack_memberships_contains_paywalled_content":false,"_jetpack_memberships_contains_paid_content":false,"footnotes":""},"categories":[35,25],"tags":[11314],"class_list":["post-124522","post","type-post","status-publish","format-standard","has-post-thumbnail","hentry","category-nacionales","category-portada","tag-seguros-reservas"],"jetpack_featured_media_url":"https:\/\/lasprimeras.com.do\/wp-content\/uploads\/2026\/03\/IMG-20260312-WA0656.jpg","jetpack-related-posts":[{"id":126320,"url":"https:\/\/lasprimeras.com.do\/index.php\/2026\/03\/31\/mochotran-resalta-eficiencia-y-seguridad-en-su-cuarto-aniversario\/","url_meta":{"origin":124522,"position":0},"title":"MOCHOTRAN resalta eficiencia y seguridad en su cuarto aniversario","author":"Nelson Feliz","date":"31 de marzo de 2026","format":false,"excerpt":"Por Martin Restituyo El Grupo de Empresas de Transporte Mochotran destac\u00f3 la calidad, eficiencia y seguridad de sus servicios al conmemorar su cuarto aniversario con una misa de acci\u00f3n de gracias celebrada en la terminal de autobuses ubicada en esta demarcaci\u00f3n. Durante la actividad, el presidente de la empresa, Alfredo\u2026","rel":"","context":"En \u00abNACIONALES\u00bb","block_context":{"text":"NACIONALES","link":"https:\/\/lasprimeras.com.do\/index.php\/category\/nacionales\/"},"img":{"alt_text":"Alfredo Pulinario","src":"https:\/\/i0.wp.com\/lasprimeras.com.do\/wp-content\/uploads\/2026\/03\/Alfredo-Pulinario.jpg?resize=350%2C200&ssl=1","width":350,"height":200,"srcset":"https:\/\/i0.wp.com\/lasprimeras.com.do\/wp-content\/uploads\/2026\/03\/Alfredo-Pulinario.jpg?resize=350%2C200&ssl=1 1x, https:\/\/i0.wp.com\/lasprimeras.com.do\/wp-content\/uploads\/2026\/03\/Alfredo-Pulinario.jpg?resize=525%2C300&ssl=1 1.5x, https:\/\/i0.wp.com\/lasprimeras.com.do\/wp-content\/uploads\/2026\/03\/Alfredo-Pulinario.jpg?resize=700%2C400&ssl=1 2x"},"classes":[]},{"id":96389,"url":"https:\/\/lasprimeras.com.do\/index.php\/2025\/03\/30\/mochotran-celebra-su-tercer-aniversario-con-misa-en-accion-de-gracias\/","url_meta":{"origin":124522,"position":1},"title":"MOCHOTRAN celebra su tercer aniversario con misa en acci\u00f3n de gracias","author":"Nelson Feliz","date":"30 de marzo de 2025","format":false,"excerpt":"El Grupo de Empresas de Transporte Mochotran, celebr\u00f3 su tercer aniversario de su creaci\u00f3n con una misa en acci\u00f3n de gracias, en el sal\u00f3n eventos de la Terminal de Autobuses, de la avenida Jacobo Majluta, en Santo Domingo Norte, donde se destacaron los retos y resultados de sus esfuerzos por\u2026","rel":"","context":"En \u00abNACIONALES\u00bb","block_context":{"text":"NACIONALES","link":"https:\/\/lasprimeras.com.do\/index.php\/category\/nacionales\/"},"img":{"alt_text":"","src":"https:\/\/i0.wp.com\/lasprimeras.com.do\/wp-content\/uploads\/2025\/03\/MOCHOTRAN.jpg?resize=350%2C200&ssl=1","width":350,"height":200,"srcset":"https:\/\/i0.wp.com\/lasprimeras.com.do\/wp-content\/uploads\/2025\/03\/MOCHOTRAN.jpg?resize=350%2C200&ssl=1 1x, https:\/\/i0.wp.com\/lasprimeras.com.do\/wp-content\/uploads\/2025\/03\/MOCHOTRAN.jpg?resize=525%2C300&ssl=1 1.5x"},"classes":[]},{"id":116183,"url":"https:\/\/lasprimeras.com.do\/index.php\/2025\/11\/27\/afp-reservas-celebra-24-o-aniversario-con-un-coctel-para-clientes\/","url_meta":{"origin":124522,"position":2},"title":"AFP Reservas celebra 24.\u00ba aniversario con un coctel para clientes","author":"Nelson Feliz","date":"27 de noviembre de 2025","format":false,"excerpt":"Henry Fuentes, vicepresidente ejecutivo de AFP Reservas, encabeza misa de Acci\u00f3n de Gracias oficiada en la parroquia Buen Pastor por el 24 aniversario de la entidad. Le acompa\u00f1an desde la izquierda, Leandro Villanueva, Jos\u00e9 Mart\u00ed, Ana Pou, Juan Mustaf\u00e1, Annerys Rodr\u00edguez y Jorge Dargam.","rel":"","context":"En \u00abECONOM\u00cdA\u00bb","block_context":{"text":"ECONOM\u00cdA","link":"https:\/\/lasprimeras.com.do\/index.php\/category\/economia\/"},"img":{"alt_text":"","src":"https:\/\/i0.wp.com\/lasprimeras.com.do\/wp-content\/uploads\/2025\/11\/HENRY-FUENTES.jpg?resize=350%2C200&ssl=1","width":350,"height":200,"srcset":"https:\/\/i0.wp.com\/lasprimeras.com.do\/wp-content\/uploads\/2025\/11\/HENRY-FUENTES.jpg?resize=350%2C200&ssl=1 1x, https:\/\/i0.wp.com\/lasprimeras.com.do\/wp-content\/uploads\/2025\/11\/HENRY-FUENTES.jpg?resize=525%2C300&ssl=1 1.5x, https:\/\/i0.wp.com\/lasprimeras.com.do\/wp-content\/uploads\/2025\/11\/HENRY-FUENTES.jpg?resize=700%2C400&ssl=1 2x"},"classes":[]},{"id":111143,"url":"https:\/\/lasprimeras.com.do\/index.php\/2025\/10\/05\/800-corredores-participan-en-la-primera-carrera-5k-organizada-por-el-intrant-para-salvar-vidas\/","url_meta":{"origin":124522,"position":3},"title":"800 corredores participan en la Primera Carrera 5K organizada por el INTRANT para Salvar Vidas","author":"Nelson Feliz","date":"5 de octubre de 2025","format":false,"excerpt":"Con premiaci\u00f3n a personas con movilidad reducida y anuncio de la pr\u00f3xima edici\u00f3n en Santiago, la carrera marc\u00f3 el inicio de un movimiento nacional por la seguridad vial. Con gran entusiasmo ciudadano y un ambiente cargado de esperanza, el Instituto Nacional de Tr\u00e1nsito y Transporte Terrestre (Intrant) celebr\u00f3 este domingo\u2026","rel":"","context":"En \u00abDEPORTES\u00bb","block_context":{"text":"DEPORTES","link":"https:\/\/lasprimeras.com.do\/index.php\/category\/deportes\/"},"img":{"alt_text":"","src":"https:\/\/i0.wp.com\/lasprimeras.com.do\/wp-content\/uploads\/2025\/10\/INTRANT.jpg?resize=350%2C200&ssl=1","width":350,"height":200,"srcset":"https:\/\/i0.wp.com\/lasprimeras.com.do\/wp-content\/uploads\/2025\/10\/INTRANT.jpg?resize=350%2C200&ssl=1 1x, https:\/\/i0.wp.com\/lasprimeras.com.do\/wp-content\/uploads\/2025\/10\/INTRANT.jpg?resize=525%2C300&ssl=1 1.5x, https:\/\/i0.wp.com\/lasprimeras.com.do\/wp-content\/uploads\/2025\/10\/INTRANT.jpg?resize=700%2C400&ssl=1 2x"},"classes":[]},{"id":118165,"url":"https:\/\/lasprimeras.com.do\/index.php\/2025\/12\/22\/seguros-reservas-cierra-el-ano-2025-con-el-mayor-nivel-de-utilidades-de-su-historia\/","url_meta":{"origin":124522,"position":4},"title":"Seguros Reservas cierra el a\u00f1o 2025 con el mayor nivel de utilidades de su historia","author":"Nelson Feliz","date":"22 de diciembre de 2025","format":false,"excerpt":"El 2025 ha sido un a\u00f1o extraordinario para Seguros reservas, aumentando sus utilidades en un 133%, pasando de RD$789 millones al mes de noviembre 2024 a RD$1,839 millones al mes de noviembre de 2025. Basada en esta tendencia positiva, la aseguradora proyecta cerrar diciembre de 2025 con utilidades superiores a\u2026","rel":"","context":"En \u00abECONOM\u00cdA\u00bb","block_context":{"text":"ECONOM\u00cdA","link":"https:\/\/lasprimeras.com.do\/index.php\/category\/economia\/"},"img":{"alt_text":"Seguros Reservas","src":"https:\/\/i0.wp.com\/lasprimeras.com.do\/wp-content\/uploads\/2025\/12\/Seguros-Reservas-1.jpg?resize=350%2C200&ssl=1","width":350,"height":200,"srcset":"https:\/\/i0.wp.com\/lasprimeras.com.do\/wp-content\/uploads\/2025\/12\/Seguros-Reservas-1.jpg?resize=350%2C200&ssl=1 1x, https:\/\/i0.wp.com\/lasprimeras.com.do\/wp-content\/uploads\/2025\/12\/Seguros-Reservas-1.jpg?resize=525%2C300&ssl=1 1.5x, https:\/\/i0.wp.com\/lasprimeras.com.do\/wp-content\/uploads\/2025\/12\/Seguros-Reservas-1.jpg?resize=700%2C400&ssl=1 2x"},"classes":[]},{"id":88588,"url":"https:\/\/lasprimeras.com.do\/index.php\/2024\/08\/31\/somos-de-quisqueya-celebrara-su-xviii-aniversario-en-casa-del-mar\/","url_meta":{"origin":124522,"position":5},"title":"Somos de Quisqueya celebrar\u00e1 su XVIII aniversario en Casa del Mar","author":"Nelson Feliz","date":"31 de agosto de 2024","format":false,"excerpt":"Vikiana \u201cLa Maidita\u201d; Marcel \u201c Piel Morena\u201d; Fausto \u201cErol\u201d D\u00edaz; Dj Anthony; L Marcriaoo, Ballet Folcl\u00f3rico Ramona Torres y muchos m\u00e1s. Por: Aquiles Rojas La destacada periodista Jenny G\u00f3mez, dio a conocer este domingo que su programa, Somos de Quisqueya \u201c estar\u00e1 celebrando 18 aniversario con artistas de la talla\u2026","rel":"","context":"En \u00abENTRETENIMIENTO\u00bb","block_context":{"text":"ENTRETENIMIENTO","link":"https:\/\/lasprimeras.com.do\/index.php\/category\/entretenimiento\/"},"img":{"alt_text":"somos de quisqueya","src":"https:\/\/i0.wp.com\/lasprimeras.com.do\/wp-content\/uploads\/2024\/08\/somos-de-quisqueya.jpg?resize=350%2C200&ssl=1","width":350,"height":200,"srcset":"https:\/\/i0.wp.com\/lasprimeras.com.do\/wp-content\/uploads\/2024\/08\/somos-de-quisqueya.jpg?resize=350%2C200&ssl=1 1x, https:\/\/i0.wp.com\/lasprimeras.com.do\/wp-content\/uploads\/2024\/08\/somos-de-quisqueya.jpg?resize=525%2C300&ssl=1 1.5x, https:\/\/i0.wp.com\/lasprimeras.com.do\/wp-content\/uploads\/2024\/08\/somos-de-quisqueya.jpg?resize=700%2C400&ssl=1 2x"},"classes":[]}],"jetpack_sharing_enabled":true,"_links":{"self":[{"href":"https:\/\/lasprimeras.com.do\/index.php\/wp-json\/wp\/v2\/posts\/124522","targetHints":{"allow":["GET"]}}],"collection":[{"href":"https:\/\/lasprimeras.com.do\/index.php\/wp-json\/wp\/v2\/posts"}],"about":[{"href":"https:\/\/lasprimeras.com.do\/index.php\/wp-json\/wp\/v2\/types\/post"}],"author":[{"embeddable":true,"href":"https:\/\/lasprimeras.com.do\/index.php\/wp-json\/wp\/v2\/users\/10"}],"replies":[{"embeddable":true,"href":"https:\/\/lasprimeras.com.do\/index.php\/wp-json\/wp\/v2\/comments?post=124522"}],"version-history":[{"count":1,"href":"https:\/\/lasprimeras.com.do\/index.php\/wp-json\/wp\/v2\/posts\/124522\/revisions"}],"predecessor-version":[{"id":124524,"href":"https:\/\/lasprimeras.com.do\/index.php\/wp-json\/wp\/v2\/posts\/124522\/revisions\/124524"}],"wp:featuredmedia":[{"embeddable":true,"href":"https:\/\/lasprimeras.com.do\/index.php\/wp-json\/wp\/v2\/media\/124523"}],"wp:attachment":[{"href":"https:\/\/lasprimeras.com.do\/index.php\/wp-json\/wp\/v2\/media?parent=124522"}],"wp:term":[{"taxonomy":"category","embeddable":true,"href":"https:\/\/lasprimeras.com.do\/index.php\/wp-json\/wp\/v2\/categories?post=124522"},{"taxonomy":"post_tag","embeddable":true,"href":"https:\/\/lasprimeras.com.do\/index.php\/wp-json\/wp\/v2\/tags?post=124522"}],"curies":[{"name":"wp","href":"https:\/\/api.w.org\/{rel}","templated":true}]}}