{"id":124528,"date":"2026-03-13T09:44:38","date_gmt":"2026-03-13T13:44:38","guid":{"rendered":"https:\/\/lasprimeras.com.do\/?p=124528"},"modified":"2026-03-13T09:44:41","modified_gmt":"2026-03-13T13:44:41","slug":"julito-fulcar-anuncia-aprobacion-de-permuta-de-terrenos-que-garantiza-titulos-de-propiedad-a-familias-de-la-region-sur","status":"publish","type":"post","link":"https:\/\/lasprimeras.com.do\/index.php\/2026\/03\/13\/julito-fulcar-anuncia-aprobacion-de-permuta-de-terrenos-que-garantiza-titulos-de-propiedad-a-familias-de-la-region-sur\/","title":{"rendered":"Julito Fulcar anuncia aprobaci\u00f3n de permuta de terrenos que garantiza t\u00edtulos de propiedad a familias de la regi\u00f3n Sur"},"content":{"rendered":"\n<p>Est\u00e1 permuta permitir\u00e1 al gobierno dotar de t\u00edtulos de propiedad a familias asentadas en localidades de San Crist\u00f3bal y Peravia en terrenos del Grupo Vicini<\/p>\n\n\n\n<p>El senador Julito Fulcar anunci\u00f3 hoy la aprobaci\u00f3n en el Senado de la Rep\u00fablica de un trascendental contrato de permuta de terrenos entre el Estado dominicano y la Compa\u00f1\u00eda An\u00f3nima de Explotaciones Industriales (CAEI).<\/p>\n\n\n\n<p>Este acuerdo jur\u00eddico permitir\u00e1, de manera definitiva, que cientos de familias que han ocupado terrenos por d\u00e9cadas puedan finalmente obtener sus t\u00edtulos de propiedad.<\/p>\n\n\n\n<p>Mediante este contrato de permuta, el Estado recibe parcelas que actualmente est\u00e1n pobladas por familias y que pertenec\u00edan originalmente a la referida Compa\u00f1\u00eda An\u00f3nima de Explotaciones Industriales (CAEI).<\/p>\n\n\n\n<p>A cambio, el Estado dominicano entrega terrenos de vocaci\u00f3n rural en otras provincias del pa\u00eds.<\/p>\n\n\n\n<p>Esta maniobra legal traspasa la propiedad de los asentamientos humanos al patrimonio estatal, requisito indispensable para que el Gobierno pueda proceder con el deslinde y la entrega de certificados de t\u00edtulos a los ocupantes.<\/p>\n\n\n\n<p>Con esta aprobaci\u00f3n, los residentes de los sectores beneficiados pasan de ser ocupantes a potenciales propietarios legales, lo que les permitir\u00e1 acceder al sistema financiero, aumentar el valor de sus viviendas y garantizar la seguridad hereditaria de sus familias.<\/p>\n\n\n\n<p>&#8220;Estamos eliminando la traba legal que imped\u00eda que nuestra gente fuera due\u00f1a real de su techo&#8221;, enfatiz\u00f3 el legislador.<\/p>\n\n\n\n<p>La informaci\u00f3n fue dada a conocer por el senador Fulcar durante una rueda de prensa celebrada este jueves, donde estuvo acompa\u00f1ado por la gobernadora provincial, \u00c1ngela Yadira B\u00e1ez; el agrimensor Marcos Mart\u00ednez, de la Unidad T\u00e9cnica Ejecutora de Titulaci\u00f3n de Terrenos del Estado (UTECT); el director provincial de Bienes Nacionales, Cesar Paniagua, y una representante de la diputada Carmen Leyda.<\/p>\n\n\n\n<p>En dicho encuentro se anunci\u00f3 el inicio inmediato del proceso de titulaci\u00f3n de terrenos y viviendas en la provincia Peravia, informando que las brigadas t\u00e9cnicas estar\u00e1n trabajando en sectores como Pueblo Nuevo, Los Barracones, Villa David, Villa Boston, Villa Sombrero, Matanzas, Sabana Buey, entre otras demarcaciones de la provincia.<\/p>\n","protected":false},"excerpt":{"rendered":"<p>Est\u00e1 permuta permitir\u00e1 al gobierno dotar de t\u00edtulos de propiedad a familias asentadas en localidades de San Crist\u00f3bal y Peravia en terrenos del Grupo Vicini El senador Julito Fulcar anunci\u00f3&hellip;<\/p>\n","protected":false},"author":10,"featured_media":124529,"comment_status":"open","ping_status":"open","sticky":false,"template":"","format":"standard","meta":{"content-type":"","jetpack_post_was_ever_published":false,"_jetpack_newsletter_access":"","_jetpack_dont_email_post_to_subs":false,"_jetpack_newsletter_tier_id":0,"_jetpack_memberships_contains_paywalled_content":false,"_jetpack_memberships_contains_paid_content":false,"footnotes":""},"categories":[16559],"tags":[9520],"class_list":["post-124528","post","type-post","status-publish","format-standard","has-post-thumbnail","hentry","category-politica","tag-julito-fulcar"],"jetpack_featured_media_url":"https:\/\/lasprimeras.com.do\/wp-content\/uploads\/2026\/03\/IMG-20260313-WA0347.jpg","jetpack-related-posts":[{"id":124327,"url":"https:\/\/lasprimeras.com.do\/index.php\/2026\/03\/11\/senado-aprueba-en-segunda-lectura-reforma-a-la-ley-organica-del-regimen-electoral\/","url_meta":{"origin":124528,"position":0},"title":"Senado aprueba en segunda lectura reforma a la Ley Org\u00e1nica del R\u00e9gimen Electoral","author":"Nelson Feliz","date":"11 de marzo de 2026","format":false,"excerpt":"La propuesta legislativa se\u00f1ala que se hace necesaria la intervenci\u00f3n del Congreso a los fines de proceder a suprimir el modelo de candidaturas independientes, lo que evitar\u00eda dificultades y contrariedades al sistema pol\u00edtico e institucional dominicano. Por: Adalgisa S\u00e1nchez El Senado de la Rep\u00fablica aprob\u00f3 en segunda lectura el proyecto\u2026","rel":"","context":"En \u00abPOLITICA\u00bb","block_context":{"text":"POLITICA","link":"https:\/\/lasprimeras.com.do\/index.php\/category\/politica\/"},"img":{"alt_text":"Ricardo de los Santos","src":"https:\/\/i0.wp.com\/lasprimeras.com.do\/wp-content\/uploads\/2026\/03\/Ricardo-de-los-Santos-3.jpg?resize=350%2C200&ssl=1","width":350,"height":200,"srcset":"https:\/\/i0.wp.com\/lasprimeras.com.do\/wp-content\/uploads\/2026\/03\/Ricardo-de-los-Santos-3.jpg?resize=350%2C200&ssl=1 1x, https:\/\/i0.wp.com\/lasprimeras.com.do\/wp-content\/uploads\/2026\/03\/Ricardo-de-los-Santos-3.jpg?resize=525%2C300&ssl=1 1.5x, https:\/\/i0.wp.com\/lasprimeras.com.do\/wp-content\/uploads\/2026\/03\/Ricardo-de-los-Santos-3.jpg?resize=700%2C400&ssl=1 2x"},"classes":[]},{"id":100083,"url":"https:\/\/lasprimeras.com.do\/index.php\/2025\/06\/01\/empresarios-reconocen-a-tobias-crespo-y-miembros-comision-de-contratos-de-cd\/","url_meta":{"origin":124528,"position":1},"title":"Empresarios reconocen a Tob\u00edas Crespo y miembros Comisi\u00f3n de Contratos de CD","author":"Nelson Feliz","date":"1 de junio de 2025","format":false,"excerpt":"El presidente de la Comisi\u00f3n Permanente de Contratos de la C\u00e1mara de Diputados, Tob\u00edas Crespo y sus miembros, fueron reconocidos por la Asociaci\u00f3n de Empresas del Distrito Industrial de Santo Domingo Oeste (ADEDISDO), por el apoyo a esas empresas que podr\u00e1n acceder a nuevas oportunidades de inversi\u00f3n a favor del\u2026","rel":"","context":"En \u00abPOLITICA\u00bb","block_context":{"text":"POLITICA","link":"https:\/\/lasprimeras.com.do\/index.php\/category\/politica\/"},"img":{"alt_text":"","src":"https:\/\/i0.wp.com\/lasprimeras.com.do\/wp-content\/uploads\/2025\/06\/TOBIAS.jpg?resize=350%2C200&ssl=1","width":350,"height":200,"srcset":"https:\/\/i0.wp.com\/lasprimeras.com.do\/wp-content\/uploads\/2025\/06\/TOBIAS.jpg?resize=350%2C200&ssl=1 1x, https:\/\/i0.wp.com\/lasprimeras.com.do\/wp-content\/uploads\/2025\/06\/TOBIAS.jpg?resize=525%2C300&ssl=1 1.5x, https:\/\/i0.wp.com\/lasprimeras.com.do\/wp-content\/uploads\/2025\/06\/TOBIAS.jpg?resize=700%2C400&ssl=1 2x"},"classes":[]},{"id":103646,"url":"https:\/\/lasprimeras.com.do\/index.php\/2025\/07\/17\/senador-julito-fulcar-canaliza-apertura-de-aulas-inclusivas-para-ninos-con-autismo-en-peravia\/","url_meta":{"origin":124528,"position":2},"title":"Senador Julito Fulcar canaliza apertura de aulas inclusivas para ni\u00f1os con autismo en Peravia","author":"Nelson Feliz","date":"17 de julio de 2025","format":false,"excerpt":"El senador Julito Fulcar de Peravia solicitud al Ministerio de Educaci\u00f3n (MINERD), la directora de Educaci\u00f3n Especial, Licda. Luc\u00eda V\u00e1squez Esp\u00ednola, visit\u00f3 las instalaciones del Distrito Educativo 03-04 en Ban\u00ed para coordinar la apertura de aulas inclusivas destinadas a ni\u00f1os dentro del espectro autista y con otras condiciones de discapacidad.\u2026","rel":"","context":"En \u00abNACIONALES\u00bb","block_context":{"text":"NACIONALES","link":"https:\/\/lasprimeras.com.do\/index.php\/category\/nacionales\/"},"img":{"alt_text":"","src":"https:\/\/i0.wp.com\/lasprimeras.com.do\/wp-content\/uploads\/2025\/07\/Julito-Fulcar-1.jpg?resize=350%2C200&ssl=1","width":350,"height":200,"srcset":"https:\/\/i0.wp.com\/lasprimeras.com.do\/wp-content\/uploads\/2025\/07\/Julito-Fulcar-1.jpg?resize=350%2C200&ssl=1 1x, https:\/\/i0.wp.com\/lasprimeras.com.do\/wp-content\/uploads\/2025\/07\/Julito-Fulcar-1.jpg?resize=525%2C300&ssl=1 1.5x, https:\/\/i0.wp.com\/lasprimeras.com.do\/wp-content\/uploads\/2025\/07\/Julito-Fulcar-1.jpg?resize=700%2C400&ssl=1 2x"},"classes":[]},{"id":124331,"url":"https:\/\/lasprimeras.com.do\/index.php\/2026\/03\/11\/julito-fulcar-llevara-exito-del-plan-estrategico-de-peravia-a-san-juan\/","url_meta":{"origin":124528,"position":3},"title":"Julito Fulcar llevar\u00e1 \u00e9xito del Plan Estrat\u00e9gico de Peravia a San Juan","author":"Nelson Feliz","date":"11 de marzo de 2026","format":false,"excerpt":"El Senador por Peravia, Julito Fulcar Encarnaci\u00f3n, encabezar\u00e1 este jueves un encuentro especial en San Juan de la Maguana, para exponer los logros y metodolog\u00edas del Plan de Desarrollo Estrat\u00e9gico y Sostenible de la provincia Peravia 2025-2050. El legislador estar\u00e1 acompa\u00f1ado por una comitiva t\u00e9cnica integrada por Juan Carlos Guzm\u00e1n,\u2026","rel":"","context":"En \u00abPOLITICA\u00bb","block_context":{"text":"POLITICA","link":"https:\/\/lasprimeras.com.do\/index.php\/category\/politica\/"},"img":{"alt_text":"Julito Fulcar","src":"https:\/\/i0.wp.com\/lasprimeras.com.do\/wp-content\/uploads\/2026\/03\/Julito-Fulcar.jpg?resize=350%2C200&ssl=1","width":350,"height":200,"srcset":"https:\/\/i0.wp.com\/lasprimeras.com.do\/wp-content\/uploads\/2026\/03\/Julito-Fulcar.jpg?resize=350%2C200&ssl=1 1x, https:\/\/i0.wp.com\/lasprimeras.com.do\/wp-content\/uploads\/2026\/03\/Julito-Fulcar.jpg?resize=525%2C300&ssl=1 1.5x, https:\/\/i0.wp.com\/lasprimeras.com.do\/wp-content\/uploads\/2026\/03\/Julito-Fulcar.jpg?resize=700%2C400&ssl=1 2x"},"classes":[]},{"id":125484,"url":"https:\/\/lasprimeras.com.do\/index.php\/2026\/03\/23\/julito-fulcar-ratifica-apoyo-a-ciudadano-modelo-rd-en-su-2do-aniversario\/","url_meta":{"origin":124528,"position":4},"title":"Julito Fulcar ratifica apoyo a \u201cCiudadano Modelo RD\u201d en su 2do aniversario","author":"Nelson Feliz","date":"23 de marzo de 2026","format":false,"excerpt":"En el marco de la presentaci\u00f3n de las memorias de gesti\u00f3n 2024-2025 del programa \u201cCiudadano Modelo RD\u201d, el senador por la provincia Peravia, Julito Fulcar, destac\u00f3 el crecimiento exponencial de esta iniciativa y record\u00f3 los inicios de lo que hoy es un referente de civismo para todo el pa\u00eds. Durante\u2026","rel":"","context":"En \u00abPOLITICA\u00bb","block_context":{"text":"POLITICA","link":"https:\/\/lasprimeras.com.do\/index.php\/category\/politica\/"},"img":{"alt_text":"Julito Fulcar","src":"https:\/\/i0.wp.com\/lasprimeras.com.do\/wp-content\/uploads\/2026\/03\/Julito-Fulcar-1.jpg?resize=350%2C200&ssl=1","width":350,"height":200,"srcset":"https:\/\/i0.wp.com\/lasprimeras.com.do\/wp-content\/uploads\/2026\/03\/Julito-Fulcar-1.jpg?resize=350%2C200&ssl=1 1x, https:\/\/i0.wp.com\/lasprimeras.com.do\/wp-content\/uploads\/2026\/03\/Julito-Fulcar-1.jpg?resize=525%2C300&ssl=1 1.5x, https:\/\/i0.wp.com\/lasprimeras.com.do\/wp-content\/uploads\/2026\/03\/Julito-Fulcar-1.jpg?resize=700%2C400&ssl=1 2x"},"classes":[]},{"id":109411,"url":"https:\/\/lasprimeras.com.do\/index.php\/2025\/09\/17\/aprueban-resolucion-en-favor-de-la-titulacion-de-familias-de-las-salinas-y-la-proteccion-de-las-dunas-de-bani\/","url_meta":{"origin":124528,"position":5},"title":"Aprueban Resoluci\u00f3n en favor de la titulaci\u00f3n de familias de Las Salinas y la protecci\u00f3n de las Dunas de Ban\u00ed","author":"Nelson Feliz","date":"17 de septiembre de 2025","format":false,"excerpt":"La Comisi\u00f3n Permanente de Medio Ambiente y Recursos Naturales del Senado de la Rep\u00fablica aprob\u00f3 una resoluci\u00f3n sometida por el senador de la provincia Peravia, Julito Fulcar Encarnaci\u00f3n, mediante la cual se solicita al Presidente de la Rep\u00fablica instruir a la Comisi\u00f3n Nacional de Titulaci\u00f3n para canalizar y regularizar los\u2026","rel":"","context":"En \u00abNACIONALES\u00bb","block_context":{"text":"NACIONALES","link":"https:\/\/lasprimeras.com.do\/index.php\/category\/nacionales\/"},"img":{"alt_text":"","src":"https:\/\/i0.wp.com\/lasprimeras.com.do\/wp-content\/uploads\/2025\/09\/comi.jpg?resize=350%2C200&ssl=1","width":350,"height":200,"srcset":"https:\/\/i0.wp.com\/lasprimeras.com.do\/wp-content\/uploads\/2025\/09\/comi.jpg?resize=350%2C200&ssl=1 1x, https:\/\/i0.wp.com\/lasprimeras.com.do\/wp-content\/uploads\/2025\/09\/comi.jpg?resize=525%2C300&ssl=1 1.5x, https:\/\/i0.wp.com\/lasprimeras.com.do\/wp-content\/uploads\/2025\/09\/comi.jpg?resize=700%2C400&ssl=1 2x"},"classes":[]}],"jetpack_sharing_enabled":true,"_links":{"self":[{"href":"https:\/\/lasprimeras.com.do\/index.php\/wp-json\/wp\/v2\/posts\/124528","targetHints":{"allow":["GET"]}}],"collection":[{"href":"https:\/\/lasprimeras.com.do\/index.php\/wp-json\/wp\/v2\/posts"}],"about":[{"href":"https:\/\/lasprimeras.com.do\/index.php\/wp-json\/wp\/v2\/types\/post"}],"author":[{"embeddable":true,"href":"https:\/\/lasprimeras.com.do\/index.php\/wp-json\/wp\/v2\/users\/10"}],"replies":[{"embeddable":true,"href":"https:\/\/lasprimeras.com.do\/index.php\/wp-json\/wp\/v2\/comments?post=124528"}],"version-history":[{"count":1,"href":"https:\/\/lasprimeras.com.do\/index.php\/wp-json\/wp\/v2\/posts\/124528\/revisions"}],"predecessor-version":[{"id":124530,"href":"https:\/\/lasprimeras.com.do\/index.php\/wp-json\/wp\/v2\/posts\/124528\/revisions\/124530"}],"wp:featuredmedia":[{"embeddable":true,"href":"https:\/\/lasprimeras.com.do\/index.php\/wp-json\/wp\/v2\/media\/124529"}],"wp:attachment":[{"href":"https:\/\/lasprimeras.com.do\/index.php\/wp-json\/wp\/v2\/media?parent=124528"}],"wp:term":[{"taxonomy":"category","embeddable":true,"href":"https:\/\/lasprimeras.com.do\/index.php\/wp-json\/wp\/v2\/categories?post=124528"},{"taxonomy":"post_tag","embeddable":true,"href":"https:\/\/lasprimeras.com.do\/index.php\/wp-json\/wp\/v2\/tags?post=124528"}],"curies":[{"name":"wp","href":"https:\/\/api.w.org\/{rel}","templated":true}]}}