{"id":124532,"date":"2026-03-13T09:59:40","date_gmt":"2026-03-13T13:59:40","guid":{"rendered":"https:\/\/lasprimeras.com.do\/?p=124532"},"modified":"2026-03-13T09:59:42","modified_gmt":"2026-03-13T13:59:42","slug":"victor-pavon-y-comunitarios-exigen-a-la-caasd-y-alcaldia-reiniciar-trabajos-instalacion-tuberias-en-hoyo-de-la-mina","status":"publish","type":"post","link":"https:\/\/lasprimeras.com.do\/index.php\/2026\/03\/13\/victor-pavon-y-comunitarios-exigen-a-la-caasd-y-alcaldia-reiniciar-trabajos-instalacion-tuberias-en-hoyo-de-la-mina\/","title":{"rendered":"V\u00edctor Pav\u00f3n y comunitarios exigen a la CAASD y Alcald\u00eda reiniciar trabajos instalaci\u00f3n tuber\u00edas en Hoyo de la Mina"},"content":{"rendered":"\n<p>Dirigentes comunitarios: \u201cNo aguantamos m\u00e1s inundaciones, lodo, basura y aguas negras\u201d<\/p>\n\n\n\n<p>El precandidato a alcalde del partido Fuerza del Pueblo (FP) por Santo Domingo Norte (SDN), V\u00edctor Pav\u00f3n, demand\u00f3 del director de la Corporaci\u00f3n de Acueducto y Alcantarillado de Santo Domingo (CAASD), Felipe (Fellito) Suberv\u00ed, a retomar los trabajos de instalaci\u00f3n de las tuber\u00edas que evitar\u00edan que las calles del Hoyo de la Mina sufran severas inundaciones cada vez que se originan aguaceros.<\/p>\n\n\n\n<p>Pav\u00f3n, quien se hizo acompa\u00f1ar de varios dirigentes comunitarios de la zona, produjo sus declaraciones durante un recorrido por Los Guaricanos para percatarse de los tantos problemas que gravitan en el sector.<\/p>\n\n\n\n<p>Dijo que lamenta que desde el gobierno la mayor\u00eda de los funcionarios no sienten ninguna preocupaci\u00f3n ante el mont\u00f3n de problemas que existen en los sectores marginados, pero sin embargo, despilfarran los recursos del Estado como si fueran patrimonios familiares.<\/p>\n\n\n\n<p>\u201cEn este gobierno no hay vocaci\u00f3n de servicio ni planificaci\u00f3n de los recursos destinados para ser utilizados en las obras de inter\u00e9s social y comunitaria.<\/p>\n\n\n\n<p>Esta es una de las razones que ha impedido que las tuber\u00edas se instalen en el Hoyo de la Mina\u201d, destac\u00f3.<\/p>\n\n\n\n<p>Aseguro que si se instalan las tuber\u00edas que ya est\u00e1n desde hace meses tiradas frente al campo de b\u00e9isbol, se evitar\u00eda que en tiempos lluviosos las aguas negras permanezcan estancadas llena de desperdicios s\u00f3lidos, ya que estas circular\u00edan hacia su destino final\u201d, manifest\u00f3.<\/p>\n\n\n\n<p>Indic\u00f3 que en raz\u00f3n de que la alcaldesa Betty Ger\u00f3nimo no le interesa soluciones reales a los problemas que competen a la Alcald\u00eda, demand\u00f3 del director de la CAASD tomar en sus manos la soluci\u00f3n de los mismos para impedir que las viviendas se inunden.<\/p>\n\n\n\n<p>\u201cLa alcaldesa decorativa de SDN solo le interesa utilizar los recursos del presupuesto municipal a su antojo junto a las peripecias de sus familiares y allegados en desmedro de la poblaci\u00f3n, que espera un remozamiento en todos los \u00f3rdenes de SDN\u201d, Subray\u00f3.<\/p>\n\n\n\n<p>De su lado, la dirigente comunitaria Griselda Su\u00e1rez inst\u00f3 a la CAASD a retomar los trabajos que hab\u00edan iniciado hace meses.<\/p>\n\n\n\n<p>\u201cYa no aguantamos estas inundaciones y este c\u00famulo de basura que se concentra en estas aguas negras que ya penetran en nuestras casas\u201d, acot\u00f3.<\/p>\n\n\n\n<p>De la misma manera, Jos\u00e9 del Carmen Medrano agreg\u00f3 que est\u00e1n cansados de escuchar tantas promesas de soluci\u00f3n, pero en realidad nunca hacen nada. Esto es enga\u00f1o y enga\u00f1o\u201d, testific\u00f3.<\/p>\n","protected":false},"excerpt":{"rendered":"<p>Dirigentes comunitarios: \u201cNo aguantamos m\u00e1s inundaciones, lodo, basura y aguas negras\u201d El precandidato a alcalde del partido Fuerza del Pueblo (FP) por Santo Domingo Norte (SDN), V\u00edctor Pav\u00f3n, demand\u00f3 del&hellip;<\/p>\n","protected":false},"author":10,"featured_media":121590,"comment_status":"open","ping_status":"open","sticky":false,"template":"","format":"standard","meta":{"content-type":"","jetpack_post_was_ever_published":false,"_jetpack_newsletter_access":"","_jetpack_dont_email_post_to_subs":false,"_jetpack_newsletter_tier_id":0,"_jetpack_memberships_contains_paywalled_content":false,"_jetpack_memberships_contains_paid_content":false,"footnotes":""},"categories":[16559],"tags":[15930],"class_list":["post-124532","post","type-post","status-publish","format-standard","has-post-thumbnail","hentry","category-politica","tag-victor-pavon-2"],"jetpack_featured_media_url":"https:\/\/lasprimeras.com.do\/wp-content\/uploads\/2026\/02\/Victor-Pavon.jpg","jetpack-related-posts":[{"id":117057,"url":"https:\/\/lasprimeras.com.do\/index.php\/2025\/12\/07\/liga-deportiva-osiris-dedica-torneo-navideno-de-sdn-a-victor-pavon\/","url_meta":{"origin":124532,"position":0},"title":"Liga Deportiva Osiris dedica Torneo Navide\u00f1o de SDN a V\u00edctor Pav\u00f3n","author":"Nelson Feliz","date":"7 de diciembre de 2025","format":false,"excerpt":"La Liga Deportiva Osiris, ubicada en Los Guaricanos, dedic\u00f3 el s\u00e1bado 6 de diciembre su acostumbrado Torneo Deportivo Navide\u00f1o n\u00famero 38, que realiza cada a\u00f1o, al empresario y dirigente comunitario V\u00edctor Pav\u00f3n. El ex pelotero profesional Rayner Contreras, quien preside la organizaci\u00f3n dijo que V\u00edctor Pav\u00f3n ha estado siempre al\u2026","rel":"","context":"En \u00abDEPORTES\u00bb","block_context":{"text":"DEPORTES","link":"https:\/\/lasprimeras.com.do\/index.php\/category\/deportes\/"},"img":{"alt_text":"Liga Deportiva Osiris","src":"https:\/\/i0.wp.com\/lasprimeras.com.do\/wp-content\/uploads\/2025\/12\/Liga-Deportiva-Osiris-1.jpg?resize=350%2C200&ssl=1","width":350,"height":200,"srcset":"https:\/\/i0.wp.com\/lasprimeras.com.do\/wp-content\/uploads\/2025\/12\/Liga-Deportiva-Osiris-1.jpg?resize=350%2C200&ssl=1 1x, https:\/\/i0.wp.com\/lasprimeras.com.do\/wp-content\/uploads\/2025\/12\/Liga-Deportiva-Osiris-1.jpg?resize=525%2C300&ssl=1 1.5x, https:\/\/i0.wp.com\/lasprimeras.com.do\/wp-content\/uploads\/2025\/12\/Liga-Deportiva-Osiris-1.jpg?resize=700%2C400&ssl=1 2x"},"classes":[]},{"id":126382,"url":"https:\/\/lasprimeras.com.do\/index.php\/2026\/04\/01\/pavon-distribuye-combos-de-habichuelas-y-kits-de-primeros-auxilios-en-sdn\/","url_meta":{"origin":124532,"position":1},"title":"Pav\u00f3n distribuye combos de habichuelas y kits de primeros auxilios en SDN","author":"Nelson Feliz","date":"1 de abril de 2026","format":false,"excerpt":"El dirigente pol\u00edtico y miembro de la Direcci\u00f3n Central de la Fuerza del Pueblo, V\u00edctor Pav\u00f3n, entreg\u00f3 este martes cientos de combos para la elaboraci\u00f3n de habichuelas con dulce, as\u00ed como kits de primeros auxilios en el municipio Santo Domingo Norte. La iniciativa, desarrollada en el marco de la Semana\u2026","rel":"","context":"En \u00abPOLITICA\u00bb","block_context":{"text":"POLITICA","link":"https:\/\/lasprimeras.com.do\/index.php\/category\/politica\/"},"img":{"alt_text":"","src":"https:\/\/i0.wp.com\/lasprimeras.com.do\/wp-content\/uploads\/2026\/04\/IMG-20260401-WA0353.jpg?resize=350%2C200&ssl=1","width":350,"height":200,"srcset":"https:\/\/i0.wp.com\/lasprimeras.com.do\/wp-content\/uploads\/2026\/04\/IMG-20260401-WA0353.jpg?resize=350%2C200&ssl=1 1x, https:\/\/i0.wp.com\/lasprimeras.com.do\/wp-content\/uploads\/2026\/04\/IMG-20260401-WA0353.jpg?resize=525%2C300&ssl=1 1.5x, https:\/\/i0.wp.com\/lasprimeras.com.do\/wp-content\/uploads\/2026\/04\/IMG-20260401-WA0353.jpg?resize=700%2C400&ssl=1 2x, https:\/\/i0.wp.com\/lasprimeras.com.do\/wp-content\/uploads\/2026\/04\/IMG-20260401-WA0353.jpg?resize=1050%2C600&ssl=1 3x, https:\/\/i0.wp.com\/lasprimeras.com.do\/wp-content\/uploads\/2026\/04\/IMG-20260401-WA0353.jpg?resize=1400%2C800&ssl=1 4x"},"classes":[]},{"id":113427,"url":"https:\/\/lasprimeras.com.do\/index.php\/2025\/11\/02\/dirigente-fp-pide-a-presidentes-de-bases-en-sdn-escoger-a-pavon-como-secretario-general\/","url_meta":{"origin":124532,"position":2},"title":"Dirigente FP pide a presidentes de bases en SDN escoger a Pav\u00f3n como secretario general","author":"Nelson Feliz","date":"2 de noviembre de 2025","format":false,"excerpt":"El miembro de la Direcci\u00f3n Central del Partido Fuerza del Pueblo (FP9 y encargado del bloque 6 del sector Los Guaricanos en Santo Domingo Norte, \u00c9ramos Brito, sugiri\u00f3 a los presidentes bases de esa entidad en Santo Domingo Norte (SDN) escoger de manera un\u00e1nime a V\u00edctor Pav\u00f3n como secretario general\u2026","rel":"","context":"En \u00abPOLITICA\u00bb","block_context":{"text":"POLITICA","link":"https:\/\/lasprimeras.com.do\/index.php\/category\/politica\/"},"img":{"alt_text":"Victor Pav\u00f3n","src":"https:\/\/i0.wp.com\/lasprimeras.com.do\/wp-content\/uploads\/2024\/10\/Victor-Pavon.jpg?resize=350%2C200&ssl=1","width":350,"height":200,"srcset":"https:\/\/i0.wp.com\/lasprimeras.com.do\/wp-content\/uploads\/2024\/10\/Victor-Pavon.jpg?resize=350%2C200&ssl=1 1x, https:\/\/i0.wp.com\/lasprimeras.com.do\/wp-content\/uploads\/2024\/10\/Victor-Pavon.jpg?resize=525%2C300&ssl=1 1.5x, https:\/\/i0.wp.com\/lasprimeras.com.do\/wp-content\/uploads\/2024\/10\/Victor-Pavon.jpg?resize=700%2C400&ssl=1 2x"},"classes":[]},{"id":114318,"url":"https:\/\/lasprimeras.com.do\/index.php\/2025\/11\/12\/miguel-florentino-favorece-victor-pavon-sea-proximo-candidato-alcalde-sdn\/","url_meta":{"origin":124532,"position":3},"title":"Miguel Florentino favorece V\u00edctor Pav\u00f3n sea pr\u00f3ximo candidato alcalde SDN","author":"Nelson Feliz","date":"12 de noviembre de 2025","format":false,"excerpt":"El miembro de la Direcci\u00f3n Central del Partido Fuerza del Pueblo (FP) y dirigente fundador de esa organizaci\u00f3n en Santo Domingo Norte (SDN), Miguel Florentino, favoreci\u00f3 que para el pr\u00f3ximo torneo electoral municipal sea escogido como candidato a alcalde el empresario V\u00edctor Pav\u00f3n. Florentino dijo que V\u00edctor Pav\u00f3n viene trabajando\u2026","rel":"","context":"En \u00abPOLITICA\u00bb","block_context":{"text":"POLITICA","link":"https:\/\/lasprimeras.com.do\/index.php\/category\/politica\/"},"img":{"alt_text":"","src":"https:\/\/i0.wp.com\/lasprimeras.com.do\/wp-content\/uploads\/2025\/11\/Miguel-Florentino.jpg?resize=350%2C200&ssl=1","width":350,"height":200,"srcset":"https:\/\/i0.wp.com\/lasprimeras.com.do\/wp-content\/uploads\/2025\/11\/Miguel-Florentino.jpg?resize=350%2C200&ssl=1 1x, https:\/\/i0.wp.com\/lasprimeras.com.do\/wp-content\/uploads\/2025\/11\/Miguel-Florentino.jpg?resize=525%2C300&ssl=1 1.5x, https:\/\/i0.wp.com\/lasprimeras.com.do\/wp-content\/uploads\/2025\/11\/Miguel-Florentino.jpg?resize=700%2C400&ssl=1 2x"},"classes":[]},{"id":128076,"url":"https:\/\/lasprimeras.com.do\/index.php\/2026\/04\/19\/victor-pavon-dice-transformara-el-ayuntamiento-de-santo-dgo-norte\/","url_meta":{"origin":124532,"position":4},"title":"V\u00edctor Pav\u00f3n dice transformar\u00e1 el ayuntamiento de Santo Dgo. Norte","author":"Nelson Feliz","date":"19 de abril de 2026","format":false,"excerpt":"\u201cVoy a cerrar el ciclo de alcaldes que se eligen solo para beneficio personal y no para servir a la gente\u201d El aspirante a la alcald\u00eda por el partido Fuerza del Pueblo (FP), V\u00edctor Pav\u00f3n, anunci\u00f3 que su proyecto pol\u00edtico tiene como objetivo sepultar el esquema hist\u00f3rico de candidatos que\u2026","rel":"","context":"En \u00abPOLITICA\u00bb","block_context":{"text":"POLITICA","link":"https:\/\/lasprimeras.com.do\/index.php\/category\/politica\/"},"img":{"alt_text":"V\u00edctor Pav\u00f3n","src":"https:\/\/i0.wp.com\/lasprimeras.com.do\/wp-content\/uploads\/2026\/04\/Victor-Pavon.jpg?resize=350%2C200&ssl=1","width":350,"height":200,"srcset":"https:\/\/i0.wp.com\/lasprimeras.com.do\/wp-content\/uploads\/2026\/04\/Victor-Pavon.jpg?resize=350%2C200&ssl=1 1x, https:\/\/i0.wp.com\/lasprimeras.com.do\/wp-content\/uploads\/2026\/04\/Victor-Pavon.jpg?resize=525%2C300&ssl=1 1.5x, https:\/\/i0.wp.com\/lasprimeras.com.do\/wp-content\/uploads\/2026\/04\/Victor-Pavon.jpg?resize=700%2C400&ssl=1 2x"},"classes":[]},{"id":120405,"url":"https:\/\/lasprimeras.com.do\/index.php\/2026\/01\/23\/miguel-florentino-ratifica-victor-pavon-seria-la-mejor-oferta-electoral-a-la-acaldia-de-sdn\/","url_meta":{"origin":124532,"position":5},"title":"Miguel Florentino ratifica V\u00edctor Pav\u00f3n ser\u00eda la mejor oferta electoral a la acaldia de SDN","author":"Nelson Feliz","date":"23 de enero de 2026","format":false,"excerpt":"El miembro de la Direcci\u00f3n Central del partido Fuerza del Pueblo (FP), Miguel Florentino, ratific\u00f3 su respaldo irrestricto a V\u00edctor Pav\u00f3n como potencial aspirante alcalde de Santo Domingo Norte. Florentino expres\u00f3 sus consideraciones en el marco de una entrevista realizada en el programa televisivo \u00abComentando lo que Pas\u00f3\u00bb, que produce\u2026","rel":"","context":"En \u00abPOLITICA\u00bb","block_context":{"text":"POLITICA","link":"https:\/\/lasprimeras.com.do\/index.php\/category\/politica\/"},"img":{"alt_text":"","src":"https:\/\/i0.wp.com\/lasprimeras.com.do\/wp-content\/uploads\/2026\/01\/1481af94bb024dce829d817cea529fc8.jpg?resize=350%2C200&ssl=1","width":350,"height":200},"classes":[]}],"jetpack_sharing_enabled":true,"_links":{"self":[{"href":"https:\/\/lasprimeras.com.do\/index.php\/wp-json\/wp\/v2\/posts\/124532","targetHints":{"allow":["GET"]}}],"collection":[{"href":"https:\/\/lasprimeras.com.do\/index.php\/wp-json\/wp\/v2\/posts"}],"about":[{"href":"https:\/\/lasprimeras.com.do\/index.php\/wp-json\/wp\/v2\/types\/post"}],"author":[{"embeddable":true,"href":"https:\/\/lasprimeras.com.do\/index.php\/wp-json\/wp\/v2\/users\/10"}],"replies":[{"embeddable":true,"href":"https:\/\/lasprimeras.com.do\/index.php\/wp-json\/wp\/v2\/comments?post=124532"}],"version-history":[{"count":1,"href":"https:\/\/lasprimeras.com.do\/index.php\/wp-json\/wp\/v2\/posts\/124532\/revisions"}],"predecessor-version":[{"id":124533,"href":"https:\/\/lasprimeras.com.do\/index.php\/wp-json\/wp\/v2\/posts\/124532\/revisions\/124533"}],"wp:featuredmedia":[{"embeddable":true,"href":"https:\/\/lasprimeras.com.do\/index.php\/wp-json\/wp\/v2\/media\/121590"}],"wp:attachment":[{"href":"https:\/\/lasprimeras.com.do\/index.php\/wp-json\/wp\/v2\/media?parent=124532"}],"wp:term":[{"taxonomy":"category","embeddable":true,"href":"https:\/\/lasprimeras.com.do\/index.php\/wp-json\/wp\/v2\/categories?post=124532"},{"taxonomy":"post_tag","embeddable":true,"href":"https:\/\/lasprimeras.com.do\/index.php\/wp-json\/wp\/v2\/tags?post=124532"}],"curies":[{"name":"wp","href":"https:\/\/api.w.org\/{rel}","templated":true}]}}