{"id":124535,"date":"2026-03-13T11:55:19","date_gmt":"2026-03-13T15:55:19","guid":{"rendered":"https:\/\/lasprimeras.com.do\/?p=124535"},"modified":"2026-03-13T11:55:22","modified_gmt":"2026-03-13T15:55:22","slug":"francisco-javier-garcia-asegura-pld-saldra-fortalecido-y-unido-del-proceso-interno","status":"publish","type":"post","link":"https:\/\/lasprimeras.com.do\/index.php\/2026\/03\/13\/francisco-javier-garcia-asegura-pld-saldra-fortalecido-y-unido-del-proceso-interno\/","title":{"rendered":"Francisco Javier Garc\u00eda asegura PLD saldr\u00e1 fortalecido y unido del proceso interno"},"content":{"rendered":"\n<p>El aspirante presidencial del Partido de la Liberaci\u00f3n Dominicana (PLD), Francisco Javier Garc\u00eda, afirm\u00f3 que esa organizaci\u00f3n pol\u00edtica saldr\u00e1fortalecida y m\u00e1s unidadel proceso interno que se desarrolla para escoger su precandidatura presidencial.<\/p>\n\n\n\n<p>Garc\u00eda sostuvo que los procesos democr\u00e1ticos dentro de los partidos pol\u00edticos siempre tienen dos resultados posibles:ganar o perder, pero subray\u00f3 que lo m\u00e1s importante espreservar la unidad y el respeto entre los compa\u00f1eros.<\/p>\n\n\n\n<p>El dirigente pol\u00edtico destac\u00f3 que su proyecto cuenta con un amplio respaldo dentro de la estructura partidaria, se\u00f1alando quealrededor del 78 % de los miembros del Comit\u00e9 Central del PLD respaldan su propuesta pol\u00edtica.<\/p>\n\n\n\n<p>Durante un encuentro con dirigentes y militantes del partido en la ciudad de Santiago de los Caballeros, Garc\u00eda hizo un llamado a mantener un clima de respeto entre los aspirantes que participan en la contienda interna.<\/p>\n\n\n\n<p>\u201cCuando se vaya a referir a un aspirante que est\u00e1 en la contienda, si no tienen nada bueno que decir, que no digan nada.No vamos a maltratar a ning\u00fan compa\u00f1ero\u201d, expres\u00f3.<\/p>\n\n\n\n<p>El aspirante presidencial reiter\u00f3 que su principal compromiso estrabajar por la cohesi\u00f3n del partido y por la construcci\u00f3n de una propuesta pol\u00edtica s\u00f3lidaque permita al PLD regresar al poder.<\/p>\n\n\n\n<p>\u201cEstamos construyendo la unidad. Construimos un proyecto para ganar\u201d, concluy\u00f3 Francisco Javier Garc\u00eda.<\/p>\n","protected":false},"excerpt":{"rendered":"<p>El aspirante presidencial del Partido de la Liberaci\u00f3n Dominicana (PLD), Francisco Javier Garc\u00eda, afirm\u00f3 que esa organizaci\u00f3n pol\u00edtica saldr\u00e1fortalecida y m\u00e1s unidadel proceso interno que se desarrolla para escoger su&hellip;<\/p>\n","protected":false},"author":10,"featured_media":124536,"comment_status":"open","ping_status":"open","sticky":false,"template":"","format":"standard","meta":{"content-type":"","jetpack_post_was_ever_published":false,"_jetpack_newsletter_access":"","_jetpack_dont_email_post_to_subs":false,"_jetpack_newsletter_tier_id":0,"_jetpack_memberships_contains_paywalled_content":false,"_jetpack_memberships_contains_paid_content":false,"footnotes":""},"categories":[16559,25],"tags":[25443,2405,269,23104],"class_list":["post-124535","post","type-post","status-publish","format-standard","has-post-thumbnail","hentry","category-politica","category-portada","tag-fortalecido","tag-francisco-javier-garcia","tag-pld","tag-proceso-interno"],"jetpack_featured_media_url":"https:\/\/lasprimeras.com.do\/wp-content\/uploads\/2026\/03\/FJG-DISCURSO-scaled.jpg","jetpack-related-posts":[{"id":122807,"url":"https:\/\/lasprimeras.com.do\/index.php\/2026\/02\/22\/francisco-javier-garcia-consolida-su-liderazgo-con-respaldo-masivo-del-comite-central\/","url_meta":{"origin":124535,"position":0},"title":"Francisco Javier Garc\u00eda consolida su liderazgo con respaldo masivo del Comit\u00e9 Central","author":"Nelson Feliz","date":"22 de febrero de 2026","format":false,"excerpt":"Francisco Javier Garc\u00eda","rel":"","context":"En \u00abPOLITICA\u00bb","block_context":{"text":"POLITICA","link":"https:\/\/lasprimeras.com.do\/index.php\/category\/politica\/"},"img":{"alt_text":"Francisco Javier Garc\u00eda","src":"https:\/\/i0.wp.com\/lasprimeras.com.do\/wp-content\/uploads\/2026\/02\/Francisco-Javier-Garcia-2.jpg?resize=350%2C200&ssl=1","width":350,"height":200,"srcset":"https:\/\/i0.wp.com\/lasprimeras.com.do\/wp-content\/uploads\/2026\/02\/Francisco-Javier-Garcia-2.jpg?resize=350%2C200&ssl=1 1x, https:\/\/i0.wp.com\/lasprimeras.com.do\/wp-content\/uploads\/2026\/02\/Francisco-Javier-Garcia-2.jpg?resize=525%2C300&ssl=1 1.5x, https:\/\/i0.wp.com\/lasprimeras.com.do\/wp-content\/uploads\/2026\/02\/Francisco-Javier-Garcia-2.jpg?resize=700%2C400&ssl=1 2x"},"classes":[]},{"id":115762,"url":"https:\/\/lasprimeras.com.do\/index.php\/2025\/11\/25\/destaca-y-valora-en-ny-aspiracion-presidencial-javier-garcia-en-el-pld\/","url_meta":{"origin":124535,"position":1},"title":"Destaca y valora en NY aspiraci\u00f3n presidencial Javier Garc\u00eda en el PLD","author":"Nelson Feliz","date":"25 de noviembre de 2025","format":false,"excerpt":"Por Ram\u00f3n Mercedes NUEVA YORK.- El miembro del Comit\u00e9 Central (CC) del Partido de la Liberaci\u00f3n Dominicana en esta ciudad, Miguel Suriel, valora y destaca la importancia de las aspiraciones presidenciales de Francisco Javier Garc\u00eda dentro de las filas de la organizaci\u00f3n. Suriel, sostiene que Javier Garc\u00eda representa el \u00abrenacer\u2026","rel":"","context":"En \u00abLA VOZ DE LA DIASPORA\u00bb","block_context":{"text":"LA VOZ DE LA DIASPORA","link":"https:\/\/lasprimeras.com.do\/index.php\/category\/la-voz-de-la-diaspora\/"},"img":{"alt_text":"","src":"https:\/\/i0.wp.com\/lasprimeras.com.do\/wp-content\/uploads\/2025\/11\/Destaca-y-valora-en-NY-aspiracion-presidencial-Javier-Garcia-en-el-PLD.jpeg?resize=350%2C200&ssl=1","width":350,"height":200,"srcset":"https:\/\/i0.wp.com\/lasprimeras.com.do\/wp-content\/uploads\/2025\/11\/Destaca-y-valora-en-NY-aspiracion-presidencial-Javier-Garcia-en-el-PLD.jpeg?resize=350%2C200&ssl=1 1x, https:\/\/i0.wp.com\/lasprimeras.com.do\/wp-content\/uploads\/2025\/11\/Destaca-y-valora-en-NY-aspiracion-presidencial-Javier-Garcia-en-el-PLD.jpeg?resize=525%2C300&ssl=1 1.5x"},"classes":[]},{"id":119961,"url":"https:\/\/lasprimeras.com.do\/index.php\/2026\/01\/19\/javier-garcia-si-pierdo-nominacion-presidencial-en-pld-ahi-mismo-apoyo-al-ganador\/","url_meta":{"origin":124535,"position":2},"title":"Javier Garc\u00eda: Si pierdo nominaci\u00f3n presidencial en PLD ah\u00ed mismo apoyo al ganador","author":"Nelson Feliz","date":"19 de enero de 2026","format":false,"excerpt":"Video: www.youtube.com\/watch?v=OSX_MXP1rio Por Ram\u00f3n Mercedes SANTO DOMINGO.- El aspirante presidencial del Partido de la Liberaci\u00f3n Dominicana (PLD), Francisco Javier Garc\u00eda, declar\u00f3 este fin de semana que si pierde la nominaci\u00f3n presidencial durante el pr\u00f3ximo proceso interno en la entidad pol\u00edtica apoyar\u00e1 ah\u00ed mismo al ganador. Precis\u00f3 que ha visto a\u2026","rel":"","context":"En \u00abPOLITICA\u00bb","block_context":{"text":"POLITICA","link":"https:\/\/lasprimeras.com.do\/index.php\/category\/politica\/"},"img":{"alt_text":"","src":"https:\/\/i0.wp.com\/lasprimeras.com.do\/wp-content\/uploads\/2025\/10\/Francisco-Javier-Garcia.jpg?resize=350%2C200&ssl=1","width":350,"height":200,"srcset":"https:\/\/i0.wp.com\/lasprimeras.com.do\/wp-content\/uploads\/2025\/10\/Francisco-Javier-Garcia.jpg?resize=350%2C200&ssl=1 1x, https:\/\/i0.wp.com\/lasprimeras.com.do\/wp-content\/uploads\/2025\/10\/Francisco-Javier-Garcia.jpg?resize=525%2C300&ssl=1 1.5x"},"classes":[]},{"id":108462,"url":"https:\/\/lasprimeras.com.do\/index.php\/2025\/09\/07\/luis-alberto-francisco-javier-garcia-garantiza-el-retorno-del-pld-al-poder\/","url_meta":{"origin":124535,"position":3},"title":"Luis Alberto: \u201cFrancisco Javier Garc\u00eda garantiza el retorno del PLD al poder\u201d","author":"Nelson Feliz","date":"7 de septiembre de 2025","format":false,"excerpt":"El miembro del Comit\u00e9 Pol\u00edtico del Partido de la Liberaci\u00f3n Dominicana (PLD), Luis Alberto Tejeda, afirm\u00f3 que el aspirante presidencial Francisco Javier Garc\u00eda es la garant\u00eda de que el PLD retornar\u00e1 al poder para enfrentar los graves problemas sociales y econ\u00f3micos que afectan al pa\u00eds bajo el actual gobierno. \u201cEl\u2026","rel":"","context":"En \u00abPOLITICA\u00bb","block_context":{"text":"POLITICA","link":"https:\/\/lasprimeras.com.do\/index.php\/category\/politica\/"},"img":{"alt_text":"Luis Alberto Tejeda","src":"https:\/\/i0.wp.com\/lasprimeras.com.do\/wp-content\/uploads\/2024\/02\/Luis-Alberto-Tejeda-4.jpg?resize=350%2C200&ssl=1","width":350,"height":200,"srcset":"https:\/\/i0.wp.com\/lasprimeras.com.do\/wp-content\/uploads\/2024\/02\/Luis-Alberto-Tejeda-4.jpg?resize=350%2C200&ssl=1 1x, https:\/\/i0.wp.com\/lasprimeras.com.do\/wp-content\/uploads\/2024\/02\/Luis-Alberto-Tejeda-4.jpg?resize=525%2C300&ssl=1 1.5x"},"classes":[]},{"id":118478,"url":"https:\/\/lasprimeras.com.do\/index.php\/2025\/12\/30\/peledeistas-ny-despediran-2025-con-esperanza-en-2026-partido-seleccione-a-javier-garcia-como-su-candidato-presidencial\/","url_meta":{"origin":124535,"position":4},"title":"Pelede\u00edstas NY despedir\u00e1n 2025 con esperanza en 2026 partido seleccione a Javier Garc\u00eda como su candidato presidencial","author":"Nelson Feliz","date":"30 de diciembre de 2025","format":false,"excerpt":"Por Ram\u00f3n Mercedes NUEVA YORK.- M\u00faltiples dirigentes y militantes del Partido de la Liberaci\u00f3n Dominicana (PLD) en esta ciudad, lugar de mayor concentraci\u00f3n de votantes dominicanos en todo el exterior, despedir\u00e1n el 2025 con la esperanza de que a inicio del 2026 la entidad \u00abseleccione\u00bb a Francisco Javier Garc\u00eda como\u2026","rel":"","context":"En \u00abPOLITICA\u00bb","block_context":{"text":"POLITICA","link":"https:\/\/lasprimeras.com.do\/index.php\/category\/politica\/"},"img":{"alt_text":"","src":"https:\/\/i0.wp.com\/lasprimeras.com.do\/wp-content\/uploads\/2025\/12\/IMG-20251229-WA0079.jpg?resize=350%2C200&ssl=1","width":350,"height":200,"srcset":"https:\/\/i0.wp.com\/lasprimeras.com.do\/wp-content\/uploads\/2025\/12\/IMG-20251229-WA0079.jpg?resize=350%2C200&ssl=1 1x, https:\/\/i0.wp.com\/lasprimeras.com.do\/wp-content\/uploads\/2025\/12\/IMG-20251229-WA0079.jpg?resize=525%2C300&ssl=1 1.5x, https:\/\/i0.wp.com\/lasprimeras.com.do\/wp-content\/uploads\/2025\/12\/IMG-20251229-WA0079.jpg?resize=700%2C400&ssl=1 2x"},"classes":[]},{"id":106077,"url":"https:\/\/lasprimeras.com.do\/index.php\/2025\/08\/10\/francisco-javier-garcia-el-pld-sera-el-eje-de-las-alianzas-en-2028\/","url_meta":{"origin":124535,"position":5},"title":"Francisco Javier Garc\u00eda: \u201cEl PLD ser\u00e1 el eje de las alianzas en 2028\u201d","author":"Nelson Feliz","date":"10 de agosto de 2025","format":false,"excerpt":"El dirigente pol\u00edtico y aspirante presidencial del Partido de la Liberaci\u00f3n Dominicana (PLD), Francisco Javier Garc\u00eda, afirm\u00f3 que de cara a las elecciones de 2028, las alianzas electorales girar\u00e1n en torno a la candidatura presidencial de esa organizaci\u00f3n, la cual, asegur\u00f3, es la segunda fuerza pol\u00edtica de oposici\u00f3n en el\u2026","rel":"","context":"En \u00abPOLITICA\u00bb","block_context":{"text":"POLITICA","link":"https:\/\/lasprimeras.com.do\/index.php\/category\/politica\/"},"img":{"alt_text":"","src":"https:\/\/i0.wp.com\/lasprimeras.com.do\/wp-content\/uploads\/2025\/08\/FRANCISCO-JAVIER-GARCIA.jpg?resize=350%2C200&ssl=1","width":350,"height":200,"srcset":"https:\/\/i0.wp.com\/lasprimeras.com.do\/wp-content\/uploads\/2025\/08\/FRANCISCO-JAVIER-GARCIA.jpg?resize=350%2C200&ssl=1 1x, https:\/\/i0.wp.com\/lasprimeras.com.do\/wp-content\/uploads\/2025\/08\/FRANCISCO-JAVIER-GARCIA.jpg?resize=525%2C300&ssl=1 1.5x, https:\/\/i0.wp.com\/lasprimeras.com.do\/wp-content\/uploads\/2025\/08\/FRANCISCO-JAVIER-GARCIA.jpg?resize=700%2C400&ssl=1 2x"},"classes":[]}],"jetpack_sharing_enabled":true,"_links":{"self":[{"href":"https:\/\/lasprimeras.com.do\/index.php\/wp-json\/wp\/v2\/posts\/124535","targetHints":{"allow":["GET"]}}],"collection":[{"href":"https:\/\/lasprimeras.com.do\/index.php\/wp-json\/wp\/v2\/posts"}],"about":[{"href":"https:\/\/lasprimeras.com.do\/index.php\/wp-json\/wp\/v2\/types\/post"}],"author":[{"embeddable":true,"href":"https:\/\/lasprimeras.com.do\/index.php\/wp-json\/wp\/v2\/users\/10"}],"replies":[{"embeddable":true,"href":"https:\/\/lasprimeras.com.do\/index.php\/wp-json\/wp\/v2\/comments?post=124535"}],"version-history":[{"count":1,"href":"https:\/\/lasprimeras.com.do\/index.php\/wp-json\/wp\/v2\/posts\/124535\/revisions"}],"predecessor-version":[{"id":124537,"href":"https:\/\/lasprimeras.com.do\/index.php\/wp-json\/wp\/v2\/posts\/124535\/revisions\/124537"}],"wp:featuredmedia":[{"embeddable":true,"href":"https:\/\/lasprimeras.com.do\/index.php\/wp-json\/wp\/v2\/media\/124536"}],"wp:attachment":[{"href":"https:\/\/lasprimeras.com.do\/index.php\/wp-json\/wp\/v2\/media?parent=124535"}],"wp:term":[{"taxonomy":"category","embeddable":true,"href":"https:\/\/lasprimeras.com.do\/index.php\/wp-json\/wp\/v2\/categories?post=124535"},{"taxonomy":"post_tag","embeddable":true,"href":"https:\/\/lasprimeras.com.do\/index.php\/wp-json\/wp\/v2\/tags?post=124535"}],"curies":[{"name":"wp","href":"https:\/\/api.w.org\/{rel}","templated":true}]}}