{"id":124538,"date":"2026-03-13T12:08:48","date_gmt":"2026-03-13T16:08:48","guid":{"rendered":"https:\/\/lasprimeras.com.do\/?p=124538"},"modified":"2026-03-13T12:08:51","modified_gmt":"2026-03-13T16:08:51","slug":"bani-sera-sede-del-primer-festival-de-reggaeton-old-school-de-la-republica-dominicana","status":"publish","type":"post","link":"https:\/\/lasprimeras.com.do\/index.php\/2026\/03\/13\/bani-sera-sede-del-primer-festival-de-reggaeton-old-school-de-la-republica-dominicana\/","title":{"rendered":"Ban\u00ed ser\u00e1 sede del Primer Festival de Reggaet\u00f3n Old School de la Rep\u00fablica Dominicana"},"content":{"rendered":"\n<p>Ban\u00ed ser\u00e1 escenario del Primer Festival de Reggaet\u00f3n Old School de la Rep\u00fablica Dominicana, un evento dedicado a la llamada \u201cvieja escuela\u201d del g\u00e9nero urbano, con el objetivo de rendir homenaje a sus or\u00edgenes y a los artistas que marcaron su historia.<\/p>\n\n\n\n<p>La actividad se realizar\u00e1 en la explanada de Rock Star Social Club, en Ban\u00ed, este 21 de marzo desde las 9:00 de la noche hasta las 4:00 de la madrugada, bajo la organizaci\u00f3n de Albert Peguero Producciones.<\/p>\n\n\n\n<p>M\u00e1s que una fiesta, el festival se plantea como un encuentro cultural que busca reconectar con la esencia del reguet\u00f3n, reuniendo a fan\u00e1ticos y exponentes representativos de aquella \u00e9poca para revivir su m\u00fasica y legado en un mismo escenario.<\/p>\n\n\n\n<p>Seg\u00fan explicaron los organizadores, la iniciativa nace con la visi\u00f3n de expandirse a otras ciudades importantes del pa\u00eds, como el Distrito Nacional y Santiago, con el prop\u00f3sito de posicionarse como una propuesta de entretenimiento \u00fanica dentro de la Rep\u00fablica Dominicana.<\/p>\n\n\n\n<p>El evento tambi\u00e9n generar\u00e1 un impacto positivo en el turismo local, ya que se espera la asistencia de p\u00fablico de distintas provincias que se trasladar\u00e1n a Ban\u00ed durante el fin de semana del festival, lo que impulsar\u00e1 el hospedaje y el consumo en establecimientos de la zona.<\/p>\n\n\n\n<p>Entre las provincias desde donde se proyecta la llegada de asistentes figuran San Crist\u00f3bal, Ocoa, Santiago, Distrito Nacional y Saman\u00e1.<\/p>\n\n\n\n<p>El festival se realizar\u00e1 adem\u00e1s en el marco del primer gran evento tem\u00e1tico de Rock Star Social Club, destacando su apuesta por crear espacios dedicados al reguet\u00f3n de la vieja escuela, un estilo que marc\u00f3 a toda una generaci\u00f3n y que a\u00fan mantiene una s\u00f3lida base de seguidores en el pa\u00eds.<\/p>\n","protected":false},"excerpt":{"rendered":"<p>Ban\u00ed ser\u00e1 escenario del Primer Festival de Reggaet\u00f3n Old School de la Rep\u00fablica Dominicana, un evento dedicado a la llamada \u201cvieja escuela\u201d del g\u00e9nero urbano, con el objetivo de rendir&hellip;<\/p>\n","protected":false},"author":10,"featured_media":124539,"comment_status":"open","ping_status":"open","sticky":false,"template":"","format":"standard","meta":{"content-type":"","jetpack_post_was_ever_published":false,"_jetpack_newsletter_access":"","_jetpack_dont_email_post_to_subs":false,"_jetpack_newsletter_tier_id":0,"_jetpack_memberships_contains_paywalled_content":false,"_jetpack_memberships_contains_paid_content":false,"footnotes":""},"categories":[84],"tags":[31149],"class_list":["post-124538","post","type-post","status-publish","format-standard","has-post-thumbnail","hentry","category-entretenimiento","tag-festival-regueton"],"jetpack_featured_media_url":"https:\/\/lasprimeras.com.do\/wp-content\/uploads\/2026\/03\/BANI.png","jetpack-related-posts":[{"id":89254,"url":"https:\/\/lasprimeras.com.do\/index.php\/2024\/09\/20\/una-energica-karol-g-conquista-al-publico-brasileno-en-rock-in-rio-con-su-regueton\/","url_meta":{"origin":124538,"position":0},"title":"Una en\u00e9rgica Karol G conquista al p\u00fablico brasile\u00f1o en Rock in R\u00edo con su reguet\u00f3n","author":"Nelson Feliz","date":"20 de septiembre de 2024","format":false,"excerpt":"R\u00edo de Janeiro (EFE).- Karol G elev\u00f3 hasta el m\u00e1ximo cl\u00edmax al p\u00fablico de Rock in R\u00edo este viernes en la quinta jornada de conciertos del festival, en el que debut\u00f3 con una presentaci\u00f3n energizante y arrebatadora. En el d\u00eda dedicado a las mujeres, la colombiana interpret\u00f3 en el principal\u2026","rel":"","context":"En \u00abENTRETENIMIENTO\u00bb","block_context":{"text":"ENTRETENIMIENTO","link":"https:\/\/lasprimeras.com.do\/index.php\/category\/entretenimiento\/"},"img":{"alt_text":"","src":"https:\/\/i0.wp.com\/lasprimeras.com.do\/wp-content\/uploads\/2024\/09\/Karol-G.jpg?resize=350%2C200&ssl=1","width":350,"height":200,"srcset":"https:\/\/i0.wp.com\/lasprimeras.com.do\/wp-content\/uploads\/2024\/09\/Karol-G.jpg?resize=350%2C200&ssl=1 1x, https:\/\/i0.wp.com\/lasprimeras.com.do\/wp-content\/uploads\/2024\/09\/Karol-G.jpg?resize=525%2C300&ssl=1 1.5x, https:\/\/i0.wp.com\/lasprimeras.com.do\/wp-content\/uploads\/2024\/09\/Karol-G.jpg?resize=700%2C400&ssl=1 2x"},"classes":[]},{"id":99140,"url":"https:\/\/lasprimeras.com.do\/index.php\/2025\/05\/18\/con-la-participacion-de-cristina-candela-celebraran-el-festival-dominicana-vive-el-flamenco\/","url_meta":{"origin":124538,"position":1},"title":"Con la participaci\u00f3n de Cristina Candela celebraran el festival \u201cDominicana Vive el Flamenco\u201d","author":"Nelson Feliz","date":"18 de mayo de 2025","format":false,"excerpt":"La pasi\u00f3n, la fuerza y el arte del flamenco volver\u00e1n a vibrar en la capital dominicana este 21 y 22 de mayo \u00a0a las 8:00 de la noche en la Casa San Pablo, \u00a0en \u00a0la segunda edici\u00f3n del Festival \u201cDominicana Vive el Flamenco\u201d, un evento \u00fanico que re\u00fane a escuelas\u2026","rel":"","context":"En \u00abENTRETENIMIENTO\u00bb","block_context":{"text":"ENTRETENIMIENTO","link":"https:\/\/lasprimeras.com.do\/index.php\/category\/entretenimiento\/"},"img":{"alt_text":"","src":"https:\/\/i0.wp.com\/lasprimeras.com.do\/wp-content\/uploads\/2025\/05\/candela.jpg?resize=350%2C200&ssl=1","width":350,"height":200,"srcset":"https:\/\/i0.wp.com\/lasprimeras.com.do\/wp-content\/uploads\/2025\/05\/candela.jpg?resize=350%2C200&ssl=1 1x, https:\/\/i0.wp.com\/lasprimeras.com.do\/wp-content\/uploads\/2025\/05\/candela.jpg?resize=525%2C300&ssl=1 1.5x, https:\/\/i0.wp.com\/lasprimeras.com.do\/wp-content\/uploads\/2025\/05\/candela.jpg?resize=700%2C400&ssl=1 2x"},"classes":[]},{"id":86890,"url":"https:\/\/lasprimeras.com.do\/index.php\/2024\/08\/02\/soley-esta-liderando-cambio-en-la-musica-urbana\/","url_meta":{"origin":124538,"position":2},"title":"Soley est\u00e1 liderando cambio en la m\u00fasica urbana","author":"Nelson Feliz","date":"2 de agosto de 2024","format":false,"excerpt":"La joven estrella del reggaet\u00f3n, Soley, contin\u00faa deslumbrando al mundo de la m\u00fasica urbana con su inigualable talento y carisma que est\u00e1 rompiendo en el g\u00e9nero urbano en el 2024. Soley ha consolidado su posici\u00f3n en el panorama musical internacional. En el 2023, se convirti\u00f3 en la artista femenina m\u00e1s\u2026","rel":"","context":"En \u00abENTRETENIMIENTO\u00bb","block_context":{"text":"ENTRETENIMIENTO","link":"https:\/\/lasprimeras.com.do\/index.php\/category\/entretenimiento\/"},"img":{"alt_text":"Soley","src":"https:\/\/i0.wp.com\/lasprimeras.com.do\/wp-content\/uploads\/2024\/08\/Soley-.jpg?resize=350%2C200&ssl=1","width":350,"height":200,"srcset":"https:\/\/i0.wp.com\/lasprimeras.com.do\/wp-content\/uploads\/2024\/08\/Soley-.jpg?resize=350%2C200&ssl=1 1x, https:\/\/i0.wp.com\/lasprimeras.com.do\/wp-content\/uploads\/2024\/08\/Soley-.jpg?resize=525%2C300&ssl=1 1.5x, https:\/\/i0.wp.com\/lasprimeras.com.do\/wp-content\/uploads\/2024\/08\/Soley-.jpg?resize=700%2C400&ssl=1 2x"},"classes":[]},{"id":127424,"url":"https:\/\/lasprimeras.com.do\/index.php\/2026\/04\/12\/la-jce-inicia-proceso-de-renovacion-de-la-cedula-de-identidad-en-bani\/","url_meta":{"origin":124538,"position":3},"title":"La JCE Inicia proceso de renovaci\u00f3n de la c\u00e9dula de identidad en Bani","author":"Nelson Feliz","date":"12 de abril de 2026","format":false,"excerpt":"Por Alex Montero La Junta Central Electoral (JCE), inicio este domingo el procedimiento para la renovaci\u00f3n de la nueva Cedula de Identidad y Electoral de todos los dominicanos, en el centro de la entidad ubicado en la calle Mella # 35 en Ban\u00ed, provincia Peravia. El proceso estaba pautado para\u2026","rel":"","context":"En \u00abNACIONALES\u00bb","block_context":{"text":"NACIONALES","link":"https:\/\/lasprimeras.com.do\/index.php\/category\/nacionales\/"},"img":{"alt_text":"","src":"https:\/\/i0.wp.com\/lasprimeras.com.do\/wp-content\/uploads\/2026\/04\/IMG-20260412-WA0288.jpg?resize=350%2C200&ssl=1","width":350,"height":200,"srcset":"https:\/\/i0.wp.com\/lasprimeras.com.do\/wp-content\/uploads\/2026\/04\/IMG-20260412-WA0288.jpg?resize=350%2C200&ssl=1 1x, https:\/\/i0.wp.com\/lasprimeras.com.do\/wp-content\/uploads\/2026\/04\/IMG-20260412-WA0288.jpg?resize=525%2C300&ssl=1 1.5x, https:\/\/i0.wp.com\/lasprimeras.com.do\/wp-content\/uploads\/2026\/04\/IMG-20260412-WA0288.jpg?resize=700%2C400&ssl=1 2x, https:\/\/i0.wp.com\/lasprimeras.com.do\/wp-content\/uploads\/2026\/04\/IMG-20260412-WA0288.jpg?resize=1050%2C600&ssl=1 3x, https:\/\/i0.wp.com\/lasprimeras.com.do\/wp-content\/uploads\/2026\/04\/IMG-20260412-WA0288.jpg?resize=1400%2C800&ssl=1 4x"},"classes":[]},{"id":108118,"url":"https:\/\/lasprimeras.com.do\/index.php\/2025\/09\/03\/casa-de-campo-anuncia-la-3ra-edicion-del-food-and-wine-festival-presentado-por-american-express\/","url_meta":{"origin":124538,"position":4},"title":"Casa de Campo anuncia la 3ra edici\u00f3n del &#8220;Food and Wine Festival&#8221; presentado por American Express","author":"Nelson Feliz","date":"3 de septiembre de 2025","format":false,"excerpt":"Casa de Campo Resort & Villas anunci\u00f3 el regreso de su esperado \u201cFood and Wine Festival\u201d, presentado por American Express. En su tercera edici\u00f3n, el festival se celebrar\u00e1 los d\u00edas 10 y 11 de octubre de 2025, y contar\u00e1 con una extraordinaria selecci\u00f3n de reconocidos embajadores culinarios tanto de Rep\u00fablica\u2026","rel":"","context":"En \u00abTURISMO\u00bb","block_context":{"text":"TURISMO","link":"https:\/\/lasprimeras.com.do\/index.php\/category\/turismo\/"},"img":{"alt_text":"","src":"https:\/\/i0.wp.com\/lasprimeras.com.do\/wp-content\/uploads\/2025\/09\/Charles-Keusters-Andres-Pichardo-y-Jason-Kycek.-1.jpg?resize=350%2C200&ssl=1","width":350,"height":200,"srcset":"https:\/\/i0.wp.com\/lasprimeras.com.do\/wp-content\/uploads\/2025\/09\/Charles-Keusters-Andres-Pichardo-y-Jason-Kycek.-1.jpg?resize=350%2C200&ssl=1 1x, https:\/\/i0.wp.com\/lasprimeras.com.do\/wp-content\/uploads\/2025\/09\/Charles-Keusters-Andres-Pichardo-y-Jason-Kycek.-1.jpg?resize=525%2C300&ssl=1 1.5x, https:\/\/i0.wp.com\/lasprimeras.com.do\/wp-content\/uploads\/2025\/09\/Charles-Keusters-Andres-Pichardo-y-Jason-Kycek.-1.jpg?resize=700%2C400&ssl=1 2x"},"classes":[]},{"id":103605,"url":"https:\/\/lasprimeras.com.do\/index.php\/2025\/07\/16\/muere-jose-cestero-el-emblematico-maestro-de-la-pintura-dominicana\/","url_meta":{"origin":124538,"position":5},"title":"Muere Jos\u00e9 Cestero, el emblem\u00e1tico maestro de la pintura dominicana","author":"Nelson Feliz","date":"16 de julio de 2025","format":false,"excerpt":"El Museo Jos\u00e9 Cestero indica en su portal que este realiz\u00f3 \u201cdurante su carrera art\u00edstica alrededor de un centenar de exposiciones, tanto individuales como colectivas, en el territorio dominicano, como internacional, encontr\u00e1ndose sus obras en colecciones personales e instituciones p\u00fablicas y privadas en todo el mundo\u201d. El maestro de la\u2026","rel":"","context":"En \u00abSin categor\u00eda\u00bb","block_context":{"text":"Sin categor\u00eda","link":"https:\/\/lasprimeras.com.do\/index.php\/category\/sin-categoria\/"},"img":{"alt_text":"","src":"https:\/\/i0.wp.com\/lasprimeras.com.do\/wp-content\/uploads\/2025\/07\/Jose-Cestero.jpeg?resize=350%2C200&ssl=1","width":350,"height":200,"srcset":"https:\/\/i0.wp.com\/lasprimeras.com.do\/wp-content\/uploads\/2025\/07\/Jose-Cestero.jpeg?resize=350%2C200&ssl=1 1x, https:\/\/i0.wp.com\/lasprimeras.com.do\/wp-content\/uploads\/2025\/07\/Jose-Cestero.jpeg?resize=525%2C300&ssl=1 1.5x, https:\/\/i0.wp.com\/lasprimeras.com.do\/wp-content\/uploads\/2025\/07\/Jose-Cestero.jpeg?resize=700%2C400&ssl=1 2x"},"classes":[]}],"jetpack_sharing_enabled":true,"_links":{"self":[{"href":"https:\/\/lasprimeras.com.do\/index.php\/wp-json\/wp\/v2\/posts\/124538","targetHints":{"allow":["GET"]}}],"collection":[{"href":"https:\/\/lasprimeras.com.do\/index.php\/wp-json\/wp\/v2\/posts"}],"about":[{"href":"https:\/\/lasprimeras.com.do\/index.php\/wp-json\/wp\/v2\/types\/post"}],"author":[{"embeddable":true,"href":"https:\/\/lasprimeras.com.do\/index.php\/wp-json\/wp\/v2\/users\/10"}],"replies":[{"embeddable":true,"href":"https:\/\/lasprimeras.com.do\/index.php\/wp-json\/wp\/v2\/comments?post=124538"}],"version-history":[{"count":1,"href":"https:\/\/lasprimeras.com.do\/index.php\/wp-json\/wp\/v2\/posts\/124538\/revisions"}],"predecessor-version":[{"id":124540,"href":"https:\/\/lasprimeras.com.do\/index.php\/wp-json\/wp\/v2\/posts\/124538\/revisions\/124540"}],"wp:featuredmedia":[{"embeddable":true,"href":"https:\/\/lasprimeras.com.do\/index.php\/wp-json\/wp\/v2\/media\/124539"}],"wp:attachment":[{"href":"https:\/\/lasprimeras.com.do\/index.php\/wp-json\/wp\/v2\/media?parent=124538"}],"wp:term":[{"taxonomy":"category","embeddable":true,"href":"https:\/\/lasprimeras.com.do\/index.php\/wp-json\/wp\/v2\/categories?post=124538"},{"taxonomy":"post_tag","embeddable":true,"href":"https:\/\/lasprimeras.com.do\/index.php\/wp-json\/wp\/v2\/tags?post=124538"}],"curies":[{"name":"wp","href":"https:\/\/api.w.org\/{rel}","templated":true}]}}