{"id":124542,"date":"2026-03-13T17:01:06","date_gmt":"2026-03-13T21:01:06","guid":{"rendered":"https:\/\/lasprimeras.com.do\/?p=124542"},"modified":"2026-03-13T17:01:09","modified_gmt":"2026-03-13T21:01:09","slug":"secretario-general-del-pld-inaugura-este-sabado-nuevos-locales-en-los-alcarrizos-y-pantoja","status":"publish","type":"post","link":"https:\/\/lasprimeras.com.do\/index.php\/2026\/03\/13\/secretario-general-del-pld-inaugura-este-sabado-nuevos-locales-en-los-alcarrizos-y-pantoja\/","title":{"rendered":"Secretario General del PLD inaugura este s\u00e1bado nuevos locales en Los Alcarrizos y Pantoja"},"content":{"rendered":"\n<p><strong>El PLD dejar\u00e1 en funcionamiento sus locales en el municipio Los Alcarrizos y el distrito municipal Pantoja. Johnny Pujols, Sec. Gral., encabezar\u00e1` sendos actos<\/strong><\/p>\n\n\n\n<p>El Partido de la Liberaci\u00f3n Dominicana (PLD), program\u00f3 para este s\u00e1bado sendos actos inaugurales de locales de esa organizaci\u00f3n en el municipio Los Alcarrizos y en el distrito municipal, Pantoja, ambos de la provincia Santo Domingo.<\/p>\n\n\n\n<p>El Secretario General, Johnny Pujols, encabezar\u00e1 los actos con el que da continuidad a los objetivos trazados de inaugurar o readecuar unos cien locales provinciales, municipales y de bloques de Comit\u00e9s Intermedios, como parte de una estrategia para fortalecer la organizaci\u00f3n partidaria y el trabajo territorial con miras las elecciones de 2028.<\/p>\n\n\n\n<p>Los actos inaugurales de los locales se programaron para este s\u00e1bado, 14 de marzo, iniciando en el distrito municipal Pantoja a las 4.00 de la tarde y luego a las 6.00 p.m. en los Los Alcarrizos<\/p>\n\n\n\n<p>La direcci\u00f3n de la provincia Santo Domingo en com\u00fan acuerdo con las direcciones de los Alcarrizos y Pantoja , la secretaria general y la direcci\u00f3n operativa de la Casa Nacional Reinaldo Pared P\u00e9rez, han preparado los actos que encabezar\u00e1 Johnny Pujols, para dejar en funcionamiento los locales de donde la dirigencia del PLD realizar\u00e1 las tareas pol\u00edticas asignadas.<\/p>\n\n\n\n<p>De forma conjunta con la inauguraci\u00f3n de locales este s\u00e1bado, el PLD program\u00f3 cientos de encuentros bajo el formato de asambleas o reuniones de trabajo enfocadas en la implementaci\u00f3n de su nueva l\u00ednea organizativa y electoral que est\u00e1 trasladando la estructura territorial a los recintos y colegios electorales.<\/p>\n","protected":false},"excerpt":{"rendered":"<p>El PLD dejar\u00e1 en funcionamiento sus locales en el municipio Los Alcarrizos y el distrito municipal Pantoja. Johnny Pujols, Sec. Gral., encabezar\u00e1` sendos actos El Partido de la Liberaci\u00f3n Dominicana&hellip;<\/p>\n","protected":false},"author":10,"featured_media":124543,"comment_status":"open","ping_status":"open","sticky":false,"template":"","format":"standard","meta":{"content-type":"","jetpack_post_was_ever_published":false,"_jetpack_newsletter_access":"","_jetpack_dont_email_post_to_subs":false,"_jetpack_newsletter_tier_id":0,"_jetpack_memberships_contains_paywalled_content":false,"_jetpack_memberships_contains_paid_content":false,"footnotes":""},"categories":[16559,25],"tags":[1970,2535,66,8820,269,4711],"class_list":["post-124542","post","type-post","status-publish","format-standard","has-post-thumbnail","hentry","category-politica","category-portada","tag-inaugura","tag-locales","tag-los-alcarrizos","tag-pantoja","tag-pld","tag-secretario-general"],"jetpack_featured_media_url":"https:\/\/lasprimeras.com.do\/wp-content\/uploads\/2026\/03\/Jhonny-Pujols.jpg","jetpack-related-posts":[{"id":122155,"url":"https:\/\/lasprimeras.com.do\/index.php\/2026\/02\/14\/barahona-preparada-para-gran-asamblea-del-pld-alli\/","url_meta":{"origin":124542,"position":0},"title":"Barahona preparada para Gran Asamblea del PLD all\u00ed","author":"Nelson Feliz","date":"14 de febrero de 2026","format":false,"excerpt":"Danilo Medina y Johnny Pujols","rel":"","context":"En \u00abPOLITICA\u00bb","block_context":{"text":"POLITICA","link":"https:\/\/lasprimeras.com.do\/index.php\/category\/politica\/"},"img":{"alt_text":"Danilo Medina y Johnny Pujols","src":"https:\/\/i0.wp.com\/lasprimeras.com.do\/wp-content\/uploads\/2026\/02\/Danilo-Medina-y-Johnny-Pujols.jpg?resize=350%2C200&ssl=1","width":350,"height":200,"srcset":"https:\/\/i0.wp.com\/lasprimeras.com.do\/wp-content\/uploads\/2026\/02\/Danilo-Medina-y-Johnny-Pujols.jpg?resize=350%2C200&ssl=1 1x, https:\/\/i0.wp.com\/lasprimeras.com.do\/wp-content\/uploads\/2026\/02\/Danilo-Medina-y-Johnny-Pujols.jpg?resize=525%2C300&ssl=1 1.5x, https:\/\/i0.wp.com\/lasprimeras.com.do\/wp-content\/uploads\/2026\/02\/Danilo-Medina-y-Johnny-Pujols.jpg?resize=700%2C400&ssl=1 2x"},"classes":[]},{"id":117964,"url":"https:\/\/lasprimeras.com.do\/index.php\/2025\/12\/18\/pld-inaugura-local-en-villa-vasquez\/","url_meta":{"origin":124542,"position":1},"title":"PLD inaugura local en Villa V\u00e1squez","author":"Nelson Feliz","date":"18 de diciembre de 2025","format":false,"excerpt":"Johnny Pujols encabeza recorrido por Montecristi y exhorta a fortalecer la organizaci\u00f3n rumbo a 2028 El Partido de la Liberaci\u00f3n Dominicana (PLD) est\u00e1 cerrando un a\u00f1o de avances y reposicionamiento con las actividades realizadas este diciembre al tiempo que advierte que la situaci\u00f3n del pa\u00eds es preocupante y demanda mayor\u2026","rel":"","context":"En \u00abPOLITICA\u00bb","block_context":{"text":"POLITICA","link":"https:\/\/lasprimeras.com.do\/index.php\/category\/politica\/"},"img":{"alt_text":"","src":"https:\/\/i0.wp.com\/lasprimeras.com.do\/wp-content\/uploads\/2025\/12\/Ruben-Bichara-y-Mayobanex-Escoto.jpg?resize=350%2C200&ssl=1","width":350,"height":200,"srcset":"https:\/\/i0.wp.com\/lasprimeras.com.do\/wp-content\/uploads\/2025\/12\/Ruben-Bichara-y-Mayobanex-Escoto.jpg?resize=350%2C200&ssl=1 1x, https:\/\/i0.wp.com\/lasprimeras.com.do\/wp-content\/uploads\/2025\/12\/Ruben-Bichara-y-Mayobanex-Escoto.jpg?resize=525%2C300&ssl=1 1.5x, https:\/\/i0.wp.com\/lasprimeras.com.do\/wp-content\/uploads\/2025\/12\/Ruben-Bichara-y-Mayobanex-Escoto.jpg?resize=700%2C400&ssl=1 2x"},"classes":[]},{"id":115286,"url":"https:\/\/lasprimeras.com.do\/index.php\/2025\/11\/20\/danilo-medina-y-johnny-pujols-encabezaran-acto-del-pld-provincia-duarte\/","url_meta":{"origin":124542,"position":2},"title":"Danilo Medina y Johnny Pujols encabezar\u00e1n acto del PLD provincia Duarte","author":"Nelson Feliz","date":"20 de noviembre de 2025","format":false,"excerpt":"El PLD en la provincia Duarte se prepara para la realizaci\u00f3n de la asamblea de sus miembros y militantes el pr\u00f3ximo domingo. El Partido de la Liberaci\u00f3n Dominicana (PLD) confirm\u00f3 la celebraci\u00f3n de su pr\u00f3xima asamblea de miembros y militantes de la organizaci\u00f3n el domingo 23 de noviembre en San\u2026","rel":"","context":"En \u00abPOLITICA\u00bb","block_context":{"text":"POLITICA","link":"https:\/\/lasprimeras.com.do\/index.php\/category\/politica\/"},"img":{"alt_text":"","src":"","width":0,"height":0},"classes":[]},{"id":108859,"url":"https:\/\/lasprimeras.com.do\/index.php\/2025\/09\/11\/pld-reune-este-domingo-sus-dirigentes-de-las-circunscripciones-4-y-5-de-la-provincia-santo-domingo\/","url_meta":{"origin":124542,"position":3},"title":"PLD re\u00fane este domingo sus dirigentes de las circunscripciones 4 y 5 de la provincia Santo Domingo","author":"Nelson Feliz","date":"11 de septiembre de 2025","format":false,"excerpt":"Danilo Medina, presidente del PLD y Johnny Pujols secretario general, encabezar\u00e1n asamblea este domingo en el Polideportivo de Las Caobas. El ex presidente de la Rep\u00fablica y presidente del PLD,Danilo Medina,junto al secretario general de la organizaci\u00f3n pol\u00edtica, Johnny Pujols y el Comit\u00e9 Pol\u00edtico pelede\u00edsta, encabezar\u00e1n la asamblea de dirigentes\u2026","rel":"","context":"En \u00abPOLITICA\u00bb","block_context":{"text":"POLITICA","link":"https:\/\/lasprimeras.com.do\/index.php\/category\/politica\/"},"img":{"alt_text":"","src":"https:\/\/i0.wp.com\/lasprimeras.com.do\/wp-content\/uploads\/2025\/09\/PLD-2.jpg?resize=350%2C200&ssl=1","width":350,"height":200,"srcset":"https:\/\/i0.wp.com\/lasprimeras.com.do\/wp-content\/uploads\/2025\/09\/PLD-2.jpg?resize=350%2C200&ssl=1 1x, https:\/\/i0.wp.com\/lasprimeras.com.do\/wp-content\/uploads\/2025\/09\/PLD-2.jpg?resize=525%2C300&ssl=1 1.5x, https:\/\/i0.wp.com\/lasprimeras.com.do\/wp-content\/uploads\/2025\/09\/PLD-2.jpg?resize=700%2C400&ssl=1 2x"},"classes":[]},{"id":111049,"url":"https:\/\/lasprimeras.com.do\/index.php\/2025\/10\/03\/johnny-pujols-supervision-de-implementacion-de-linea-organizativa-del-pld-en-sdn\/","url_meta":{"origin":124542,"position":4},"title":"Johnny Pujols: Supervisi\u00f3n de Implementaci\u00f3n de L\u00ednea Organizativa del PLD en SDN","author":"Nelson Feliz","date":"3 de octubre de 2025","format":false,"excerpt":"Pujols encabezar\u00e1 reuniones y encuentros este s\u00e1bado en el municipio Santo Domingo Norte. El secretario general del Partido de la Liberaci\u00f3n Dominicana (PLD), Johnny Pujols, agotar\u00e1 este s\u00e1bado una jornada de evaluaci\u00f3n de la implementaci\u00f3n de la L\u00ednea Organizativa y Electoral (LOE) en la Circunscripci\u00f3n Electoral Seis (6) de la\u2026","rel":"","context":"En \u00abPOLITICA\u00bb","block_context":{"text":"POLITICA","link":"https:\/\/lasprimeras.com.do\/index.php\/category\/politica\/"},"img":{"alt_text":"","src":"https:\/\/i0.wp.com\/lasprimeras.com.do\/wp-content\/uploads\/2025\/10\/Johnny-Pujols.jpg?resize=350%2C200&ssl=1","width":350,"height":200,"srcset":"https:\/\/i0.wp.com\/lasprimeras.com.do\/wp-content\/uploads\/2025\/10\/Johnny-Pujols.jpg?resize=350%2C200&ssl=1 1x, https:\/\/i0.wp.com\/lasprimeras.com.do\/wp-content\/uploads\/2025\/10\/Johnny-Pujols.jpg?resize=525%2C300&ssl=1 1.5x, https:\/\/i0.wp.com\/lasprimeras.com.do\/wp-content\/uploads\/2025\/10\/Johnny-Pujols.jpg?resize=700%2C400&ssl=1 2x"},"classes":[]},{"id":105311,"url":"https:\/\/lasprimeras.com.do\/index.php\/2025\/08\/01\/danilo-medina-y-johnny-pujols-encabezaran-asamblea-del-pld-en-la-vega-el-domingo\/","url_meta":{"origin":124542,"position":5},"title":"Danilo Medina y Johnny Pujols encabezar\u00e1n asamblea del PLD en La Vega el domingo","author":"Nelson Feliz","date":"1 de agosto de 2025","format":false,"excerpt":"El PLD en La Vega se prepara para la realizaci\u00f3n de la asamblea provincial programada para el pr\u00f3ximo domingo. El Partido de la Liberaci\u00f3n Dominicana (PLD) en La Vega afina los detalles para celebrar este domingo 3 de agosto la asamblea correspondiente a dicha provincia en la que participar\u00e1n miembros\u2026","rel":"","context":"En \u00abPOLITICA\u00bb","block_context":{"text":"POLITICA","link":"https:\/\/lasprimeras.com.do\/index.php\/category\/politica\/"},"img":{"alt_text":"Danilo Medina y Johnny Pujols","src":"https:\/\/i0.wp.com\/lasprimeras.com.do\/wp-content\/uploads\/2025\/08\/Danilo-Medina-y-Johnny-Pujols.jpg?resize=350%2C200&ssl=1","width":350,"height":200,"srcset":"https:\/\/i0.wp.com\/lasprimeras.com.do\/wp-content\/uploads\/2025\/08\/Danilo-Medina-y-Johnny-Pujols.jpg?resize=350%2C200&ssl=1 1x, https:\/\/i0.wp.com\/lasprimeras.com.do\/wp-content\/uploads\/2025\/08\/Danilo-Medina-y-Johnny-Pujols.jpg?resize=525%2C300&ssl=1 1.5x, https:\/\/i0.wp.com\/lasprimeras.com.do\/wp-content\/uploads\/2025\/08\/Danilo-Medina-y-Johnny-Pujols.jpg?resize=700%2C400&ssl=1 2x"},"classes":[]}],"jetpack_sharing_enabled":true,"_links":{"self":[{"href":"https:\/\/lasprimeras.com.do\/index.php\/wp-json\/wp\/v2\/posts\/124542","targetHints":{"allow":["GET"]}}],"collection":[{"href":"https:\/\/lasprimeras.com.do\/index.php\/wp-json\/wp\/v2\/posts"}],"about":[{"href":"https:\/\/lasprimeras.com.do\/index.php\/wp-json\/wp\/v2\/types\/post"}],"author":[{"embeddable":true,"href":"https:\/\/lasprimeras.com.do\/index.php\/wp-json\/wp\/v2\/users\/10"}],"replies":[{"embeddable":true,"href":"https:\/\/lasprimeras.com.do\/index.php\/wp-json\/wp\/v2\/comments?post=124542"}],"version-history":[{"count":1,"href":"https:\/\/lasprimeras.com.do\/index.php\/wp-json\/wp\/v2\/posts\/124542\/revisions"}],"predecessor-version":[{"id":124544,"href":"https:\/\/lasprimeras.com.do\/index.php\/wp-json\/wp\/v2\/posts\/124542\/revisions\/124544"}],"wp:featuredmedia":[{"embeddable":true,"href":"https:\/\/lasprimeras.com.do\/index.php\/wp-json\/wp\/v2\/media\/124543"}],"wp:attachment":[{"href":"https:\/\/lasprimeras.com.do\/index.php\/wp-json\/wp\/v2\/media?parent=124542"}],"wp:term":[{"taxonomy":"category","embeddable":true,"href":"https:\/\/lasprimeras.com.do\/index.php\/wp-json\/wp\/v2\/categories?post=124542"},{"taxonomy":"post_tag","embeddable":true,"href":"https:\/\/lasprimeras.com.do\/index.php\/wp-json\/wp\/v2\/tags?post=124542"}],"curies":[{"name":"wp","href":"https:\/\/api.w.org\/{rel}","templated":true}]}}