{"id":124545,"date":"2026-03-13T17:12:05","date_gmt":"2026-03-13T21:12:05","guid":{"rendered":"https:\/\/lasprimeras.com.do\/?p=124545"},"modified":"2026-03-13T17:12:07","modified_gmt":"2026-03-13T21:12:07","slug":"diaz-canel-funcionarios-cubanos-han-mantenido-conversaciones-con-el-gobierno-de-ee-uu","status":"publish","type":"post","link":"https:\/\/lasprimeras.com.do\/index.php\/2026\/03\/13\/diaz-canel-funcionarios-cubanos-han-mantenido-conversaciones-con-el-gobierno-de-ee-uu\/","title":{"rendered":"D\u00edaz-Canel: funcionarios cubanos han mantenido conversaciones con el gobierno de EE.UU."},"content":{"rendered":"\n<p><strong>Los contactos han sido promovidos adem\u00e1s por el l\u00edder revolucionario Ra\u00fal Castro, con el objetivo de buscar soluciones a las diferencias por la v\u00eda del di\u00e1logo.<\/strong><\/p>\n\n\n\n<p>El presidente de Cuba, Miguel D\u00edaz-Canel, confirm\u00f3 este viernes que su Gobierno mantiene contactos con funcionarios de la administraci\u00f3n de EE.UU. para alentar las v\u00edas de di\u00e1logo, en medio del recrudecimiento del bloqueo de Washington contra la isla.<\/p>\n\n\n\n<p>Los intercambios, supervisadas por \u00e9l mismo y por el l\u00edder revolucionario Ra\u00fal Castro, &#8220;han estado orientados a buscar soluciones por la v\u00eda del di\u00e1logo&#8221; a las diferencias bilaterales entre las dos naciones, explic\u00f3 D\u00edaz-Canel.<\/p>\n\n\n\n<p>En los contactos, calificados de &#8220;respetuosos&#8221;, Cuba ha reiterado su disposici\u00f3n a concretar acciones en beneficio de ambos pueblos.<\/p>\n\n\n\n<p>&#8220;No ha sido ni es pr\u00e1ctica responder a las campa\u00f1as especulativas sobre este tipo de temas&#8221;, indic\u00f3 en una declaraci\u00f3n p\u00fablica, al destacar que el asunto se trata de manera seria y responsable &#8220;porque afecta los v\u00ednculos bilaterales&#8221; y &#8220;demanda enormes y arduos esfuerzos para encontrar soluci\u00f3n y crear espacios de entendimiento&#8221; que permitan avanzar y alejarse de la confrontaci\u00f3n.<\/p>\n\n\n\n<figure class=\"wp-block-embed is-type-rich is-provider-twitter wp-block-embed-twitter\"><div class=\"wp-block-embed__wrapper\">\n<div class=\"embed-twitter\"><blockquote class=\"twitter-tweet\" data-width=\"500\" data-dnt=\"true\"><p lang=\"en\" dir=\"ltr\">Cuba&#39;s President Miguel D\u00edaz-Canel:<br><br>We have recently held talks with representatives of the United States government. <br><br>These talks have been aimed at finding solutions through dialogue to the bilateral differences that we have between the two nations. <br><br>There are international\u2026 <a href=\"https:\/\/t.co\/jFot6HNFMn\">pic.twitter.com\/jFot6HNFMn<\/a><\/p>&mdash; Clash Report (@clashreport) <a href=\"https:\/\/twitter.com\/clashreport\/status\/2032415235705872409?ref_src=twsrc%5Etfw\">March 13, 2026<\/a><\/blockquote><script async src=\"https:\/\/platform.twitter.com\/widgets.js\" charset=\"utf-8\"><\/script><\/div>\n<\/div><\/figure>\n\n\n\n<p>En esa l\u00ednea, destac\u00f3 que la parte cubana ha dejado claro que cualquier negociaci\u00f3n debe desarrollarse sobre bases de igualdad y respeto a la soberan\u00eda y la autodeterminaci\u00f3n de los Gobiernos: &#8220;Esto se ha planteado tomando en cuenta el sentido de reciprocidad y de apego al derecho internacional&#8221;.<\/p>\n\n\n\n<p>Previamente, este jueves, el ministro de Relaciones Exteriores de Cuba, Bruno Rodr\u00edguez, mantuvo una conversaci\u00f3n telef\u00f3nica con su par ruso, Sergu\u00e9i Lavrov, durante la cual abordaron varios temas cruciales de las relaciones bilaterales y de la agenda internacional.<\/p>\n\n\n\n<p>Adem\u00e1s, Lavrov reafirm\u00f3 la postura de principio de Mosc\u00fa respecto a la inaceptabilidad de la presi\u00f3n econ\u00f3mica y pol\u00edtica que ejerce EE.UU. sobre Cuba y expres\u00f3 su firme apoyo al pueblo cubano en la defensa de la soberan\u00eda estatal y del derecho a elegir su propio camino de desarrollo.<\/p>\n\n\n\n<p>Amenaza de EE.UU. a Cuba<\/p>\n\n\n\n<p>El 29 de enero, el presidente de EE.UU., Donald Trump, firm\u00f3 una orden ejecutiva que declara una &#8220;emergencia nacional&#8221; ante la supuesta &#8220;amenaza inusual y extraordinaria&#8221; que, seg\u00fan Washington, representar\u00eda Cuba para la seguridad del pa\u00eds norteamericano y la regi\u00f3n.<\/p>\n\n\n\n<p>El texto acusa al Gobierno cubano de alinearse con &#8220;numerosos pa\u00edses hostiles&#8221;, de acoger a &#8220;grupos terroristas transnacionales&#8221; y de permitir el despliegue en la isla de &#8220;sofisticadas capacidades militares y de inteligencia&#8221; de Rusia y China.<\/p>\n\n\n\n<p>Sobre esas bases, se anunci\u00f3 la imposici\u00f3n de aranceles a los pa\u00edses que vendan petr\u00f3leo a la naci\u00f3n antillana, a lo que se suman amenazas de represalias contra aquellos que act\u00faen contra la orden ejecutiva de la Casa Blanca.<\/p>\n\n\n\n<p>El paso se da en medio de una escalada entre Washington y La Habana, que sistem\u00e1ticamente ha rechazado esas alegaciones y ha advertido que defender\u00e1 su integridad territorial.<\/p>\n\n\n\n<p>El presidente de Cuba afirm\u00f3 en respuesta que &#8220;esta nueva medida evidencia la naturaleza fascista, criminal y genocida de una camarilla que ha secuestrado los intereses del pueblo estadounidense con fines puramente personales&#8221;.<\/p>\n\n\n\n<p>Este 7 de marzo, Trump anunci\u00f3: &#8220;Un gran cambio pronto llegar\u00e1 a Cuba&#8221;. Adem\u00e1s, asever\u00f3 que el pa\u00eds caribe\u00f1o est\u00e1 llegando &#8220;al final del camino&#8221;.<\/p>\n\n\n\n<p>EE.UU. mantiene el bloqueo econ\u00f3mico y comercial contra Cuba desde hace m\u00e1s de seis d\u00e9cadas.<\/p>\n\n\n\n<p>El embargo, que afecta gravemente a la econom\u00eda del pa\u00eds, fue ahora reforzado con numerosas medidas coercitivas y unilaterales por parte de la Casa Blanca.<\/p>\n","protected":false},"excerpt":{"rendered":"<p>Los contactos han sido promovidos adem\u00e1s por el l\u00edder revolucionario Ra\u00fal Castro, con el objetivo de buscar soluciones a las diferencias por la v\u00eda del di\u00e1logo. El presidente de Cuba,&hellip;<\/p>\n","protected":false},"author":10,"featured_media":124546,"comment_status":"open","ping_status":"open","sticky":false,"template":"","format":"standard","meta":{"content-type":"","jetpack_post_was_ever_published":false,"_jetpack_newsletter_access":"","_jetpack_dont_email_post_to_subs":false,"_jetpack_newsletter_tier_id":0,"_jetpack_memberships_contains_paywalled_content":false,"_jetpack_memberships_contains_paid_content":false,"footnotes":""},"categories":[16289],"tags":[1090,5053,206,31150,171,5521],"class_list":["post-124545","post","type-post","status-publish","format-standard","has-post-thumbnail","hentry","category-internacionales","tag-conversaciones","tag-cuba","tag-ee-uu","tag-funcionarios-cubanos","tag-gobierno","tag-miguel-diaz-canel"],"jetpack_featured_media_url":"https:\/\/lasprimeras.com.do\/wp-content\/uploads\/2026\/03\/canel.jpg","jetpack-related-posts":[{"id":125612,"url":"https:\/\/lasprimeras.com.do\/index.php\/2026\/03\/24\/un-castro-podria-ser-el-sucesor-de-diaz-canel-en-cuba\/","url_meta":{"origin":124545,"position":0},"title":"Un Castro podr\u00eda ser el sucesor de D\u00edaz-Canel en Cuba","author":"Nelson Feliz","date":"24 de marzo de 2026","format":false,"excerpt":"Por D\u00c1NICA COTO SAN JUAN, Puerto Rico (AP) \u2014 Mientras el presidente de Estados Unidos, Donald Trump, impulsa un cambio en el liderazgo de Cuba, crecen las especulaciones sobre si hay alguien que podr\u00eda reemplazar al presidente cubano Miguel D\u00edaz-Canel y de qui\u00e9n podr\u00eda tratarse. D\u00edaz-Canel, sucesor elegido por Ra\u00fal\u2026","rel":"","context":"En \u00abINTERNACIONALES\u00bb","block_context":{"text":"INTERNACIONALES","link":"https:\/\/lasprimeras.com.do\/index.php\/category\/sin-categoria\/internacionales\/"},"img":{"alt_text":"","src":"https:\/\/i0.wp.com\/lasprimeras.com.do\/wp-content\/uploads\/2026\/03\/Miguel-Diaz-Canel.jpg?resize=350%2C200&ssl=1","width":350,"height":200,"srcset":"https:\/\/i0.wp.com\/lasprimeras.com.do\/wp-content\/uploads\/2026\/03\/Miguel-Diaz-Canel.jpg?resize=350%2C200&ssl=1 1x, https:\/\/i0.wp.com\/lasprimeras.com.do\/wp-content\/uploads\/2026\/03\/Miguel-Diaz-Canel.jpg?resize=525%2C300&ssl=1 1.5x, https:\/\/i0.wp.com\/lasprimeras.com.do\/wp-content\/uploads\/2026\/03\/Miguel-Diaz-Canel.jpg?resize=700%2C400&ssl=1 2x"},"classes":[]},{"id":124871,"url":"https:\/\/lasprimeras.com.do\/index.php\/2026\/03\/17\/trump-y-rubio-piden-un-nuevo-gobierno-en-cuba-en-medio-de-una-profunda-crisis-economica-en-la-isla\/","url_meta":{"origin":124545,"position":1},"title":"Trump y Rubio piden un nuevo gobierno en Cuba en medio de una profunda crisis econ\u00f3mica en la isla","author":"Nelson Feliz","date":"17 de marzo de 2026","format":false,"excerpt":"POR MILEXSY DUR\u00c1N LA HABANA (AP) \u2014 El presidente estadounidense Donald Trump prometi\u00f3 el martes acciones inminentes contra el gobierno de Cuba, en momentos en que sus medidas profundizan cada vez m\u00e1s la crisis en la isla. Un d\u00eda despu\u00e9s de que las sanciones de Trump contra Venezuela \u2014incluido un\u2026","rel":"","context":"En \u00abINTERNACIONALES\u00bb","block_context":{"text":"INTERNACIONALES","link":"https:\/\/lasprimeras.com.do\/index.php\/category\/sin-categoria\/internacionales\/"},"img":{"alt_text":"","src":"https:\/\/i0.wp.com\/lasprimeras.com.do\/wp-content\/uploads\/2026\/03\/CUBA-1.jpg?resize=350%2C200&ssl=1","width":350,"height":200,"srcset":"https:\/\/i0.wp.com\/lasprimeras.com.do\/wp-content\/uploads\/2026\/03\/CUBA-1.jpg?resize=350%2C200&ssl=1 1x, https:\/\/i0.wp.com\/lasprimeras.com.do\/wp-content\/uploads\/2026\/03\/CUBA-1.jpg?resize=525%2C300&ssl=1 1.5x, https:\/\/i0.wp.com\/lasprimeras.com.do\/wp-content\/uploads\/2026\/03\/CUBA-1.jpg?resize=700%2C400&ssl=1 2x"},"classes":[]},{"id":119732,"url":"https:\/\/lasprimeras.com.do\/index.php\/2026\/01\/16\/cubanos-marchan-ante-embajada-de-eeuu-por-muerte-de-32-militares-y-diaz-canel-rechaza-presiones\/","url_meta":{"origin":124545,"position":2},"title":"Cubanos marchan ante embajada de EEUU por muerte de 32 militares y D\u00edaz-Canel rechaza presiones","author":"Nelson Feliz","date":"16 de enero de 2026","format":false,"excerpt":"POR ANDREA RODR\u00cdGUEZ LA HABANA (AP) \u2014 Desafiando el fr\u00edo y las altas olas que azotaron el viernes el Malec\u00f3n, cientos de miles de cubanos marcharon a modo de protesta frente a la embajada de Estados Unidos en La Habana en el segundo d\u00eda de las honras f\u00fanebres de 32\u2026","rel":"","context":"En \u00abINTERNACIONALES\u00bb","block_context":{"text":"INTERNACIONALES","link":"https:\/\/lasprimeras.com.do\/index.php\/category\/sin-categoria\/internacionales\/"},"img":{"alt_text":"Miguel D\u00edaz-Canel","src":"https:\/\/i0.wp.com\/lasprimeras.com.do\/wp-content\/uploads\/2026\/01\/Miguel-Diaz-Canel.jpg?resize=350%2C200&ssl=1","width":350,"height":200,"srcset":"https:\/\/i0.wp.com\/lasprimeras.com.do\/wp-content\/uploads\/2026\/01\/Miguel-Diaz-Canel.jpg?resize=350%2C200&ssl=1 1x, https:\/\/i0.wp.com\/lasprimeras.com.do\/wp-content\/uploads\/2026\/01\/Miguel-Diaz-Canel.jpg?resize=525%2C300&ssl=1 1.5x, https:\/\/i0.wp.com\/lasprimeras.com.do\/wp-content\/uploads\/2026\/01\/Miguel-Diaz-Canel.jpg?resize=700%2C400&ssl=1 2x"},"classes":[]},{"id":59721,"url":"https:\/\/lasprimeras.com.do\/index.php\/2023\/09\/06\/rd-y-cuba-se-comprometen-en-ampliar-agenda-conjunta-que-beneficie-a-ambos-paises\/","url_meta":{"origin":124545,"position":3},"title":"RD y Cuba se comprometen en ampliar agenda conjunta que beneficie a ambos pa\u00edses","author":"Nelson Feliz","date":"6 de septiembre de 2023","format":false,"excerpt":"La delegaci\u00f3n del Ministerio de Relaciones Exteriores, encabezada por el canciller Roberto \u00c1lvarez, concluy\u00f3 suvisita oficial a la Rep\u00fablica de Cuba, donde sostuvo reuniones y visitas de trabajo que sirvieron para que ambos pa\u00edses identificaran proyectos de cooperaci\u00f3n bilateral, intercambio comercial y otros tipos de colaboraci\u00f3n,en beneficio de ambos pueblos.\u2026","rel":"","context":"En \u00abECONOM\u00cdA\u00bb","block_context":{"text":"ECONOM\u00cdA","link":"https:\/\/lasprimeras.com.do\/index.php\/category\/economia\/"},"img":{"alt_text":"Roberto \u00c1lvarez y Miguel D\u00edaz-Canel Berm\u00fadez","src":"https:\/\/i0.wp.com\/lasprimeras.com.do\/wp-content\/uploads\/2023\/09\/Roberto-Alvarez-y-Miguel-Diaz-Canel-Bermudez-1.jpg?resize=350%2C200&ssl=1","width":350,"height":200,"srcset":"https:\/\/i0.wp.com\/lasprimeras.com.do\/wp-content\/uploads\/2023\/09\/Roberto-Alvarez-y-Miguel-Diaz-Canel-Bermudez-1.jpg?resize=350%2C200&ssl=1 1x, https:\/\/i0.wp.com\/lasprimeras.com.do\/wp-content\/uploads\/2023\/09\/Roberto-Alvarez-y-Miguel-Diaz-Canel-Bermudez-1.jpg?resize=525%2C300&ssl=1 1.5x, https:\/\/i0.wp.com\/lasprimeras.com.do\/wp-content\/uploads\/2023\/09\/Roberto-Alvarez-y-Miguel-Diaz-Canel-Bermudez-1.jpg?resize=700%2C400&ssl=1 2x"},"classes":[]},{"id":124750,"url":"https:\/\/lasprimeras.com.do\/index.php\/2026\/03\/16\/funcionarios-cubanos-reportan-apagon-en-toda-la-isla-en-medio-de-crisis-energetica-del-pais\/","url_meta":{"origin":124545,"position":4},"title":"Funcionarios cubanos reportan apag\u00f3n en toda la isla en medio de crisis energ\u00e9tica del pa\u00eds","author":"Nelson Feliz","date":"16 de marzo de 2026","format":false,"excerpt":"LA HABANA (AP) \u2014 Funcionarios en Cuba informaron que se produjo un apag\u00f3n el lunes en toda la isla de unos 11 millones de habitantes, a medida que se agravan las crisis energ\u00e9tica y econ\u00f3mica del pa\u00eds. Cuba ha atribuido sus penurias a un bloqueo energ\u00e9tico de Estados Unidos luego\u2026","rel":"","context":"En \u00abINTERNACIONALES\u00bb","block_context":{"text":"INTERNACIONALES","link":"https:\/\/lasprimeras.com.do\/index.php\/category\/sin-categoria\/internacionales\/"},"img":{"alt_text":"Un soldado monta en bicicleta en La Habana","src":"https:\/\/i0.wp.com\/lasprimeras.com.do\/wp-content\/uploads\/2026\/03\/Un-soldado-monta-en-bicicleta-en-La-Habana.jpg?resize=350%2C200&ssl=1","width":350,"height":200,"srcset":"https:\/\/i0.wp.com\/lasprimeras.com.do\/wp-content\/uploads\/2026\/03\/Un-soldado-monta-en-bicicleta-en-La-Habana.jpg?resize=350%2C200&ssl=1 1x, https:\/\/i0.wp.com\/lasprimeras.com.do\/wp-content\/uploads\/2026\/03\/Un-soldado-monta-en-bicicleta-en-La-Habana.jpg?resize=525%2C300&ssl=1 1.5x, https:\/\/i0.wp.com\/lasprimeras.com.do\/wp-content\/uploads\/2026\/03\/Un-soldado-monta-en-bicicleta-en-La-Habana.jpg?resize=700%2C400&ssl=1 2x"},"classes":[]},{"id":113006,"url":"https:\/\/lasprimeras.com.do\/index.php\/2025\/10\/28\/raul-castro-insta-a-la-disciplina-ante-paso-de-melissa-por-cuba\/","url_meta":{"origin":124545,"position":5},"title":"Ra\u00fal Castro insta a la disciplina ante paso de Melissa por Cuba","author":"Nelson Feliz","date":"28 de octubre de 2025","format":false,"excerpt":"La Habana, (Prensa Latina) El l\u00edder de la Revoluci\u00f3n cubana, Ra\u00fal Castro, insisti\u00f3 hoy en la importancia de mantener las medidas de prevenci\u00f3n durante el paso del hurac\u00e1n Melissa por el pa\u00eds caribe\u00f1o. Al intervenir por videoconferencia en el Consejo de Defensa Nacional, encabezado por el presidente Miguel D\u00edaz-Canel, expres\u00f3\u2026","rel":"","context":"En \u00abINTERNACIONALES\u00bb","block_context":{"text":"INTERNACIONALES","link":"https:\/\/lasprimeras.com.do\/index.php\/category\/sin-categoria\/internacionales\/"},"img":{"alt_text":"Consejo de Defensa Nacional","src":"https:\/\/i0.wp.com\/lasprimeras.com.do\/wp-content\/uploads\/2025\/10\/Cuba-CDN-mensaje-Raul-1.jpg?resize=350%2C200&ssl=1","width":350,"height":200,"srcset":"https:\/\/i0.wp.com\/lasprimeras.com.do\/wp-content\/uploads\/2025\/10\/Cuba-CDN-mensaje-Raul-1.jpg?resize=350%2C200&ssl=1 1x, https:\/\/i0.wp.com\/lasprimeras.com.do\/wp-content\/uploads\/2025\/10\/Cuba-CDN-mensaje-Raul-1.jpg?resize=525%2C300&ssl=1 1.5x, https:\/\/i0.wp.com\/lasprimeras.com.do\/wp-content\/uploads\/2025\/10\/Cuba-CDN-mensaje-Raul-1.jpg?resize=700%2C400&ssl=1 2x"},"classes":[]}],"jetpack_sharing_enabled":true,"_links":{"self":[{"href":"https:\/\/lasprimeras.com.do\/index.php\/wp-json\/wp\/v2\/posts\/124545","targetHints":{"allow":["GET"]}}],"collection":[{"href":"https:\/\/lasprimeras.com.do\/index.php\/wp-json\/wp\/v2\/posts"}],"about":[{"href":"https:\/\/lasprimeras.com.do\/index.php\/wp-json\/wp\/v2\/types\/post"}],"author":[{"embeddable":true,"href":"https:\/\/lasprimeras.com.do\/index.php\/wp-json\/wp\/v2\/users\/10"}],"replies":[{"embeddable":true,"href":"https:\/\/lasprimeras.com.do\/index.php\/wp-json\/wp\/v2\/comments?post=124545"}],"version-history":[{"count":1,"href":"https:\/\/lasprimeras.com.do\/index.php\/wp-json\/wp\/v2\/posts\/124545\/revisions"}],"predecessor-version":[{"id":124547,"href":"https:\/\/lasprimeras.com.do\/index.php\/wp-json\/wp\/v2\/posts\/124545\/revisions\/124547"}],"wp:featuredmedia":[{"embeddable":true,"href":"https:\/\/lasprimeras.com.do\/index.php\/wp-json\/wp\/v2\/media\/124546"}],"wp:attachment":[{"href":"https:\/\/lasprimeras.com.do\/index.php\/wp-json\/wp\/v2\/media?parent=124545"}],"wp:term":[{"taxonomy":"category","embeddable":true,"href":"https:\/\/lasprimeras.com.do\/index.php\/wp-json\/wp\/v2\/categories?post=124545"},{"taxonomy":"post_tag","embeddable":true,"href":"https:\/\/lasprimeras.com.do\/index.php\/wp-json\/wp\/v2\/tags?post=124545"}],"curies":[{"name":"wp","href":"https:\/\/api.w.org\/{rel}","templated":true}]}}