{"id":124548,"date":"2026-03-13T21:21:08","date_gmt":"2026-03-14T01:21:08","guid":{"rendered":"https:\/\/lasprimeras.com.do\/?p=124548"},"modified":"2026-03-13T21:21:11","modified_gmt":"2026-03-14T01:21:11","slug":"por-un-sistema-juridico-que-no-deje-a-las-mujeres-atras","status":"publish","type":"post","link":"https:\/\/lasprimeras.com.do\/index.php\/2026\/03\/13\/por-un-sistema-juridico-que-no-deje-a-las-mujeres-atras\/","title":{"rendered":"Por un sistema jur\u00eddico que no deje a las mujeres atr\u00e1s"},"content":{"rendered":"\n<p><strong>Por: Maike Friedrichsen, Embajadora de Alemania en Rep\u00fablica Dominicana y Ana Maria Diaz, Representante Residente, PNUD Rep\u00fablica Dominicana.<\/strong><\/p>\n\n\n\n<p>Cada 8 de marzo se conmemora el D\u00eda Internacional de las Mujeres, este 2026 bajo el lema: \u201cDerechos. Justicia. Acci\u00f3n. Para TODAS las mujeres y ni\u00f1as\u201d. Esta conmemoraci\u00f3n no solo busca resaltar los logros alcanzados, sino se\u00f1alar una realidad cr\u00edtica: sin un sistema jur\u00eddico equitativo, los derechos de las mujeres corren el riesgo de ser promesas vac\u00edas que nunca se materializan.<\/p>\n\n\n\n<p>ONU Mujeres se\u00f1ala que, a pesar de encontrarnos en el segundo cuarto del siglo XXI, la brecha de g\u00e9nero en el \u00e1mbito legal sigue siendo alarmante. Los datos indican que las mujeres solo gozan del 64% de los derechos legales que tienen los hombres a nivel global.<\/p>\n\n\n\n<p>Esta desigualdad, se\u00f1ala el organismo, no es abstracta; afecta \u00e1reas fundamentales de la vida cotidiana como el acceso al trabajo, el manejo del dinero, la seguridad personal, la propiedad, la movilidad y la jubilaci\u00f3n.<\/p>\n\n\n\n<p>Seg\u00fan las estimaciones, al ritmo actual de progreso, se estima que se necesitar\u00e1n 286 a\u00f1os para cerrar por completo las brechas en la protecci\u00f3n jur\u00eddica de las mujeres.<\/p>\n\n\n\n<p>Garantizar el acceso de las mujeres y ni\u00f1as a la justicia requiere crear un entorno normativo que elimine la discriminaci\u00f3n, reformar las instituciones para que sean eficaces y sensibles al g\u00e9nero, y promover el empoderamiento jur\u00eddico de mujeres y ni\u00f1as para que conozcan y ejerzan sus derechos.<\/p>\n\n\n\n<p>Estas tres \u00e1reas de acci\u00f3n permitir\u00edan fortalecer las capacidades individuales y colectivas, y contribuir\u00edan a asegurar que los sistemas de justicia respondan adecuadamente a sus necesidades.<\/p>\n\n\n\n<p>El acceso efectivo a la justicia es esencial para proteger los derechos humanos de las mujeres y las ni\u00f1as, combatir la violencia basada en g\u00e9nero y reducir la impunidad.<\/p>\n\n\n\n<p>Adem\u00e1s, contribuye a disminuir la pobreza y la exclusi\u00f3n al facilitar la defensa de activos econ\u00f3micos y promover la autonom\u00eda y seguridad econ\u00f3mica. Al mismo tiempo, ofrece mecanismos legales para enfrentar la desigualdad, el acoso y otras formas de violencia, garantizando que las mujeres puedan vivir con dignidad y ejercer plenamente sus libertades.<\/p>\n\n\n\n<p>El camino hacia el futuro implica transformar la justicia en un servicio m\u00e1s humano, accesible y cercano a las personas. Iniciativas modernas, como las impulsadas en la Rep\u00fablica Dominicana a trav\u00e9s del proyecto Justice Action Coalition (JAC), representan pasos importantes en esa direcci\u00f3n.<\/p>\n\n\n\n<p>Este proyecto, implementado por el PNUD en el marco del proyecto del Poder Judicial, con el apoyo financiero del Gobierno de Alemania y en el marco de la iniciativa global JAC impulsada por Pathfinders, promueve herramientas innovadoras para fortalecer una justicia centrada en las personas.<\/p>\n\n\n\n<p>Entre sus avances destacan el desarrollo de indicadores modernos de justicia, el diagn\u00f3stico de accesibilidad en infraestructuras judiciales, la promoci\u00f3n de la digitalizaci\u00f3n inclusiva y la formaci\u00f3n en trato digno para el personal judicial.<\/p>\n\n\n\n<p>El gobierno alem\u00e1n cree firmemente en la democracia y el fortalecimiento de las instituciones como catalizador del desarrollo econ\u00f3mico sostenible.<\/p>\n\n\n\n<p>En la Rep\u00fablica Dominicana, su apoyo al proyecto Justice Action Coalition ha contribuido a promover una cultura institucional m\u00e1s inclusiva dentro del sistema de justicia, reforzando la incorporaci\u00f3n de enfoques de derechos humanos, igualdad de g\u00e9nero y acceso equitativo a los servicios judiciales.<\/p>\n\n\n\n<p>Este compromiso se complementa con otros proyectos en apoyo al Ministerio P\u00fablico, enfocados en la lucha contra la corrupci\u00f3n mediante el intercambio de experiencias, el fortalecimiento del marco jur\u00eddico, entre otras iniciativas.<\/p>\n\n\n\n<p>El Poder Judicial dominicano, a trav\u00e9s de su Plan Decenal 2034, ya reconoce la necesidad de que la justicia debe ser accesible, digital e inclusiva.<\/p>\n\n\n\n<p>Esto incluye desde tribunales con infraestructura adecuada para personas con discapacidad hasta el uso de herramientas digitales que acerquen el sistema a quienes hist\u00f3ricamente han enfrentado mayores obst\u00e1culos.<\/p>\n\n\n\n<p>Esta semana que se conmemor\u00f3 el D\u00eda Internacional de la Mujer, es oportuno reconocer los avances del Poder Judicial dominicano en la construcci\u00f3n de una justicia m\u00e1s inclusiva, con enfoque de g\u00e9nero y orientada hacia la transformaci\u00f3n digital.<\/p>\n\n\n\n<p>Estos esfuerzos representan pasos fundamentales para promover una aplicaci\u00f3n de la legislaci\u00f3n m\u00e1s justa, accesible y equitativa para todas las personas.<\/p>\n\n\n\n<p>Al mismo tiempo, esta fecha nos convoca a mantener la atenci\u00f3n en los desaf\u00edos pendientes que son determinantes para garantizar plenamente los derechos de las mujeres y las ni\u00f1as y que implican un abordaje multidimensional que articule prevenci\u00f3n, protecci\u00f3n, judicializaci\u00f3n efectiva y empoderamiento, para romper ciclos de revictimizaci\u00f3n y asegurar que las mujeres y ni\u00f1as puedan ejercer plenamente sus derechos.<\/p>\n\n\n\n<p>Eliminar las brechas legales de igualdad y consolidar sistemas de justicia equitativos no solo es indispensable para el desarrollo humano de las mujeres y las ni\u00f1as, sino que constituye un requisito esencial para el progreso de los pa\u00edses.<\/p>\n","protected":false},"excerpt":{"rendered":"<p>Por: Maike Friedrichsen, Embajadora de Alemania en Rep\u00fablica Dominicana y Ana Maria Diaz, Representante Residente, PNUD Rep\u00fablica Dominicana. Cada 8 de marzo se conmemora el D\u00eda Internacional de las Mujeres,&hellip;<\/p>\n","protected":false},"author":10,"featured_media":124550,"comment_status":"open","ping_status":"open","sticky":false,"template":"","format":"standard","meta":{"content-type":"","jetpack_post_was_ever_published":false,"_jetpack_newsletter_access":"","_jetpack_dont_email_post_to_subs":false,"_jetpack_newsletter_tier_id":0,"_jetpack_memberships_contains_paywalled_content":false,"_jetpack_memberships_contains_paid_content":false,"footnotes":""},"categories":[95],"tags":[31151],"class_list":["post-124548","post","type-post","status-publish","format-standard","has-post-thumbnail","hentry","category-opinion","tag-por-un-sistema-juridico-que-no-deje-a-las-mujeres-atras"],"jetpack_featured_media_url":"https:\/\/lasprimeras.com.do\/wp-content\/uploads\/2026\/03\/unnamed-1.png","jetpack-related-posts":[{"id":102898,"url":"https:\/\/lasprimeras.com.do\/index.php\/2025\/07\/09\/terrero-califica-de-aberrante-y-desconsiderado-aprobar-el-codigo-penal-sin-las-tres-causales\/","url_meta":{"origin":124548,"position":0},"title":"Terrero califica de \u201caberrante y desconsiderado\u201d aprobar el C\u00f3digo Penal sin las tres causales","author":"Nelson Feliz","date":"9 de julio de 2025","format":false,"excerpt":"Dice nuevo C\u00f3digo Penal castra derecho a las mujeres dominicanas. El ex diputado y miembro del Comit\u00e9 Central del Partido de la Liberaci\u00f3n Dominicana (PLD), doctor V\u00edctor Manuel Terrero, califico de aberrante y desconsiderado el proyecto de Ley de C\u00f3digo Penal que pretenden aprobar los diputados y senadores este jueves,\u2026","rel":"","context":"En \u00abPOLITICA\u00bb","block_context":{"text":"POLITICA","link":"https:\/\/lasprimeras.com.do\/index.php\/category\/politica\/"},"img":{"alt_text":"","src":"https:\/\/i0.wp.com\/lasprimeras.com.do\/wp-content\/uploads\/2025\/07\/CONGRESO-2.jpg?resize=350%2C200&ssl=1","width":350,"height":200,"srcset":"https:\/\/i0.wp.com\/lasprimeras.com.do\/wp-content\/uploads\/2025\/07\/CONGRESO-2.jpg?resize=350%2C200&ssl=1 1x, https:\/\/i0.wp.com\/lasprimeras.com.do\/wp-content\/uploads\/2025\/07\/CONGRESO-2.jpg?resize=525%2C300&ssl=1 1.5x, https:\/\/i0.wp.com\/lasprimeras.com.do\/wp-content\/uploads\/2025\/07\/CONGRESO-2.jpg?resize=700%2C400&ssl=1 2x"},"classes":[]},{"id":96510,"url":"https:\/\/lasprimeras.com.do\/index.php\/2025\/04\/02\/fp-contradicciones-en-cifras-de-feminicidios-revelan-desorden-del-gobierno-del-prm\/","url_meta":{"origin":124548,"position":1},"title":"FP: Contradicciones en cifras de feminicidios revelan desorden del gobierno del PRM","author":"Nelson Feliz","date":"2 de abril de 2025","format":false,"excerpt":"La Secretar\u00eda de la Mujer del partido Fuerza del Pueblo (FP) denunci\u00f3 la falta de coordinaci\u00f3n y la negligencia del gobierno del PRM ante la crisis de feminicidios que afecta a la Rep\u00fablica Dominicana, y exigi\u00f3 respuestas inmediatas para frenar la violencia contra las mujeres. Las cifras oficiales muestran contradicciones\u2026","rel":"","context":"En \u00abPOLITICA\u00bb","block_context":{"text":"POLITICA","link":"https:\/\/lasprimeras.com.do\/index.php\/category\/politica\/"},"img":{"alt_text":"","src":"https:\/\/i0.wp.com\/lasprimeras.com.do\/wp-content\/uploads\/2025\/04\/Angie-Brooks.jpg?resize=350%2C200&ssl=1","width":350,"height":200,"srcset":"https:\/\/i0.wp.com\/lasprimeras.com.do\/wp-content\/uploads\/2025\/04\/Angie-Brooks.jpg?resize=350%2C200&ssl=1 1x, https:\/\/i0.wp.com\/lasprimeras.com.do\/wp-content\/uploads\/2025\/04\/Angie-Brooks.jpg?resize=525%2C300&ssl=1 1.5x"},"classes":[]},{"id":53158,"url":"https:\/\/lasprimeras.com.do\/index.php\/2023\/06\/23\/gobiernos-de-rd-y-espana-firman-acuerdo-de-lucha-por-los-derechos-de-la-mujer\/","url_meta":{"origin":124548,"position":2},"title":"Gobiernos de RD y Espa\u00f1a firman acuerdo de lucha por los derechos de la mujer","author":"Nelson Feliz","date":"23 de junio de 2023","format":false,"excerpt":"El Memorando de Entendimiento pone en el centro los cuidados y las sociedades de cuidados; la educaci\u00f3n y sensibilizaci\u00f3n en igualdad; la salud integral; las autonom\u00edas de las mujeres; y otras. La ministra de la Mujer en Rep\u00fablica Dominicana, Maira Jim\u00e9nez, y la ministra de la Igualdad en Espa\u00f1a, Irene\u2026","rel":"","context":"En \u00abNACIONALES\u00bb","block_context":{"text":"NACIONALES","link":"https:\/\/lasprimeras.com.do\/index.php\/category\/nacionales\/"},"img":{"alt_text":"","src":"https:\/\/i0.wp.com\/lasprimeras.com.do\/wp-content\/uploads\/2023\/06\/ministra.jpeg?resize=350%2C200&ssl=1","width":350,"height":200,"srcset":"https:\/\/i0.wp.com\/lasprimeras.com.do\/wp-content\/uploads\/2023\/06\/ministra.jpeg?resize=350%2C200&ssl=1 1x, https:\/\/i0.wp.com\/lasprimeras.com.do\/wp-content\/uploads\/2023\/06\/ministra.jpeg?resize=525%2C300&ssl=1 1.5x, https:\/\/i0.wp.com\/lasprimeras.com.do\/wp-content\/uploads\/2023\/06\/ministra.jpeg?resize=700%2C400&ssl=1 2x"},"classes":[]},{"id":103678,"url":"https:\/\/lasprimeras.com.do\/index.php\/2025\/07\/17\/pld-exige-acciones-urgentes-ante-alarmante-aumento-de-feminicidios-en-el-pais\/","url_meta":{"origin":124548,"position":3},"title":"PLD exige acciones urgentes ante alarmante aumento de feminicidios en el pa\u00eds","author":"Nelson Feliz","date":"17 de julio de 2025","format":false,"excerpt":"Cristina Rodr\u00edguez: \u201cLa indiferencia institucional est\u00e1 costando vidas\u201d Ante la alarmante cifra de m\u00e1s de 35 mujeres asesinadas por sus parejas o exparejas en lo que va del a\u00f1o 2025, el Partido de la Liberaci\u00f3n Dominicana (PLD) elev\u00f3 su voz de denuncia y exigencia frente a lo que considera una\u2026","rel":"","context":"En \u00abPOLITICA\u00bb","block_context":{"text":"POLITICA","link":"https:\/\/lasprimeras.com.do\/index.php\/category\/politica\/"},"img":{"alt_text":"","src":"https:\/\/i0.wp.com\/lasprimeras.com.do\/wp-content\/uploads\/2025\/07\/PLD.jpg?resize=350%2C200&ssl=1","width":350,"height":200,"srcset":"https:\/\/i0.wp.com\/lasprimeras.com.do\/wp-content\/uploads\/2025\/07\/PLD.jpg?resize=350%2C200&ssl=1 1x, https:\/\/i0.wp.com\/lasprimeras.com.do\/wp-content\/uploads\/2025\/07\/PLD.jpg?resize=525%2C300&ssl=1 1.5x, https:\/\/i0.wp.com\/lasprimeras.com.do\/wp-content\/uploads\/2025\/07\/PLD.jpg?resize=700%2C400&ssl=1 2x"},"classes":[]},{"id":106345,"url":"https:\/\/lasprimeras.com.do\/index.php\/2025\/08\/13\/margarita-cedeno-expone-en-foro-onu-mujeres\/","url_meta":{"origin":124548,"position":4},"title":"Margarita Cede\u00f1o expone en foro ONU Mujeres","author":"Nelson Feliz","date":"13 de agosto de 2025","format":false,"excerpt":"Exvicepresidenta llama a legislar por sistemas de cuidados que impulsen el desarrollo humano y econ\u00f3mico. La exvicepresidenta de la Rep\u00fablica Dominicana y miembro del Comit\u00e9 Pol\u00edtico del Partido de la Liberaci\u00f3n Dominicana, Margarita Cede\u00f1o, destac\u00f3 la urgencia de reconocer el trabajo de cuidados como un derecho humano, un bien p\u00fablico\u2026","rel":"","context":"En \u00abPOLITICA\u00bb","block_context":{"text":"POLITICA","link":"https:\/\/lasprimeras.com.do\/index.php\/category\/politica\/"},"img":{"alt_text":"","src":"https:\/\/i0.wp.com\/lasprimeras.com.do\/wp-content\/uploads\/2025\/08\/Margarita-ONU.jpg?resize=350%2C200&ssl=1","width":350,"height":200,"srcset":"https:\/\/i0.wp.com\/lasprimeras.com.do\/wp-content\/uploads\/2025\/08\/Margarita-ONU.jpg?resize=350%2C200&ssl=1 1x, https:\/\/i0.wp.com\/lasprimeras.com.do\/wp-content\/uploads\/2025\/08\/Margarita-ONU.jpg?resize=525%2C300&ssl=1 1.5x, https:\/\/i0.wp.com\/lasprimeras.com.do\/wp-content\/uploads\/2025\/08\/Margarita-ONU.jpg?resize=700%2C400&ssl=1 2x"},"classes":[]},{"id":95078,"url":"https:\/\/lasprimeras.com.do\/index.php\/2025\/03\/09\/desgobierno-del-prm-coloca-a-las-mujeres-en-una-situacion-muy-dificil\/","url_meta":{"origin":124548,"position":5},"title":"Desgobierno del PRM coloca a las mujeres en una situaci\u00f3n muy dif\u00edcil","author":"Nelson Feliz","date":"9 de marzo de 2025","format":false,"excerpt":"Instan a trabajar en la organizaci\u00f3n y empoderamiento de las mujeres. La vicepresidenta del Partido de la Liberaci\u00f3n Dominicana (PLD), Zoraima Cuello, inst\u00f3 a las mujeres del PLD a liderar el empoderamiento femenino, promoviendo su incorporaci\u00f3n a la actividad partidaria y luchando siempre junto a los hombres. Durante la conferencia\u2026","rel":"","context":"En \u00abPOLITICA\u00bb","block_context":{"text":"POLITICA","link":"https:\/\/lasprimeras.com.do\/index.php\/category\/politica\/"},"img":{"alt_text":"","src":"https:\/\/i0.wp.com\/lasprimeras.com.do\/wp-content\/uploads\/2025\/03\/pld.jpg?resize=350%2C200&ssl=1","width":350,"height":200,"srcset":"https:\/\/i0.wp.com\/lasprimeras.com.do\/wp-content\/uploads\/2025\/03\/pld.jpg?resize=350%2C200&ssl=1 1x, https:\/\/i0.wp.com\/lasprimeras.com.do\/wp-content\/uploads\/2025\/03\/pld.jpg?resize=525%2C300&ssl=1 1.5x, https:\/\/i0.wp.com\/lasprimeras.com.do\/wp-content\/uploads\/2025\/03\/pld.jpg?resize=700%2C400&ssl=1 2x"},"classes":[]}],"jetpack_sharing_enabled":true,"_links":{"self":[{"href":"https:\/\/lasprimeras.com.do\/index.php\/wp-json\/wp\/v2\/posts\/124548","targetHints":{"allow":["GET"]}}],"collection":[{"href":"https:\/\/lasprimeras.com.do\/index.php\/wp-json\/wp\/v2\/posts"}],"about":[{"href":"https:\/\/lasprimeras.com.do\/index.php\/wp-json\/wp\/v2\/types\/post"}],"author":[{"embeddable":true,"href":"https:\/\/lasprimeras.com.do\/index.php\/wp-json\/wp\/v2\/users\/10"}],"replies":[{"embeddable":true,"href":"https:\/\/lasprimeras.com.do\/index.php\/wp-json\/wp\/v2\/comments?post=124548"}],"version-history":[{"count":1,"href":"https:\/\/lasprimeras.com.do\/index.php\/wp-json\/wp\/v2\/posts\/124548\/revisions"}],"predecessor-version":[{"id":124551,"href":"https:\/\/lasprimeras.com.do\/index.php\/wp-json\/wp\/v2\/posts\/124548\/revisions\/124551"}],"wp:featuredmedia":[{"embeddable":true,"href":"https:\/\/lasprimeras.com.do\/index.php\/wp-json\/wp\/v2\/media\/124550"}],"wp:attachment":[{"href":"https:\/\/lasprimeras.com.do\/index.php\/wp-json\/wp\/v2\/media?parent=124548"}],"wp:term":[{"taxonomy":"category","embeddable":true,"href":"https:\/\/lasprimeras.com.do\/index.php\/wp-json\/wp\/v2\/categories?post=124548"},{"taxonomy":"post_tag","embeddable":true,"href":"https:\/\/lasprimeras.com.do\/index.php\/wp-json\/wp\/v2\/tags?post=124548"}],"curies":[{"name":"wp","href":"https:\/\/api.w.org\/{rel}","templated":true}]}}