{"id":124555,"date":"2026-03-13T21:37:59","date_gmt":"2026-03-14T01:37:59","guid":{"rendered":"https:\/\/lasprimeras.com.do\/?p=124555"},"modified":"2026-03-13T21:38:01","modified_gmt":"2026-03-14T01:38:01","slug":"con-aprecio-marino-beriguete","status":"publish","type":"post","link":"https:\/\/lasprimeras.com.do\/index.php\/2026\/03\/13\/con-aprecio-marino-beriguete\/","title":{"rendered":"Con aprecio, Marino Beriguete"},"content":{"rendered":"\n<p>Por Pablo Vicente<\/p>\n\n\n\n<p>Siempre leo con inter\u00e9s las reflexiones que peri\u00f3dicamente escribe Marino Beriguete, siempre muy atinadas y con gran sentido cr\u00edtico. Su art\u00edculo \u201cNo milito en ning\u00fan partido pol\u00edtico\u201d me invita a pensar y reflexionar sobre el lugar que ocupamos los ciudadanos en la vida democr\u00e1tica del pa\u00eds. <\/p>\n\n\n\n<p>Y debo confesar que en buena medida comprendo \u2014e incluso comparto\u2014 las razones que lo llevan a mantenerse distante de los partidos: en tiempos donde la pol\u00edtica parece m\u00e1s un terreno de intereses que de ideales, esa decisi\u00f3n puede ser una forma leg\u00edtima de preservar la coherencia personal y la independencia del pensamiento.<\/p>\n\n\n\n<p>Es cierto: los partidos han perdido en gran medida su capacidad de inspirar y de convocar desde el ejemplo. <\/p>\n\n\n\n<p>Muchos sienten que la militancia ya no es un espacio de formaci\u00f3n c\u00edvica, sino un campo de disputa por cuotas de poder. Desde esa perspectiva, apartarse puede parecer un acto de lucidez y de prudencia.<\/p>\n\n\n\n<p>Sin embargo, no puedo evitar reflexionar sobre el riesgo de que esa leg\u00edtima distancia se transforme en resignaci\u00f3n. Porque si los que pensamos con \u00e9tica y vocaci\u00f3n p\u00fablica renunciamos a los espacios de incidencia, otros \u2014menos escrupulosos\u2014 ocupar\u00e1n el vac\u00edo. <\/p>\n\n\n\n<p>La indiferencia, aunque selectiva, tambi\u00e9n produce consecuencias.<\/p>\n\n\n\n<p>El desaf\u00edo no est\u00e1 en dejar de militar, sino en redefinir la militancia: no como adhesi\u00f3n ciega, sino como compromiso cr\u00edtico con los valores democr\u00e1ticos, con la rendici\u00f3n de cuentas y con el fortalecimiento institucional. <\/p>\n\n\n\n<p>La pol\u00edtica necesita menos seguidores y m\u00e1s ciudadanos que participen, cuestionen y propongan.<\/p>\n\n\n\n<p>Que la distancia no nos convierta en espectadores. Que la reflexi\u00f3n se traduzca en acci\u00f3n, aunque sea peque\u00f1a. <\/p>\n\n\n\n<p>Que el desencanto no opaque la convicci\u00f3n de que siempre se puede contribuir a mejorar la democracia. Y sobre todo, que sigamos encontrando en las ideas de quienes, como Marino Beriguete, nos invitan a pensar con claridad y valent\u00eda, una gu\u00eda para no abandonar la esperanza.<\/p>\n","protected":false},"excerpt":{"rendered":"<p>Por Pablo Vicente Siempre leo con inter\u00e9s las reflexiones que peri\u00f3dicamente escribe Marino Beriguete, siempre muy atinadas y con gran sentido cr\u00edtico. Su art\u00edculo \u201cNo milito en ning\u00fan partido pol\u00edtico\u201d&hellip;<\/p>\n","protected":false},"author":10,"featured_media":97394,"comment_status":"open","ping_status":"open","sticky":false,"template":"","format":"standard","meta":{"content-type":"","jetpack_post_was_ever_published":false,"_jetpack_newsletter_access":"","_jetpack_dont_email_post_to_subs":false,"_jetpack_newsletter_tier_id":0,"_jetpack_memberships_contains_paywalled_content":false,"_jetpack_memberships_contains_paid_content":false,"footnotes":""},"categories":[95],"tags":[31153,31154],"class_list":["post-124555","post","type-post","status-publish","format-standard","has-post-thumbnail","hentry","category-opinion","tag-con-aprecio","tag-marino-beriguete-2"],"jetpack_featured_media_url":"https:\/\/lasprimeras.com.do\/wp-content\/uploads\/2025\/04\/Pablo-Vicente.jpg","jetpack-related-posts":[{"id":111189,"url":"https:\/\/lasprimeras.com.do\/index.php\/2025\/10\/06\/roberto-angel-salcedo-destaca-proyeccion-internacional-de-escritores-dominicanos-y-reconoce-la-labor-de-marino-beriguete\/","url_meta":{"origin":124555,"position":0},"title":"Roberto \u00c1ngel Salcedo destaca proyecci\u00f3n internacional de escritores dominicanos y reconoce la labor de Marino Berig\u00fcete","author":"Nelson Feliz","date":"6 de octubre de 2025","format":false,"excerpt":"En el marco de la XXVII Feria Internacional del Libro Santo Domingo 2025 (FILSD), el ministro de Cultura, Roberto \u00c1ngel Salcedo, resalt\u00f3 el creciente inter\u00e9s de editoriales extranjeras en la literatura dominicana y reconoci\u00f3 al escritor y poeta Marino Berig\u00fcete como ejemplo de ese avance. \u201cHoy tenemos editoras internacionales que\u2026","rel":"","context":"En \u00abENTRETENIMIENTO\u00bb","block_context":{"text":"ENTRETENIMIENTO","link":"https:\/\/lasprimeras.com.do\/index.php\/category\/entretenimiento\/"},"img":{"alt_text":"","src":"https:\/\/i0.wp.com\/lasprimeras.com.do\/wp-content\/uploads\/2025\/10\/Roberto-Angel-Salcedo-1.jpg?resize=350%2C200&ssl=1","width":350,"height":200,"srcset":"https:\/\/i0.wp.com\/lasprimeras.com.do\/wp-content\/uploads\/2025\/10\/Roberto-Angel-Salcedo-1.jpg?resize=350%2C200&ssl=1 1x, https:\/\/i0.wp.com\/lasprimeras.com.do\/wp-content\/uploads\/2025\/10\/Roberto-Angel-Salcedo-1.jpg?resize=525%2C300&ssl=1 1.5x, https:\/\/i0.wp.com\/lasprimeras.com.do\/wp-content\/uploads\/2025\/10\/Roberto-Angel-Salcedo-1.jpg?resize=700%2C400&ssl=1 2x"},"classes":[]},{"id":126141,"url":"https:\/\/lasprimeras.com.do\/index.php\/2026\/03\/30\/uasd-recinto-barahona-celebra-40-anos-de-trayectoria-literaria-de-marino-beriguete-con-emotivo-recital\/","url_meta":{"origin":124555,"position":1},"title":"UASD recinto Barahona celebra 40 a\u00f1os de trayectoria literaria de Marino Berig\u00fcete con emotivo recital","author":"Nelson Feliz","date":"30 de marzo de 2026","format":false,"excerpt":"La Universidad Aut\u00f3noma de Santo Domingo (UASD), recinto Barahona, en coordinaci\u00f3n con el movimiento literario Cayo Letras al Mar, celebr\u00f3 el 40 aniversario de la obra del escritor barahonero Marino Berig\u00fcete, mediante un recital po\u00e9tico realizado el s\u00e1bado 28 de marzo de 2026 en el Aula Virtual I del recinto.\u2026","rel":"","context":"En \u00abNACIONALES\u00bb","block_context":{"text":"NACIONALES","link":"https:\/\/lasprimeras.com.do\/index.php\/category\/nacionales\/"},"img":{"alt_text":"","src":"https:\/\/i0.wp.com\/lasprimeras.com.do\/wp-content\/uploads\/2026\/03\/IMG-20260330-WA0361.jpg?resize=350%2C200&ssl=1","width":350,"height":200,"srcset":"https:\/\/i0.wp.com\/lasprimeras.com.do\/wp-content\/uploads\/2026\/03\/IMG-20260330-WA0361.jpg?resize=350%2C200&ssl=1 1x, https:\/\/i0.wp.com\/lasprimeras.com.do\/wp-content\/uploads\/2026\/03\/IMG-20260330-WA0361.jpg?resize=525%2C300&ssl=1 1.5x, https:\/\/i0.wp.com\/lasprimeras.com.do\/wp-content\/uploads\/2026\/03\/IMG-20260330-WA0361.jpg?resize=700%2C400&ssl=1 2x, https:\/\/i0.wp.com\/lasprimeras.com.do\/wp-content\/uploads\/2026\/03\/IMG-20260330-WA0361.jpg?resize=1050%2C600&ssl=1 3x, https:\/\/i0.wp.com\/lasprimeras.com.do\/wp-content\/uploads\/2026\/03\/IMG-20260330-WA0361.jpg?resize=1400%2C800&ssl=1 4x"},"classes":[]},{"id":78185,"url":"https:\/\/lasprimeras.com.do\/index.php\/2024\/02\/28\/amplian-investigaciones-en-torno-muerte-de-oficial-en-villa-liberacion\/","url_meta":{"origin":124555,"position":2},"title":"Ampl\u00edan investigaciones en torno muerte de oficial en Villa Liberaci\u00f3n","author":"Nelson Feliz","date":"28 de febrero de 2024","format":false,"excerpt":"-Se solidariza con familiares del segundo teniente militar, Fernando P\u00e9rez Beriguete. Por Martin Restituyo Oficiales policiales, adscritos a la Direcci\u00f3n Central de Investigaci\u00f3n (DICRIM), amplia las investigaciones para establecer circunstancias en que un segundo teniente del Ej\u00e9rcito de la Rep\u00fablica Dominicana (ERD) fue ultimado en medio de un incidente ocurrido\u2026","rel":"","context":"En \u00abMILITARES\u00bb","block_context":{"text":"MILITARES","link":"https:\/\/lasprimeras.com.do\/index.php\/category\/militares\/"},"img":{"alt_text":"Beriguete","src":"https:\/\/i0.wp.com\/lasprimeras.com.do\/wp-content\/uploads\/2024\/02\/Beriguete.jpg?resize=350%2C200&ssl=1","width":350,"height":200,"srcset":"https:\/\/i0.wp.com\/lasprimeras.com.do\/wp-content\/uploads\/2024\/02\/Beriguete.jpg?resize=350%2C200&ssl=1 1x, https:\/\/i0.wp.com\/lasprimeras.com.do\/wp-content\/uploads\/2024\/02\/Beriguete.jpg?resize=525%2C300&ssl=1 1.5x, https:\/\/i0.wp.com\/lasprimeras.com.do\/wp-content\/uploads\/2024\/02\/Beriguete.jpg?resize=700%2C400&ssl=1 2x"},"classes":[]},{"id":50323,"url":"https:\/\/lasprimeras.com.do\/index.php\/2023\/05\/19\/hombre-ultima-de-varios-machetazos-a-su-expareja-en-spm\/","url_meta":{"origin":124555,"position":3},"title":"Hombre ultima de varios machetazos a su expareja en SPM","author":"prenxa100","date":"19 de mayo de 2023","format":false,"excerpt":"Por Jairo De La Rosa@SoySerie23.Com1 SAN PEDRO DE MACOR\u00cdS:- Un hombre identificado como Felix Beriguete de unos 57 a\u00f1os, le quit\u00f3 la vida a una mujer de nacionalidad Haitiana con la cual sostuvo una relaci\u00f3n amorosa y hace unos meses hab\u00edan terminado. Beriguete se dedica a la carnicer\u00eda en el\u2026","rel":"","context":"En \u00abNACIONALES\u00bb","block_context":{"text":"NACIONALES","link":"https:\/\/lasprimeras.com.do\/index.php\/category\/nacionales\/"},"img":{"alt_text":"","src":"","width":0,"height":0},"classes":[]},{"id":81144,"url":"https:\/\/lasprimeras.com.do\/index.php\/2024\/04\/17\/policia-arresta-hombre-por-robo-dentro-de-residencia-en-bonao\/","url_meta":{"origin":124555,"position":4},"title":"Polic\u00eda arresta hombre por robo dentro de residencia en Bonao","author":"BIMARY DE JES\u00daS Matos","date":"17 de abril de 2024","format":false,"excerpt":"Santo Domingo.-Agentes policiales, adscritos a la Subdirecci\u00f3n de Investigaci\u00f3n (DICRIM), del sector Palmarito, del municipio de Bonao, provincia Monse\u00f1or Nouel, apresaron a un hombre luego que una multitud le fuera encima por haber penetrado en una residencia en esa zona, en la que sustrajo dinero en efectivo, prendas, celulares, entre\u2026","rel":"","context":"En \u00abNACIONALES\u00bb","block_context":{"text":"NACIONALES","link":"https:\/\/lasprimeras.com.do\/index.php\/category\/nacionales\/"},"img":{"alt_text":"","src":"https:\/\/i0.wp.com\/lasprimeras.com.do\/wp-content\/uploads\/2024\/04\/6C3C6057-F241-4355-987F-F92FF9FDEC39.jpeg?resize=350%2C200&ssl=1","width":350,"height":200,"srcset":"https:\/\/i0.wp.com\/lasprimeras.com.do\/wp-content\/uploads\/2024\/04\/6C3C6057-F241-4355-987F-F92FF9FDEC39.jpeg?resize=350%2C200&ssl=1 1x, https:\/\/i0.wp.com\/lasprimeras.com.do\/wp-content\/uploads\/2024\/04\/6C3C6057-F241-4355-987F-F92FF9FDEC39.jpeg?resize=525%2C300&ssl=1 1.5x, https:\/\/i0.wp.com\/lasprimeras.com.do\/wp-content\/uploads\/2024\/04\/6C3C6057-F241-4355-987F-F92FF9FDEC39.jpeg?resize=700%2C400&ssl=1 2x"},"classes":[]},{"id":53647,"url":"https:\/\/lasprimeras.com.do\/index.php\/2023\/06\/29\/en-residencial-carmen-maria-reclaman-a-la-caasd-mejoria-en-suministro-de-agua\/","url_meta":{"origin":124555,"position":5},"title":"En Residencial Carmen Mar\u00eda reclaman a la CAASD mejor\u00eda en suministro de agua","author":"Nelson Feliz","date":"29 de junio de 2023","format":false,"excerpt":"Residentes del residencial Carmen Mar\u00eda I, ubicado por la avenida Rep\u00fablica de Colombia, denunciaron que solo reciben el servicio de agua un d\u00eda a la semana, los mi\u00e9rcoles, esta fue reducida en forma dr\u00e1stica. Melvin de Le\u00f3n, Felipe Mora y Carlos Berig\u00fcete, directivos de la junta de vecinos del residencial,\u2026","rel":"","context":"En \u00abNACIONALES\u00bb","block_context":{"text":"NACIONALES","link":"https:\/\/lasprimeras.com.do\/index.php\/category\/nacionales\/"},"img":{"alt_text":"","src":"https:\/\/i0.wp.com\/lasprimeras.com.do\/wp-content\/uploads\/2023\/06\/llave-de-agua.jpg?resize=350%2C200&ssl=1","width":350,"height":200,"srcset":"https:\/\/i0.wp.com\/lasprimeras.com.do\/wp-content\/uploads\/2023\/06\/llave-de-agua.jpg?resize=350%2C200&ssl=1 1x, https:\/\/i0.wp.com\/lasprimeras.com.do\/wp-content\/uploads\/2023\/06\/llave-de-agua.jpg?resize=525%2C300&ssl=1 1.5x, https:\/\/i0.wp.com\/lasprimeras.com.do\/wp-content\/uploads\/2023\/06\/llave-de-agua.jpg?resize=700%2C400&ssl=1 2x"},"classes":[]}],"jetpack_sharing_enabled":true,"_links":{"self":[{"href":"https:\/\/lasprimeras.com.do\/index.php\/wp-json\/wp\/v2\/posts\/124555","targetHints":{"allow":["GET"]}}],"collection":[{"href":"https:\/\/lasprimeras.com.do\/index.php\/wp-json\/wp\/v2\/posts"}],"about":[{"href":"https:\/\/lasprimeras.com.do\/index.php\/wp-json\/wp\/v2\/types\/post"}],"author":[{"embeddable":true,"href":"https:\/\/lasprimeras.com.do\/index.php\/wp-json\/wp\/v2\/users\/10"}],"replies":[{"embeddable":true,"href":"https:\/\/lasprimeras.com.do\/index.php\/wp-json\/wp\/v2\/comments?post=124555"}],"version-history":[{"count":1,"href":"https:\/\/lasprimeras.com.do\/index.php\/wp-json\/wp\/v2\/posts\/124555\/revisions"}],"predecessor-version":[{"id":124556,"href":"https:\/\/lasprimeras.com.do\/index.php\/wp-json\/wp\/v2\/posts\/124555\/revisions\/124556"}],"wp:featuredmedia":[{"embeddable":true,"href":"https:\/\/lasprimeras.com.do\/index.php\/wp-json\/wp\/v2\/media\/97394"}],"wp:attachment":[{"href":"https:\/\/lasprimeras.com.do\/index.php\/wp-json\/wp\/v2\/media?parent=124555"}],"wp:term":[{"taxonomy":"category","embeddable":true,"href":"https:\/\/lasprimeras.com.do\/index.php\/wp-json\/wp\/v2\/categories?post=124555"},{"taxonomy":"post_tag","embeddable":true,"href":"https:\/\/lasprimeras.com.do\/index.php\/wp-json\/wp\/v2\/tags?post=124555"}],"curies":[{"name":"wp","href":"https:\/\/api.w.org\/{rel}","templated":true}]}}