{"id":124557,"date":"2026-03-13T21:44:40","date_gmt":"2026-03-14T01:44:40","guid":{"rendered":"https:\/\/lasprimeras.com.do\/?p=124557"},"modified":"2026-03-13T21:44:42","modified_gmt":"2026-03-14T01:44:42","slug":"moda-dominicana-brillara-en-a-la-carta-fashion-show-2026","status":"publish","type":"post","link":"https:\/\/lasprimeras.com.do\/index.php\/2026\/03\/13\/moda-dominicana-brillara-en-a-la-carta-fashion-show-2026\/","title":{"rendered":"Moda dominicana brillar\u00e1 en a la Carta Fashion Show 2026"},"content":{"rendered":"\n<p><strong>Empresaria dominicana Pen\u00e9lope Ventura impulsa la moda dominicana en Florida; Merky D\u00edaz presentar\u00e1 colecci\u00f3n y anuncian expansi\u00f3n de A La Carta Fashion Show a Punta Cana<\/strong><\/p>\n\n\n\n<p><strong>Orlando, Florida. \u2013\u00a0<\/strong>La moda dominicana contin\u00faa ganando protagonismo en escenarios internacionales gracias a iniciativas lideradas por talento del pa\u00eds. <\/p>\n\n\n\n<p>La empresaria y fashionista dominicana Pen\u00e9lope Ventura, creadora de la plataforma\u00a0<strong>\u201cA La Carta Fashion Show\u201d<\/strong>, anunci\u00f3 importantes novedades para su edici\u00f3n 2026, incluyendo la participaci\u00f3n de la dise\u00f1adora dominicana Melkis D\u00edaz y la expansi\u00f3n del evento hacia Punta Cana, en Rep\u00fablica Dominicana.<\/p>\n\n\n\n<p>Su sexta edici\u00f3n ser\u00e1 este 29 de marzo en una majestuosa mansi\u00f3n en el centro de la Florida, el cual celebra anualmente en Orlando, donde se ha consolidado como una vitrina internacional para dise\u00f1adores latinoamericanos y especialmente para el talento dominicano.<\/p>\n\n\n\n<p>Este a\u00f1o contar\u00e1 adem\u00e1s con la conducci\u00f3n de la reconocida comunicadora dominicana Luz Garc\u00eda, una de las figuras m\u00e1s influyentes de la televisi\u00f3n y la moda en la Rep\u00fablica Dominicana.<\/p>\n\n\n\n<p>Desde su creaci\u00f3n,\u00a0A La\u00a0Carta Fashion Show ha servido como una importante plataforma para dise\u00f1adores dominicanos en Estados Unidos. <\/p>\n\n\n\n<p>En cinco ocasiones ha presentado las colecciones de la reconocida dise\u00f1adora Giannina Azar, adem\u00e1s de contar con la participaci\u00f3n de destacados dise\u00f1adores del pa\u00eds como Leonel Lirio, Vladimir Jim\u00e9nez, Eddy Rambaldy y Benito Antonio, quienes han llevado la creatividad dominicana a pasarelas internacionales.<\/p>\n\n\n\n<p>La participaci\u00f3n de la dise\u00f1adora Melkis D\u00edaz en la edici\u00f3n 2026 reafirma la creciente proyecci\u00f3n global de la moda dominicana y su posicionamiento dentro de la industria internacional.<\/p>\n\n\n\n<p>Como parte de la proyecci\u00f3n medi\u00e1tica del evento, contar\u00e1 con la cobertura exclusiva de la plataforma internacional de moda Fashion Freak, que se encargar\u00e1 de documentar y difundir este importante momento junto a otros medios nacionales e internacionales.\u00a0<\/p>\n\n\n\n<p>La estrategia de comunicaci\u00f3n y cobertura medi\u00e1tica del evento est\u00e1 a cargo de PG Media Publishing, agencia dirigida por la periodista dominicana Gheidy de la Cruz, fortaleciendo as\u00ed la presencia dominicana en la proyecci\u00f3n internacional del evento.<\/p>\n\n\n\n<p><strong>Expansi\u00f3n de la plataforma hacia Rep\u00fablica Dominicana<\/strong><\/p>\n\n\n\n<p>Pen\u00e9lope Ventura, conocida como \u201cPen\u00e9lope Fashion&#8221;, anunci\u00f3 que A La Carta Fashion Show dar\u00e1 un paso importante en su crecimiento internacional este a\u00f1o con la realizaci\u00f3n de una pasarela en Punta Cana el pr\u00f3ximo mes de junio, con el objetivo de conectar la moda del Caribe con el mercado internacional y consolidar a la Rep\u00fablica Dominicana como un destino para eventos de moda de alto nivel.<\/p>\n\n\n\n<p>El A La Carta Fashion Show 2026 se celebrar\u00e1 en el elegante Luxmore Grande Estate, en Orlando, donde dise\u00f1adores, empresarios, influencers y representantes de medios vivir\u00e1n una experiencia que fusiona moda, negocios y proyecci\u00f3n cultural. <\/p>\n\n\n\n<p>Adem\u00e1s de la dise\u00f1adora Melkis D\u00edaz, confirm\u00f3 la participaci\u00f3n de destacados dise\u00f1adores invitados que presentar\u00e1n sus colecciones entre ellos: Douglas Tapia de Venezuela; Dr. Bling \u2013 Estados Unidos (dise\u00f1ador emergente) y Karina Couture \u2013 Florida<\/p>\n\n\n\n<p>Con cada edici\u00f3n, esta plataforma contin\u00faa posicion\u00e1ndose como un puente entre el talento latino y el mercado internacional, destacando especialmente el impacto del talento dominicano en la industria global de la moda.<\/p>\n\n\n\n<p>Para conocer m\u00e1s detalles puede visitar&nbsp;<a href=\"http:\/\/www.alacartafashionshow.com\/\" target=\"_blank\" rel=\"noreferrer noopener\">www.alacartafashionshow.com<\/a>&nbsp;o seguirnos en nuestra redes sociales&nbsp;<a>@alacartafashionshow.<\/a><\/p>\n","protected":false},"excerpt":{"rendered":"<p>Empresaria dominicana Pen\u00e9lope Ventura impulsa la moda dominicana en Florida; Merky D\u00edaz presentar\u00e1 colecci\u00f3n y anuncian expansi\u00f3n de A La Carta Fashion Show a Punta Cana Orlando, Florida. \u2013\u00a0La moda&hellip;<\/p>\n","protected":false},"author":10,"featured_media":124558,"comment_status":"open","ping_status":"open","sticky":false,"template":"","format":"standard","meta":{"content-type":"","jetpack_post_was_ever_published":false,"_jetpack_newsletter_access":"","_jetpack_dont_email_post_to_subs":false,"_jetpack_newsletter_tier_id":0,"_jetpack_memberships_contains_paywalled_content":false,"_jetpack_memberships_contains_paid_content":false,"footnotes":""},"categories":[84],"tags":[31155],"class_list":["post-124557","post","type-post","status-publish","format-standard","has-post-thumbnail","hentry","category-entretenimiento","tag-carta-fashion-show-2026"],"jetpack_featured_media_url":"https:\/\/lasprimeras.com.do\/wp-content\/uploads\/2026\/03\/Foto-2.jpg","jetpack-related-posts":[{"id":62497,"url":"https:\/\/lasprimeras.com.do\/index.php\/2023\/10\/05\/j-balvin-prendera-fuego-al-escenario-durante-el-show-de-los-latin-american-fashion-awards\/","url_meta":{"origin":124557,"position":0},"title":"J Balvin prender\u00e1 fuego al escenario durante el show de los Latin American Fashion Awards","author":"Nelson Feliz","date":"5 de octubre de 2023","format":false,"excerpt":"Las entradas est\u00e1n disponibles a la venta en UEPA Ticket Latin American Fashion Awards, el evento de moda sin precedentes en la regi\u00f3n, fundado por dos legendarias de la moda y expertas creativas, Constanza Etro y Silvia Arg\u00fcello, anuncia a la estrella internacional\u00a0J Balvin como \u201c\u00cdcono Latino de Moda del\u2026","rel":"","context":"En \u00abENTRETENIMIENTO\u00bb","block_context":{"text":"ENTRETENIMIENTO","link":"https:\/\/lasprimeras.com.do\/index.php\/category\/entretenimiento\/"},"img":{"alt_text":"J BALVIN x Latin American Fashion Awards","src":"https:\/\/i0.wp.com\/lasprimeras.com.do\/wp-content\/uploads\/2023\/10\/J-BALVIN-x-Latin-American-Fashion-Awards.jpg?resize=350%2C200&ssl=1","width":350,"height":200,"srcset":"https:\/\/i0.wp.com\/lasprimeras.com.do\/wp-content\/uploads\/2023\/10\/J-BALVIN-x-Latin-American-Fashion-Awards.jpg?resize=350%2C200&ssl=1 1x, https:\/\/i0.wp.com\/lasprimeras.com.do\/wp-content\/uploads\/2023\/10\/J-BALVIN-x-Latin-American-Fashion-Awards.jpg?resize=525%2C300&ssl=1 1.5x, https:\/\/i0.wp.com\/lasprimeras.com.do\/wp-content\/uploads\/2023\/10\/J-BALVIN-x-Latin-American-Fashion-Awards.jpg?resize=700%2C400&ssl=1 2x"},"classes":[]},{"id":62620,"url":"https:\/\/lasprimeras.com.do\/index.php\/2023\/10\/06\/j-balvin-se-presentara-durante-show-de-los-latin-american-fashion-awards-en-altos-de-chavon\/","url_meta":{"origin":124557,"position":1},"title":"J Balvin se presentar\u00e1 durante show de los Latin American Fashion Awards en Altos de Chav\u00f3n","author":"BIMARY DE JES\u00daS Matos","date":"6 de octubre de 2023","format":false,"excerpt":"Santo Domingo.-Latin American Fashion Awards, el evento de moda fundado por dos especialista de moda y expertas creativas, Constanza Etro y Silvia Arg\u00fcello, anuncia a la estrella internacional J Balvin como \"\u00cdcono Latino de Moda del A\u00f1o\". El reconocido artista internacional se presentar\u00e1 en el escenario de Altos Chav\u00f3n el\u2026","rel":"","context":"En \u00abENTRETENIMIENTO\u00bb","block_context":{"text":"ENTRETENIMIENTO","link":"https:\/\/lasprimeras.com.do\/index.php\/category\/entretenimiento\/"},"img":{"alt_text":"","src":"https:\/\/i0.wp.com\/lasprimeras.com.do\/wp-content\/uploads\/2023\/10\/WhatsApp-Image-2023-10-05-at-9.43.40-PM-1.jpeg?resize=350%2C200&ssl=1","width":350,"height":200,"srcset":"https:\/\/i0.wp.com\/lasprimeras.com.do\/wp-content\/uploads\/2023\/10\/WhatsApp-Image-2023-10-05-at-9.43.40-PM-1.jpeg?resize=350%2C200&ssl=1 1x, https:\/\/i0.wp.com\/lasprimeras.com.do\/wp-content\/uploads\/2023\/10\/WhatsApp-Image-2023-10-05-at-9.43.40-PM-1.jpeg?resize=525%2C300&ssl=1 1.5x, https:\/\/i0.wp.com\/lasprimeras.com.do\/wp-content\/uploads\/2023\/10\/WhatsApp-Image-2023-10-05-at-9.43.40-PM-1.jpeg?resize=700%2C400&ssl=1 2x"},"classes":[]},{"id":127270,"url":"https:\/\/lasprimeras.com.do\/index.php\/2026\/04\/09\/eco-fashionista-revela-detalles-de-su-3ra-edicion\/","url_meta":{"origin":124557,"position":2},"title":"Eco Fashionista revela detalles de su 3ra edici\u00f3n","author":"Nelson Feliz","date":"9 de abril de 2026","format":false,"excerpt":"Dise\u00f1adores, artistas y organizadores destacan la moda sostenible como eje central del evento La plataforma Eco Fashionista present\u00f3 oficialmente los detalles de su tercera edici\u00f3n durante una rueda de prensa en la que reafirm\u00f3 su compromiso con la moda sostenible y el impulso del talento joven. El encuentro realizado en\u2026","rel":"","context":"En \u00abENTRETENIMIENTO\u00bb","block_context":{"text":"ENTRETENIMIENTO","link":"https:\/\/lasprimeras.com.do\/index.php\/category\/entretenimiento\/"},"img":{"alt_text":"Eco Fashionista","src":"https:\/\/i0.wp.com\/lasprimeras.com.do\/wp-content\/uploads\/2026\/04\/Eco-Fashionista.jpg?resize=350%2C200&ssl=1","width":350,"height":200,"srcset":"https:\/\/i0.wp.com\/lasprimeras.com.do\/wp-content\/uploads\/2026\/04\/Eco-Fashionista.jpg?resize=350%2C200&ssl=1 1x, https:\/\/i0.wp.com\/lasprimeras.com.do\/wp-content\/uploads\/2026\/04\/Eco-Fashionista.jpg?resize=525%2C300&ssl=1 1.5x, https:\/\/i0.wp.com\/lasprimeras.com.do\/wp-content\/uploads\/2026\/04\/Eco-Fashionista.jpg?resize=700%2C400&ssl=1 2x"},"classes":[]},{"id":62392,"url":"https:\/\/lasprimeras.com.do\/index.php\/2023\/10\/04\/j-balvin-estara-presente-en-los-latin-american-fashion-awards-en-chavon\/","url_meta":{"origin":124557,"position":3},"title":"J Balvin estar\u00e1 presente en los Latin American Fashion Awards en Chav\u00f3n","author":"BIMARY DE JES\u00daS Matos","date":"4 de octubre de 2023","format":false,"excerpt":"La Romana.- Latin American Fashion Awards, el evento de moda sin precedentes en la regi\u00f3n, fundado por dos legendarias de la moda y expertas creativas, Constanza Etro y Silvia Arg\u00fcello, anuncia a la estrella internacional J Balvin como \u201c\u00cdcono Latino de Moda del A\u00f1o\u201d. El reconocido artista internacional prender\u00e1 fuego\u2026","rel":"","context":"En \u00abENTRETENIMIENTO\u00bb","block_context":{"text":"ENTRETENIMIENTO","link":"https:\/\/lasprimeras.com.do\/index.php\/category\/entretenimiento\/"},"img":{"alt_text":"","src":"https:\/\/i0.wp.com\/lasprimeras.com.do\/wp-content\/uploads\/2023\/10\/WhatsApp-Image-2023-10-04-at-5.20.12-PM-1.jpeg?resize=350%2C200&ssl=1","width":350,"height":200,"srcset":"https:\/\/i0.wp.com\/lasprimeras.com.do\/wp-content\/uploads\/2023\/10\/WhatsApp-Image-2023-10-04-at-5.20.12-PM-1.jpeg?resize=350%2C200&ssl=1 1x, https:\/\/i0.wp.com\/lasprimeras.com.do\/wp-content\/uploads\/2023\/10\/WhatsApp-Image-2023-10-04-at-5.20.12-PM-1.jpeg?resize=525%2C300&ssl=1 1.5x"},"classes":[]},{"id":90259,"url":"https:\/\/lasprimeras.com.do\/index.php\/2024\/10\/17\/premium-class-modeling-academy-brilla-durante-su-debut-en-el-rd-fashion-week-2024\/","url_meta":{"origin":124557,"position":4},"title":"Premium Class Modeling Academy brilla durante su debut en el RD Fashion Week 2024","author":"Nelson Feliz","date":"17 de octubre de 2024","format":false,"excerpt":"La agencia de modelaje Premium Class Modeling Academy consolid\u00f3 su presencia en la industria de la moda dominicana al debutar en la reciente edici\u00f3n del RD Fashion Week 2024. Con una destacada participaci\u00f3n de m\u00e1s de 70 modelos, la academia dirigida por la destacada modelo y reina de belleza Mayra\u2026","rel":"","context":"En \u00abENTRETENIMIENTO\u00bb","block_context":{"text":"ENTRETENIMIENTO","link":"https:\/\/lasprimeras.com.do\/index.php\/category\/entretenimiento\/"},"img":{"alt_text":"","src":"https:\/\/i0.wp.com\/lasprimeras.com.do\/wp-content\/uploads\/2024\/10\/Mayra-Delgado-.jpg?resize=350%2C200&ssl=1","width":350,"height":200,"srcset":"https:\/\/i0.wp.com\/lasprimeras.com.do\/wp-content\/uploads\/2024\/10\/Mayra-Delgado-.jpg?resize=350%2C200&ssl=1 1x, https:\/\/i0.wp.com\/lasprimeras.com.do\/wp-content\/uploads\/2024\/10\/Mayra-Delgado-.jpg?resize=525%2C300&ssl=1 1.5x, https:\/\/i0.wp.com\/lasprimeras.com.do\/wp-content\/uploads\/2024\/10\/Mayra-Delgado-.jpg?resize=700%2C400&ssl=1 2x"},"classes":[]},{"id":61672,"url":"https:\/\/lasprimeras.com.do\/index.php\/2023\/09\/29\/latin-american-fashion-awards-da-una-segunda-vida-a-casa-weber-en-la-zona-colonial\/","url_meta":{"origin":124557,"position":5},"title":"Lat\u00edn American Fashion Awards da una segunda vida a Casa Weber en la Zona Colonial","author":"Nelson Feliz","date":"29 de septiembre de 2023","format":false,"excerpt":"Lat\u00edn\u00a0American\u00a0Fashion\u00a0Awards,\u00a0el evento de moda sin precedentes en la regi\u00f3n, fundado por\u00a0Constanza Etro\u00a0y\u00a0Silvia Arg\u00fcello, celebra\u00a0Rep\u00fablica Dominicana\u00a0como pa\u00eds anfitri\u00f3n reviviendo la hist\u00f3rica\u00a0Casa Weber\u00a0en la Zona Colonial en Santo Domingo.\u00a0 \u201cSiguiendo el esp\u00edritu cultural y vanguardista de la original Casa Weber, nuestra misi\u00f3n es devolver al pa\u00eds anfitri\u00f3n un espacio cultural de alcance\u2026","rel":"","context":"En \u00abENTRETENIMIENTO\u00bb","block_context":{"text":"ENTRETENIMIENTO","link":"https:\/\/lasprimeras.com.do\/index.php\/category\/entretenimiento\/"},"img":{"alt_text":"","src":"https:\/\/i0.wp.com\/lasprimeras.com.do\/wp-content\/uploads\/2023\/09\/Constanza-Etro-Amelia-Vicini-Silvia-Arguello-y-Manuel-Diez-Cabral.jpg?resize=350%2C200&ssl=1","width":350,"height":200,"srcset":"https:\/\/i0.wp.com\/lasprimeras.com.do\/wp-content\/uploads\/2023\/09\/Constanza-Etro-Amelia-Vicini-Silvia-Arguello-y-Manuel-Diez-Cabral.jpg?resize=350%2C200&ssl=1 1x, https:\/\/i0.wp.com\/lasprimeras.com.do\/wp-content\/uploads\/2023\/09\/Constanza-Etro-Amelia-Vicini-Silvia-Arguello-y-Manuel-Diez-Cabral.jpg?resize=525%2C300&ssl=1 1.5x, https:\/\/i0.wp.com\/lasprimeras.com.do\/wp-content\/uploads\/2023\/09\/Constanza-Etro-Amelia-Vicini-Silvia-Arguello-y-Manuel-Diez-Cabral.jpg?resize=700%2C400&ssl=1 2x"},"classes":[]}],"jetpack_sharing_enabled":true,"_links":{"self":[{"href":"https:\/\/lasprimeras.com.do\/index.php\/wp-json\/wp\/v2\/posts\/124557","targetHints":{"allow":["GET"]}}],"collection":[{"href":"https:\/\/lasprimeras.com.do\/index.php\/wp-json\/wp\/v2\/posts"}],"about":[{"href":"https:\/\/lasprimeras.com.do\/index.php\/wp-json\/wp\/v2\/types\/post"}],"author":[{"embeddable":true,"href":"https:\/\/lasprimeras.com.do\/index.php\/wp-json\/wp\/v2\/users\/10"}],"replies":[{"embeddable":true,"href":"https:\/\/lasprimeras.com.do\/index.php\/wp-json\/wp\/v2\/comments?post=124557"}],"version-history":[{"count":1,"href":"https:\/\/lasprimeras.com.do\/index.php\/wp-json\/wp\/v2\/posts\/124557\/revisions"}],"predecessor-version":[{"id":124559,"href":"https:\/\/lasprimeras.com.do\/index.php\/wp-json\/wp\/v2\/posts\/124557\/revisions\/124559"}],"wp:featuredmedia":[{"embeddable":true,"href":"https:\/\/lasprimeras.com.do\/index.php\/wp-json\/wp\/v2\/media\/124558"}],"wp:attachment":[{"href":"https:\/\/lasprimeras.com.do\/index.php\/wp-json\/wp\/v2\/media?parent=124557"}],"wp:term":[{"taxonomy":"category","embeddable":true,"href":"https:\/\/lasprimeras.com.do\/index.php\/wp-json\/wp\/v2\/categories?post=124557"},{"taxonomy":"post_tag","embeddable":true,"href":"https:\/\/lasprimeras.com.do\/index.php\/wp-json\/wp\/v2\/tags?post=124557"}],"curies":[{"name":"wp","href":"https:\/\/api.w.org\/{rel}","templated":true}]}}