{"id":124560,"date":"2026-03-13T21:51:35","date_gmt":"2026-03-14T01:51:35","guid":{"rendered":"https:\/\/lasprimeras.com.do\/?p=124560"},"modified":"2026-03-13T21:51:37","modified_gmt":"2026-03-14T01:51:37","slug":"banreservas-reafirma-su-respaldo-al-arte-y-la-cultura-como-patrocinador-de-premios-soberano-2026","status":"publish","type":"post","link":"https:\/\/lasprimeras.com.do\/index.php\/2026\/03\/13\/banreservas-reafirma-su-respaldo-al-arte-y-la-cultura-como-patrocinador-de-premios-soberano-2026\/","title":{"rendered":"Banreservas reafirma su respaldo al arte y la cultura como patrocinador de Premios Soberano 2026"},"content":{"rendered":"\n<p><strong>La instituci\u00f3n permitir\u00e1 que clientes y colaboradores vivan la experiencia de la premiaci\u00f3n como verdaderas estrellas del entretenimiento<\/strong><\/p>\n\n\n\n<p>El Banco de Reservas reiter\u00f3 su compromiso con el impulso del arte y la cultura dominicana al anunciar su participaci\u00f3n como patrocinador de la edici\u00f3n 2026 de Premios Soberano, el principal galard\u00f3n que reconoce el talento y la trayectoria de los artistas y comunicadores del pa\u00eds.<\/p>\n\n\n\n<p>El presidente ejecutivo de Banreservas, doctor Leonardo Aguilera, expres\u00f3 que el apoyo a Premios Soberano forma parte de la visi\u00f3n del banco de impulsar las expresiones culturales que representan la identidad dominicana.<\/p>\n\n\n\n<p>\u201cDesde el Banco de Reservas, el banco de todos los dominicanos, estamos comprometidos con promover lo mejor de la cultura y el arte hecho por y para los dominicanos. Nuestros artistas y comunicadores siempre tendr\u00e1n en Banreservas una casa que respalde su talento y su contribuci\u00f3n al desarrollo cultural del pa\u00eds\u201d, manifest\u00f3 Aguilera.<\/p>\n\n\n\n<p>El ejecutivo agreg\u00f3 que apoyar Premios Soberano y a sus organizadores, la Asociaci\u00f3n de Cronistas de Arte (Acroarte), es tambi\u00e9n una manera de reconocer el esfuerzo de generaciones de artistas, productores, comunicadores y t\u00e9cnicos que con su trabajo proyectan la creatividad dominicana dentro y fuera del pa\u00eds.<\/p>\n\n\n\n<p>Como parte de este respaldo a la ceremonia, que se celebrar\u00e1 el pr\u00f3ximo 18 de marzo bajo la producci\u00f3n de C\u00e9sar Su\u00e1rez Jr., Banreservas desarrollar\u00e1 una experiencia especial que permitir\u00e1 a una pareja de clientes y a colaboradores de la instituci\u00f3n vivir la premiaci\u00f3n como verdaderas estrellas del entretenimiento, disfrutando de manera presencial de todos los momentos de la gala.<\/p>\n\n\n\n<p>Los seleccionados tendr\u00e1n la oportunidad de vivir una experiencia completa que incluir\u00e1 asesor\u00eda de estilismo, vestuario, preparaci\u00f3n previa y acceso a la alfombra roja, donde desfilar\u00e1n junto a los artistas y personalidades nominadas, adem\u00e1s de disfrutar la ceremonia desde el interior del Teatro Nacional Eduardo Brito.<\/p>\n\n\n\n<p>Aguilera destac\u00f3 que este apoyo al sector art\u00edstico tambi\u00e9n se refleja en iniciativas impulsadas durante su gesti\u00f3n, como la inauguraci\u00f3n del Centro Cultural Banreservas Santiago, en la Zona Norte, espacio que desde el pasado mes de noviembre permanece abierto al p\u00fablico con una programaci\u00f3n permanente de exposiciones, conciertos, presentaciones art\u00edsticas y actividades culturales.<\/p>\n\n\n\n<p>Este centro cultural se ha convertido en un punto de encuentro para la promoci\u00f3n del talento dominicano, permitiendo que ciudadanos y visitantes extranjeros puedan disfrutar de la m\u00fasica, las artes visuales y las obras de destacados artistas criollos, fortaleciendo el acceso a la cultura y el desarrollo de la industria creativa nacional.<\/p>\n\n\n\n<p>Premios Soberano, organizados por la Asociaci\u00f3n de Cronistas de Arte (Acroarte), constituyen el reconocimiento m\u00e1s importante a la industria del entretenimiento en la Rep\u00fablica Dominicana, distinguiendo cada a\u00f1o a artistas de la m\u00fasica, la televisi\u00f3n, el cine, el teatro y otras \u00e1reas de la cultura.<\/p>\n","protected":false},"excerpt":{"rendered":"<p>La instituci\u00f3n permitir\u00e1 que clientes y colaboradores vivan la experiencia de la premiaci\u00f3n como verdaderas estrellas del entretenimiento El Banco de Reservas reiter\u00f3 su compromiso con el impulso del arte&hellip;<\/p>\n","protected":false},"author":10,"featured_media":124561,"comment_status":"open","ping_status":"open","sticky":false,"template":"","format":"standard","meta":{"content-type":"","jetpack_post_was_ever_published":false,"_jetpack_newsletter_access":"","_jetpack_dont_email_post_to_subs":false,"_jetpack_newsletter_tier_id":0,"_jetpack_memberships_contains_paywalled_content":false,"_jetpack_memberships_contains_paid_content":false,"footnotes":""},"categories":[84,25],"tags":[14298,726,1835,5470,30055],"class_list":["post-124560","post","type-post","status-publish","format-standard","has-post-thumbnail","hentry","category-entretenimiento","category-portada","tag-arte","tag-banreservas","tag-cultura","tag-patrocinador","tag-premios-soberano-2026"],"jetpack_featured_media_url":"https:\/\/lasprimeras.com.do\/wp-content\/uploads\/2026\/03\/Leonardo-Aguiler.jpg","jetpack-related-posts":[{"id":119322,"url":"https:\/\/lasprimeras.com.do\/index.php\/2026\/01\/11\/banreservas-y-la-embajada-dominicana-ante-la-santa-sede-clausuran-rutas-de-esperanza-tras-dos-meses-de-exhibicion-en-roma\/","url_meta":{"origin":124560,"position":0},"title":"Banreservas y la Embajada dominicana ante la Santa Sede clausuran Rutas de Esperanza tras dos meses de exhibici\u00f3n en Roma","author":"Nelson Feliz","date":"11 de enero de 2026","format":false,"excerpt":"Julia\u0301n Kunhardt, Alieska Di\u0301az, Vi\u0301ctor Sua\u0301rez, Melanio Guzma\u0301n y el padre Rafael Antonio Pen\u0303a","rel":"","context":"En \u00abENTRETENIMIENTO\u00bb","block_context":{"text":"ENTRETENIMIENTO","link":"https:\/\/lasprimeras.com.do\/index.php\/category\/entretenimiento\/"},"img":{"alt_text":"Julia\u0301n Kunhardt, Alieska Di\u0301az, Vi\u0301ctor Sua\u0301rez, Janette Ma\u0301rquez y Melanio Guzma\u0301n","src":"https:\/\/i0.wp.com\/lasprimeras.com.do\/wp-content\/uploads\/2026\/01\/Julian-Kunhardt-Alieska-Diaz-Victor-Suarez-Janette-Marquez-y-Melanio-Guzman.jpg?resize=350%2C200&ssl=1","width":350,"height":200,"srcset":"https:\/\/i0.wp.com\/lasprimeras.com.do\/wp-content\/uploads\/2026\/01\/Julian-Kunhardt-Alieska-Diaz-Victor-Suarez-Janette-Marquez-y-Melanio-Guzman.jpg?resize=350%2C200&ssl=1 1x, https:\/\/i0.wp.com\/lasprimeras.com.do\/wp-content\/uploads\/2026\/01\/Julian-Kunhardt-Alieska-Diaz-Victor-Suarez-Janette-Marquez-y-Melanio-Guzman.jpg?resize=525%2C300&ssl=1 1.5x, https:\/\/i0.wp.com\/lasprimeras.com.do\/wp-content\/uploads\/2026\/01\/Julian-Kunhardt-Alieska-Diaz-Victor-Suarez-Janette-Marquez-y-Melanio-Guzman.jpg?resize=700%2C400&ssl=1 2x"},"classes":[]},{"id":110293,"url":"https:\/\/lasprimeras.com.do\/index.php\/2025\/09\/27\/centro-cultural-banreservas-inaugura-exposicionespacio-y-tiempo-en-homenaje-a-ada-balcacer\/","url_meta":{"origin":124560,"position":1},"title":"Centro Cultural Banreservas inaugura exposici\u00f3n\u201cEspacio y tiempo\u201d en homenaje a Ada Balc\u00e1cer","author":"Nelson Feliz","date":"27 de septiembre de 2025","format":false,"excerpt":"El Centro Cultural del Banco de Reservas inaugur\u00f3 la exposici\u00f3n \u2018\u2019Espacio y tiempo\u201d, en homenaje a la maestra de la pl\u00e1stica dominicana Ada Balc\u00e1cer, que permanecer\u00e1 abierta hasta el domingo cinco de octubre. La muestra re\u00fane 32 obras pict\u00f3ricas que recorren distintas etapas y tem\u00e1ticas de la artista, entre ellas:\u2026","rel":"","context":"En \u00abENTRETENIMIENTO\u00bb","block_context":{"text":"ENTRETENIMIENTO","link":"https:\/\/lasprimeras.com.do\/index.php\/category\/entretenimiento\/"},"img":{"alt_text":"","src":"https:\/\/i0.wp.com\/lasprimeras.com.do\/wp-content\/uploads\/2025\/09\/dos-4.jpg?resize=350%2C200&ssl=1","width":350,"height":200,"srcset":"https:\/\/i0.wp.com\/lasprimeras.com.do\/wp-content\/uploads\/2025\/09\/dos-4.jpg?resize=350%2C200&ssl=1 1x, https:\/\/i0.wp.com\/lasprimeras.com.do\/wp-content\/uploads\/2025\/09\/dos-4.jpg?resize=525%2C300&ssl=1 1.5x, https:\/\/i0.wp.com\/lasprimeras.com.do\/wp-content\/uploads\/2025\/09\/dos-4.jpg?resize=700%2C400&ssl=1 2x"},"classes":[]},{"id":125055,"url":"https:\/\/lasprimeras.com.do\/index.php\/2026\/03\/18\/omega-se-lleva-el-premio-como-merenguero-urbano-en-la-gala-de-los-premios-soberano\/","url_meta":{"origin":124560,"position":2},"title":"Omega se lleva el premio como merenguero urbano en la gala de los Premios Soberano","author":"Nelson Feliz","date":"18 de marzo de 2026","format":false,"excerpt":"Carlos S\u00e1nchez tambi\u00e9n fue reconocido en la gala, llev\u00e1ndose el premio a Mejor stand up comedy en una noche de grandes sorpresas. El int\u00e9rprete urbano Omega le arrebat\u00f3 la estatuilla, en la categor\u00eda de \"Merenguero urbano\" a sus colegas, Al\u00e1 Jaz\u00e1 y El Sujeto, con quienes compet\u00eda en la categor\u00eda\u2026","rel":"","context":"En \u00abENTRETENIMIENTO\u00bb","block_context":{"text":"ENTRETENIMIENTO","link":"https:\/\/lasprimeras.com.do\/index.php\/category\/entretenimiento\/"},"img":{"alt_text":"","src":"https:\/\/i0.wp.com\/lasprimeras.com.do\/wp-content\/uploads\/2026\/03\/Omega.jpg?resize=350%2C200&ssl=1","width":350,"height":200,"srcset":"https:\/\/i0.wp.com\/lasprimeras.com.do\/wp-content\/uploads\/2026\/03\/Omega.jpg?resize=350%2C200&ssl=1 1x, https:\/\/i0.wp.com\/lasprimeras.com.do\/wp-content\/uploads\/2026\/03\/Omega.jpg?resize=525%2C300&ssl=1 1.5x, https:\/\/i0.wp.com\/lasprimeras.com.do\/wp-content\/uploads\/2026\/03\/Omega.jpg?resize=700%2C400&ssl=1 2x"},"classes":[]},{"id":121808,"url":"https:\/\/lasprimeras.com.do\/index.php\/2026\/02\/10\/wilbert-taveras-celebra-nominacion-a-premios-soberano-con-nueva-musica\/","url_meta":{"origin":124560,"position":3},"title":"Wilbert Taveras celebra nominaci\u00f3n a Premios Soberano con nueva m\u00fasica","author":"Nelson Feliz","date":"10 de febrero de 2026","format":false,"excerpt":"\u201cTu cuerpo ardiente\u201d en colaboraci\u00f3n con el salsero puertorrique\u00f1o Willito Otero, formar\u00e1 parte del nuevo disco de Taveras a estrenarse este 2026 El reconocido compositor, orquestador y arreglista Wilbert Taveras se une a la voz de Willito Otero en el lanzamiento de \u201cTu cuerpo ardiente\u201d, un candente tema musical que\u2026","rel":"","context":"En \u00abENTRETENIMIENTO\u00bb","block_context":{"text":"ENTRETENIMIENTO","link":"https:\/\/lasprimeras.com.do\/index.php\/category\/entretenimiento\/"},"img":{"alt_text":"Wilbert Taveras","src":"https:\/\/i0.wp.com\/lasprimeras.com.do\/wp-content\/uploads\/2026\/02\/WILBERT.jpg?resize=350%2C200&ssl=1","width":350,"height":200,"srcset":"https:\/\/i0.wp.com\/lasprimeras.com.do\/wp-content\/uploads\/2026\/02\/WILBERT.jpg?resize=350%2C200&ssl=1 1x, https:\/\/i0.wp.com\/lasprimeras.com.do\/wp-content\/uploads\/2026\/02\/WILBERT.jpg?resize=525%2C300&ssl=1 1.5x, https:\/\/i0.wp.com\/lasprimeras.com.do\/wp-content\/uploads\/2026\/02\/WILBERT.jpg?resize=700%2C400&ssl=1 2x"},"classes":[]},{"id":121249,"url":"https:\/\/lasprimeras.com.do\/index.php\/2026\/02\/02\/banreservas-y-dgm-formalizan-marco-de-colaboracion-entre-museos-de-santiago\/","url_meta":{"origin":124560,"position":4},"title":"Banreservas y DGM formalizan marco de colaboraci\u00f3n entre museos de Santiago","author":"Nelson Feliz","date":"2 de febrero de 2026","format":false,"excerpt":"Este convenio asegura la eficiencia en la gesti\u00f3n y el manejo operativo de esas instalaciones. El Banco de Reservas y la Direcci\u00f3n General de Museos (DGM) formalizaron un convenio de colaboraci\u00f3n interinstitucional entre el Centro Cultural Banreservas y el Museo de Arte de Santiago, ambos espacios localizados en el antiguo\u2026","rel":"","context":"En \u00abECONOM\u00cdA\u00bb","block_context":{"text":"ECONOM\u00cdA","link":"https:\/\/lasprimeras.com.do\/index.php\/category\/economia\/"},"img":{"alt_text":"Carlos And\u00fajar, director del DGM; Alieska D\u00edaz, vicepresidenta ejecutiva senior Administrativa de Banreservas; y Daniel Garc\u00eda Archibald, vicepresidente de Relaciones P\u00fablicas de la entidad financiera, firman convenio de colaboraci\u00f3n, en el sal\u00f3n del Consejo de la oficina principal del Banco.","src":"https:\/\/i0.wp.com\/lasprimeras.com.do\/wp-content\/uploads\/2026\/02\/Banreservas.jpg?resize=350%2C200&ssl=1","width":350,"height":200,"srcset":"https:\/\/i0.wp.com\/lasprimeras.com.do\/wp-content\/uploads\/2026\/02\/Banreservas.jpg?resize=350%2C200&ssl=1 1x, https:\/\/i0.wp.com\/lasprimeras.com.do\/wp-content\/uploads\/2026\/02\/Banreservas.jpg?resize=525%2C300&ssl=1 1.5x, https:\/\/i0.wp.com\/lasprimeras.com.do\/wp-content\/uploads\/2026\/02\/Banreservas.jpg?resize=700%2C400&ssl=1 2x"},"classes":[]},{"id":127678,"url":"https:\/\/lasprimeras.com.do\/index.php\/2026\/04\/14\/banreservas-reconoce-a-giovanny-cruz-por-su-trayectoria-y-aportes-a-la-escena-dominicana\/","url_meta":{"origin":124560,"position":5},"title":"Banreservas reconoce a Giovanny Cruz por su trayectoria y aportes a la escena dominicana","author":"Nelson Feliz","date":"14 de abril de 2026","format":false,"excerpt":"El homenaje, realizado en el Centro Cultural Banreservas, marca uno de los momentos m\u00e1s significativos del cierre de la Quinta Temporada de Teatro Banreservas, destacando una trayectoria que ha influido de manera decisiva en la evoluci\u00f3n del teatro dominicano. El Banco de Reservas distingui\u00f3 con un homenaje a Giovanny Cruz\u2026","rel":"","context":"En \u00abENTRETENIMIENTO\u00bb","block_context":{"text":"ENTRETENIMIENTO","link":"https:\/\/lasprimeras.com.do\/index.php\/category\/entretenimiento\/"},"img":{"alt_text":"","src":"https:\/\/i0.wp.com\/lasprimeras.com.do\/wp-content\/uploads\/2026\/04\/una-1.jpg?resize=350%2C200&ssl=1","width":350,"height":200,"srcset":"https:\/\/i0.wp.com\/lasprimeras.com.do\/wp-content\/uploads\/2026\/04\/una-1.jpg?resize=350%2C200&ssl=1 1x, https:\/\/i0.wp.com\/lasprimeras.com.do\/wp-content\/uploads\/2026\/04\/una-1.jpg?resize=525%2C300&ssl=1 1.5x, https:\/\/i0.wp.com\/lasprimeras.com.do\/wp-content\/uploads\/2026\/04\/una-1.jpg?resize=700%2C400&ssl=1 2x"},"classes":[]}],"jetpack_sharing_enabled":true,"_links":{"self":[{"href":"https:\/\/lasprimeras.com.do\/index.php\/wp-json\/wp\/v2\/posts\/124560","targetHints":{"allow":["GET"]}}],"collection":[{"href":"https:\/\/lasprimeras.com.do\/index.php\/wp-json\/wp\/v2\/posts"}],"about":[{"href":"https:\/\/lasprimeras.com.do\/index.php\/wp-json\/wp\/v2\/types\/post"}],"author":[{"embeddable":true,"href":"https:\/\/lasprimeras.com.do\/index.php\/wp-json\/wp\/v2\/users\/10"}],"replies":[{"embeddable":true,"href":"https:\/\/lasprimeras.com.do\/index.php\/wp-json\/wp\/v2\/comments?post=124560"}],"version-history":[{"count":1,"href":"https:\/\/lasprimeras.com.do\/index.php\/wp-json\/wp\/v2\/posts\/124560\/revisions"}],"predecessor-version":[{"id":124562,"href":"https:\/\/lasprimeras.com.do\/index.php\/wp-json\/wp\/v2\/posts\/124560\/revisions\/124562"}],"wp:featuredmedia":[{"embeddable":true,"href":"https:\/\/lasprimeras.com.do\/index.php\/wp-json\/wp\/v2\/media\/124561"}],"wp:attachment":[{"href":"https:\/\/lasprimeras.com.do\/index.php\/wp-json\/wp\/v2\/media?parent=124560"}],"wp:term":[{"taxonomy":"category","embeddable":true,"href":"https:\/\/lasprimeras.com.do\/index.php\/wp-json\/wp\/v2\/categories?post=124560"},{"taxonomy":"post_tag","embeddable":true,"href":"https:\/\/lasprimeras.com.do\/index.php\/wp-json\/wp\/v2\/tags?post=124560"}],"curies":[{"name":"wp","href":"https:\/\/api.w.org\/{rel}","templated":true}]}}