{"id":124563,"date":"2026-03-13T21:58:42","date_gmt":"2026-03-14T01:58:42","guid":{"rendered":"https:\/\/lasprimeras.com.do\/?p=124563"},"modified":"2026-03-13T21:58:44","modified_gmt":"2026-03-14T01:58:44","slug":"poder-judicial-acelera-plan-justicia-2034-en-la-region-norte","status":"publish","type":"post","link":"https:\/\/lasprimeras.com.do\/index.php\/2026\/03\/13\/poder-judicial-acelera-plan-justicia-2034-en-la-region-norte\/","title":{"rendered":"Poder Judicial acelera Plan Justicia 2034 en la Regi\u00f3n Norte"},"content":{"rendered":"\n<p>El juez presidente de la Suprema Corte de Justicia (SCJ), Henry Molina, encabez\u00f3 este viernes el Encuentro Regional Norte para la implementaci\u00f3n del Plan Justicia 2034, donde se presentaron metas para fortalecer la digitalizaci\u00f3n de los servicios judiciales, aumentar la resoluci\u00f3n de casos y consolidar una cultura institucional de trabajo en equipo.<\/p>\n\n\n\n<p>Durante el encuentro, Molina destac\u00f3 que la regi\u00f3n norte cuenta con condiciones favorables para impulsar mejoras en el servicio judicial, entre ellas el alto nivel de capacitaci\u00f3n del personal y el desempe\u00f1o de sus tribunales.<\/p>\n\n\n\n<p>En ese contexto, explic\u00f3 que uno de los principales retos es avanzar en la digitalizaci\u00f3n de los servicios, con la meta de que el 80% de los tr\u00e1mites judiciales se realicen en modalidad virtual para el a\u00f1o 2026, lo que permitir\u00e1 ampliar el acceso de la ciudadan\u00eda a los servicios de justicia.<\/p>\n\n\n\n<p>Asimismo, se\u00f1al\u00f3 que el fortalecimiento de la cultura de resoluci\u00f3n busca que 30 de cada 100 casos no penales se solucionen mediante m\u00e9todos alternos de resoluci\u00f3n de conflictos, contribuyendo a una justicia m\u00e1s \u00e1gil y cercana a las personas.<\/p>\n\n\n\n<p>El magistrado Molina tambi\u00e9n destac\u00f3 el desempe\u00f1o de jueces y juezas de la regi\u00f3n, quienes mantienen niveles de evaluaci\u00f3n del 100% en desempe\u00f1o, lo que calific\u00f3 como una base importante para seguir impulsando las transformaciones institucionales.<\/p>\n\n\n\n<p>\u201cLa justicia no se imparte en aislamiento; debemos trabajar como un solo equipo, un solo sistema, porque la transformaci\u00f3n de la justicia se construye todos los d\u00edas\u201d, afirm\u00f3 el juez presidente.<\/p>\n\n\n\n<p>Resultados y metas de la Regi\u00f3n Norte<\/p>\n\n\n\n<p>Durante el encuentro se presentaron indicadores sobre el desempe\u00f1o actual de la regi\u00f3n y las metas proyectadas dentro del Plan Justicia 2034.<\/p>\n\n\n\n<p>Actualmente, 7 de cada 10 casos se resuelven en menos de un a\u00f1o, con la meta de alcanzar 9 de cada 10. Asimismo, 8 de cada 10 tribunales se encuentran al d\u00eda, y el objetivo es lograr el 100% de tribunales sin mora.<\/p>\n\n\n\n<p>En materia de justicia \u00e1gil, el 75% de las plazas estrat\u00e9gicas se cubre dentro del plazo establecido, con la meta de alcanzar el 95%.<\/p>\n\n\n\n<p>En cuanto al modelo de gesti\u00f3n penal, 38 de cada 100 casos utilizan salidas tempranas, con la proyecci\u00f3n de llegar a 90 de cada 100, mientras que en el \u00e1mbito digital solo 10 de cada 100 tr\u00e1mites se realizan actualmente en l\u00ednea, cifra que se espera elevar al 80%.<\/p>\n\n\n\n<p>Encuentro Regional<\/p>\n\n\n\n<p>En el encuentro participaron jueces, juezas y servidores judiciales de los departamentos judiciales de Santiago, La Vega, San Francisco de Macor\u00eds, Montecristi y Puerto Plata, as\u00ed como autoridades gubernamentales, representantes de la sociedad civil, la comunidad jur\u00eddica, entre otras personalidades.<\/p>\n\n\n\n<p>Las palabras de bienvenida estuvieron a cargo del juez Danilo Tineo, coordinador del Departamento Judicial de Santiago, quien explic\u00f3 que estos encuentros regionales buscan recoger insumos territoriales para orientar la implementaci\u00f3n del Plan Justicia 2034.<\/p>\n\n\n\n<p>\u201cEste espacio est\u00e1 dise\u00f1ado para escuchar, identificar prioridades y convertir esas ideas en acciones concretas para fortalecer el servicio judicial en cada territorio\u201d, se\u00f1al\u00f3.<\/p>\n\n\n\n<p>Previo a este encuentro se realiz\u00f3 una primera jornada en el Distrito Nacional y provincia Santo Domingo, luego en la Regi\u00f3n Este, mientras que un \u00faltimo encuentro est\u00e1 programado con los departamentos judiciales de la Regi\u00f3n Sur.<\/p>\n","protected":false},"excerpt":{"rendered":"<p>El juez presidente de la Suprema Corte de Justicia (SCJ), Henry Molina, encabez\u00f3 este viernes el Encuentro Regional Norte para la implementaci\u00f3n del Plan Justicia 2034, donde se presentaron metas&hellip;<\/p>\n","protected":false},"author":10,"featured_media":124564,"comment_status":"open","ping_status":"open","sticky":false,"template":"","format":"standard","meta":{"content-type":"","jetpack_post_was_ever_published":false,"_jetpack_newsletter_access":"","_jetpack_dont_email_post_to_subs":false,"_jetpack_newsletter_tier_id":0,"_jetpack_memberships_contains_paywalled_content":false,"_jetpack_memberships_contains_paid_content":false,"footnotes":""},"categories":[289],"tags":[293,1945,7065,31156,9162,11887,370],"class_list":["post-124563","post","type-post","status-publish","format-standard","has-post-thumbnail","hentry","category-justicia","tag-casos","tag-digitalizacion","tag-metas","tag-plan-justicia-2034","tag-poder-judicial","tag-region-norte","tag-resolucion"],"jetpack_featured_media_url":"https:\/\/lasprimeras.com.do\/wp-content\/uploads\/2026\/03\/Henry-Molina.jpg","jetpack-related-posts":[{"id":114290,"url":"https:\/\/lasprimeras.com.do\/index.php\/2025\/11\/12\/observatorio-de-derechos-humanos-resalta-trascendencia-plan-justicia-del-futuro-2034\/","url_meta":{"origin":124563,"position":0},"title":"Observatorio de Derechos Humanos resalta trascendencia Plan Justicia del Futuro 2034","author":"Nelson Feliz","date":"12 de noviembre de 2025","format":false,"excerpt":"El Observatorio de Derechos Humanos, bajo la direcci\u00f3n de Manuel Meccariello, destac\u00f3 la importancia hist\u00f3rica del Plan Justicia del Futuro 2034, calific\u00e1ndolo como una herramienta esencial para fortalecer la protecci\u00f3n de los derechos humanos y garantizar el respeto a la dignidad de los grupos vulnerables en la Rep\u00fablica Dominicana. Meccariello\u2026","rel":"","context":"En \u00abNACIONALES\u00bb","block_context":{"text":"NACIONALES","link":"https:\/\/lasprimeras.com.do\/index.php\/category\/nacionales\/"},"img":{"alt_text":"","src":"https:\/\/i0.wp.com\/lasprimeras.com.do\/wp-content\/uploads\/2025\/11\/Manuel-Meccariello.jpg?resize=350%2C200&ssl=1","width":350,"height":200,"srcset":"https:\/\/i0.wp.com\/lasprimeras.com.do\/wp-content\/uploads\/2025\/11\/Manuel-Meccariello.jpg?resize=350%2C200&ssl=1 1x, https:\/\/i0.wp.com\/lasprimeras.com.do\/wp-content\/uploads\/2025\/11\/Manuel-Meccariello.jpg?resize=525%2C300&ssl=1 1.5x, https:\/\/i0.wp.com\/lasprimeras.com.do\/wp-content\/uploads\/2025\/11\/Manuel-Meccariello.jpg?resize=700%2C400&ssl=1 2x"},"classes":[]},{"id":127188,"url":"https:\/\/lasprimeras.com.do\/index.php\/2026\/04\/09\/director-ejecutivo-del-world-justice-project-destaca-que-rd-encabeza-avances-en-estado-de-derecho-con-crecimiento-de-2-1-entre-143-paises-y-ascenso-de-11-posiciones-en-un-ano\/","url_meta":{"origin":124563,"position":1},"title":"Director ejecutivo del World Justice Project destaca que RD encabeza avances en Estado de Derecho","author":"Nelson Feliz","date":"9 de abril de 2026","format":false,"excerpt":"_Presidente de la SCJ, Luis Henry Molina, afirma que la justicia dominicana atraviesa un proceso de transformaci\u00f3n orientado a garantizar mayor acceso, transparencia y eficiencia, durante la apertura de la Conferencia del Poder Judicial._ El presidente Luis Abinader particip\u00f3 este jueves en el acto de apertura de la Conferencia del\u2026","rel":"","context":"En \u00abJUSTICIA\u00bb","block_context":{"text":"JUSTICIA","link":"https:\/\/lasprimeras.com.do\/index.php\/category\/justicia\/"},"img":{"alt_text":"","src":"https:\/\/i0.wp.com\/lasprimeras.com.do\/wp-content\/uploads\/2026\/04\/IMG-20260409-WA0526-scaled.jpg?resize=350%2C200&ssl=1","width":350,"height":200,"srcset":"https:\/\/i0.wp.com\/lasprimeras.com.do\/wp-content\/uploads\/2026\/04\/IMG-20260409-WA0526-scaled.jpg?resize=350%2C200&ssl=1 1x, https:\/\/i0.wp.com\/lasprimeras.com.do\/wp-content\/uploads\/2026\/04\/IMG-20260409-WA0526-scaled.jpg?resize=525%2C300&ssl=1 1.5x, https:\/\/i0.wp.com\/lasprimeras.com.do\/wp-content\/uploads\/2026\/04\/IMG-20260409-WA0526-scaled.jpg?resize=700%2C400&ssl=1 2x, https:\/\/i0.wp.com\/lasprimeras.com.do\/wp-content\/uploads\/2026\/04\/IMG-20260409-WA0526-scaled.jpg?resize=1050%2C600&ssl=1 3x, https:\/\/i0.wp.com\/lasprimeras.com.do\/wp-content\/uploads\/2026\/04\/IMG-20260409-WA0526-scaled.jpg?resize=1400%2C800&ssl=1 4x"},"classes":[]},{"id":119154,"url":"https:\/\/lasprimeras.com.do\/index.php\/2026\/01\/07\/henry-molina-destaca-avances-historicos-y-llama-a-consolidar-la-transformacion-del-poder-judicial\/","url_meta":{"origin":124563,"position":2},"title":"Henry Molina destaca avances hist\u00f3ricos y llama a consolidar la transformaci\u00f3n del Poder Judicial","author":"Nelson Feliz","date":"7 de enero de 2026","format":false,"excerpt":"Henry Molina","rel":"","context":"En \u00abJUSTICIA\u00bb","block_context":{"text":"JUSTICIA","link":"https:\/\/lasprimeras.com.do\/index.php\/category\/justicia\/"},"img":{"alt_text":"Henry Molina","src":"https:\/\/i0.wp.com\/lasprimeras.com.do\/wp-content\/uploads\/2026\/01\/Henry-Molina.jpg?resize=350%2C200&ssl=1","width":350,"height":200,"srcset":"https:\/\/i0.wp.com\/lasprimeras.com.do\/wp-content\/uploads\/2026\/01\/Henry-Molina.jpg?resize=350%2C200&ssl=1 1x, https:\/\/i0.wp.com\/lasprimeras.com.do\/wp-content\/uploads\/2026\/01\/Henry-Molina.jpg?resize=525%2C300&ssl=1 1.5x, https:\/\/i0.wp.com\/lasprimeras.com.do\/wp-content\/uploads\/2026\/01\/Henry-Molina.jpg?resize=700%2C400&ssl=1 2x"},"classes":[]},{"id":125717,"url":"https:\/\/lasprimeras.com.do\/index.php\/2026\/03\/25\/scj-y-casc-se-unen-para-fortalecer-la-justicia-laboral\/","url_meta":{"origin":124563,"position":3},"title":"SCJ y CASC se unen para fortalecer la justicia laboral","author":"Nelson Feliz","date":"25 de marzo de 2026","format":false,"excerpt":"Presidente de la SCJ visita sede de la CASC y reafirma compromiso con el fortalecimiento de los derechos laborales. La Confederaci\u00f3n Aut\u00f3noma Sindical Clasista (CASC) recibi\u00f3 este martes en su sede al presidente de la Suprema Corte de Justicia (SCJ), Magistrado Luis Henry Molina, en un encuentro en el que\u2026","rel":"","context":"En \u00abNACIONALES\u00bb","block_context":{"text":"NACIONALES","link":"https:\/\/lasprimeras.com.do\/index.php\/category\/nacionales\/"},"img":{"alt_text":"SCJ visita sede de la CASC","src":"https:\/\/i0.wp.com\/lasprimeras.com.do\/wp-content\/uploads\/2026\/03\/SCJ-visita-sede-de-la-CASC.jpg?resize=350%2C200&ssl=1","width":350,"height":200,"srcset":"https:\/\/i0.wp.com\/lasprimeras.com.do\/wp-content\/uploads\/2026\/03\/SCJ-visita-sede-de-la-CASC.jpg?resize=350%2C200&ssl=1 1x, https:\/\/i0.wp.com\/lasprimeras.com.do\/wp-content\/uploads\/2026\/03\/SCJ-visita-sede-de-la-CASC.jpg?resize=525%2C300&ssl=1 1.5x, https:\/\/i0.wp.com\/lasprimeras.com.do\/wp-content\/uploads\/2026\/03\/SCJ-visita-sede-de-la-CASC.jpg?resize=700%2C400&ssl=1 2x"},"classes":[]},{"id":112977,"url":"https:\/\/lasprimeras.com.do\/index.php\/2025\/10\/29\/presidente-del-senado-recibe-de-la-scj-proyecto-que-actualiza-ley-de-uso-de-medios-digitales\/","url_meta":{"origin":124563,"position":4},"title":"Presidente del Senado recibe de la SCJ proyecto que actualiza &#8220;Ley de Uso de Medios Digitales&#8221;","author":"Nelson Feliz","date":"29 de octubre de 2025","format":false,"excerpt":"El presidente del Senado, Ricardo de los Santos, recibi\u00f3 este martes al Pleno de la Suprema Corte de Justicia, encabezado por su presidente, Luis Henry Molina quien deposit\u00f3 un anteproyecto de modificaci\u00f3n a los art\u00edculos 5, 12 y 14 de la ley que habilita y regula el uso de los\u2026","rel":"","context":"En \u00abNACIONALES\u00bb","block_context":{"text":"NACIONALES","link":"https:\/\/lasprimeras.com.do\/index.php\/category\/nacionales\/"},"img":{"alt_text":"","src":"https:\/\/i0.wp.com\/lasprimeras.com.do\/wp-content\/uploads\/2025\/10\/Ricardo-de-los-Santos-3-1.jpg?resize=350%2C200&ssl=1","width":350,"height":200,"srcset":"https:\/\/i0.wp.com\/lasprimeras.com.do\/wp-content\/uploads\/2025\/10\/Ricardo-de-los-Santos-3-1.jpg?resize=350%2C200&ssl=1 1x, https:\/\/i0.wp.com\/lasprimeras.com.do\/wp-content\/uploads\/2025\/10\/Ricardo-de-los-Santos-3-1.jpg?resize=525%2C300&ssl=1 1.5x, https:\/\/i0.wp.com\/lasprimeras.com.do\/wp-content\/uploads\/2025\/10\/Ricardo-de-los-Santos-3-1.jpg?resize=700%2C400&ssl=1 2x, https:\/\/i0.wp.com\/lasprimeras.com.do\/wp-content\/uploads\/2025\/10\/Ricardo-de-los-Santos-3-1.jpg?resize=1050%2C600&ssl=1 3x, https:\/\/i0.wp.com\/lasprimeras.com.do\/wp-content\/uploads\/2025\/10\/Ricardo-de-los-Santos-3-1.jpg?resize=1400%2C800&ssl=1 4x"},"classes":[]},{"id":92581,"url":"https:\/\/lasprimeras.com.do\/index.php\/2025\/01\/08\/tema-de-mora-judicial-causa-fuego-cruzado-entre-actores-clave\/","url_meta":{"origin":124563,"position":5},"title":"Tema de mora judicial causa \u2018fuego cruzado\u2019 entre actores clave","author":"Nelson Feliz","date":"8 de enero de 2025","format":false,"excerpt":"La pelota fue puesta en cancha por el juez presidente de la Suprema Corte de Justicia, Luis Henry Molina, indicando los avances que obtiene su gesti\u00f3n en reducir la mora judicial, aunque no oculta que un reto existencial del sistema es el innumerable de casos pendientes. En la ocasi\u00f3n de\u2026","rel":"","context":"En \u00abNACIONALES\u00bb","block_context":{"text":"NACIONALES","link":"https:\/\/lasprimeras.com.do\/index.php\/category\/nacionales\/"},"img":{"alt_text":"","src":"https:\/\/i0.wp.com\/lasprimeras.com.do\/wp-content\/uploads\/2025\/01\/Trajano-Potentini.jpeg?resize=350%2C200&ssl=1","width":350,"height":200,"srcset":"https:\/\/i0.wp.com\/lasprimeras.com.do\/wp-content\/uploads\/2025\/01\/Trajano-Potentini.jpeg?resize=350%2C200&ssl=1 1x, https:\/\/i0.wp.com\/lasprimeras.com.do\/wp-content\/uploads\/2025\/01\/Trajano-Potentini.jpeg?resize=525%2C300&ssl=1 1.5x, https:\/\/i0.wp.com\/lasprimeras.com.do\/wp-content\/uploads\/2025\/01\/Trajano-Potentini.jpeg?resize=700%2C400&ssl=1 2x"},"classes":[]}],"jetpack_sharing_enabled":true,"_links":{"self":[{"href":"https:\/\/lasprimeras.com.do\/index.php\/wp-json\/wp\/v2\/posts\/124563","targetHints":{"allow":["GET"]}}],"collection":[{"href":"https:\/\/lasprimeras.com.do\/index.php\/wp-json\/wp\/v2\/posts"}],"about":[{"href":"https:\/\/lasprimeras.com.do\/index.php\/wp-json\/wp\/v2\/types\/post"}],"author":[{"embeddable":true,"href":"https:\/\/lasprimeras.com.do\/index.php\/wp-json\/wp\/v2\/users\/10"}],"replies":[{"embeddable":true,"href":"https:\/\/lasprimeras.com.do\/index.php\/wp-json\/wp\/v2\/comments?post=124563"}],"version-history":[{"count":1,"href":"https:\/\/lasprimeras.com.do\/index.php\/wp-json\/wp\/v2\/posts\/124563\/revisions"}],"predecessor-version":[{"id":124565,"href":"https:\/\/lasprimeras.com.do\/index.php\/wp-json\/wp\/v2\/posts\/124563\/revisions\/124565"}],"wp:featuredmedia":[{"embeddable":true,"href":"https:\/\/lasprimeras.com.do\/index.php\/wp-json\/wp\/v2\/media\/124564"}],"wp:attachment":[{"href":"https:\/\/lasprimeras.com.do\/index.php\/wp-json\/wp\/v2\/media?parent=124563"}],"wp:term":[{"taxonomy":"category","embeddable":true,"href":"https:\/\/lasprimeras.com.do\/index.php\/wp-json\/wp\/v2\/categories?post=124563"},{"taxonomy":"post_tag","embeddable":true,"href":"https:\/\/lasprimeras.com.do\/index.php\/wp-json\/wp\/v2\/tags?post=124563"}],"curies":[{"name":"wp","href":"https:\/\/api.w.org\/{rel}","templated":true}]}}