{"id":124566,"date":"2026-03-13T22:23:30","date_gmt":"2026-03-14T02:23:30","guid":{"rendered":"https:\/\/lasprimeras.com.do\/?p=124566"},"modified":"2026-03-13T22:23:33","modified_gmt":"2026-03-14T02:23:33","slug":"aparatoso-accidente-en-bella-vista-jeepeta-pierde-el-control-y-derriba-protecciones-de-edificio","status":"publish","type":"post","link":"https:\/\/lasprimeras.com.do\/index.php\/2026\/03\/13\/aparatoso-accidente-en-bella-vista-jeepeta-pierde-el-control-y-derriba-protecciones-de-edificio\/","title":{"rendered":"Aparatoso accidente en Bella Vista: Jeepeta pierde el control y derriba protecciones de edificio"},"content":{"rendered":"\n<p>Por Abdias Estrella<\/p>\n\n\n\n<p>Un aparatoso accidente de tr\u00e1nsito se registr\u00f3 la tarde de este viernes, cuando una jeepeta Ford Explorer, color negro, placa G 681929, perdi\u00f3 el control de forma inesperada, destruyendo los pilotillos de protecci\u00f3n de un edificio y recorriendo casi 100 metros a alta velocidad fuera de control en el sector de Bella Vista, Distrito Nacional.<\/p>\n\n\n\n<p>El incidente ocurri\u00f3 aproximadamente a las 2:35 p.m. en la calle Miguel \u00c1ngel Moncl\u00fas, en el sector de Bella Vista.<\/p>\n\n\n\n<p>Seg\u00fan los reportes preliminares, la conductora del veh\u00edculo se encontraba estacionada esperando que una se\u00f1ora abordara la unidad cuando, de manera sorpresiva, el veh\u00edculo aceler\u00f3 violentamente.<\/p>\n\n\n\n<p>El impacto inicial fue tan fuerte que desprendi\u00f3 los conos de concreto (pilotillos) de la acera. Estas estructuras quedaron atrapadas en el chasis del veh\u00edculo y fueron arrastradas mientras la jeepeta cruzaba de un extremo a otro de la v\u00eda, deteni\u00e9ndose a una distancia considerable del punto de origen.<\/p>\n\n\n\n<p>Al momento del suceso, en el interior del veh\u00edculo se encontraban dos menores de edad, de entre 6 y 11 a\u00f1os. Afortunadamente, pese a la magnitud del desplazamiento y la velocidad alcanzada, los infantes resultaron f\u00edsicamente ilesos, aunque bajo un fuerte estado de shock emocional.<\/p>\n\n\n\n<p>La situaci\u00f3n m\u00e1s cr\u00edtica la vivi\u00f3 una mujer de aproximadamente 60 a\u00f1os que se dispon\u00eda a entrar al veh\u00edculo. El impacto de la puerta trasera al acelerar la lanz\u00f3 contra el pavimento, provoc\u00e1ndole golpes que requirieron asistencia inmediata en medio de la tensi\u00f3n de los testigos presentes.<\/p>\n\n\n\n<p>Visiblemente afectada por lo ocurrido, la conductora manifest\u00f3 a los presentes no comprender el origen de la falla. &#8220;No s\u00e9 qu\u00e9 pas\u00f3&#8221;, expres\u00f3 la mujer, quien asegur\u00f3 que el veh\u00edculo respondi\u00f3 de forma inesperada y autom\u00e1tica sin que ella pudiera evitar la trayectoria del incidente.<\/p>\n\n\n\n<p>El evento gener\u00f3 un gran revuelo entre los residentes y transe\u00fantes de Bella Vista, quienes acudieron a socorrer a los involucrados. Al lugar se presentaron autoridades para levantar el informe correspondiente y gestionar el retiro del veh\u00edculo, que qued\u00f3 con da\u00f1os severos en su carrocer\u00eda.<\/p>\n\n\n\n<figure class=\"wp-block-video\"><video height=\"850\" style=\"aspect-ratio: 478 \/ 850;\" width=\"478\" controls src=\"https:\/\/lasprimeras.com.do\/wp-content\/uploads\/2026\/03\/WhatsApp-Video-2026-03-13-at-3.42.56-PM.mp4\"><\/video><\/figure>\n","protected":false},"excerpt":{"rendered":"<p>Por Abdias Estrella Un aparatoso accidente de tr\u00e1nsito se registr\u00f3 la tarde de este viernes, cuando una jeepeta Ford Explorer, color negro, placa G 681929, perdi\u00f3 el control de forma&hellip;<\/p>\n","protected":false},"author":10,"featured_media":124567,"comment_status":"open","ping_status":"open","sticky":false,"template":"","format":"standard","meta":{"content-type":"","jetpack_post_was_ever_published":false,"_jetpack_newsletter_access":"","_jetpack_dont_email_post_to_subs":false,"_jetpack_newsletter_tier_id":0,"_jetpack_memberships_contains_paywalled_content":false,"_jetpack_memberships_contains_paid_content":false,"footnotes":""},"categories":[35],"tags":[2211,5359,13058,11550,3602,3904,31157],"class_list":["post-124566","post","type-post","status-publish","format-standard","has-post-thumbnail","hentry","category-nacionales","tag-accidente","tag-aparatoso","tag-bella-vista","tag-derriba","tag-edificio","tag-jeepeta","tag-protecciones"],"jetpack_featured_media_url":"https:\/\/lasprimeras.com.do\/wp-content\/uploads\/2026\/03\/una.jpg","jetpack-related-posts":[{"id":91333,"url":"https:\/\/lasprimeras.com.do\/index.php\/2024\/11\/17\/siete-personas-resultan-ilesa-tras-volcarse-jeepeta-en-que-viajaban-en-barahona\/","url_meta":{"origin":124566,"position":0},"title":"Siete personas resultan ilesa tras volcarse jeepeta en que viajaban en Barahona","author":"Nelson Feliz","date":"17 de noviembre de 2024","format":false,"excerpt":"Un accidente de tr\u00e1nsito ocurrido en la carretera Barahona-El Pe\u00f1\u00f3n que dej\u00f3 como saldo una yipeta volcada, pero afortunadamente, todos sus ocupantes salieron ilesos. El incidente involucr\u00f3 a siete personas, entre ellos dos menores de edad, que se dirig\u00edan a Neiba tras pasar el d\u00eda en Barahona. El accidente ocurri\u00f3\u2026","rel":"","context":"En \u00abNACIONALES\u00bb","block_context":{"text":"NACIONALES","link":"https:\/\/lasprimeras.com.do\/index.php\/category\/nacionales\/"},"img":{"alt_text":"","src":"https:\/\/i0.wp.com\/lasprimeras.com.do\/wp-content\/uploads\/2024\/11\/JEEP.jpeg?resize=350%2C200&ssl=1","width":350,"height":200,"srcset":"https:\/\/i0.wp.com\/lasprimeras.com.do\/wp-content\/uploads\/2024\/11\/JEEP.jpeg?resize=350%2C200&ssl=1 1x, https:\/\/i0.wp.com\/lasprimeras.com.do\/wp-content\/uploads\/2024\/11\/JEEP.jpeg?resize=525%2C300&ssl=1 1.5x, https:\/\/i0.wp.com\/lasprimeras.com.do\/wp-content\/uploads\/2024\/11\/JEEP.jpeg?resize=700%2C400&ssl=1 2x"},"classes":[]},{"id":110305,"url":"https:\/\/lasprimeras.com.do\/index.php\/2025\/09\/27\/caribe-tours-dice-jeepeta-que-no-respeto-semaforo-provoco-que-conductor-colisionara-contra-estacion\/","url_meta":{"origin":124566,"position":1},"title":"Caribe Tours dice jeepeta que no respet\u00f3 sem\u00e1foro provoc\u00f3 que conductor colisionara contra estaci\u00f3n","author":"Nelson Feliz","date":"27 de septiembre de 2025","format":false,"excerpt":"Por la imprudencia de un conductor de una jeepeta, un autobus de la empresa de transporte Caribe Tours colision\u00f3 contra la estaci\u00f3n del Metro de Santo Domingo, Pedro Francisco Bon\u00f3 ubicada en la avenida John F. Kennedy con N\u00fa\u00f1ez de C\u00e1ceres. \u201cUna de nuestras unidades fue impactada por una jeepera\u2026","rel":"","context":"En \u00abNACIONALES\u00bb","block_context":{"text":"NACIONALES","link":"https:\/\/lasprimeras.com.do\/index.php\/category\/nacionales\/"},"img":{"alt_text":"","src":"https:\/\/i0.wp.com\/lasprimeras.com.do\/wp-content\/uploads\/2025\/09\/Caribe-Tours.jpeg?resize=350%2C200&ssl=1","width":350,"height":200,"srcset":"https:\/\/i0.wp.com\/lasprimeras.com.do\/wp-content\/uploads\/2025\/09\/Caribe-Tours.jpeg?resize=350%2C200&ssl=1 1x, https:\/\/i0.wp.com\/lasprimeras.com.do\/wp-content\/uploads\/2025\/09\/Caribe-Tours.jpeg?resize=525%2C300&ssl=1 1.5x, https:\/\/i0.wp.com\/lasprimeras.com.do\/wp-content\/uploads\/2025\/09\/Caribe-Tours.jpeg?resize=700%2C400&ssl=1 2x"},"classes":[]},{"id":85179,"url":"https:\/\/lasprimeras.com.do\/index.php\/2024\/06\/25\/accidente-de-transito-deja-tres-muertos-en-barahona\/","url_meta":{"origin":124566,"position":2},"title":"Accidente de tr\u00e1nsito deja tres muertos en Barahona","author":"Nelson Feliz","date":"25 de junio de 2024","format":false,"excerpt":"Al menos tres personas resultaron muertas y otras cuatro resultaron heridas en un aparatoso accidente de tr\u00e1nsito ocurrido la noche de este lunes a la salida de la zona costera de esta provincia Barahona. Los fallecidos fueron identificados como Lisandro Cuello, miembro de la Armda de la Rep\u00fablica Dominicana (ARD),\u2026","rel":"","context":"En \u00abNACIONALES\u00bb","block_context":{"text":"NACIONALES","link":"https:\/\/lasprimeras.com.do\/index.php\/category\/nacionales\/"},"img":{"alt_text":"","src":"https:\/\/i0.wp.com\/lasprimeras.com.do\/wp-content\/uploads\/2024\/06\/accidentetrafico-750x375-1.jpg?resize=350%2C200&ssl=1","width":350,"height":200,"srcset":"https:\/\/i0.wp.com\/lasprimeras.com.do\/wp-content\/uploads\/2024\/06\/accidentetrafico-750x375-1.jpg?resize=350%2C200&ssl=1 1x, https:\/\/i0.wp.com\/lasprimeras.com.do\/wp-content\/uploads\/2024\/06\/accidentetrafico-750x375-1.jpg?resize=525%2C300&ssl=1 1.5x, https:\/\/i0.wp.com\/lasprimeras.com.do\/wp-content\/uploads\/2024\/06\/accidentetrafico-750x375-1.jpg?resize=700%2C400&ssl=1 2x"},"classes":[]},{"id":68513,"url":"https:\/\/lasprimeras.com.do\/index.php\/2023\/11\/25\/vecinos-de-bella-vista-advierten-sobre-peligros-por-excavaciones\/","url_meta":{"origin":124566,"position":3},"title":"Vecinos de Bella Vista advierten sobre peligros por excavaciones","author":"BIMARY DE JES\u00daS Matos","date":"25 de noviembre de 2023","format":false,"excerpt":"Santo Domingo.-Vecinos de la avenida Selene, en Bella Vista, denunciaron el peligro en que viven por la excavaci\u00f3n en un solar, para la construcci\u00f3n de una torre. Explicaron que temen que, si contin\u00faan las lluvias, los edificios colindantes a la obra podr\u00edan ser afectados debido a la proximidad de la\u2026","rel":"","context":"En \u00abNACIONALES\u00bb","block_context":{"text":"NACIONALES","link":"https:\/\/lasprimeras.com.do\/index.php\/category\/nacionales\/"},"img":{"alt_text":"","src":"https:\/\/i0.wp.com\/lasprimeras.com.do\/wp-content\/uploads\/2023\/11\/WhatsApp-Image-2023-11-24-at-1.48.00-PM-2.jpeg?resize=350%2C200&ssl=1","width":350,"height":200,"srcset":"https:\/\/i0.wp.com\/lasprimeras.com.do\/wp-content\/uploads\/2023\/11\/WhatsApp-Image-2023-11-24-at-1.48.00-PM-2.jpeg?resize=350%2C200&ssl=1 1x, https:\/\/i0.wp.com\/lasprimeras.com.do\/wp-content\/uploads\/2023\/11\/WhatsApp-Image-2023-11-24-at-1.48.00-PM-2.jpeg?resize=525%2C300&ssl=1 1.5x"},"classes":[]},{"id":126550,"url":"https:\/\/lasprimeras.com.do\/index.php\/2026\/04\/02\/al-menos-10-heridos-tras-accidente-de-autobus-en-la-autovia-de-samana\/","url_meta":{"origin":124566,"position":4},"title":"Al menos 10 heridos tras accidente de autob\u00fas en la Autov\u00eda de Saman\u00e1","author":"Nelson Feliz","date":"2 de abril de 2026","format":false,"excerpt":"De acuerdo con los primeros reportes, el siniestro se produjo cuando la jeepeta impact\u00f3 el autob\u00fas, provocando que este perdiera el control y terminara volcado Un autob\u00fas lleno de pasajeros se volc\u00f3 la tarde de este jueves en la Autov\u00eda de Saman\u00e1, a la altura del tercer peaje, en un\u2026","rel":"","context":"En \u00abNACIONALES\u00bb","block_context":{"text":"NACIONALES","link":"https:\/\/lasprimeras.com.do\/index.php\/category\/nacionales\/"},"img":{"alt_text":"","src":"https:\/\/i0.wp.com\/lasprimeras.com.do\/wp-content\/uploads\/2026\/04\/accidente.jpg?resize=350%2C200&ssl=1","width":350,"height":200,"srcset":"https:\/\/i0.wp.com\/lasprimeras.com.do\/wp-content\/uploads\/2026\/04\/accidente.jpg?resize=350%2C200&ssl=1 1x, https:\/\/i0.wp.com\/lasprimeras.com.do\/wp-content\/uploads\/2026\/04\/accidente.jpg?resize=525%2C300&ssl=1 1.5x, https:\/\/i0.wp.com\/lasprimeras.com.do\/wp-content\/uploads\/2026\/04\/accidente.jpg?resize=700%2C400&ssl=1 2x"},"classes":[]},{"id":104175,"url":"https:\/\/lasprimeras.com.do\/index.php\/2025\/07\/22\/arrestan-hombre-acusado-de-lanzar-dos-perros-desde-de-una-torre-residencial-en-bella-vista\/","url_meta":{"origin":124566,"position":5},"title":"Arrestan hombre acusado de lanzar dos perros desde de una torre residencial en Bella Vista","author":"Nelson Feliz","date":"22 de julio de 2025","format":false,"excerpt":"\u2013Fue arrestado mediante orden judicial por presunta violaci\u00f3n a la Ley de Protecci\u00f3n Animal y T\u00e9cnica de Tenencia Responsable. Agentes policiales adscritos al Departamento II de Protecci\u00f3n Animal y Medio Ambiente (Anti Cuatreros), de la Direcci\u00f3n Central de Investigaci\u00f3n (DICRIM), apresaron a un hombre de nacionalidad estadounidense, acusado de lanzar\u2026","rel":"","context":"En \u00abMILITARES\u00bb","block_context":{"text":"MILITARES","link":"https:\/\/lasprimeras.com.do\/index.php\/category\/militares\/"},"img":{"alt_text":"","src":"https:\/\/i0.wp.com\/lasprimeras.com.do\/wp-content\/uploads\/2025\/07\/una-3.jpg?resize=350%2C200&ssl=1","width":350,"height":200,"srcset":"https:\/\/i0.wp.com\/lasprimeras.com.do\/wp-content\/uploads\/2025\/07\/una-3.jpg?resize=350%2C200&ssl=1 1x, https:\/\/i0.wp.com\/lasprimeras.com.do\/wp-content\/uploads\/2025\/07\/una-3.jpg?resize=525%2C300&ssl=1 1.5x, https:\/\/i0.wp.com\/lasprimeras.com.do\/wp-content\/uploads\/2025\/07\/una-3.jpg?resize=700%2C400&ssl=1 2x"},"classes":[]}],"jetpack_sharing_enabled":true,"_links":{"self":[{"href":"https:\/\/lasprimeras.com.do\/index.php\/wp-json\/wp\/v2\/posts\/124566","targetHints":{"allow":["GET"]}}],"collection":[{"href":"https:\/\/lasprimeras.com.do\/index.php\/wp-json\/wp\/v2\/posts"}],"about":[{"href":"https:\/\/lasprimeras.com.do\/index.php\/wp-json\/wp\/v2\/types\/post"}],"author":[{"embeddable":true,"href":"https:\/\/lasprimeras.com.do\/index.php\/wp-json\/wp\/v2\/users\/10"}],"replies":[{"embeddable":true,"href":"https:\/\/lasprimeras.com.do\/index.php\/wp-json\/wp\/v2\/comments?post=124566"}],"version-history":[{"count":1,"href":"https:\/\/lasprimeras.com.do\/index.php\/wp-json\/wp\/v2\/posts\/124566\/revisions"}],"predecessor-version":[{"id":124569,"href":"https:\/\/lasprimeras.com.do\/index.php\/wp-json\/wp\/v2\/posts\/124566\/revisions\/124569"}],"wp:featuredmedia":[{"embeddable":true,"href":"https:\/\/lasprimeras.com.do\/index.php\/wp-json\/wp\/v2\/media\/124567"}],"wp:attachment":[{"href":"https:\/\/lasprimeras.com.do\/index.php\/wp-json\/wp\/v2\/media?parent=124566"}],"wp:term":[{"taxonomy":"category","embeddable":true,"href":"https:\/\/lasprimeras.com.do\/index.php\/wp-json\/wp\/v2\/categories?post=124566"},{"taxonomy":"post_tag","embeddable":true,"href":"https:\/\/lasprimeras.com.do\/index.php\/wp-json\/wp\/v2\/tags?post=124566"}],"curies":[{"name":"wp","href":"https:\/\/api.w.org\/{rel}","templated":true}]}}