{"id":124570,"date":"2026-03-13T22:37:24","date_gmt":"2026-03-14T02:37:24","guid":{"rendered":"https:\/\/lasprimeras.com.do\/?p=124570"},"modified":"2026-03-13T22:37:26","modified_gmt":"2026-03-14T02:37:26","slug":"la-romana-abinader-inaugura-remodelacion-de-teeth-of-the-dog","status":"publish","type":"post","link":"https:\/\/lasprimeras.com.do\/index.php\/2026\/03\/13\/la-romana-abinader-inaugura-remodelacion-de-teeth-of-the-dog\/","title":{"rendered":"La Romana: Abinader inaugura remodelaci\u00f3n de Teeth of the Dog"},"content":{"rendered":"\n<p>El presidente Luis Abinader particip\u00f3 en la reapertura del ic\u00f3nico campo de golf Teeth of the Dog, ubicado en Casa de Campo Resort &amp; Villas, cuya restauraci\u00f3n implic\u00f3 una inversi\u00f3n de 15 millones de d\u00f3lares y refuerza la confianza en el pa\u00eds como destino de inversi\u00f3n de clase mundial, adem\u00e1s de impulsar la econom\u00eda local y fortalecer la oferta tur\u00edstica de la Rep\u00fablica Dominicana.<\/p>\n\n\n\n<p>Durante el acto, el ministro de Turismo, David Collado, record\u00f3 que la Rep\u00fablica Dominicana incursion\u00f3 en el turismo deportivo y de golf en 1971 con la inauguraci\u00f3n del emblem\u00e1tico campo de golf Teeth of the Dog en Casa de Campo, considerado uno de los mejores del Caribe y una referencia internacional de este deporte.<\/p>\n\n\n\n<p>Collado destac\u00f3 que el crecimiento del turismo dominicano ha sido resultado de una estrategia planificada impulsada por el gabinete tur\u00edstico encabezado por el presidente Luis Abinader.<\/p>\n\n\n\n<figure class=\"wp-block-image size-full\"><img decoding=\"async\" width=\"900\" height=\"720\" src=\"https:\/\/lasprimeras.com.do\/wp-content\/uploads\/2026\/03\/Luis-Abinader-3-1.jpg\" alt=\"\" class=\"wp-image-124572\" srcset=\"https:\/\/lasprimeras.com.do\/wp-content\/uploads\/2026\/03\/Luis-Abinader-3-1.jpg 900w, https:\/\/lasprimeras.com.do\/wp-content\/uploads\/2026\/03\/Luis-Abinader-3-1-300x240.jpg 300w, https:\/\/lasprimeras.com.do\/wp-content\/uploads\/2026\/03\/Luis-Abinader-3-1-768x614.jpg 768w\" sizes=\"(max-width: 900px) 100vw, 900px\" \/><\/figure>\n\n\n\n<p>Se\u00f1al\u00f3 que, aun en medio de la incertidumbre provocada por la pandemia, el pa\u00eds decidi\u00f3 mantener sus operaciones con responsabilidad, lo que permiti\u00f3 una r\u00e1pida recuperaci\u00f3n del sector y la consolidaci\u00f3n de resultados hist\u00f3ricos en la llegada de visitantes.<\/p>\n\n\n\n<p>Explic\u00f3 que en 2021, en medio de la pandemia, el pa\u00eds logr\u00f3 resultados hist\u00f3ricos en los \u00faltimos meses del a\u00f1o al mantener abiertas sus operaciones con responsabilidad; en 2022 el sector continu\u00f3 con crecimiento de doble d\u00edgito mientras muchos destinos a\u00fan registraban cifras negativas; en 2023 el pa\u00eds alcanz\u00f3 un r\u00e9cord de 10.3 millones de visitantes; en 2024 la cifra subi\u00f3 a 11.2 millones; y en 2025 cerr\u00f3 con 11.7 millones de turistas, consolidando a la naci\u00f3n como uno de los destinos l\u00edderes de la regi\u00f3n y proyect\u00e1ndose hacia la meta de 12 millones de visitantes.<\/p>\n\n\n\n<p>El ministro tambi\u00e9n resalt\u00f3 las inversiones realizadas para el desarrollo de destinos como La Romana y Bayah\u00edbe, donde se han ejecutado proyectos de infraestructura que incluyen el malec\u00f3n de Caleta, un muelle para pescadores, un parqueo tur\u00edstico y el asfaltado de barrios. <\/p>\n\n\n\n<figure class=\"wp-block-image size-full\"><img decoding=\"async\" width=\"900\" height=\"600\" src=\"https:\/\/lasprimeras.com.do\/wp-content\/uploads\/2026\/03\/Luis-Abinader-4.jpg\" alt=\"\" class=\"wp-image-124573\" srcset=\"https:\/\/lasprimeras.com.do\/wp-content\/uploads\/2026\/03\/Luis-Abinader-4.jpg 900w, https:\/\/lasprimeras.com.do\/wp-content\/uploads\/2026\/03\/Luis-Abinader-4-300x200.jpg 300w, https:\/\/lasprimeras.com.do\/wp-content\/uploads\/2026\/03\/Luis-Abinader-4-768x512.jpg 768w\" sizes=\"(max-width: 900px) 100vw, 900px\" \/><\/figure>\n\n\n\n<p>Seg\u00fan explic\u00f3, estas obras responden a una visi\u00f3n de turismo sostenible e inclusivo que busca que los beneficios de la actividad tur\u00edstica lleguen tambi\u00e9n a las comunidades que conviven con los polos tur\u00edsticos.<\/p>\n\n\n\n<p>Asimismo, afirm\u00f3 que la alianza p\u00fablico-privada ha sido clave para el posicionamiento del pa\u00eds como l\u00edder regional en turismo. <\/p>\n\n\n\n<p>Destac\u00f3 el impulso al turismo de lujo con proyectos de marcas internacionales y el crecimiento del turismo deportivo y de golf, segmento que el a\u00f1o pasado atrajo a m\u00e1s de 400 mil visitantes.<\/p>\n\n\n\n<p>Collado sostuvo que esta visi\u00f3n conjunta entre el Estado y el sector privado ha permitido que la Rep\u00fablica Dominicana contin\u00fae fortaleciendo su liderazgo tur\u00edstico en Am\u00e9rica Latina.<\/p>\n\n\n\n<p>Tambi\u00e9n anunci\u00f3 los planes de desarrollo para el destino de Bayah\u00edbe, entre ellos la construcci\u00f3n de un nuevo hotel de gran escala con alrededor de 800 habitaciones, adem\u00e1s del reforzamiento del sistema de seguridad en esta zona tur\u00edstica.<\/p>\n\n\n\n<p>Preservaci\u00f3n de un \u00edcono del golf para las futuras generaciones<\/p>\n\n\n\n<p>De su lado, el presidente de Casa de Campo, Andr\u00e9s Pichardo Rosenberg, destac\u00f3 que la restauraci\u00f3n del campo tuvo como objetivo mantener intacta la esencia del dise\u00f1o original creado por el reconocido arquitecto de campos de golf Pete Dye.<\/p>\n\n\n\n<p>Explic\u00f3 que el proyecto busca garantizar que las futuras generaciones de golfistas puedan experimentar el campo tal como fue concebido, preservando uno de los escenarios deportivos m\u00e1s emblem\u00e1ticos del Caribe.<\/p>\n\n\n\n<p>Los trabajos de restauraci\u00f3n fueron dirigidos por la firma Jerry Pate Design e incluyeron la renovaci\u00f3n completa de greens, bunkers, tees y fairways, as\u00ed como la modernizaci\u00f3n de los sistemas de drenaje e irrigaci\u00f3n y la construcci\u00f3n de nuevos caminos para carritos de golf.<\/p>\n\n\n\n<p>Adem\u00e1s, todo el campo fue resembrado con la grama Dynasty Paspalum, una variedad especialmente resistente a ambientes costeros.<\/p>\n\n\n\n<p>Uno de los elementos m\u00e1s emblem\u00e1ticos del campo, conocido como Heaven 7, los siete hoyos frente al mar Caribe que han hecho de Teeth of the Dog uno de los campos de golf m\u00e1s fotografiados del mundo, tambi\u00e9n fue objeto de trabajos especiales de protecci\u00f3n y rehabilitaci\u00f3n del litoral para garantizar su preservaci\u00f3n ante las condiciones clim\u00e1ticas futuras.<\/p>\n\n\n\n<p>En el marco del evento, Pichardo Rosenberg anunci\u00f3 que en mayo de 2026 iniciar\u00e1 la segunda fase del proyecto Premier Suites en Casa de Campo, que contempla la construcci\u00f3n de una nueva piscina y la ampliaci\u00f3n del spa del resort.<\/p>\n\n\n\n<p>El spa del complejo fue recientemente reconocido con la distinci\u00f3n de cuatro estrellas de Forbes Travel Guide, siendo el \u00fanico en la Rep\u00fablica Dominicana con ese reconocimiento.<\/p>\n\n\n\n<p>Reconocimiento internacional y apuesta por el turismo dominicano<\/p>\n\n\n\n<p>En tanto, el presidente de Central Romana Corporation, Jos\u00e9 Fanjul Jr., expres\u00f3 su agradecimiento al presidente Luis Abinader y al ministro de Turismo David Collado por su apoyo al crecimiento del turismo en Rep\u00fablica Dominicana.<\/p>\n\n\n\n<p>Destac\u00f3 que la inversi\u00f3n realizada por la junta directiva para la renovaci\u00f3n del emblem\u00e1tico campo de golf representa una apuesta segura por su impacto positivo en el pa\u00eds y en las comunidades.<\/p>\n\n\n\n<p>Asimismo, resalt\u00f3 el orgullo por el reconocimiento internacional que mantiene el resort y su emblem\u00e1tico campo de golf entre visitantes de Estados Unidos y otras partes del mundo, consolidando a Casa de Campo como uno de los destinos tur\u00edsticos de lujo m\u00e1s prestigiosos del Caribe.<\/p>\n\n\n\n<p>La bendici\u00f3n del acto estuvo a cargo del reverendo padre Jorge Dionel Hern\u00e1ndez, p\u00e1rroco de la Parroquia Santa Rosa de Lima en La Romana, quien elev\u00f3 una oraci\u00f3n por el \u00e9xito de este proyecto y por el bienestar de quienes forman parte de la industria tur\u00edstica y del desarrollo de la Rep\u00fablica Dominicana.<\/p>\n\n\n\n<p>El acto concluy\u00f3 con el tradicional corte de cinta que dej\u00f3 oficialmente reabierto el legendario campo de golf, considerado uno de los m\u00e1s prestigiosos del mundo y que contin\u00faa figurando en los rankings de publicaciones especializadas como GOLF Magazine y Golf Digest.<\/p>\n\n\n\n<p>Estuvieron presentes el ministro de Trabajo, Eddy Olivares; la gobernadora Ivelisse Mercedes M\u00e9ndez; el alcalde Eduardo Kery M\u00e9tivier; los directores de Migraci\u00f3n, vicealmirante Luis Alberto Lee Ballester, y de Politur, general Minoru Matsunaga, adem\u00e1s de ejecutivos de Central Romana Corporation, invitados especiales y representantes del sector tur\u00edstico y del golf internacional.<\/p>\n","protected":false},"excerpt":{"rendered":"<p>El presidente Luis Abinader particip\u00f3 en la reapertura del ic\u00f3nico campo de golf Teeth of the Dog, ubicado en Casa de Campo Resort &amp; Villas, cuya restauraci\u00f3n implic\u00f3 una inversi\u00f3n&hellip;<\/p>\n","protected":false},"author":10,"featured_media":124571,"comment_status":"open","ping_status":"open","sticky":false,"template":"","format":"standard","meta":{"content-type":"","jetpack_post_was_ever_published":false,"_jetpack_newsletter_access":"","_jetpack_dont_email_post_to_subs":false,"_jetpack_newsletter_tier_id":0,"_jetpack_memberships_contains_paywalled_content":false,"_jetpack_memberships_contains_paid_content":false,"footnotes":""},"categories":[25,376],"tags":[15014,63,965,67,4987,29926,31158],"class_list":["post-124570","post","type-post","status-publish","format-standard","has-post-thumbnail","hentry","category-portada","category-turismo","tag-casa-de-campo","tag-inauguracion","tag-la-romana","tag-luis-abinader","tag-participa","tag-reapertura","tag-teeth-of-the-dog"],"jetpack_featured_media_url":"https:\/\/lasprimeras.com.do\/wp-content\/uploads\/2026\/03\/Luis-Abinader-5-1.jpg","jetpack-related-posts":[{"id":49167,"url":"https:\/\/lasprimeras.com.do\/index.php\/2023\/05\/08\/amchamdr-celebrara-xxiii-edicion-del-torneo-de-golf-ambassadors-cup\/","url_meta":{"origin":124570,"position":0},"title":"AMCHAMDR celebrar\u00e1 XXIII edici\u00f3n del torneo de golf Ambassador\u2019s Cup","author":"prenxa100","date":"8 de mayo de 2023","format":false,"excerpt":"SANTO DOMINGO.- La C\u00e1mara Americana de Comercio de la Rep\u00fablica Dominicana anunci\u00f3 la celebraci\u00f3n de la vig\u00e9simo tercera (XXIII) edici\u00f3n de su emblem\u00e1tico torneo de golf Charles T. Manatt Memorial Ambassador\u2019s Cup. El evento, que re\u00fane cada a\u00f1o a amantes del golf (en su mayor\u00eda empresarios, altos ejecutivos, diplom\u00e1ticos y\u2026","rel":"","context":"En \u00abSin categor\u00eda\u00bb","block_context":{"text":"Sin categor\u00eda","link":"https:\/\/lasprimeras.com.do\/index.php\/category\/sin-categoria\/"},"img":{"alt_text":"","src":"","width":0,"height":0},"classes":[]},{"id":123412,"url":"https:\/\/lasprimeras.com.do\/index.php\/2026\/02\/28\/la-romana-abinader-inaugura-muelle-del-atelon-e-inicia-club-de-playa\/","url_meta":{"origin":124570,"position":1},"title":"La Romana: Abinader inaugura Muelle del Atel\u00f3n e inicia Club de Playa","author":"Nelson Feliz","date":"28 de febrero de 2026","format":false,"excerpt":"El presidente Luis Abinader dio el primer palazo para la construcci\u00f3n del Club de Playa e inaugur\u00f3 el Muelle Tur\u00edstico del Atel\u00f3n en Isla Catalina. El desembarcadero es una infraestructura que facilita el desembarque de los visitantes para que puedan disfrutar de las bellezas naturales de la isla, lo que\u2026","rel":"","context":"En \u00abPORTADA\u00bb","block_context":{"text":"PORTADA","link":"https:\/\/lasprimeras.com.do\/index.php\/category\/portada\/"},"img":{"alt_text":"Luis Abinader","src":"https:\/\/i0.wp.com\/lasprimeras.com.do\/wp-content\/uploads\/2026\/02\/Luis-Abinader-1-4.jpg?resize=350%2C200&ssl=1","width":350,"height":200,"srcset":"https:\/\/i0.wp.com\/lasprimeras.com.do\/wp-content\/uploads\/2026\/02\/Luis-Abinader-1-4.jpg?resize=350%2C200&ssl=1 1x, https:\/\/i0.wp.com\/lasprimeras.com.do\/wp-content\/uploads\/2026\/02\/Luis-Abinader-1-4.jpg?resize=525%2C300&ssl=1 1.5x, https:\/\/i0.wp.com\/lasprimeras.com.do\/wp-content\/uploads\/2026\/02\/Luis-Abinader-1-4.jpg?resize=700%2C400&ssl=1 2x"},"classes":[]},{"id":87650,"url":"https:\/\/lasprimeras.com.do\/index.php\/2024\/08\/14\/primer-foro-estrategico-de-turismo-deportivo-del-parlacen-se-inicia-en-la-republica-dominicana\/","url_meta":{"origin":124570,"position":2},"title":"Primer Foro Estrat\u00e9gico de Turismo Deportivo del PARLACEN se Inicia en la Rep\u00fablica Dominicana","author":"Nelson Feliz","date":"14 de agosto de 2024","format":false,"excerpt":"El Primer Foro Estrat\u00e9gico de Turismo Deportivo, organizado por el Parlamento Centroamericano (PARLACEN), dio inicio en la Rep\u00fablica Dominicana con un acto solemne que incluy\u00f3 la entonaci\u00f3n del Himno Nacional de la Rep\u00fablica Dominicana y el Himno del Parlamento Centroamericano. La ceremonia de inauguraci\u00f3n cont\u00f3 con las palabras de la\u2026","rel":"","context":"En \u00abNACIONALES\u00bb","block_context":{"text":"NACIONALES","link":"https:\/\/lasprimeras.com.do\/index.php\/category\/nacionales\/"},"img":{"alt_text":"Silvia Garc\u00eda Polanco","src":"https:\/\/i0.wp.com\/lasprimeras.com.do\/wp-content\/uploads\/2024\/08\/Silvia-Garcia-Polanco-1.jpg?resize=350%2C200&ssl=1","width":350,"height":200,"srcset":"https:\/\/i0.wp.com\/lasprimeras.com.do\/wp-content\/uploads\/2024\/08\/Silvia-Garcia-Polanco-1.jpg?resize=350%2C200&ssl=1 1x, https:\/\/i0.wp.com\/lasprimeras.com.do\/wp-content\/uploads\/2024\/08\/Silvia-Garcia-Polanco-1.jpg?resize=525%2C300&ssl=1 1.5x, https:\/\/i0.wp.com\/lasprimeras.com.do\/wp-content\/uploads\/2024\/08\/Silvia-Garcia-Polanco-1.jpg?resize=700%2C400&ssl=1 2x"},"classes":[]},{"id":50125,"url":"https:\/\/lasprimeras.com.do\/index.php\/2023\/05\/17\/grupo-caribbean-golf-squad-preside-la-4ta-copa-cana-rock\/","url_meta":{"origin":124570,"position":3},"title":"Grupo Caribbean Golf Squad preside la 4ta. Copa Cana Rock","author":"prenxa100","date":"17 de mayo de 2023","format":false,"excerpt":"M\u00e1s de 110 jugadores se dieron cita a la tan esperada copa, quienes participaron en diferentes categor\u00edas y en parejas. El torneo en esta ocasi\u00f3n fue dirigido por la Federaci\u00f3n Dominicana de Golf, FEDOGOL. Santo Domingo\u00a0\u2013 La cuarta versi\u00f3n de la Copa Cana Rock fue celebrada el pasado s\u00e1bado en\u2026","rel":"","context":"En \u00abSin categor\u00eda\u00bb","block_context":{"text":"Sin categor\u00eda","link":"https:\/\/lasprimeras.com.do\/index.php\/category\/sin-categoria\/"},"img":{"alt_text":"","src":"","width":0,"height":0},"classes":[]},{"id":94095,"url":"https:\/\/lasprimeras.com.do\/index.php\/2025\/02\/25\/tour-de-campeones-2025-la-nueva-era-del-golf-en-republica-dominicana\/","url_meta":{"origin":124570,"position":4},"title":"Tour de Campeones 2025: la nueva era del golf en Rep\u00fablica Dominicana","author":"Nelson Feliz","date":"25 de febrero de 2025","format":false,"excerpt":"Con cinco paradas y una gran final en los campos m\u00e1s prestigiosos del pa\u00eds, la jornada deportiva se desarrollar\u00e1 de marzo a noviembre de 2025, brindando a los participantes una experiencia donde la pasi\u00f3n por el golf se combina con la exclusividad. El Tour de Campeones 2025 promete convertirse en\u2026","rel":"","context":"En \u00abDEPORTES\u00bb","block_context":{"text":"DEPORTES","link":"https:\/\/lasprimeras.com.do\/index.php\/category\/deportes\/"},"img":{"alt_text":"Carlos De Linares, Alejandro Jovine Tarazona y Jesu\u0301s Dura\u0301n","src":"https:\/\/i0.wp.com\/lasprimeras.com.do\/wp-content\/uploads\/2025\/02\/Carlos-De-Linares-Alejandro-Jovine-Tarazona-y-Jesus-Duran.jpg?resize=350%2C200&ssl=1","width":350,"height":200,"srcset":"https:\/\/i0.wp.com\/lasprimeras.com.do\/wp-content\/uploads\/2025\/02\/Carlos-De-Linares-Alejandro-Jovine-Tarazona-y-Jesus-Duran.jpg?resize=350%2C200&ssl=1 1x, https:\/\/i0.wp.com\/lasprimeras.com.do\/wp-content\/uploads\/2025\/02\/Carlos-De-Linares-Alejandro-Jovine-Tarazona-y-Jesus-Duran.jpg?resize=525%2C300&ssl=1 1.5x, https:\/\/i0.wp.com\/lasprimeras.com.do\/wp-content\/uploads\/2025\/02\/Carlos-De-Linares-Alejandro-Jovine-Tarazona-y-Jesus-Duran.jpg?resize=700%2C400&ssl=1 2x"},"classes":[]},{"id":112430,"url":"https:\/\/lasprimeras.com.do\/index.php\/2025\/10\/21\/leonardo-aguilera-destaca-cartera-turistica-de-banreservas-aumenta-de-rd22000-a-mas-de-rd50000-millones\/","url_meta":{"origin":124570,"position":5},"title":"Leonardo Aguilera destaca cartera tur\u00edstica de Banreservas aumenta de RD$22,000 a m\u00e1s de RD$50,000 millones","author":"Nelson Feliz","date":"21 de octubre de 2025","format":false,"excerpt":"Revela que en la actualidad el Banco financia m\u00e1s de 7,000 habitaciones hoteleras y eval\u00faa inversiones por RD$115,000 millones El presidente ejecutivo del Banco de Reservas, doctor Leonardo Aguilera, afirm\u00f3 que la instituci\u00f3n financiera mantiene un compromiso firme con el proyecto Punta Bergant\u00edn y el turismo nacional, con m\u00e1s de\u2026","rel":"","context":"En \u00abECONOM\u00cdA\u00bb","block_context":{"text":"ECONOM\u00cdA","link":"https:\/\/lasprimeras.com.do\/index.php\/category\/economia\/"},"img":{"alt_text":"El presidente Luis Abinader junto al ministro de Turismo, David Collado; el presidente de ejecutivo de Banreservas, doctor Leonardo Aguilera; el CEO de la cadena hotelera Meli\u00e1, Gabriel Escarrer; y dem\u00e1s empresarios tur\u00edsticos, as\u00ed como autoridades civiles y gubernamentales durante el primer palazo del hotel Meli\u00e1 Bergant\u00edn Beach, en Punta Bergant\u00edn, Puerto Plata.","src":"https:\/\/i0.wp.com\/lasprimeras.com.do\/wp-content\/uploads\/2025\/10\/Leonardo-Aguilera-1-1.jpg?resize=350%2C200&ssl=1","width":350,"height":200,"srcset":"https:\/\/i0.wp.com\/lasprimeras.com.do\/wp-content\/uploads\/2025\/10\/Leonardo-Aguilera-1-1.jpg?resize=350%2C200&ssl=1 1x, https:\/\/i0.wp.com\/lasprimeras.com.do\/wp-content\/uploads\/2025\/10\/Leonardo-Aguilera-1-1.jpg?resize=525%2C300&ssl=1 1.5x, https:\/\/i0.wp.com\/lasprimeras.com.do\/wp-content\/uploads\/2025\/10\/Leonardo-Aguilera-1-1.jpg?resize=700%2C400&ssl=1 2x"},"classes":[]}],"jetpack_sharing_enabled":true,"_links":{"self":[{"href":"https:\/\/lasprimeras.com.do\/index.php\/wp-json\/wp\/v2\/posts\/124570","targetHints":{"allow":["GET"]}}],"collection":[{"href":"https:\/\/lasprimeras.com.do\/index.php\/wp-json\/wp\/v2\/posts"}],"about":[{"href":"https:\/\/lasprimeras.com.do\/index.php\/wp-json\/wp\/v2\/types\/post"}],"author":[{"embeddable":true,"href":"https:\/\/lasprimeras.com.do\/index.php\/wp-json\/wp\/v2\/users\/10"}],"replies":[{"embeddable":true,"href":"https:\/\/lasprimeras.com.do\/index.php\/wp-json\/wp\/v2\/comments?post=124570"}],"version-history":[{"count":1,"href":"https:\/\/lasprimeras.com.do\/index.php\/wp-json\/wp\/v2\/posts\/124570\/revisions"}],"predecessor-version":[{"id":124574,"href":"https:\/\/lasprimeras.com.do\/index.php\/wp-json\/wp\/v2\/posts\/124570\/revisions\/124574"}],"wp:featuredmedia":[{"embeddable":true,"href":"https:\/\/lasprimeras.com.do\/index.php\/wp-json\/wp\/v2\/media\/124571"}],"wp:attachment":[{"href":"https:\/\/lasprimeras.com.do\/index.php\/wp-json\/wp\/v2\/media?parent=124570"}],"wp:term":[{"taxonomy":"category","embeddable":true,"href":"https:\/\/lasprimeras.com.do\/index.php\/wp-json\/wp\/v2\/categories?post=124570"},{"taxonomy":"post_tag","embeddable":true,"href":"https:\/\/lasprimeras.com.do\/index.php\/wp-json\/wp\/v2\/tags?post=124570"}],"curies":[{"name":"wp","href":"https:\/\/api.w.org\/{rel}","templated":true}]}}