{"id":124575,"date":"2026-03-13T22:47:07","date_gmt":"2026-03-14T02:47:07","guid":{"rendered":"https:\/\/lasprimeras.com.do\/?p=124575"},"modified":"2026-03-13T22:47:10","modified_gmt":"2026-03-14T02:47:10","slug":"embajadora-ee-uu-presenta-al-presidente-dncd-nuevo-agregado-de-la-dea-en-rd","status":"publish","type":"post","link":"https:\/\/lasprimeras.com.do\/index.php\/2026\/03\/13\/embajadora-ee-uu-presenta-al-presidente-dncd-nuevo-agregado-de-la-dea-en-rd\/","title":{"rendered":"Embajadora EE. UU. presenta al presidente DNCD nuevo agregado de la DEA en RD"},"content":{"rendered":"\n<p><strong>\u00a0La unidad funcionar\u00e1 bajo una nueva direcci\u00f3n marcando un nuevo cap\u00edtulo en la lucha contra el narcotr\u00e1fico y sus delitos conexos<\/strong><\/p>\n\n\n\n<p>La Embajadora de Estados Unidos, Leah F. Campos, se reuni\u00f3 con el presidente de la Direcci\u00f3n Nacional de Control de Drogas (DNCD), vicealmirante Jos\u00e9 M. Cabrera Ulloa, donde present\u00f3 formalmente al nuevo agregado de la Oficina de la Administraci\u00f3n de Control de Drogas (DEA) en la Rep\u00fablica Dominicana.<\/p>\n\n\n\n<p>La diplom\u00e1tica estadounidense, en compa\u00f1\u00eda de la consejera Pol\u00edtica Adjunta, Nora S. Brito, oficializ\u00f3 ante la DNCD, al agente especial Richard Cernuda, como nuevo agregado interino de la DEA en el pa\u00eds.<\/p>\n\n\n<div class=\"wp-block-image\">\n<figure class=\"alignleft size-full is-resized\"><img decoding=\"async\" width=\"900\" height=\"587\" src=\"https:\/\/lasprimeras.com.do\/wp-content\/uploads\/2026\/03\/Leah-F.-Campos.jpg\" alt=\"\" class=\"wp-image-124577\" style=\"aspect-ratio:1.5332654132320707;width:396px;height:auto\" srcset=\"https:\/\/lasprimeras.com.do\/wp-content\/uploads\/2026\/03\/Leah-F.-Campos.jpg 900w, https:\/\/lasprimeras.com.do\/wp-content\/uploads\/2026\/03\/Leah-F.-Campos-300x196.jpg 300w, https:\/\/lasprimeras.com.do\/wp-content\/uploads\/2026\/03\/Leah-F.-Campos-768x501.jpg 768w\" sizes=\"(max-width: 900px) 100vw, 900px\" \/><\/figure>\n<\/div>\n\n\n<p>\u201cLa reapertura de la oficina de la DEA, demuestra la solidez de nuestro compromiso mutuo con un hemisferio m\u00e1s seguro, pr\u00f3spero y estable; juntos seguiremos defendiendo el Estado de derecho, protegiendo a nuestros ciudadanos y avanzando en nuestras prioridades compartidas\u201d, se\u00f1alo Leah Campos.<\/p>\n\n\n\n<p>La instalaci\u00f3n del nuevo agregado interino de la DEA se produce horas despu\u00e9s de que la Embajadora de Estados Unidos, anunciara oficialmente la reapertura de la DEA en Santo Domingo bajo un nuevo liderazgo, marcando un nuevo cap\u00edtulo en nuestra lucha compartida contra el narcoterrorismo y la corrupci\u00f3n.<\/p>\n\n\n<div class=\"wp-block-image\">\n<figure class=\"alignright size-large is-resized\"><img decoding=\"async\" width=\"857\" height=\"1024\" src=\"https:\/\/lasprimeras.com.do\/wp-content\/uploads\/2026\/03\/Leah-F.-Campos-2-857x1024.jpg\" alt=\"\" class=\"wp-image-124578\" style=\"aspect-ratio:0.8369255657976779;width:354px;height:auto\" srcset=\"https:\/\/lasprimeras.com.do\/wp-content\/uploads\/2026\/03\/Leah-F.-Campos-2-857x1024.jpg 857w, https:\/\/lasprimeras.com.do\/wp-content\/uploads\/2026\/03\/Leah-F.-Campos-2-251x300.jpg 251w, https:\/\/lasprimeras.com.do\/wp-content\/uploads\/2026\/03\/Leah-F.-Campos-2-768x917.jpg 768w, https:\/\/lasprimeras.com.do\/wp-content\/uploads\/2026\/03\/Leah-F.-Campos-2.jpg 900w\" sizes=\"(max-width: 857px) 100vw, 857px\" \/><\/figure>\n<\/div>\n\n\n<p>El presidente de la DNCD, vicealmirante Cabrera Ulloa, felicit\u00f3 al nuevo agregado, resalt\u00f3 la fortaleza y el alto nivel de cooperaci\u00f3n entre Estados Unidos y Rep\u00fablica Dominicana.<\/p>\n\n\n\n<p>\u201cSeguiremos trabajando unidos y firmes en contra del narcotr\u00e1fico, la criminalidad organizada transnacional y sus delitos conexos, para llevar m\u00e1s estabilidad a nuestros pueblos\u201d precis\u00f3 el titular del organismo antinarc\u00f3ticos.<\/p>\n\n\n\n<p>La Rep\u00fablica Dominicana y Estados Unidos, est\u00e1n comprometidos en continuar fortaleciendo la colaboraci\u00f3n en el combate y erradicaci\u00f3n de las redes criminales que amenazan el futuro de nuestras sociedades.<\/p>\n","protected":false},"excerpt":{"rendered":"<p>\u00a0La unidad funcionar\u00e1 bajo una nueva direcci\u00f3n marcando un nuevo cap\u00edtulo en la lucha contra el narcotr\u00e1fico y sus delitos conexos La Embajadora de Estados Unidos, Leah F. Campos, se&hellip;<\/p>\n","protected":false},"author":10,"featured_media":124576,"comment_status":"open","ping_status":"open","sticky":false,"template":"","format":"standard","meta":{"content-type":"","jetpack_post_was_ever_published":false,"_jetpack_newsletter_access":"","_jetpack_dont_email_post_to_subs":false,"_jetpack_newsletter_tier_id":0,"_jetpack_memberships_contains_paywalled_content":false,"_jetpack_memberships_contains_paid_content":false,"footnotes":""},"categories":[35],"tags":[15382,31159,31161,31160,127],"class_list":["post-124575","post","type-post","status-publish","format-standard","has-post-thumbnail","hentry","category-nacionales","tag-dea","tag-embajadora-ee-uu","tag-nuevo-agregado","tag-presidente-dncd","tag-rd"],"jetpack_featured_media_url":"https:\/\/lasprimeras.com.do\/wp-content\/uploads\/2026\/03\/Leah-F.-Campos-1.jpg","jetpack-related-posts":[{"id":119632,"url":"https:\/\/lasprimeras.com.do\/index.php\/2026\/01\/15\/embajadora-de-eeuu-leah-campos-se-reune-con-el-presidente-de-la-dncd-cabrera-ulloa\/","url_meta":{"origin":124575,"position":0},"title":"Embajadora de EEUU Leah Campos se re\u00fane con el presidente de la DNCD Cabrera Ulloa","author":"Nelson Feliz","date":"15 de enero de 2026","format":false,"excerpt":"_Durante el encuentro se acord\u00f3 reforzar la cooperaci\u00f3n bilateral contra el narcotr\u00e1fico, el lavado de activos y la criminalidad organizada transnacional_ La Embajadora de Estados Unidos en Rep\u00fablica Dominicana, Leah F. Campos se reuni\u00f3 por primera vez con el vicealmirante Jos\u00e9 Manuel Cabrera Ulloa, presidente de la Direcci\u00f3n Nacional de\u2026","rel":"","context":"En \u00abNACIONALES\u00bb","block_context":{"text":"NACIONALES","link":"https:\/\/lasprimeras.com.do\/index.php\/category\/nacionales\/"},"img":{"alt_text":"","src":"https:\/\/i0.wp.com\/lasprimeras.com.do\/wp-content\/uploads\/2026\/01\/IMG-20260115-WA0095-scaled.jpg?resize=350%2C200&ssl=1","width":350,"height":200,"srcset":"https:\/\/i0.wp.com\/lasprimeras.com.do\/wp-content\/uploads\/2026\/01\/IMG-20260115-WA0095-scaled.jpg?resize=350%2C200&ssl=1 1x, https:\/\/i0.wp.com\/lasprimeras.com.do\/wp-content\/uploads\/2026\/01\/IMG-20260115-WA0095-scaled.jpg?resize=525%2C300&ssl=1 1.5x, https:\/\/i0.wp.com\/lasprimeras.com.do\/wp-content\/uploads\/2026\/01\/IMG-20260115-WA0095-scaled.jpg?resize=700%2C400&ssl=1 2x, https:\/\/i0.wp.com\/lasprimeras.com.do\/wp-content\/uploads\/2026\/01\/IMG-20260115-WA0095-scaled.jpg?resize=1050%2C600&ssl=1 3x, https:\/\/i0.wp.com\/lasprimeras.com.do\/wp-content\/uploads\/2026\/01\/IMG-20260115-WA0095-scaled.jpg?resize=1400%2C800&ssl=1 4x"},"classes":[]},{"id":122088,"url":"https:\/\/lasprimeras.com.do\/index.php\/2026\/02\/13\/embajadora-de-ee-uu-cierra-oficina-de-la-dea-en-santo-domingo-no-tolerare-percepcion-de-corrupcion\/","url_meta":{"origin":124575,"position":1},"title":"Embajadora de EE.UU. cierra oficina de la DEA en Santo Domingo: No tolerar\u00e9 percepci\u00f3n de corrupci\u00f3n","author":"Nelson Feliz","date":"13 de febrero de 2026","format":false,"excerpt":"La embajadora de Estados Unidos en Rep\u00fablica Dominicana anunci\u00f3 este jueves el cierre de la oficina de laAdministraci\u00f3n para el Control de Drogas (DEA)que se encuentra en Santo Domingo. La embajadora Leah Campos public\u00f3 un mensaje en las redes sociales del \u00f3rgano diplom\u00e1tico asegurando queno tolerar\u00e1 la corrupci\u00f3n, rechazando cualquier\u2026","rel":"","context":"En \u00abNACIONALES\u00bb","block_context":{"text":"NACIONALES","link":"https:\/\/lasprimeras.com.do\/index.php\/category\/nacionales\/"},"img":{"alt_text":"","src":"https:\/\/i0.wp.com\/lasprimeras.com.do\/wp-content\/uploads\/2026\/02\/691f78e8a34ee.png?resize=350%2C200&ssl=1","width":350,"height":200,"srcset":"https:\/\/i0.wp.com\/lasprimeras.com.do\/wp-content\/uploads\/2026\/02\/691f78e8a34ee.png?resize=350%2C200&ssl=1 1x, https:\/\/i0.wp.com\/lasprimeras.com.do\/wp-content\/uploads\/2026\/02\/691f78e8a34ee.png?resize=525%2C300&ssl=1 1.5x, https:\/\/i0.wp.com\/lasprimeras.com.do\/wp-content\/uploads\/2026\/02\/691f78e8a34ee.png?resize=700%2C400&ssl=1 2x"},"classes":[]},{"id":98011,"url":"https:\/\/lasprimeras.com.do\/index.php\/2025\/04\/30\/patricia-aguilera-rd-ha-respondido-valientemente-al-llamado-de-ee-uu-para-unirse-a-la-lucha-contra-la-drogas-sinteticas\/","url_meta":{"origin":124575,"position":2},"title":"Patricia Aguilera: RD ha respondido valientemente al llamado de EE.UU. para unirse a la lucha contra la drogas sint\u00e9ticas","author":"Nelson Feliz","date":"30 de abril de 2025","format":false,"excerpt":"Justin Hitz, Jefe de Unidad de Entrenamiento Internacional y Recuperaci\u00f3n de Personal (DEA), afirma que EE. UU. est\u00e1 profundamente agradecido de contar con un aliado tan s\u00f3lido como RD en combate del crimen organizado transnacional. La encargada de Negocios de la Embajada de los Estados Unidos, Patricia Aguilera, destac\u00f3 que\u2026","rel":"","context":"En \u00abNACIONALES\u00bb","block_context":{"text":"NACIONALES","link":"https:\/\/lasprimeras.com.do\/index.php\/category\/nacionales\/"},"img":{"alt_text":"drogas sint\u00e9ticas","src":"https:\/\/i0.wp.com\/lasprimeras.com.do\/wp-content\/uploads\/2025\/04\/drogas-sinteticas.jpg?resize=350%2C200&ssl=1","width":350,"height":200,"srcset":"https:\/\/i0.wp.com\/lasprimeras.com.do\/wp-content\/uploads\/2025\/04\/drogas-sinteticas.jpg?resize=350%2C200&ssl=1 1x, https:\/\/i0.wp.com\/lasprimeras.com.do\/wp-content\/uploads\/2025\/04\/drogas-sinteticas.jpg?resize=525%2C300&ssl=1 1.5x, https:\/\/i0.wp.com\/lasprimeras.com.do\/wp-content\/uploads\/2025\/04\/drogas-sinteticas.jpg?resize=700%2C400&ssl=1 2x"},"classes":[]},{"id":61259,"url":"https:\/\/lasprimeras.com.do\/index.php\/2023\/09\/24\/rd-participa-en-37a-conferencia-internacional-de-drogas-en-montego-bay-jamaica\/","url_meta":{"origin":124575,"position":3},"title":"RD participa en 37\u00aa Conferencia Internacional de drogas en Montego Bay, Jamaica","author":"Nelson Feliz","date":"24 de septiembre de 2023","format":false,"excerpt":"Por Martin Restituyo La Rep\u00fablica Dominicana fortalece sus lazos de cooperaci\u00f3n en la lucha y persecuci\u00f3n en contra del narcotr\u00e1fico y la criminalidad organizada, con su participaci\u00f3n en la Trig\u00e9sima S\u00e9ptima Conferencia Internacional para el Control de Drogas, (IDEC), que re\u00fane a jefes y jefas antinarc\u00f3ticos de 135 pa\u00edses. El\u2026","rel":"","context":"En \u00abMILITARES\u00bb","block_context":{"text":"MILITARES","link":"https:\/\/lasprimeras.com.do\/index.php\/category\/militares\/"},"img":{"alt_text":"DNCD","src":"https:\/\/i0.wp.com\/lasprimeras.com.do\/wp-content\/uploads\/2023\/09\/DNCD-3.jpg?resize=350%2C200&ssl=1","width":350,"height":200,"srcset":"https:\/\/i0.wp.com\/lasprimeras.com.do\/wp-content\/uploads\/2023\/09\/DNCD-3.jpg?resize=350%2C200&ssl=1 1x, https:\/\/i0.wp.com\/lasprimeras.com.do\/wp-content\/uploads\/2023\/09\/DNCD-3.jpg?resize=525%2C300&ssl=1 1.5x, https:\/\/i0.wp.com\/lasprimeras.com.do\/wp-content\/uploads\/2023\/09\/DNCD-3.jpg?resize=700%2C400&ssl=1 2x"},"classes":[]},{"id":106603,"url":"https:\/\/lasprimeras.com.do\/index.php\/2025\/08\/17\/presidente-dncd-rd-a-decomisado-mas-de-224-toneladas-de-drogas-en-los-ultimos-cinco-anos\/","url_meta":{"origin":124575,"position":4},"title":"Presidente DNCD: RD a decomisado m\u00e1s de 224 toneladas de drogas en los \u00faltimos cinco a\u00f1os","author":"Nelson Feliz","date":"17 de agosto de 2025","format":false,"excerpt":"El presidente de la Direcci\u00f3n Nacional de Control de Drogas (DNCD), vicealmirante Jose M. Cabrera Ulloa, resalt\u00f3 el liderazgo del Gobierno del Presidente Luis Abinader, en la lucha contra el narcotr\u00e1fico y la criminalidad organizada transnacional, durante la graduaci\u00f3n de la 124 promoci\u00f3n del Curso B\u00e1sico de la Unidad de\u2026","rel":"","context":"En \u00abNACIONALES\u00bb","block_context":{"text":"NACIONALES","link":"https:\/\/lasprimeras.com.do\/index.php\/category\/nacionales\/"},"img":{"alt_text":"","src":"https:\/\/i0.wp.com\/lasprimeras.com.do\/wp-content\/uploads\/2025\/08\/ggg.jpg?resize=350%2C200&ssl=1","width":350,"height":200,"srcset":"https:\/\/i0.wp.com\/lasprimeras.com.do\/wp-content\/uploads\/2025\/08\/ggg.jpg?resize=350%2C200&ssl=1 1x, https:\/\/i0.wp.com\/lasprimeras.com.do\/wp-content\/uploads\/2025\/08\/ggg.jpg?resize=525%2C300&ssl=1 1.5x, https:\/\/i0.wp.com\/lasprimeras.com.do\/wp-content\/uploads\/2025\/08\/ggg.jpg?resize=700%2C400&ssl=1 2x"},"classes":[]},{"id":64054,"url":"https:\/\/lasprimeras.com.do\/index.php\/2023\/10\/17\/rd-fortalece-alianza-contra-narcotrafico-en-cumbre-de-jefes-en-san-diego-ee-uu\/","url_meta":{"origin":124575,"position":5},"title":"RD fortalece alianza contra narcotr\u00e1fico en cumbre de jefes en San Diego, EE.UU.","author":"Nelson Feliz","date":"17 de octubre de 2023","format":false,"excerpt":"Por Martin Restituyo La Rep\u00fablica Dominicana contin\u00faa afianzando y fortaleciendo los lazos de cooperaci\u00f3n con los pa\u00edses aliados, al participar en la Cumbre Mundial de la Asociaci\u00f3n Internacional de Jefes de Polic\u00eda, (IACP), c\u00f3nclave que se realiz\u00f3 durante varios d\u00edas en San Diego, CA, Estados Unidos. En el importante participaron\u2026","rel":"","context":"En \u00abMILITARES\u00bb","block_context":{"text":"MILITARES","link":"https:\/\/lasprimeras.com.do\/index.php\/category\/militares\/"},"img":{"alt_text":"policias","src":"https:\/\/i0.wp.com\/lasprimeras.com.do\/wp-content\/uploads\/2023\/10\/policias.jpg?resize=350%2C200&ssl=1","width":350,"height":200,"srcset":"https:\/\/i0.wp.com\/lasprimeras.com.do\/wp-content\/uploads\/2023\/10\/policias.jpg?resize=350%2C200&ssl=1 1x, https:\/\/i0.wp.com\/lasprimeras.com.do\/wp-content\/uploads\/2023\/10\/policias.jpg?resize=525%2C300&ssl=1 1.5x, https:\/\/i0.wp.com\/lasprimeras.com.do\/wp-content\/uploads\/2023\/10\/policias.jpg?resize=700%2C400&ssl=1 2x"},"classes":[]}],"jetpack_sharing_enabled":true,"_links":{"self":[{"href":"https:\/\/lasprimeras.com.do\/index.php\/wp-json\/wp\/v2\/posts\/124575","targetHints":{"allow":["GET"]}}],"collection":[{"href":"https:\/\/lasprimeras.com.do\/index.php\/wp-json\/wp\/v2\/posts"}],"about":[{"href":"https:\/\/lasprimeras.com.do\/index.php\/wp-json\/wp\/v2\/types\/post"}],"author":[{"embeddable":true,"href":"https:\/\/lasprimeras.com.do\/index.php\/wp-json\/wp\/v2\/users\/10"}],"replies":[{"embeddable":true,"href":"https:\/\/lasprimeras.com.do\/index.php\/wp-json\/wp\/v2\/comments?post=124575"}],"version-history":[{"count":1,"href":"https:\/\/lasprimeras.com.do\/index.php\/wp-json\/wp\/v2\/posts\/124575\/revisions"}],"predecessor-version":[{"id":124579,"href":"https:\/\/lasprimeras.com.do\/index.php\/wp-json\/wp\/v2\/posts\/124575\/revisions\/124579"}],"wp:featuredmedia":[{"embeddable":true,"href":"https:\/\/lasprimeras.com.do\/index.php\/wp-json\/wp\/v2\/media\/124576"}],"wp:attachment":[{"href":"https:\/\/lasprimeras.com.do\/index.php\/wp-json\/wp\/v2\/media?parent=124575"}],"wp:term":[{"taxonomy":"category","embeddable":true,"href":"https:\/\/lasprimeras.com.do\/index.php\/wp-json\/wp\/v2\/categories?post=124575"},{"taxonomy":"post_tag","embeddable":true,"href":"https:\/\/lasprimeras.com.do\/index.php\/wp-json\/wp\/v2\/tags?post=124575"}],"curies":[{"name":"wp","href":"https:\/\/api.w.org\/{rel}","templated":true}]}}