{"id":124580,"date":"2026-03-13T13:50:00","date_gmt":"2026-03-13T17:50:00","guid":{"rendered":"https:\/\/lasprimeras.com.do\/?p=124580"},"modified":"2026-03-13T22:55:10","modified_gmt":"2026-03-14T02:55:10","slug":"abinader-entregara-becas-e-inaugurara-escuela-en-jornada-juvenil-este-sabado","status":"publish","type":"post","link":"https:\/\/lasprimeras.com.do\/index.php\/2026\/03\/13\/abinader-entregara-becas-e-inaugurara-escuela-en-jornada-juvenil-este-sabado\/","title":{"rendered":"Abinader entregar\u00e1 becas e inaugurar\u00e1 escuela en jornada juvenil este s\u00e1bado"},"content":{"rendered":"\n<p>El presidente Luis Abinader desarrollar\u00e1 una agenda especial dirigida a j\u00f3venes estudiantes y universitarios en distintos puntos del Gran Santo Domingo.<\/p>\n\n\n\n<p>La jornada del mandatario iniciar\u00e1 a las 12:30 de la tarde con un encuentro conversatorio con 350 j\u00f3venes estudiantes de liceos p\u00fablicos y colegios privados de Santo Domingo Este, en el Centro Deportivo y Cultural Ozama.<\/p>\n\n\n\n<p>Posteriormente, el jefe de Estado encabezar\u00e1 la graduaci\u00f3n de estudiantes del programa 14\/24, en el Polideportivo Tony Barreiro.<\/p>\n\n\n\n<p>M\u00e1s adelante, el gobernante realizar\u00e1 la entrega de cientos de becas STEAM dirigidas a j\u00f3venes universitarios, acto que se llevar\u00e1 a cabo en el Aula Magna de la Universidad Aut\u00f3noma de Santo Domingo (UASD).<\/p>\n\n\n\n<p>La agenda del presidente Abinader concluir\u00e1 con la inauguraci\u00f3n de la Escuela Comunal Barrio Lindo, en Santo Domingo Norte.<\/p>\n","protected":false},"excerpt":{"rendered":"<p>El presidente Luis Abinader desarrollar\u00e1 una agenda especial dirigida a j\u00f3venes estudiantes y universitarios en distintos puntos del Gran Santo Domingo. La jornada del mandatario iniciar\u00e1 a las 12:30 de&hellip;<\/p>\n","protected":false},"author":10,"featured_media":124581,"comment_status":"open","ping_status":"open","sticky":false,"template":"","format":"standard","meta":{"content-type":"","jetpack_post_was_ever_published":false,"_jetpack_newsletter_access":"","_jetpack_dont_email_post_to_subs":false,"_jetpack_newsletter_tier_id":0,"_jetpack_memberships_contains_paywalled_content":false,"_jetpack_memberships_contains_paid_content":false,"footnotes":""},"categories":[35,25],"tags":[31163,11365,524,1641,3899,67,31162],"class_list":["post-124580","post","type-post","status-publish","format-standard","has-post-thumbnail","hentry","category-nacionales","category-portada","tag-becas-universitarias","tag-conversatorio","tag-estudiantes","tag-graduacion","tag-jovenes","tag-luis-abinader","tag-programa-14-24"],"jetpack_featured_media_url":"https:\/\/lasprimeras.com.do\/wp-content\/uploads\/2026\/03\/Luis-Abinader-7-1.jpg","jetpack-related-posts":[{"id":124648,"url":"https:\/\/lasprimeras.com.do\/index.php\/2026\/03\/14\/abinader-dialoga-con-estudiantes-y-reafirma-compromiso-de-oportunidades-para-la-juventud\/","url_meta":{"origin":124580,"position":0},"title":"Abinader dialoga con estudiantes y reafirma compromiso de oportunidades para la juventud","author":"Nelson Feliz","date":"14 de marzo de 2026","format":false,"excerpt":"El mandatario escuch\u00f3 inquietudes de j\u00f3venes de Santo Domingo Este y destac\u00f3 acciones del Gobierno para fortalecer la educaci\u00f3n, la tecnolog\u00eda y el desarrollo estudiantil. El presidente Luis Abinader encabez\u00f3 este s\u00e1bado un encuentro conversatorio con m\u00e1s de 350 j\u00f3venes estudiantes de liceos p\u00fablicos y colegios privados del municipio Santo\u2026","rel":"","context":"En \u00abNACIONALES\u00bb","block_context":{"text":"NACIONALES","link":"https:\/\/lasprimeras.com.do\/index.php\/category\/nacionales\/"},"img":{"alt_text":"","src":"https:\/\/i0.wp.com\/lasprimeras.com.do\/wp-content\/uploads\/2026\/03\/Luis-Abinader-3-2.jpg?resize=350%2C200&ssl=1","width":350,"height":200,"srcset":"https:\/\/i0.wp.com\/lasprimeras.com.do\/wp-content\/uploads\/2026\/03\/Luis-Abinader-3-2.jpg?resize=350%2C200&ssl=1 1x, https:\/\/i0.wp.com\/lasprimeras.com.do\/wp-content\/uploads\/2026\/03\/Luis-Abinader-3-2.jpg?resize=525%2C300&ssl=1 1.5x, https:\/\/i0.wp.com\/lasprimeras.com.do\/wp-content\/uploads\/2026\/03\/Luis-Abinader-3-2.jpg?resize=700%2C400&ssl=1 2x"},"classes":[]},{"id":60912,"url":"https:\/\/lasprimeras.com.do\/index.php\/2023\/09\/20\/fermin-exhorta-a-jovenes-beneficiados-con-becas-a-seguir-estudiando-aun-despues-de-obtener-un-titulo-de-grado\/","url_meta":{"origin":124580,"position":1},"title":"Ferm\u00edn exhorta a j\u00f3venes beneficiados con becas a seguir estudiando a\u00fan despu\u00e9s de obtener un t\u00edtulo de grado","author":"Nelson Feliz","date":"20 de septiembre de 2023","format":false,"excerpt":"El ministro de Educaci\u00f3n Superior, Ciencia y Tecnolog\u00eda encabeza entrega de 250 becas a j\u00f3venes municipio Santo Domingo Este. Por Mart\u00edn Restituyo El ministro de Educaci\u00f3n Superior, Ciencia y Tecnolog\u00eda, doctor Franklin Garc\u00eda Ferm\u00edn, inst\u00f3 a los j\u00f3venes dominicanos, que han sido beneficiados con becas otorgadas por el gobierno del\u2026","rel":"","context":"En \u00abNACIONALES\u00bb","block_context":{"text":"NACIONALES","link":"https:\/\/lasprimeras.com.do\/index.php\/category\/nacionales\/"},"img":{"alt_text":"Franklin Garc\u00eda Ferm\u00edn","src":"https:\/\/i0.wp.com\/lasprimeras.com.do\/wp-content\/uploads\/2023\/09\/Franklin-Garcia-Fermin-1.jpg?resize=350%2C200&ssl=1","width":350,"height":200,"srcset":"https:\/\/i0.wp.com\/lasprimeras.com.do\/wp-content\/uploads\/2023\/09\/Franklin-Garcia-Fermin-1.jpg?resize=350%2C200&ssl=1 1x, https:\/\/i0.wp.com\/lasprimeras.com.do\/wp-content\/uploads\/2023\/09\/Franklin-Garcia-Fermin-1.jpg?resize=525%2C300&ssl=1 1.5x, https:\/\/i0.wp.com\/lasprimeras.com.do\/wp-content\/uploads\/2023\/09\/Franklin-Garcia-Fermin-1.jpg?resize=700%2C400&ssl=1 2x"},"classes":[]},{"id":124651,"url":"https:\/\/lasprimeras.com.do\/index.php\/2026\/03\/14\/gobierno-otorga-8000-becas-steam-para-jovenes-dominicana\/","url_meta":{"origin":124580,"position":2},"title":"Gobierno otorga 8,000 becas STEAM para j\u00f3venes dominicana","author":"Nelson Feliz","date":"14 de marzo de 2026","format":false,"excerpt":"Ministro de la Juventud exhorta a los becarios a aprovechar esta oportunidad, destacando que el futuro tecnol\u00f3gico del pa\u00eds depende de su talento y preparaci\u00f3n. Los beneficiarios acceder\u00e1n a 135 programas formativos especializados en \u00e1reas tecnol\u00f3gicas, desarrollados con instituciones acad\u00e9micas nacionales e internacionales. En el marco del D\u00eda Internacional de\u2026","rel":"","context":"En \u00abNACIONALES\u00bb","block_context":{"text":"NACIONALES","link":"https:\/\/lasprimeras.com.do\/index.php\/category\/nacionales\/"},"img":{"alt_text":"","src":"https:\/\/i0.wp.com\/lasprimeras.com.do\/wp-content\/uploads\/2026\/03\/stem.jpg?resize=350%2C200&ssl=1","width":350,"height":200,"srcset":"https:\/\/i0.wp.com\/lasprimeras.com.do\/wp-content\/uploads\/2026\/03\/stem.jpg?resize=350%2C200&ssl=1 1x, https:\/\/i0.wp.com\/lasprimeras.com.do\/wp-content\/uploads\/2026\/03\/stem.jpg?resize=525%2C300&ssl=1 1.5x, https:\/\/i0.wp.com\/lasprimeras.com.do\/wp-content\/uploads\/2026\/03\/stem.jpg?resize=700%2C400&ssl=1 2x"},"classes":[]},{"id":122320,"url":"https:\/\/lasprimeras.com.do\/index.php\/2026\/02\/16\/abinader-insta-a-jovenes-a-estudiar-carreras-relacionadas-con-las-ciencias-y-los-idiomas\/","url_meta":{"origin":124580,"position":3},"title":"Abinader insta a j\u00f3venes a estudiar carreras relacionadas con las ciencias y los idiomas","author":"Nelson Feliz","date":"16 de febrero de 2026","format":false,"excerpt":"_Llama a los j\u00f3venes a aprovechar la convocatoria de *Beca T\u00fa Futuro* que contempla becas en universidades nacionales e internacionales._ El presidente Luis Abinader inst\u00f3 este domingo a los j\u00f3venes a optar por estudiar carreras vinculadas con las ciencias y los idiomas, que son los sectores con alta demanda en\u2026","rel":"","context":"En \u00abNACIONALES\u00bb","block_context":{"text":"NACIONALES","link":"https:\/\/lasprimeras.com.do\/index.php\/category\/nacionales\/"},"img":{"alt_text":"","src":"https:\/\/i0.wp.com\/lasprimeras.com.do\/wp-content\/uploads\/2026\/02\/IMG-20260215-WA0724.jpg?resize=350%2C200&ssl=1","width":350,"height":200,"srcset":"https:\/\/i0.wp.com\/lasprimeras.com.do\/wp-content\/uploads\/2026\/02\/IMG-20260215-WA0724.jpg?resize=350%2C200&ssl=1 1x, https:\/\/i0.wp.com\/lasprimeras.com.do\/wp-content\/uploads\/2026\/02\/IMG-20260215-WA0724.jpg?resize=525%2C300&ssl=1 1.5x, https:\/\/i0.wp.com\/lasprimeras.com.do\/wp-content\/uploads\/2026\/02\/IMG-20260215-WA0724.jpg?resize=700%2C400&ssl=1 2x, https:\/\/i0.wp.com\/lasprimeras.com.do\/wp-content\/uploads\/2026\/02\/IMG-20260215-WA0724.jpg?resize=1050%2C600&ssl=1 3x"},"classes":[]},{"id":89673,"url":"https:\/\/lasprimeras.com.do\/index.php\/2024\/10\/01\/coopnama-anuncia-cambios-en-calendario-para-evaluaciones-a-los-aspirantes-del-programa-de-becas\/","url_meta":{"origin":124580,"position":4},"title":"COOPNAMA anuncia cambios en calendario para evaluaciones a los aspirantes del programa de becas","author":"Paola Castillo","date":"1 de octubre de 2024","format":false,"excerpt":"Santo Domingo.- La Cooperativa Nacional de Servicios M\u00faltiples de los Maestros (COOPNAMA) inform\u00f3 que aplic\u00f3 cambios en el calendario de las evaluaciones para los aspirantes al \u201cPrograma Nacional de Becas\u201d para cursar carreras universitarias, dirigido a beneficiar a los hijos e hijas de socios. Las jornadas de evaluaciones para el\u2026","rel":"","context":"En \u00abNACIONALES\u00bb","block_context":{"text":"NACIONALES","link":"https:\/\/lasprimeras.com.do\/index.php\/category\/nacionales\/"},"img":{"alt_text":"","src":"https:\/\/i0.wp.com\/lasprimeras.com.do\/wp-content\/uploads\/2024\/10\/coopnama1.jpeg?resize=350%2C200&ssl=1","width":350,"height":200,"srcset":"https:\/\/i0.wp.com\/lasprimeras.com.do\/wp-content\/uploads\/2024\/10\/coopnama1.jpeg?resize=350%2C200&ssl=1 1x, https:\/\/i0.wp.com\/lasprimeras.com.do\/wp-content\/uploads\/2024\/10\/coopnama1.jpeg?resize=525%2C300&ssl=1 1.5x, https:\/\/i0.wp.com\/lasprimeras.com.do\/wp-content\/uploads\/2024\/10\/coopnama1.jpeg?resize=700%2C400&ssl=1 2x, https:\/\/i0.wp.com\/lasprimeras.com.do\/wp-content\/uploads\/2024\/10\/coopnama1.jpeg?resize=1050%2C600&ssl=1 3x, https:\/\/i0.wp.com\/lasprimeras.com.do\/wp-content\/uploads\/2024\/10\/coopnama1.jpeg?resize=1400%2C800&ssl=1 4x"},"classes":[]},{"id":105256,"url":"https:\/\/lasprimeras.com.do\/index.php\/2025\/07\/31\/abinader-inaugura-dos-escuelas-en-la-altagracia-con-capacidad-para-1600-estudiantes\/","url_meta":{"origin":124580,"position":5},"title":"Abinader inaugura dos escuelas en La Altagracia con capacidad para 1,600 estudiantes","author":"Nelson Feliz","date":"31 de julio de 2025","format":false,"excerpt":"Mandatario sostiene encuentro con 300 j\u00f3venes de diversos sectores, en un espacio de di\u00e1logo abierto y encabeza Jornada de Inclusi\u00f3n Social que beneficia a unas 2,500 personas. El presidente Luis Abinader continu\u00f3 este jueves con el desarrollo de una agenda centrada en acercar el gobierno a la gente y acelerar\u2026","rel":"","context":"En \u00abECONOM\u00cdA\u00bb","block_context":{"text":"ECONOM\u00cdA","link":"https:\/\/lasprimeras.com.do\/index.php\/category\/economia\/"},"img":{"alt_text":"","src":"https:\/\/i0.wp.com\/lasprimeras.com.do\/wp-content\/uploads\/2025\/07\/escuela.jpg?resize=350%2C200&ssl=1","width":350,"height":200,"srcset":"https:\/\/i0.wp.com\/lasprimeras.com.do\/wp-content\/uploads\/2025\/07\/escuela.jpg?resize=350%2C200&ssl=1 1x, https:\/\/i0.wp.com\/lasprimeras.com.do\/wp-content\/uploads\/2025\/07\/escuela.jpg?resize=525%2C300&ssl=1 1.5x, https:\/\/i0.wp.com\/lasprimeras.com.do\/wp-content\/uploads\/2025\/07\/escuela.jpg?resize=700%2C400&ssl=1 2x"},"classes":[]}],"jetpack_sharing_enabled":true,"_links":{"self":[{"href":"https:\/\/lasprimeras.com.do\/index.php\/wp-json\/wp\/v2\/posts\/124580","targetHints":{"allow":["GET"]}}],"collection":[{"href":"https:\/\/lasprimeras.com.do\/index.php\/wp-json\/wp\/v2\/posts"}],"about":[{"href":"https:\/\/lasprimeras.com.do\/index.php\/wp-json\/wp\/v2\/types\/post"}],"author":[{"embeddable":true,"href":"https:\/\/lasprimeras.com.do\/index.php\/wp-json\/wp\/v2\/users\/10"}],"replies":[{"embeddable":true,"href":"https:\/\/lasprimeras.com.do\/index.php\/wp-json\/wp\/v2\/comments?post=124580"}],"version-history":[{"count":1,"href":"https:\/\/lasprimeras.com.do\/index.php\/wp-json\/wp\/v2\/posts\/124580\/revisions"}],"predecessor-version":[{"id":124582,"href":"https:\/\/lasprimeras.com.do\/index.php\/wp-json\/wp\/v2\/posts\/124580\/revisions\/124582"}],"wp:featuredmedia":[{"embeddable":true,"href":"https:\/\/lasprimeras.com.do\/index.php\/wp-json\/wp\/v2\/media\/124581"}],"wp:attachment":[{"href":"https:\/\/lasprimeras.com.do\/index.php\/wp-json\/wp\/v2\/media?parent=124580"}],"wp:term":[{"taxonomy":"category","embeddable":true,"href":"https:\/\/lasprimeras.com.do\/index.php\/wp-json\/wp\/v2\/categories?post=124580"},{"taxonomy":"post_tag","embeddable":true,"href":"https:\/\/lasprimeras.com.do\/index.php\/wp-json\/wp\/v2\/tags?post=124580"}],"curies":[{"name":"wp","href":"https:\/\/api.w.org\/{rel}","templated":true}]}}