{"id":124583,"date":"2026-03-13T21:07:00","date_gmt":"2026-03-14T01:07:00","guid":{"rendered":"https:\/\/lasprimeras.com.do\/?p=124583"},"modified":"2026-03-13T23:12:39","modified_gmt":"2026-03-14T03:12:39","slug":"con-un-cuadrangular-de-austin-wells-rd-gana-10-0-a-corea-del-sur-en-semifinales-del-clasico-mundial-de-beisbol","status":"publish","type":"post","link":"https:\/\/lasprimeras.com.do\/index.php\/2026\/03\/13\/con-un-cuadrangular-de-austin-wells-rd-gana-10-0-a-corea-del-sur-en-semifinales-del-clasico-mundial-de-beisbol\/","title":{"rendered":"Con un cuadrangular de Austin Wells, RD gana 10-0 a Corea del Sur en semifinales del Cl\u00e1sico Mundial de B\u00e9isbol"},"content":{"rendered":"\n<p><strong>Rep\u00fablica Dominicana  le entra a palos a Corea y est\u00e1 en semifinales del Cl\u00e1sico Mundial de B\u00e9isbol<\/strong><\/p>\n\n\n\n<p>Con un enorme cuadrangular que remolc\u00f3 tres carreras en la parte baja del s\u00e9ptimo episodio en el que Austin Wells sell\u00f3 el triunfo por nocaut de la selecci\u00f3n de la Rep\u00fablica Dominicana 10-0 sobre Corea del Sur (selecci\u00f3n nacional de b\u00e9isbol), logrando as\u00ed el boleto a las semifinales del Cl\u00e1sico Mundial de B\u00e9isbol 2026.<\/p>\n\n\n\n<p>Una vez m\u00e1s, una s\u00f3lida ofensiva de 10 indiscutibles se combin\u00f3 con siete entradas en blanco del pitcheo dominicano para conseguir la quinta victoria del conjunto quisqueyano en el torneo.<\/p>\n\n\n\n<p>Fue la primera vez que ambas selecciones se enfrentaron en el evento mundialista.<\/p>\n\n\n\n<p>Christopher S\u00e1nchez se present\u00f3 como una aut\u00e9ntica figura en el mont\u00edculo al trabajar cinco episodios en blanco, en los que apenas permiti\u00f3 dos hits y ponch\u00f3 a ocho bateadores.<\/p>\n\n\n\n<p>Luego, Albert Abreu entr\u00f3 desde el bullpen y complet\u00f3 dos entradas sin permitir carreras, con tres ponches.<\/p>\n\n\n<div class=\"wp-block-image\">\n<figure class=\"alignleft size-full is-resized\"><img decoding=\"async\" width=\"717\" height=\"730\" src=\"https:\/\/lasprimeras.com.do\/wp-content\/uploads\/2026\/03\/Christopher-Sanchez.jpg\" alt=\"\" class=\"wp-image-124585\" style=\"width:349px;height:auto\" srcset=\"https:\/\/lasprimeras.com.do\/wp-content\/uploads\/2026\/03\/Christopher-Sanchez.jpg 717w, https:\/\/lasprimeras.com.do\/wp-content\/uploads\/2026\/03\/Christopher-Sanchez-295x300.jpg 295w\" sizes=\"(max-width: 717px) 100vw, 717px\" \/><\/figure>\n<\/div>\n\n\n<p>Las carreras<\/p>\n\n\n\n<p>La selecci\u00f3n de la Rep\u00fablica Dominicana fabric\u00f3 tres carreras en la parte baja del segundo episodio con un hit remolcador de Junior Caminero, que llev\u00f3 al plato a Vladimir Guerrero Jr., quien se desliz\u00f3 de manera espectacular.<\/p>\n\n\n\n<p>La segunda vuelta lleg\u00f3 con un rodado al cuadro de Julio Rodr\u00edguez que permiti\u00f3 anotar a Caminero.<\/p>\n\n\n\n<p>Luego, Fernando Tatis Jr. remolc\u00f3 la tercera carrera con un indiscutible al prado derecho que llev\u00f3 al plato al receptor Agust\u00edn Ram\u00edrez.<\/p>\n\n\n\n<p>a ofensiva continu\u00f3 en el tercer episodio con un doble remolcador de Vladimir Guerrero Jr. para colocar el marcador 4-0.<\/p>\n\n\n\n<p>M\u00e1s adelante, el capit\u00e1n Manny Machado impuls\u00f3 la quinta carrera con un sencillo.<\/p>\n\n\n\n<p>Las otras dos anotaciones llegaron al plato mediante bases por bolas consecutivas a Tatis Jr. y Ketel Marte.<\/p>\n\n\n\n<p>En el s\u00e9ptimo cap\u00edtulo, el jonr\u00f3n de Wells sentenci\u00f3 el encuentro.<\/p>\n\n\n\n<p>La selecci\u00f3n de la Rep\u00fablica Dominicana enfrentar\u00e1 al ganador del duelo entre Estados Unidos (selecci\u00f3n nacional de b\u00e9isbol) y Canad\u00e1 (selecci\u00f3n nacional de b\u00e9isbol) en la semifinal, programada para el pr\u00f3ximo domingo dentro del Cl\u00e1sico Mundial de B\u00e9isbol 2026.<\/p>\n\n\n\n<p>Los mejores del juego<\/p>\n\n\n\n<p>Wells fue el h\u00e9roe ofensivo del partido con su jonr\u00f3n de tres carreras.<\/p>\n\n\n\n<p>Fernando Tatis Jr. se fue 3-1 con dos remolcadas.<\/p>\n\n\n\n<p>Junior Caminero bate\u00f3 de 2-2 con una remolcada.<\/p>\n\n\n\n<p>Manny Machado remolc\u00f3 una vuelta, bateando de 4-2.<\/p>\n\n\n\n<p>Julio Rodr\u00edguez bate\u00f3 de 4-1 con una impulsada.<\/p>\n","protected":false},"excerpt":{"rendered":"<p>Rep\u00fablica Dominicana le entra a palos a Corea y est\u00e1 en semifinales del Cl\u00e1sico Mundial de B\u00e9isbol Con un enorme cuadrangular que remolc\u00f3 tres carreras en la parte baja del&hellip;<\/p>\n","protected":false},"author":10,"featured_media":124584,"comment_status":"open","ping_status":"open","sticky":false,"template":"","format":"standard","meta":{"content-type":"","jetpack_post_was_ever_published":false,"_jetpack_newsletter_access":"","_jetpack_dont_email_post_to_subs":false,"_jetpack_newsletter_tier_id":0,"_jetpack_memberships_contains_paywalled_content":false,"_jetpack_memberships_contains_paid_content":false,"footnotes":""},"categories":[630,25],"tags":[31164,17811,6597,31165,1226,5114],"class_list":["post-124583","post","type-post","status-publish","format-standard","has-post-thumbnail","hentry","category-deportes","category-portada","tag-austin-wells","tag-clasico-mundial-de-beisbol","tag-cuadrangular","tag-rd-gana-10-0-a-corea-del-sur","tag-republica-dominicana","tag-semifinales"],"jetpack_featured_media_url":"https:\/\/lasprimeras.com.do\/wp-content\/uploads\/2026\/03\/Austin-Wells.jpg","jetpack-related-posts":[{"id":123863,"url":"https:\/\/lasprimeras.com.do\/index.php\/2026\/03\/06\/jce-entrega-nueva-cedula-a-integrantes-de-la-seleccion-dominicana-del-clasico-mundial-de-beisbol-2026\/","url_meta":{"origin":124583,"position":0},"title":"JCE entrega nueva c\u00e9dula a integrantes de la selecci\u00f3n dominicana del Cl\u00e1sico Mundial de B\u00e9isbol 2026","author":"Nelson Feliz","date":"6 de marzo de 2026","format":false,"excerpt":"Manny Machado y Austin Wells obtuvieron por primera vez la c\u00e9dula dominicana La Junta Central Electoral (JCE) realiz\u00f3 una jornada especial de captura de datos y entrega inmediata de la nueva c\u00e9dula a los integrantes de la selecci\u00f3n dominicana del Cl\u00e1sico Mundial de B\u00e9isbol previo a los jugadores partir a\u2026","rel":"","context":"En \u00abNACIONALES\u00bb","block_context":{"text":"NACIONALES","link":"https:\/\/lasprimeras.com.do\/index.php\/category\/nacionales\/"},"img":{"alt_text":"","src":"https:\/\/i0.wp.com\/lasprimeras.com.do\/wp-content\/uploads\/2026\/03\/Clasico-12.jpeg?resize=350%2C200&ssl=1","width":350,"height":200,"srcset":"https:\/\/i0.wp.com\/lasprimeras.com.do\/wp-content\/uploads\/2026\/03\/Clasico-12.jpeg?resize=350%2C200&ssl=1 1x, https:\/\/i0.wp.com\/lasprimeras.com.do\/wp-content\/uploads\/2026\/03\/Clasico-12.jpeg?resize=525%2C300&ssl=1 1.5x, https:\/\/i0.wp.com\/lasprimeras.com.do\/wp-content\/uploads\/2026\/03\/Clasico-12.jpeg?resize=700%2C400&ssl=1 2x, https:\/\/i0.wp.com\/lasprimeras.com.do\/wp-content\/uploads\/2026\/03\/Clasico-12.jpeg?resize=1050%2C600&ssl=1 3x"},"classes":[]},{"id":123465,"url":"https:\/\/lasprimeras.com.do\/index.php\/2026\/03\/01\/rd-entrena-unida-para-el-clasico-en-miami\/","url_meta":{"origin":124583,"position":1},"title":"RD entrena unida para el Cl\u00e1sico en Miami","author":"Nelson Feliz","date":"1 de marzo de 2026","format":false,"excerpt":"Miami, Florida.\u2013 El equipo dominicano que representar\u00e1 al pa\u00eds en el Cl\u00e1sico Mundial de B\u00e9isbol 2026 realiz\u00f3 este domingo su primera pr\u00e1ctica oficial en conjunto en la ciudad de Miami, marcando el inicio formal de la preparaci\u00f3n colectiva con miras al importante compromiso internacional. La sesi\u00f3n de entrenamientos estuvo encabezada\u2026","rel":"","context":"En \u00abDEPORTES\u00bb","block_context":{"text":"DEPORTES","link":"https:\/\/lasprimeras.com.do\/index.php\/category\/deportes\/"},"img":{"alt_text":"","src":"https:\/\/i0.wp.com\/lasprimeras.com.do\/wp-content\/uploads\/2026\/03\/rd-entrena-unida-para-el-clasico-en-miami.jpg?resize=350%2C200&ssl=1","width":350,"height":200,"srcset":"https:\/\/i0.wp.com\/lasprimeras.com.do\/wp-content\/uploads\/2026\/03\/rd-entrena-unida-para-el-clasico-en-miami.jpg?resize=350%2C200&ssl=1 1x, https:\/\/i0.wp.com\/lasprimeras.com.do\/wp-content\/uploads\/2026\/03\/rd-entrena-unida-para-el-clasico-en-miami.jpg?resize=525%2C300&ssl=1 1.5x, https:\/\/i0.wp.com\/lasprimeras.com.do\/wp-content\/uploads\/2026\/03\/rd-entrena-unida-para-el-clasico-en-miami.jpg?resize=700%2C400&ssl=1 2x"},"classes":[]},{"id":124182,"url":"https:\/\/lasprimeras.com.do\/index.php\/2026\/03\/09\/dirigente-deportivo-tanto-en-ny-como-en-rd-celebra-victoria-dominicana-en-el-clasico-mundial-en-miami\/","url_meta":{"origin":124583,"position":2},"title":"Dirigente deportivo, tanto en NY como en RD, celebra victoria dominicana en el Cl\u00e1sico Mundial en Miami","author":"Nelson Feliz","date":"9 de marzo de 2026","format":false,"excerpt":"Por Ram\u00f3n Mercedes NUEVA YORK.- El reconocido dirigente deportivo y comunitario, tanto en esta ciudad como en Quisqueya, el empresario Roberto Rojas, manifest\u00f3 celebrar, como si hubiese sido el nacimiento de uno de sus hijos, la victoria de la selecci\u00f3n de b\u00e9isbol de la Rep\u00fablica Dominicana durante su participaci\u00f3n en\u2026","rel":"","context":"En \u00abDEPORTES\u00bb","block_context":{"text":"DEPORTES","link":"https:\/\/lasprimeras.com.do\/index.php\/category\/deportes\/"},"img":{"alt_text":"","src":"https:\/\/i0.wp.com\/lasprimeras.com.do\/wp-content\/uploads\/2026\/03\/IMG-20260309-WA0389.jpg?resize=350%2C200&ssl=1","width":350,"height":200},"classes":[]},{"id":124006,"url":"https:\/\/lasprimeras.com.do\/index.php\/2026\/03\/06\/presidente-abinader-asiste-a-juego-inaugural-de-rd-en-clasico-mundial-de-beisbol-en-miami-y-lanza-primera-bola\/","url_meta":{"origin":124583,"position":3},"title":"Presidente Abinader asiste a juego inaugural de RD en Cl\u00e1sico Mundial de B\u00e9isbol en Miami y lanza primera bola","author":"Nelson Feliz","date":"6 de marzo de 2026","format":false,"excerpt":"Este evento ocurre previo a la cumbre de alto nivel convocada por el presidente de Estados Unidos, Donald Trump para este s\u00e1bado en la ciudad de Miami, donde participar\u00e1 el mandatario dominicano y un grupo de l\u00edderes de Am\u00e9rica Latina y el Caribe MIAMI, Florida.\u2013 El presidente Luis Abinader, asisti\u00f3\u2026","rel":"","context":"En \u00abDEPORTES\u00bb","block_context":{"text":"DEPORTES","link":"https:\/\/lasprimeras.com.do\/index.php\/category\/deportes\/"},"img":{"alt_text":"","src":"https:\/\/i0.wp.com\/lasprimeras.com.do\/wp-content\/uploads\/2026\/03\/Clasico-Mundial-de-Beisbol-en-Miami.jpg?resize=350%2C200&ssl=1","width":350,"height":200,"srcset":"https:\/\/i0.wp.com\/lasprimeras.com.do\/wp-content\/uploads\/2026\/03\/Clasico-Mundial-de-Beisbol-en-Miami.jpg?resize=350%2C200&ssl=1 1x, https:\/\/i0.wp.com\/lasprimeras.com.do\/wp-content\/uploads\/2026\/03\/Clasico-Mundial-de-Beisbol-en-Miami.jpg?resize=525%2C300&ssl=1 1.5x, https:\/\/i0.wp.com\/lasprimeras.com.do\/wp-content\/uploads\/2026\/03\/Clasico-Mundial-de-Beisbol-en-Miami.jpg?resize=700%2C400&ssl=1 2x"},"classes":[]},{"id":124404,"url":"https:\/\/lasprimeras.com.do\/index.php\/2026\/03\/12\/rd-derrota-a-venezuela-en-vibrante-duelo-del-clasico-mundial\/","url_meta":{"origin":124583,"position":4},"title":"RD derrota a Venezuela en vibrante duelo del Cl\u00e1sico Mundial","author":"Nelson Feliz","date":"12 de marzo de 2026","format":false,"excerpt":"Los escuadra dominicana se impuso a la venezolana 7 carrera por 5 La Rep\u00fablica Dominicana derrot\u00f3 a Venezuela la noche de este mi\u00e9rcoles, en un emblem\u00e1tico juego del Cl\u00e1sico Mundial de B\u00e9isbol que super\u00f3 los 36 mil asistentes en el estadio LoanDepot Park de Miami, Florida, Estados Unidos. El juego\u2026","rel":"","context":"En \u00abDEPORTES\u00bb","block_context":{"text":"DEPORTES","link":"https:\/\/lasprimeras.com.do\/index.php\/category\/deportes\/"},"img":{"alt_text":"","src":"https:\/\/i0.wp.com\/lasprimeras.com.do\/wp-content\/uploads\/2026\/03\/Equido-dominicano-celebra-uno-de-sus-triunfos.jpg?resize=350%2C200&ssl=1","width":350,"height":200,"srcset":"https:\/\/i0.wp.com\/lasprimeras.com.do\/wp-content\/uploads\/2026\/03\/Equido-dominicano-celebra-uno-de-sus-triunfos.jpg?resize=350%2C200&ssl=1 1x, https:\/\/i0.wp.com\/lasprimeras.com.do\/wp-content\/uploads\/2026\/03\/Equido-dominicano-celebra-uno-de-sus-triunfos.jpg?resize=525%2C300&ssl=1 1.5x, https:\/\/i0.wp.com\/lasprimeras.com.do\/wp-content\/uploads\/2026\/03\/Equido-dominicano-celebra-uno-de-sus-triunfos.jpg?resize=700%2C400&ssl=1 2x"},"classes":[]},{"id":117273,"url":"https:\/\/lasprimeras.com.do\/index.php\/2025\/12\/08\/la-seleccion-de-rd-y-los-tigres-de-detroit-jugaran-dos-juegos-en-el-estadio-quisqueya-juan-marichal\/","url_meta":{"origin":124583,"position":5},"title":"La Selecci\u00f3n de RD y los Tigres de Detroit jugar\u00e1n dos juegos en el Estadio Quisqueya Juan Marichal","author":"Nelson Feliz","date":"8 de diciembre de 2025","format":false,"excerpt":"El evento se realizar\u00e1 en memoria de las v\u00edctimas del 8 de abril en Santo Domingo, a beneficio de la Cruz Roja Dominicana. \u200bORLANDO. World Baseball Classic, Inc. anunci\u00f3 hoy que la Selecci\u00f3n Nacional de Rep\u00fablica Dominicana jugar\u00e1 una serie de dos juegos contra los Tigres de Detroit como parte\u2026","rel":"","context":"En \u00abSin categor\u00eda\u00bb","block_context":{"text":"Sin categor\u00eda","link":"https:\/\/lasprimeras.com.do\/index.php\/category\/sin-categoria\/"},"img":{"alt_text":"","src":"https:\/\/i0.wp.com\/lasprimeras.com.do\/wp-content\/uploads\/2025\/12\/medina.jpg?resize=350%2C200&ssl=1","width":350,"height":200,"srcset":"https:\/\/i0.wp.com\/lasprimeras.com.do\/wp-content\/uploads\/2025\/12\/medina.jpg?resize=350%2C200&ssl=1 1x, https:\/\/i0.wp.com\/lasprimeras.com.do\/wp-content\/uploads\/2025\/12\/medina.jpg?resize=525%2C300&ssl=1 1.5x, https:\/\/i0.wp.com\/lasprimeras.com.do\/wp-content\/uploads\/2025\/12\/medina.jpg?resize=700%2C400&ssl=1 2x"},"classes":[]}],"jetpack_sharing_enabled":true,"_links":{"self":[{"href":"https:\/\/lasprimeras.com.do\/index.php\/wp-json\/wp\/v2\/posts\/124583","targetHints":{"allow":["GET"]}}],"collection":[{"href":"https:\/\/lasprimeras.com.do\/index.php\/wp-json\/wp\/v2\/posts"}],"about":[{"href":"https:\/\/lasprimeras.com.do\/index.php\/wp-json\/wp\/v2\/types\/post"}],"author":[{"embeddable":true,"href":"https:\/\/lasprimeras.com.do\/index.php\/wp-json\/wp\/v2\/users\/10"}],"replies":[{"embeddable":true,"href":"https:\/\/lasprimeras.com.do\/index.php\/wp-json\/wp\/v2\/comments?post=124583"}],"version-history":[{"count":1,"href":"https:\/\/lasprimeras.com.do\/index.php\/wp-json\/wp\/v2\/posts\/124583\/revisions"}],"predecessor-version":[{"id":124586,"href":"https:\/\/lasprimeras.com.do\/index.php\/wp-json\/wp\/v2\/posts\/124583\/revisions\/124586"}],"wp:featuredmedia":[{"embeddable":true,"href":"https:\/\/lasprimeras.com.do\/index.php\/wp-json\/wp\/v2\/media\/124584"}],"wp:attachment":[{"href":"https:\/\/lasprimeras.com.do\/index.php\/wp-json\/wp\/v2\/media?parent=124583"}],"wp:term":[{"taxonomy":"category","embeddable":true,"href":"https:\/\/lasprimeras.com.do\/index.php\/wp-json\/wp\/v2\/categories?post=124583"},{"taxonomy":"post_tag","embeddable":true,"href":"https:\/\/lasprimeras.com.do\/index.php\/wp-json\/wp\/v2\/tags?post=124583"}],"curies":[{"name":"wp","href":"https:\/\/api.w.org\/{rel}","templated":true}]}}