{"id":124587,"date":"2026-03-13T23:47:40","date_gmt":"2026-03-14T03:47:40","guid":{"rendered":"https:\/\/lasprimeras.com.do\/?p=124587"},"modified":"2026-03-13T23:48:50","modified_gmt":"2026-03-14T03:48:50","slug":"brutal-choque-en-el-puente-de-la-17-deja-dos-heridos-y-caos-en-el-transito-este-viernes","status":"publish","type":"post","link":"https:\/\/lasprimeras.com.do\/index.php\/2026\/03\/13\/brutal-choque-en-el-puente-de-la-17-deja-dos-heridos-y-caos-en-el-transito-este-viernes\/","title":{"rendered":"Brutal choque en el Puente de la 17 deja dos heridos y caos en el tr\u00e1nsito este viernes"},"content":{"rendered":"\n<p>Por Abdias Estrella<\/p>\n\n\n\n<p>Un aparatoso accidente de tr\u00e1nsito se registr\u00f3 la tarde de este viernes en el&nbsp;puente Francisco del Rosario S\u00e1nchez, popularmente conocido como el puente de la 17. El incidente, que involucr\u00f3 a una motocicleta y un autom\u00f3vil particular, dej\u00f3 como saldo preliminar a&nbsp;dos personas lesionadas&nbsp;y da\u00f1os materiales de consideraci\u00f3n.<\/p>\n\n\n<div class=\"wp-block-image\">\n<figure class=\"alignleft size-full is-resized\"><img decoding=\"async\" width=\"570\" height=\"1019\" src=\"https:\/\/lasprimeras.com.do\/wp-content\/uploads\/2026\/03\/4.jpg\" alt=\"\" class=\"wp-image-124589\" style=\"aspect-ratio:0.5593842169628084;width:224px;height:auto\" srcset=\"https:\/\/lasprimeras.com.do\/wp-content\/uploads\/2026\/03\/4.jpg 570w, https:\/\/lasprimeras.com.do\/wp-content\/uploads\/2026\/03\/4-168x300.jpg 168w\" sizes=\"(max-width: 570px) 100vw, 570px\" \/><\/figure>\n<\/div>\n\n\n<p>El siniestro ocurri\u00f3 exactamente a las&nbsp;6:32 p.m., en un momento de alta fluidez vehicular. Seg\u00fan los reportes iniciales, el impacto fue de tal magnitud que la motocicleta qued\u00f3&nbsp;totalmente inservible, reducida a un amasijo de hierros, mientras que el veh\u00edculo involucrado present\u00f3 da\u00f1os severos en toda su parte frontal.<\/p>\n\n\n\n<p>Al lugar se presentaron unidades de emergencia para asistir a los heridos, quienes recibieron los primeros auxilios en el pavimento antes de ser trasladados a centros hospitalarios cercanos. Hasta el momento, las autoridades no han revelado la&nbsp;identidad de las v\u00edctimas&nbsp;ni su estado de salud actual.<\/p>\n\n\n\n<p>El impacto no solo afect\u00f3 a los involucrados, sino que gener\u00f3 un&nbsp;extenso tap\u00f3n&nbsp;que paraliz\u00f3 la movilidad en la zona. La congesti\u00f3n vehicular se extendi\u00f3 por varios kil\u00f3metros, afectando principalmente a los conductores que se desplazaban desde la&nbsp;Zona Este hacia el Distrito Nacional.<\/p>\n\n\n<div class=\"wp-block-image\">\n<figure class=\"alignright size-full is-resized\"><img decoding=\"async\" width=\"568\" height=\"1021\" src=\"https:\/\/lasprimeras.com.do\/wp-content\/uploads\/2026\/03\/5.jpg\" alt=\"\" class=\"wp-image-124590\" style=\"aspect-ratio:0.5563195259656772;width:192px;height:auto\" srcset=\"https:\/\/lasprimeras.com.do\/wp-content\/uploads\/2026\/03\/5.jpg 568w, https:\/\/lasprimeras.com.do\/wp-content\/uploads\/2026\/03\/5-167x300.jpg 167w\" sizes=\"(max-width: 568px) 100vw, 568px\" \/><\/figure>\n<\/div>\n\n\n<p>Agentes de la Direcci\u00f3n General de Seguridad de Tr\u00e1nsito y Transporte Terrestre (DIGESETT) se desplegaron en el puente para viabilizar el paso y retirar los veh\u00edculos siniestrados. <\/p>\n\n\n\n<p>Sin embargo, el proceso se torn\u00f3 lento debido a la curiosidad de otros conductores y los restos de los veh\u00edculos esparcidos en la v\u00eda.<\/p>\n\n\n\n<p>Testigos del hecho describieron la escena como &#8220;brutal&#8221;, se\u00f1alando que el fuerte estruendo del choque alert\u00f3 a transe\u00fantes y residentes de las zonas aleda\u00f1as. <\/p>\n\n\n\n<p>Las autoridades han iniciado una\u00a0investigaci\u00f3n\u00a0para determinar las causas exactas del accidente y establecer responsabilidades.<\/p>\n\n\n<div class=\"wp-block-image\">\n<figure class=\"alignleft size-large is-resized\"><img decoding=\"async\" width=\"768\" height=\"1024\" src=\"https:\/\/lasprimeras.com.do\/wp-content\/uploads\/2026\/03\/6-768x1024.jpg\" alt=\"\" class=\"wp-image-124591\" style=\"width:337px;height:auto\" srcset=\"https:\/\/lasprimeras.com.do\/wp-content\/uploads\/2026\/03\/6-768x1024.jpg 768w, https:\/\/lasprimeras.com.do\/wp-content\/uploads\/2026\/03\/6-225x300.jpg 225w, https:\/\/lasprimeras.com.do\/wp-content\/uploads\/2026\/03\/6.jpg 780w\" sizes=\"(max-width: 768px) 100vw, 768px\" \/><\/figure>\n<\/div>\n\n\n<p>Se recomienda a los ciudadanos utilizar\u00a0v\u00edas alternas, como el puente Juan Bosch o el puente Juan Pablo Duarte, para evitar el congestionamiento persistente en la zona. <\/p>\n\n\n\n<p>Se espera que en las pr\u00f3ximas horas el flujo vehicular retorne a la normalidad tras concluir las labores de limpieza.<\/p>\n\n\n\n<p>El impactante accidente que dej\u00f3 1 lesionado sin identificar quien iba junto a otro acompa\u00f1ante abordo de la motocicleta Suzuki xpress, ocurrido justo en el medio del puente de la 17, direcci\u00f3n este\/oeste , lo que caus\u00f3 inmenso caos en el flujo del tr\u00e1nsito.<\/p>\n","protected":false},"excerpt":{"rendered":"<p>Por Abdias Estrella Un aparatoso accidente de tr\u00e1nsito se registr\u00f3 la tarde de este viernes en el&nbsp;puente Francisco del Rosario S\u00e1nchez, popularmente conocido como el puente de la 17. El&hellip;<\/p>\n","protected":false},"author":10,"featured_media":124588,"comment_status":"open","ping_status":"open","sticky":false,"template":"","format":"standard","meta":{"content-type":"","jetpack_post_was_ever_published":false,"_jetpack_newsletter_access":"","_jetpack_dont_email_post_to_subs":false,"_jetpack_newsletter_tier_id":0,"_jetpack_memberships_contains_paywalled_content":false,"_jetpack_memberships_contains_paid_content":false,"footnotes":""},"categories":[35],"tags":[31166,1187,15545,10057,2049],"class_list":["post-124587","post","type-post","status-publish","format-standard","has-post-thumbnail","hentry","category-nacionales","tag-brutal-choque","tag-caos","tag-dos-heridos","tag-puente-de-la-17","tag-transito"],"jetpack_featured_media_url":"https:\/\/lasprimeras.com.do\/wp-content\/uploads\/2026\/03\/01.jpg","jetpack-related-posts":[{"id":99407,"url":"https:\/\/lasprimeras.com.do\/index.php\/2025\/05\/21\/puente-brooklyn-no-sufrio-por-choque-de-barco-figura-entre-los-68-mas-vulnerables-en-usa\/","url_meta":{"origin":124587,"position":0},"title":"Puente Brooklyn no sufri\u00f3 por choque de barco; figura entre los 68 m\u00e1s vulnerables en USA","author":"Nelson Feliz","date":"21 de mayo de 2025","format":false,"excerpt":"Por Ram\u00f3n Mercedes NUEVA YORK.- Investigadores federales dijeron este lunes que el puente colgante de Brooklyn pas\u00f3 una prueba de vulnerabilidad realizada despu\u00e9s que un barco de la Armada Mexicana, de 91 metros de eslora, se estrellara el pasado s\u00e1bado contra el mismo. El puente no sufri\u00f3 da\u00f1os estructurales significativos;\u2026","rel":"","context":"En \u00abINTERNACIONALES\u00bb","block_context":{"text":"INTERNACIONALES","link":"https:\/\/lasprimeras.com.do\/index.php\/category\/sin-categoria\/internacionales\/"},"img":{"alt_text":"Puente Brooklyn no sufri\u00f3 por choque de barco","src":"https:\/\/i0.wp.com\/lasprimeras.com.do\/wp-content\/uploads\/2025\/05\/WhatsApp-Image-2025-05-21-at-6.00.51-AM-1.jpeg?resize=350%2C200&ssl=1","width":350,"height":200,"srcset":"https:\/\/i0.wp.com\/lasprimeras.com.do\/wp-content\/uploads\/2025\/05\/WhatsApp-Image-2025-05-21-at-6.00.51-AM-1.jpeg?resize=350%2C200&ssl=1 1x, https:\/\/i0.wp.com\/lasprimeras.com.do\/wp-content\/uploads\/2025\/05\/WhatsApp-Image-2025-05-21-at-6.00.51-AM-1.jpeg?resize=525%2C300&ssl=1 1.5x"},"classes":[]},{"id":99131,"url":"https:\/\/lasprimeras.com.do\/index.php\/2025\/05\/18\/2-muertos-tras-choque-buque-contra-puente-brooklyn\/","url_meta":{"origin":124587,"position":1},"title":"2 muertos tras choque buque contra puente Brooklyn","author":"Nelson Feliz","date":"18 de mayo de 2025","format":false,"excerpt":"NUEVA YORK.- Un buque escuela de la Armada de M\u00e9xico, que transportaba a alrededor de 270 personas, ha colisionado este s\u00e1bado contra la parte inferior de una de las infraestructuras del neoyorquino Puente de Brooklyn, dejando al menos dos muertos y 20 heridos de distinta gravedad, seg\u00fan han informado autoridades\u2026","rel":"","context":"En \u00abINTERNACIONALES\u00bb","block_context":{"text":"INTERNACIONALES","link":"https:\/\/lasprimeras.com.do\/index.php\/category\/sin-categoria\/internacionales\/"},"img":{"alt_text":"buque","src":"https:\/\/i0.wp.com\/lasprimeras.com.do\/wp-content\/uploads\/2025\/05\/buque-1.jpg?resize=350%2C200&ssl=1","width":350,"height":200,"srcset":"https:\/\/i0.wp.com\/lasprimeras.com.do\/wp-content\/uploads\/2025\/05\/buque-1.jpg?resize=350%2C200&ssl=1 1x, https:\/\/i0.wp.com\/lasprimeras.com.do\/wp-content\/uploads\/2025\/05\/buque-1.jpg?resize=525%2C300&ssl=1 1.5x, https:\/\/i0.wp.com\/lasprimeras.com.do\/wp-content\/uploads\/2025\/05\/buque-1.jpg?resize=700%2C400&ssl=1 2x"},"classes":[]},{"id":62930,"url":"https:\/\/lasprimeras.com.do\/index.php\/2023\/10\/09\/caos-del-transito-es-cada-dia-peor-en-sdn\/","url_meta":{"origin":124587,"position":2},"title":"Caos del tr\u00e1nsito es cada d\u00eda peor en SDN","author":"BIMARY DE JES\u00daS Matos","date":"9 de octubre de 2023","format":false,"excerpt":"Santo Domingo.-En el municipio Santo Domingo Norte es cada vez m\u00e1s ca\u00f3tico el desplazamiento del tr\u00e1nsito debido al crecimiento poblacional que, a su vez, ha impulsado el incremento del parque vehicular que converge en horas pico y a cualquier hora del d\u00eda por las pocas v\u00edas de salidas o entrada\u2026","rel":"","context":"En \u00abPORTADA\u00bb","block_context":{"text":"PORTADA","link":"https:\/\/lasprimeras.com.do\/index.php\/category\/portada\/"},"img":{"alt_text":"","src":"https:\/\/i0.wp.com\/lasprimeras.com.do\/wp-content\/uploads\/2023\/10\/WhatsApp-Image-2023-10-09-at-7.44.34-AM.webp?resize=350%2C200&ssl=1","width":350,"height":200,"srcset":"https:\/\/i0.wp.com\/lasprimeras.com.do\/wp-content\/uploads\/2023\/10\/WhatsApp-Image-2023-10-09-at-7.44.34-AM.webp?resize=350%2C200&ssl=1 1x, https:\/\/i0.wp.com\/lasprimeras.com.do\/wp-content\/uploads\/2023\/10\/WhatsApp-Image-2023-10-09-at-7.44.34-AM.webp?resize=525%2C300&ssl=1 1.5x, https:\/\/i0.wp.com\/lasprimeras.com.do\/wp-content\/uploads\/2023\/10\/WhatsApp-Image-2023-10-09-at-7.44.34-AM.webp?resize=700%2C400&ssl=1 2x, https:\/\/i0.wp.com\/lasprimeras.com.do\/wp-content\/uploads\/2023\/10\/WhatsApp-Image-2023-10-09-at-7.44.34-AM.webp?resize=1050%2C600&ssl=1 3x"},"classes":[]},{"id":126696,"url":"https:\/\/lasprimeras.com.do\/index.php\/2026\/04\/04\/dos-lesionados-en-accidente-en-las-terrenas\/","url_meta":{"origin":124587,"position":3},"title":"Dos lesionados en accidente en Las Terrenas","author":"Nelson Feliz","date":"4 de abril de 2026","format":false,"excerpt":"Los involucrados fueron identificados como un menor de 17 a\u00f1os de edad y Jorge Luis Mej\u00eda Taveras. Dos personas resultaron lesionadas en un accidente de tr\u00e1nsito ocurrido este s\u00e1bado, en el sector Hoyo del Cacao, municipio de Las Terrenas, provincia de Saman\u00e1. El choque, tipo colisi\u00f3n, involucr\u00f3 a dos motocicletas.\u2026","rel":"","context":"En \u00abNACIONALES\u00bb","block_context":{"text":"NACIONALES","link":"https:\/\/lasprimeras.com.do\/index.php\/category\/nacionales\/"},"img":{"alt_text":"","src":"https:\/\/i0.wp.com\/lasprimeras.com.do\/wp-content\/uploads\/2026\/04\/lesionados.jpg?resize=350%2C200&ssl=1","width":350,"height":200,"srcset":"https:\/\/i0.wp.com\/lasprimeras.com.do\/wp-content\/uploads\/2026\/04\/lesionados.jpg?resize=350%2C200&ssl=1 1x, https:\/\/i0.wp.com\/lasprimeras.com.do\/wp-content\/uploads\/2026\/04\/lesionados.jpg?resize=525%2C300&ssl=1 1.5x, https:\/\/i0.wp.com\/lasprimeras.com.do\/wp-content\/uploads\/2026\/04\/lesionados.jpg?resize=700%2C400&ssl=1 2x"},"classes":[]},{"id":126134,"url":"https:\/\/lasprimeras.com.do\/index.php\/2026\/03\/30\/trabajos-de-remodelacion-del-puente-del-kilometro-9-causan-caos-en-la-autopista-duarte\/","url_meta":{"origin":124587,"position":4},"title":"Trabajos de remodelaci\u00f3n del Puente del Kil\u00f3metro 9 causan caos en la Autopista Duarte","author":"Nelson Feliz","date":"30 de marzo de 2026","format":false,"excerpt":"Los trabajos de remodelaci\u00f3n del puente del kil\u00f3metro 9 de la Autopista Duarte est\u00e1n causando un inmenso tap\u00f3n en la zona, afectando a miles de conductores que transitan por la v\u00eda. Seg\u00fan informes, los trabajos de construcci\u00f3n est\u00e1n reduciendo la cantidad de carriles disponibles, lo que ha generado un tr\u00e1fico\u2026","rel":"","context":"En \u00abNACIONALES\u00bb","block_context":{"text":"NACIONALES","link":"https:\/\/lasprimeras.com.do\/index.php\/category\/nacionales\/"},"img":{"alt_text":"Tapones","src":"https:\/\/i0.wp.com\/lasprimeras.com.do\/wp-content\/uploads\/2024\/03\/Tapones.jpg?resize=350%2C200&ssl=1","width":350,"height":200,"srcset":"https:\/\/i0.wp.com\/lasprimeras.com.do\/wp-content\/uploads\/2024\/03\/Tapones.jpg?resize=350%2C200&ssl=1 1x, https:\/\/i0.wp.com\/lasprimeras.com.do\/wp-content\/uploads\/2024\/03\/Tapones.jpg?resize=525%2C300&ssl=1 1.5x"},"classes":[]},{"id":73016,"url":"https:\/\/lasprimeras.com.do\/index.php\/2024\/01\/04\/choque-de-dos-trenes-en-ny-deja-18-heridos-segun-reporte\/","url_meta":{"origin":124587,"position":5},"title":"Choque de dos trenes en NY deja 18 heridos, seg\u00fan reporte","author":"Nelson Feliz","date":"4 de enero de 2024","format":false,"excerpt":"Por el accidente se ha \u201cinterrumpido\u201d el servicio del Metro, que a su vez complic\u00f3 el tr\u00e1nsito en la zona del incidente. Un choque de dos trenes del Metro de Nueva York ha dejado a por lo menos 18 personas heridas, de acuerdo con reportes del medio de comunicaci\u00f3n Telemundo\u2026","rel":"","context":"En \u00abSin categor\u00eda\u00bb","block_context":{"text":"Sin categor\u00eda","link":"https:\/\/lasprimeras.com.do\/index.php\/category\/sin-categoria\/"},"img":{"alt_text":"","src":"https:\/\/i0.wp.com\/lasprimeras.com.do\/wp-content\/uploads\/2024\/01\/tren.jpeg?resize=350%2C200&ssl=1","width":350,"height":200,"srcset":"https:\/\/i0.wp.com\/lasprimeras.com.do\/wp-content\/uploads\/2024\/01\/tren.jpeg?resize=350%2C200&ssl=1 1x, https:\/\/i0.wp.com\/lasprimeras.com.do\/wp-content\/uploads\/2024\/01\/tren.jpeg?resize=525%2C300&ssl=1 1.5x, https:\/\/i0.wp.com\/lasprimeras.com.do\/wp-content\/uploads\/2024\/01\/tren.jpeg?resize=700%2C400&ssl=1 2x"},"classes":[]}],"jetpack_sharing_enabled":true,"_links":{"self":[{"href":"https:\/\/lasprimeras.com.do\/index.php\/wp-json\/wp\/v2\/posts\/124587","targetHints":{"allow":["GET"]}}],"collection":[{"href":"https:\/\/lasprimeras.com.do\/index.php\/wp-json\/wp\/v2\/posts"}],"about":[{"href":"https:\/\/lasprimeras.com.do\/index.php\/wp-json\/wp\/v2\/types\/post"}],"author":[{"embeddable":true,"href":"https:\/\/lasprimeras.com.do\/index.php\/wp-json\/wp\/v2\/users\/10"}],"replies":[{"embeddable":true,"href":"https:\/\/lasprimeras.com.do\/index.php\/wp-json\/wp\/v2\/comments?post=124587"}],"version-history":[{"count":2,"href":"https:\/\/lasprimeras.com.do\/index.php\/wp-json\/wp\/v2\/posts\/124587\/revisions"}],"predecessor-version":[{"id":124593,"href":"https:\/\/lasprimeras.com.do\/index.php\/wp-json\/wp\/v2\/posts\/124587\/revisions\/124593"}],"wp:featuredmedia":[{"embeddable":true,"href":"https:\/\/lasprimeras.com.do\/index.php\/wp-json\/wp\/v2\/media\/124588"}],"wp:attachment":[{"href":"https:\/\/lasprimeras.com.do\/index.php\/wp-json\/wp\/v2\/media?parent=124587"}],"wp:term":[{"taxonomy":"category","embeddable":true,"href":"https:\/\/lasprimeras.com.do\/index.php\/wp-json\/wp\/v2\/categories?post=124587"},{"taxonomy":"post_tag","embeddable":true,"href":"https:\/\/lasprimeras.com.do\/index.php\/wp-json\/wp\/v2\/tags?post=124587"}],"curies":[{"name":"wp","href":"https:\/\/api.w.org\/{rel}","templated":true}]}}