{"id":124594,"date":"2026-03-13T23:57:57","date_gmt":"2026-03-14T03:57:57","guid":{"rendered":"https:\/\/lasprimeras.com.do\/?p=124594"},"modified":"2026-03-13T23:57:59","modified_gmt":"2026-03-14T03:57:59","slug":"mp-deposita-solicitud-de-coercion-contra-intelectuales-del-asalto-a-joyeria-en-cristo-rey","status":"publish","type":"post","link":"https:\/\/lasprimeras.com.do\/index.php\/2026\/03\/13\/mp-deposita-solicitud-de-coercion-contra-intelectuales-del-asalto-a-joyeria-en-cristo-rey\/","title":{"rendered":"MP deposita solicitud de coerci\u00f3n contra intelectuales del asalto a joyer\u00eda en Cristo Rey"},"content":{"rendered":"\n<p><strong>El \u00f3rgano persecutor pidi\u00f3 que se imponga prisi\u00f3n preventiva contra los imputados<\/strong><\/p>\n\n\n\n<p>El Ministerio P\u00fablico deposit\u00f3 en la Oficina Judicial de Servicios de Atenci\u00f3n Permanente del Distrito Nacional la solicitud de medida de coerci\u00f3n, consistente en prisi\u00f3n preventiva, contra dos hombres vinculados al asalto a mano armada perpetrado contra una joyer\u00eda ubicada en el sector Cristo Rey de la capital.<\/p>\n\n\n\n<p>En la instancia, presentada por el procurador fiscal Nelson Beltr\u00e9 Tejada, adscrito al Departamento de Cr\u00edmenes y Delitos contra la Persona (Robo) de la Fiscal\u00eda del Distrito Nacional, el Ministerio P\u00fablico solicita la imposici\u00f3n de prisi\u00f3n preventiva contra Juan Alexander G\u00e1lvez Marte (Alex Bronx) y Hensy Yoel Reynoso Abreu, se\u00f1alados como parte de la estructura criminal que planific\u00f3 y ejecut\u00f3 el hecho delictivo.<\/p>\n\n\n\n<p>De acuerdo con las investigaciones, G\u00e1lvez Marte, condenado en otros dos procesos judiciales a 30 a\u00f1os de prisi\u00f3n por homicidio agravado, cumple condena en el Centro de Privaci\u00f3n de Libertad de La Victoria, desde donde habr\u00eda coordinado la operaci\u00f3n criminal y financiado la compra del veh\u00edculo utilizado en el robo.<\/p>\n\n\n\n<p>Este imputado en este nuevo proceso es se\u00f1alado como el autor intelectual del asalto.<\/p>\n\n\n\n<p>En tanto, Reynoso Abreu habr\u00eda participado en la venta de una de las prendas sustra\u00eddas y en la compra del veh\u00edculo utilizado para cometer el asalto, en coordinaci\u00f3n con otros imputados.<\/p>\n\n\n\n<p>Seg\u00fan establece la investigaci\u00f3n, el hecho ocurri\u00f3 el 7 de marzo de 2026, alrededor de las 7:20 de la noche, cuando los imputados, junto a varios c\u00f3mplices actualmente pr\u00f3fugos, conformaron una estructura criminal organizada para cometer robo agravado mediante el uso de armas de fuego, en perjuicio del comerciante Abrahan Corpor\u00e1n Merbournes, propietario de la joyer\u00eda, ubicada en el sector Cristo Rey.<\/p>\n\n\n\n<p>Durante el asalto, varios individuos armados rompieron la puerta de cristal del establecimiento y realizaron m\u00faltiples disparos mientras penetraban al interior del negocio.<\/p>\n\n\n\n<p>Entre los objetos robados se encuentran aproximadamente 1,340 gramos de oro de 14 quilates tipo Ice Chain, cadenas de distintos dise\u00f1os con un peso total superior a los 5,000 gramos, as\u00ed como RD$300,000 pesos en efectivo.<\/p>\n\n\n\n<p>Tras cometer el asalto, los implicados emprendieron la huida en un veh\u00edculo Mitsubishi Endeavor, el cual posteriormente impactaron contra un \u00e1rbol en las proximidades de la calle Paseo de los Reyes Cat\u00f3licos, pr\u00f3ximo al destacamento policial El Caliche, donde lo abandonaron.<\/p>\n\n\n\n<p>Durante el levantamiento realizado por miembros de la Polic\u00eda Cient\u00edfica fueron recolectadas m\u00faltiples evidencias, entre ellas casquillos de distintos calibres, cadenas de color amarillo, un cargador para pistola Glock calibre. As\u00ed como 40 con c\u00e1psulas, exhibidores de joyer\u00eda, m\u00e1scaras, pasamonta\u00f1as, una mandarria y otros objetos utilizados para cometer el robo.<\/p>\n\n\n\n<p>El hecho qued\u00f3 captado por c\u00e1maras de seguridad instaladas dentro del establecimiento y en las inmediaciones, que fueron aportadas como pruebas en la solicitud de medida cautelar.<\/p>\n\n\n\n<p>Asimismo, se determin\u00f3 que G\u00e1lvez Marte coordinaba la ejecuci\u00f3n del robo desde el Centro de Privaci\u00f3n de Libertad de La Victoria mediante dispositivos telef\u00f3nicos, los cuales fueron posteriormente ocupados durante un allanamiento en dicho recinto penitenciario.<\/p>\n\n\n\n<p>Hensy Yoel Reynoso Abreu fue arrestado en la tarde del mi\u00e9rcoles 11 de marzo de 2026, mientras se retiraba del Edificio Investigativo de la Fiscal\u00eda del Distrito Nacional tras ser interrogado nuevamente.<\/p>\n\n\n\n<p>La defensa del imputado, que hab\u00eda depositado un recurso de habeas corpus con el que buscaba su libertad, desisti\u00f3 del mismo durante su conocimiento en la Novena Sala Penal del Distrito Nacional.<\/p>\n\n\n\n<p>En la solicitud de medida de coerci\u00f3n, el Ministerio P\u00fablico pidi\u00f3 al tribunal que, Hensy Yoel Reynoso Abreu sea enviado al Centro de Correcci\u00f3n y Rehabilitaci\u00f3n (CCR) Najayo-Hombres, de San Crist\u00f3bal, por razones de seguridad, debido a que parte de la estructura criminal investigada opera desde el centro penitenciario de La Victoria.<\/p>\n\n\n\n<p>En cuanto al imputado Juan Alexander G\u00e1lvez Marte, el \u00f3rgano persecutor solicit\u00f3 que sea trasladado al nuevo centro penitenciario Las Parras, en el municipio San Antonio de Guerra, que cuenta con un mayor nivel de seguridad, con el prop\u00f3sito de evitar la comisi\u00f3n de nuevos delitos.<\/p>\n\n\n\n<p>El Ministerio P\u00fablico ha otorgado al caso la calificaci\u00f3n jur\u00eddica de violaci\u00f3n a los art\u00edculos 265, 266, 379 y 381 del C\u00f3digo Penal Dominicano, as\u00ed como a los art\u00edculos 66 y 67 de la Ley 631-16 sobre armas, municiones y materiales relacionados.<\/p>\n","protected":false},"excerpt":{"rendered":"<p>El \u00f3rgano persecutor pidi\u00f3 que se imponga prisi\u00f3n preventiva contra los imputados El Ministerio P\u00fablico deposit\u00f3 en la Oficina Judicial de Servicios de Atenci\u00f3n Permanente del Distrito Nacional la solicitud&hellip;<\/p>\n","protected":false},"author":10,"featured_media":124595,"comment_status":"open","ping_status":"open","sticky":false,"template":"","format":"standard","meta":{"content-type":"","jetpack_post_was_ever_published":false,"_jetpack_newsletter_access":"","_jetpack_dont_email_post_to_subs":false,"_jetpack_newsletter_tier_id":0,"_jetpack_memberships_contains_paywalled_content":false,"_jetpack_memberships_contains_paid_content":false,"footnotes":""},"categories":[289],"tags":[4928,1339,2166,11983,26392,11253,1968,2867],"class_list":["post-124594","post","type-post","status-publish","format-standard","has-post-thumbnail","hentry","category-justicia","tag-asalto","tag-coercion","tag-cristo-rey","tag-deposita","tag-intelectuales","tag-joyeria","tag-mp","tag-solicitud"],"jetpack_featured_media_url":"https:\/\/lasprimeras.com.do\/wp-content\/uploads\/2026\/03\/asalto.jpg","jetpack-related-posts":[{"id":124455,"url":"https:\/\/lasprimeras.com.do\/index.php\/2026\/03\/12\/mp-procesa-a-implicados-en-robo-a-joyeria-de-cristo-rey\/","url_meta":{"origin":124594,"position":0},"title":"MP procesa a implicados en robo a joyer\u00eda de Cristo Rey","author":"Nelson Feliz","date":"12 de marzo de 2026","format":false,"excerpt":"El Ministerio P\u00fablico solicitar\u00e1 medida de coerci\u00f3n contra dos hombres vinculados al asalto a mano armada perpetrado contra una joyer\u00eda ubicada en el sector Cristo Rey, en el Distrito Nacional. La solicitud ser\u00e1 presentada por el Departamento de Cr\u00edmenes y Delitos contra la Persona (Robo) de la Fiscal\u00eda del Distrito\u2026","rel":"","context":"En \u00abJUSTICIA\u00bb","block_context":{"text":"JUSTICIA","link":"https:\/\/lasprimeras.com.do\/index.php\/category\/justicia\/"},"img":{"alt_text":"","src":"","width":0,"height":0},"classes":[]},{"id":125106,"url":"https:\/\/lasprimeras.com.do\/index.php\/2026\/03\/19\/prision-preventiva-a-tres-hombres-imputados-por-asalto-a-joyeria-en-cristo-rey\/","url_meta":{"origin":124594,"position":1},"title":"Prisi\u00f3n preventiva a tres hombres imputados por asalto a joyer\u00eda en Cristo Rey","author":"Nelson Feliz","date":"19 de marzo de 2026","format":false,"excerpt":"A solicitud del Ministerio P\u00fablico, un tribunal del Distrito Nacional impuso tres meses de prisi\u00f3n preventiva, como medida de coerci\u00f3n, contra tres hombres imputados en el asalto a mano armada perpetrado contra una joyer\u00eda ubicada en el sector Cristo Rey. La Oficina Judicial de Servicios de Atenci\u00f3n Permanente del Distrito\u2026","rel":"","context":"En \u00abJUSTICIA\u00bb","block_context":{"text":"JUSTICIA","link":"https:\/\/lasprimeras.com.do\/index.php\/category\/justicia\/"},"img":{"alt_text":"","src":"","width":0,"height":0},"classes":[]},{"id":124308,"url":"https:\/\/lasprimeras.com.do\/index.php\/2026\/03\/10\/recluso-de-la-victoria-planeo-asalto-a-joyeria-en-cristo-rey\/","url_meta":{"origin":124594,"position":2},"title":"Recluso de La Victoria plane\u00f3 asalto a joyer\u00eda en Cristo Rey","author":"Nelson Feliz","date":"10 de marzo de 2026","format":false,"excerpt":"-Otro de los participantes result\u00f3 muerto en hecho violento ocurrido en discoteca de Hig\u00fcey, provincia La Altagracia. La Polic\u00eda Nacional, en coordinaci\u00f3n con el Ministerio P\u00fablico, logr\u00f3 avances significativos en la investigaci\u00f3n del asalto a mano armada perpetrado contra la joyer\u00eda Popi Oro, ubicada en el sector Cristo Rey, Distrito\u2026","rel":"","context":"En \u00abMILITARES\u00bb","block_context":{"text":"MILITARES","link":"https:\/\/lasprimeras.com.do\/index.php\/category\/militares\/"},"img":{"alt_text":"","src":"https:\/\/i0.wp.com\/lasprimeras.com.do\/wp-content\/uploads\/2026\/03\/preso.jpg?resize=350%2C200&ssl=1","width":350,"height":200},"classes":[]},{"id":74041,"url":"https:\/\/lasprimeras.com.do\/index.php\/2024\/01\/18\/mp-deposita-solicitud-de-medida-de-coercion-contra-urbano-dilon-baby\/","url_meta":{"origin":124594,"position":3},"title":"MP deposita solicitud de medida de coerci\u00f3n contra urbano \u00abDilon Baby\u00bb","author":"BIMARY DE JES\u00daS Matos","date":"18 de enero de 2024","format":false,"excerpt":"SANTO DOMINGO.\u2013 Procuradur\u00eda Fiscal Santo Domingo Oeste, a trav\u00e9s de la Unidad de Prevenci\u00f3n y Persecuci\u00f3n de la Violencia de G\u00e9nero, Intrafamiliar y Delitos Sexuales, deposit\u00f3 este jueves ante la Oficina de Atenci\u00f3n Permanente de este distrito judicial, la solicitud de medida de coerci\u00f3n en contra de Steven Antonio Dilon\u00e9\u2026","rel":"","context":"En \u00abENTRETENIMIENTO\u00bb","block_context":{"text":"ENTRETENIMIENTO","link":"https:\/\/lasprimeras.com.do\/index.php\/category\/entretenimiento\/"},"img":{"alt_text":"","src":"https:\/\/i0.wp.com\/lasprimeras.com.do\/wp-content\/uploads\/2024\/01\/Presidente-Abinader-entrega-3100-titulos-de-propiedad-a-residentes-del-Tamarindo-primero.webp?resize=350%2C200&ssl=1","width":350,"height":200,"srcset":"https:\/\/i0.wp.com\/lasprimeras.com.do\/wp-content\/uploads\/2024\/01\/Presidente-Abinader-entrega-3100-titulos-de-propiedad-a-residentes-del-Tamarindo-primero.webp?resize=350%2C200&ssl=1 1x, https:\/\/i0.wp.com\/lasprimeras.com.do\/wp-content\/uploads\/2024\/01\/Presidente-Abinader-entrega-3100-titulos-de-propiedad-a-residentes-del-Tamarindo-primero.webp?resize=525%2C300&ssl=1 1.5x"},"classes":[]},{"id":74575,"url":"https:\/\/lasprimeras.com.do\/index.php\/2024\/01\/24\/solicitan-prision-preventiva-contra-frances-que-fumigo-en-torre-donde-fallecio-mujer\/","url_meta":{"origin":124594,"position":4},"title":"Solicitan prisi\u00f3n preventiva contra franc\u00e9s que fumig\u00f3 en torre donde falleci\u00f3 mujer","author":"BIMARY DE JES\u00daS Matos","date":"24 de enero de 2024","format":false,"excerpt":"SANTO DOMINGO.- El Ministerio P\u00fablico deposit\u00f3 este mi\u00e9rcoles la solicitud de medida de coerci\u00f3n contra el ciudadano franc\u00e9s Georges Antoine Thevenet, quien realiz\u00f3 la fumigaci\u00f3n en el noveno piso de una torre de apartamentos del sector Piantini, del Distrito Nacional, producto de lo cual fallecieron una mujer y su beb\u00e9\u2026","rel":"","context":"En \u00abNACIONALES\u00bb","block_context":{"text":"NACIONALES","link":"https:\/\/lasprimeras.com.do\/index.php\/category\/nacionales\/"},"img":{"alt_text":"","src":"https:\/\/i0.wp.com\/lasprimeras.com.do\/wp-content\/uploads\/2024\/01\/WhatsApp-Image-2024-01-22-at-11.36.03-AM-2.webp?resize=350%2C200&ssl=1","width":350,"height":200,"srcset":"https:\/\/i0.wp.com\/lasprimeras.com.do\/wp-content\/uploads\/2024\/01\/WhatsApp-Image-2024-01-22-at-11.36.03-AM-2.webp?resize=350%2C200&ssl=1 1x, https:\/\/i0.wp.com\/lasprimeras.com.do\/wp-content\/uploads\/2024\/01\/WhatsApp-Image-2024-01-22-at-11.36.03-AM-2.webp?resize=525%2C300&ssl=1 1.5x"},"classes":[]},{"id":50793,"url":"https:\/\/lasprimeras.com.do\/index.php\/2023\/05\/24\/mp-cuenta-con-19-pruebas-contra-luis-brito\/","url_meta":{"origin":124594,"position":5},"title":"MP cuenta con 19 pruebas contra Luis Brito","author":"prenxa100","date":"24 de mayo de 2023","format":false,"excerpt":"SANTO DOMINGO.- El Ministerio P\u00fablico cuenta con 19 pruebas contra el imputado Luis Alberto Brito Troncoso y otros dos vinculados en la muerte de Joshua Omar Fern\u00e1ndez Decena, de un disparo en la cabeza, momento que los imputados asaltaban a tres personas, ocurrido el 16 de abril. A Brito Troncoso,\u2026","rel":"","context":"En \u00abJUSTICIA\u00bb","block_context":{"text":"JUSTICIA","link":"https:\/\/lasprimeras.com.do\/index.php\/category\/justicia\/"},"img":{"alt_text":"","src":"","width":0,"height":0},"classes":[]}],"jetpack_sharing_enabled":true,"_links":{"self":[{"href":"https:\/\/lasprimeras.com.do\/index.php\/wp-json\/wp\/v2\/posts\/124594","targetHints":{"allow":["GET"]}}],"collection":[{"href":"https:\/\/lasprimeras.com.do\/index.php\/wp-json\/wp\/v2\/posts"}],"about":[{"href":"https:\/\/lasprimeras.com.do\/index.php\/wp-json\/wp\/v2\/types\/post"}],"author":[{"embeddable":true,"href":"https:\/\/lasprimeras.com.do\/index.php\/wp-json\/wp\/v2\/users\/10"}],"replies":[{"embeddable":true,"href":"https:\/\/lasprimeras.com.do\/index.php\/wp-json\/wp\/v2\/comments?post=124594"}],"version-history":[{"count":1,"href":"https:\/\/lasprimeras.com.do\/index.php\/wp-json\/wp\/v2\/posts\/124594\/revisions"}],"predecessor-version":[{"id":124596,"href":"https:\/\/lasprimeras.com.do\/index.php\/wp-json\/wp\/v2\/posts\/124594\/revisions\/124596"}],"wp:featuredmedia":[{"embeddable":true,"href":"https:\/\/lasprimeras.com.do\/index.php\/wp-json\/wp\/v2\/media\/124595"}],"wp:attachment":[{"href":"https:\/\/lasprimeras.com.do\/index.php\/wp-json\/wp\/v2\/media?parent=124594"}],"wp:term":[{"taxonomy":"category","embeddable":true,"href":"https:\/\/lasprimeras.com.do\/index.php\/wp-json\/wp\/v2\/categories?post=124594"},{"taxonomy":"post_tag","embeddable":true,"href":"https:\/\/lasprimeras.com.do\/index.php\/wp-json\/wp\/v2\/tags?post=124594"}],"curies":[{"name":"wp","href":"https:\/\/api.w.org\/{rel}","templated":true}]}}