{"id":124597,"date":"2026-03-14T00:05:31","date_gmt":"2026-03-14T04:05:31","guid":{"rendered":"https:\/\/lasprimeras.com.do\/?p=124597"},"modified":"2026-03-14T00:05:33","modified_gmt":"2026-03-14T04:05:33","slug":"leonel-gana-encuesta-con-59-frente-a-un-36-de-david-collado-y-5-de-carolina-mejia","status":"publish","type":"post","link":"https:\/\/lasprimeras.com.do\/index.php\/2026\/03\/14\/leonel-gana-encuesta-con-59-frente-a-un-36-de-david-collado-y-5-de-carolina-mejia\/","title":{"rendered":"Leonel gana encuesta con 59% frente a un 36% de David Collado y 5% de Carolina Mej\u00eda"},"content":{"rendered":"\n<p>En una encuesta realizada por el programa televisivo \u201cNoche de Fuego\u201d, el aspirante presidencial del partido Fuerza del Pueblo (FP), Leonel Fern\u00e1ndez derrot\u00f3 con 59% al precandidato presidencial del PRM, David Collado, que obtuvo 36% y Carolina Mej\u00eda 5%.<\/p>\n\n\n\n<p>Los votos registrados por Leonel fueron 35, David 21 y Carolina 3 en llamadas sin repeticiones ni manipulaci\u00f3n.<\/p>\n\n\n\n<p>En la encuesta que se realiz\u00f3 el d\u00eda 12 de este mes de marzo con el objetivo de saber c\u00f3mo anda el pulso electoral de cara a las elecciones del 2028, participaron 59 televidentes v\u00eda llamadas telef\u00f3nicas.<\/p>\n\n\n\n<p>\u201cNoche de Fuego\u201d es conducido por los reputados comunicadores H\u00e9ctor Reynoso y Francis P\u00e9rez, a trav\u00e9s del canal 19, Cinevisi\u00f3n, de lunes a viernes a las 10: de la noche.<\/p>\n","protected":false},"excerpt":{"rendered":"<p>En una encuesta realizada por el programa televisivo \u201cNoche de Fuego\u201d, el aspirante presidencial del partido Fuerza del Pueblo (FP), Leonel Fern\u00e1ndez derrot\u00f3 con 59% al precandidato presidencial del PRM,&hellip;<\/p>\n","protected":false},"author":10,"featured_media":109117,"comment_status":"open","ping_status":"open","sticky":false,"template":"","format":"standard","meta":{"content-type":"","jetpack_post_was_ever_published":false,"_jetpack_newsletter_access":"","_jetpack_dont_email_post_to_subs":false,"_jetpack_newsletter_tier_id":0,"_jetpack_memberships_contains_paywalled_content":false,"_jetpack_memberships_contains_paid_content":false,"footnotes":""},"categories":[16559],"tags":[187,1498,2195,51],"class_list":["post-124597","post","type-post","status-publish","format-standard","has-post-thumbnail","hentry","category-politica","tag-carolina-mejia","tag-david-collado","tag-encuesta","tag-leonel-fernandez"],"jetpack_featured_media_url":"https:\/\/lasprimeras.com.do\/wp-content\/uploads\/2025\/09\/Leonel-Fernandez.jpeg","jetpack-related-posts":[{"id":107509,"url":"https:\/\/lasprimeras.com.do\/index.php\/2025\/08\/27\/antonio-marte-ve-dificil-que-el-prm-retenga-el-poder-si-omar-fernandez-es-candidato-presidencial\/","url_meta":{"origin":124597,"position":0},"title":"Antonio Marte ve dif\u00edcil que el PRM retenga el poder si Omar Fern\u00e1ndez es candidato presidencial","author":"Nelson Feliz","date":"27 de agosto de 2025","format":false,"excerpt":"El senador y aliado al partido de gobierno tambi\u00e9n reconoci\u00f3 que en el PRM hay buenos candidatos y resalt\u00f3 a Carolina Mej\u00eda y la vicepresidenta Raquel Pe\u00f1a. El senador y presidente del Partido Primero la Gente (PPG), Antonio Marte, plante\u00f3 este mi\u00e9rcoles que si Omar Fern\u00e1ndez es el candidato presidencial\u2026","rel":"","context":"En \u00abPOLITICA\u00bb","block_context":{"text":"POLITICA","link":"https:\/\/lasprimeras.com.do\/index.php\/category\/politica\/"},"img":{"alt_text":"","src":"https:\/\/i0.wp.com\/lasprimeras.com.do\/wp-content\/uploads\/2025\/08\/Antonio-Marte.jpg?resize=350%2C200&ssl=1","width":350,"height":200,"srcset":"https:\/\/i0.wp.com\/lasprimeras.com.do\/wp-content\/uploads\/2025\/08\/Antonio-Marte.jpg?resize=350%2C200&ssl=1 1x, https:\/\/i0.wp.com\/lasprimeras.com.do\/wp-content\/uploads\/2025\/08\/Antonio-Marte.jpg?resize=525%2C300&ssl=1 1.5x, https:\/\/i0.wp.com\/lasprimeras.com.do\/wp-content\/uploads\/2025\/08\/Antonio-Marte.jpg?resize=700%2C400&ssl=1 2x"},"classes":[]},{"id":122240,"url":"https:\/\/lasprimeras.com.do\/index.php\/2026\/02\/15\/hipolito-mejia-minimiza-apoyo-a-collado-y-asegura-perdera-mucho-a-poco-de-carolina\/","url_meta":{"origin":124597,"position":1},"title":"Hip\u00f3lito Mej\u00eda minimiza apoyo a Collado y asegura perder\u00e1 mucho a poco de Carolina","author":"Nelson Feliz","date":"15 de febrero de 2026","format":false,"excerpt":"El expresidente Hip\u00f3lito Mej\u00eda asegur\u00f3 hoy que su hija, Carolina Mej\u00eda, derrotar\u00e1 \u201cmucho a poco\u201d al aspirante presidencial David Collado, a quien defini\u00f3 como su m\u00e1s cercano contrincante en la carrera por la nominaci\u00f3n presidencial del Partido Revolucionario Moderno (PRM). En su declaraci\u00f3n, el veterano pol\u00edtico se fue m\u00e1s lejos\u2026","rel":"","context":"En \u00abPOLITICA\u00bb","block_context":{"text":"POLITICA","link":"https:\/\/lasprimeras.com.do\/index.php\/category\/politica\/"},"img":{"alt_text":"Hip\u00f3lito Mej\u00eda","src":"https:\/\/i0.wp.com\/lasprimeras.com.do\/wp-content\/uploads\/2026\/02\/Hipolito-Mejia.jpg?resize=350%2C200&ssl=1","width":350,"height":200,"srcset":"https:\/\/i0.wp.com\/lasprimeras.com.do\/wp-content\/uploads\/2026\/02\/Hipolito-Mejia.jpg?resize=350%2C200&ssl=1 1x, https:\/\/i0.wp.com\/lasprimeras.com.do\/wp-content\/uploads\/2026\/02\/Hipolito-Mejia.jpg?resize=525%2C300&ssl=1 1.5x, https:\/\/i0.wp.com\/lasprimeras.com.do\/wp-content\/uploads\/2026\/02\/Hipolito-Mejia.jpg?resize=700%2C400&ssl=1 2x"},"classes":[]},{"id":49257,"url":"https:\/\/lasprimeras.com.do\/index.php\/2023\/05\/09\/encuesta-asisa-abinader-38-2-leonel-36-3-y-abel-19\/","url_meta":{"origin":124597,"position":2},"title":"Encuesta ASISA: Abinader 38.2%, Leonel 36.3% y Abel 19%","author":"prenxa100","date":"9 de mayo de 2023","format":false,"excerpt":"Los resultados de la encuesta de la reconocida firma ASISA, presentada en el noticiario que dirige el periodista Roberto Cavada abord\u00f3 los temas de intenci\u00f3n de voto, aprobaci\u00f3n de la gesti\u00f3n, logros del gobierno as\u00ed como los temas de identidad partidista y los problemas percibidos por la poblaci\u00f3n dominicana. SANTO\u2026","rel":"","context":"En \u00abSin categor\u00eda\u00bb","block_context":{"text":"Sin categor\u00eda","link":"https:\/\/lasprimeras.com.do\/index.php\/category\/sin-categoria\/"},"img":{"alt_text":"","src":"","width":0,"height":0},"classes":[]},{"id":69374,"url":"https:\/\/lasprimeras.com.do\/index.php\/2023\/12\/02\/mariotti-sobre-puntuacion-de-carolina-mejia-como-alcaldesano-ombe-no-con-las-mujeres-nunca-se-ganamariotti-sobre-puntuacion-de-carolina-mejia-como-alcaldesa\/","url_meta":{"origin":124597,"position":3},"title":"Mariotti sobre puntuaci\u00f3n de Carolina Mej\u00eda como alcaldesa:\u201cNO OMBE NO, CON LAS MUJERES NUNCA SE GANA\u201dMariotti sobre puntuaci\u00f3n de Carolina Mej\u00eda como alcaldesa:","author":"BIMARY DE JES\u00daS Matos","date":"2 de diciembre de 2023","format":false,"excerpt":"Santo Domingo.-El secretario general del Partido de la Liberaci\u00f3n Dominicana (PLD), Charlie Mariotti, desmerit\u00f3 la repostulaci\u00f3n y puntuaci\u00f3n que proyecta la alcaldesa del Distrito Nacional, Carolina Mej\u00eda, quien fue inscrita este viernes en el mismo cargo. Al ser cuestionado su opini\u00f3n de que Mej\u00eda pose\u00eda, seg\u00fan encuestas, un 70% de\u2026","rel":"","context":"En \u00abSin categor\u00eda\u00bb","block_context":{"text":"Sin categor\u00eda","link":"https:\/\/lasprimeras.com.do\/index.php\/category\/sin-categoria\/"},"img":{"alt_text":"","src":"https:\/\/i0.wp.com\/lasprimeras.com.do\/wp-content\/uploads\/2023\/12\/WhatsApp-Image-2023-11-30-at-12.22.20-PM.jpeg?resize=350%2C200&ssl=1","width":350,"height":200,"srcset":"https:\/\/i0.wp.com\/lasprimeras.com.do\/wp-content\/uploads\/2023\/12\/WhatsApp-Image-2023-11-30-at-12.22.20-PM.jpeg?resize=350%2C200&ssl=1 1x, https:\/\/i0.wp.com\/lasprimeras.com.do\/wp-content\/uploads\/2023\/12\/WhatsApp-Image-2023-11-30-at-12.22.20-PM.jpeg?resize=525%2C300&ssl=1 1.5x"},"classes":[]},{"id":76495,"url":"https:\/\/lasprimeras.com.do\/index.php\/2024\/02\/11\/abinader-apoya-a-carolina-mejia-en-marcha-caravana-en-el-distrito-nacional\/","url_meta":{"origin":124597,"position":4},"title":"Abinader apoya a Carolina Mej\u00eda en marcha-caravana en el Distrito Nacional","author":"Nelson Feliz","date":"11 de febrero de 2024","format":false,"excerpt":"El presidente Luis Abinader encabez\u00f3 este domingo una marcha caravana en apoyo a la candidata a la reelecci\u00f3n de la Alcald\u00eda del Distrito Nacional, Carolina Mej\u00eda. El acto proselitista inici\u00f3 a las 4:00 de la tarde y recorri\u00f3 los principales sectores del Distrito Nacional. \"Los n\u00fameros ser\u00e1n impresionantes. Lo que\u2026","rel":"","context":"En \u00abPORTADA\u00bb","block_context":{"text":"PORTADA","link":"https:\/\/lasprimeras.com.do\/index.php\/category\/portada\/"},"img":{"alt_text":"Luis Abinader y Carolina Mej\u00eda","src":"https:\/\/i0.wp.com\/lasprimeras.com.do\/wp-content\/uploads\/2024\/02\/Luis-Abinader-y-Carolina-Mejia.jpg?resize=350%2C200&ssl=1","width":350,"height":200,"srcset":"https:\/\/i0.wp.com\/lasprimeras.com.do\/wp-content\/uploads\/2024\/02\/Luis-Abinader-y-Carolina-Mejia.jpg?resize=350%2C200&ssl=1 1x, https:\/\/i0.wp.com\/lasprimeras.com.do\/wp-content\/uploads\/2024\/02\/Luis-Abinader-y-Carolina-Mejia.jpg?resize=525%2C300&ssl=1 1.5x, https:\/\/i0.wp.com\/lasprimeras.com.do\/wp-content\/uploads\/2024\/02\/Luis-Abinader-y-Carolina-Mejia.jpg?resize=700%2C400&ssl=1 2x"},"classes":[]},{"id":73949,"url":"https:\/\/lasprimeras.com.do\/index.php\/2024\/01\/17\/casi-empate-asi-estan-carolina-mejia-y-domingo-contreras-segun-una-encuesta\/","url_meta":{"origin":124597,"position":5},"title":"\u00a1Casi empate! As\u00ed est\u00e1n Carolina Mej\u00eda y Domingo Contreras, seg\u00fan una encuesta","author":"Nelson Feliz","date":"17 de enero de 2024","format":false,"excerpt":"Un estudio realizado por la firma Sistemas Globales, SISGLO, SRL, sobre la preferencia electoral y el posicionamiento de los candidatos a la alcald\u00eda del Distrito Nacional, arroj\u00f3 un escenario de empate t\u00e9cnico entre Domingo Contreras y Carolina Mej\u00eda. La medici\u00f3n realizada del 10 al 12 de enero, establece que solo\u2026","rel":"","context":"En \u00abPORTADA\u00bb","block_context":{"text":"PORTADA","link":"https:\/\/lasprimeras.com.do\/index.php\/category\/portada\/"},"img":{"alt_text":"Domingo Contreras y Carolina Mej\u00eda","src":"https:\/\/i0.wp.com\/lasprimeras.com.do\/wp-content\/uploads\/2024\/01\/Domingo-Contreras-y-Carolina-Mejia.jpg?resize=350%2C200&ssl=1","width":350,"height":200,"srcset":"https:\/\/i0.wp.com\/lasprimeras.com.do\/wp-content\/uploads\/2024\/01\/Domingo-Contreras-y-Carolina-Mejia.jpg?resize=350%2C200&ssl=1 1x, https:\/\/i0.wp.com\/lasprimeras.com.do\/wp-content\/uploads\/2024\/01\/Domingo-Contreras-y-Carolina-Mejia.jpg?resize=525%2C300&ssl=1 1.5x"},"classes":[]}],"jetpack_sharing_enabled":true,"_links":{"self":[{"href":"https:\/\/lasprimeras.com.do\/index.php\/wp-json\/wp\/v2\/posts\/124597","targetHints":{"allow":["GET"]}}],"collection":[{"href":"https:\/\/lasprimeras.com.do\/index.php\/wp-json\/wp\/v2\/posts"}],"about":[{"href":"https:\/\/lasprimeras.com.do\/index.php\/wp-json\/wp\/v2\/types\/post"}],"author":[{"embeddable":true,"href":"https:\/\/lasprimeras.com.do\/index.php\/wp-json\/wp\/v2\/users\/10"}],"replies":[{"embeddable":true,"href":"https:\/\/lasprimeras.com.do\/index.php\/wp-json\/wp\/v2\/comments?post=124597"}],"version-history":[{"count":1,"href":"https:\/\/lasprimeras.com.do\/index.php\/wp-json\/wp\/v2\/posts\/124597\/revisions"}],"predecessor-version":[{"id":124598,"href":"https:\/\/lasprimeras.com.do\/index.php\/wp-json\/wp\/v2\/posts\/124597\/revisions\/124598"}],"wp:featuredmedia":[{"embeddable":true,"href":"https:\/\/lasprimeras.com.do\/index.php\/wp-json\/wp\/v2\/media\/109117"}],"wp:attachment":[{"href":"https:\/\/lasprimeras.com.do\/index.php\/wp-json\/wp\/v2\/media?parent=124597"}],"wp:term":[{"taxonomy":"category","embeddable":true,"href":"https:\/\/lasprimeras.com.do\/index.php\/wp-json\/wp\/v2\/categories?post=124597"},{"taxonomy":"post_tag","embeddable":true,"href":"https:\/\/lasprimeras.com.do\/index.php\/wp-json\/wp\/v2\/tags?post=124597"}],"curies":[{"name":"wp","href":"https:\/\/api.w.org\/{rel}","templated":true}]}}