{"id":124600,"date":"2026-03-15T09:02:44","date_gmt":"2026-03-15T13:02:44","guid":{"rendered":"https:\/\/lasprimeras.com.do\/?p=124600"},"modified":"2026-03-15T09:02:46","modified_gmt":"2026-03-15T13:02:46","slug":"zelenskyy-dice-que-ucrania-espera-a-que-eeuu-y-rusia-programen-la-proxima-ronda-de-dialogos","status":"publish","type":"post","link":"https:\/\/lasprimeras.com.do\/index.php\/2026\/03\/15\/zelenskyy-dice-que-ucrania-espera-a-que-eeuu-y-rusia-programen-la-proxima-ronda-de-dialogos\/","title":{"rendered":"Zelenskyy dice que Ucrania espera a que EEUU y Rusia programen la pr\u00f3xima ronda de di\u00e1logos"},"content":{"rendered":"\n<p>POR SUSIE BLANN<\/p>\n\n\n\n<p>KIEV, Ucrania (AP) \u2014 El presidente ucraniano, Volodymyr Zelenskyy, afirm\u00f3 en comentarios difundidos el domingo que estaba listo para la pr\u00f3xima ronda de conversaciones de paz trilaterales para poner fin a la invasi\u00f3n de Ucrania por parte de Rusia, que ya supera los cuatro a\u00f1os, pero que depend\u00eda de Washington y Mosc\u00fa acordar d\u00f3nde y cu\u00e1ndo reunirse.<\/p>\n\n\n\n<p>Zelenskyy se\u00f1al\u00f3 que Estados Unidos hab\u00eda propuesto albergar la pr\u00f3xima reuni\u00f3n entre equipos negociadores estadounidenses, ucranianos y rusos, que incluyen a los enviados estadounidenses Steve Witkoff y Jared Kushner, pero que Mosc\u00fa se hab\u00eda negado a enviar una delegaci\u00f3n.<\/p>\n\n\n\n<p>\u201cEstamos esperando una respuesta de los estadounidenses, declar\u00f3 Zelenskyy en una conversaci\u00f3n con medios el s\u00e1bado. \u201cO cambian el pa\u00eds donde nos reunimos, o los rusos deben confirmar a Estados Unidos. No estamos bloqueando ninguna de estas iniciativas. Queremos que se celebre una reuni\u00f3n trilateral\u201d.<\/p>\n","protected":false},"excerpt":{"rendered":"<p>POR SUSIE BLANN KIEV, Ucrania (AP) \u2014 El presidente ucraniano, Volodymyr Zelenskyy, afirm\u00f3 en comentarios difundidos el domingo que estaba listo para la pr\u00f3xima ronda de conversaciones de paz trilaterales&hellip;<\/p>\n","protected":false},"author":10,"featured_media":124601,"comment_status":"open","ping_status":"open","sticky":false,"template":"","format":"standard","meta":{"content-type":"","jetpack_post_was_ever_published":false,"_jetpack_newsletter_access":"","_jetpack_dont_email_post_to_subs":false,"_jetpack_newsletter_tier_id":0,"_jetpack_memberships_contains_paywalled_content":false,"_jetpack_memberships_contains_paid_content":false,"footnotes":""},"categories":[16289],"tags":[12073,979,31167,1119,1108,11941],"class_list":["post-124600","post","type-post","status-publish","format-standard","has-post-thumbnail","hentry","category-internacionales","tag-dialogos","tag-eeuu","tag-programen","tag-rusia","tag-ucrania","tag-volodymyr-zelenskyy"],"jetpack_featured_media_url":"https:\/\/lasprimeras.com.do\/wp-content\/uploads\/2026\/03\/bomberos.jpg","jetpack-related-posts":[{"id":94935,"url":"https:\/\/lasprimeras.com.do\/index.php\/2025\/03\/07\/rusia-bombardea-red-electrica-de-ucrania-tras-anuncio-de-zelenskyy-de-conversaciones-con-eeuu\/","url_meta":{"origin":124600,"position":0},"title":"Rusia bombardea red el\u00e9ctrica de Ucrania tras anuncio de Zelenskyy de conversaciones con EEUU","author":"Nelson Feliz","date":"7 de marzo de 2025","format":false,"excerpt":"POR ILLIA NOVIKOV KIEV, Ucrania (AP) \u2014 Rusia atac\u00f3 la infraestructura energ\u00e9tica de Ucrania con un bombardeo a gran escala con misiles y aviones no tripulados durante la noche, informaron autoridades el viernes, horas despu\u00e9s que el presidente Volodymyr Zelenskyy anunci\u00f3 que la pr\u00f3xima semana tendr\u00e1 conversaciones con Estados Unidos\u2026","rel":"","context":"En \u00abINTERNACIONALES\u00bb","block_context":{"text":"INTERNACIONALES","link":"https:\/\/lasprimeras.com.do\/index.php\/category\/sin-categoria\/internacionales\/"},"img":{"alt_text":"","src":"https:\/\/i0.wp.com\/lasprimeras.com.do\/wp-content\/uploads\/2025\/03\/INCENDIO.png?resize=350%2C200&ssl=1","width":350,"height":200,"srcset":"https:\/\/i0.wp.com\/lasprimeras.com.do\/wp-content\/uploads\/2025\/03\/INCENDIO.png?resize=350%2C200&ssl=1 1x, https:\/\/i0.wp.com\/lasprimeras.com.do\/wp-content\/uploads\/2025\/03\/INCENDIO.png?resize=525%2C300&ssl=1 1.5x, https:\/\/i0.wp.com\/lasprimeras.com.do\/wp-content\/uploads\/2025\/03\/INCENDIO.png?resize=700%2C400&ssl=1 2x"},"classes":[]},{"id":93954,"url":"https:\/\/lasprimeras.com.do\/index.php\/2025\/02\/23\/zelenskyy-afirma-que-hay-progreso-en-las-negociaciones-con-eeuu-sobre-minerales\/","url_meta":{"origin":124600,"position":1},"title":"Zelenskyy afirma que hay progreso en las negociaciones con EEUU sobre minerales","author":"Nelson Feliz","date":"23 de febrero de 2025","format":false,"excerpt":"POR JUSTIN SPIKE e ILLIA NOVIKOV KIEV, Ucrania (AP) \u2014 Una controversial propuesta por parte del gobierno del presidente Donald Trump de otorgarle a Estados Unidos ganancias por 500.000 millones de d\u00f3lares a partir de los minerales raros de Ucrania como compensaci\u00f3n por su asistencia durante la guerra contra Rusia\u2026","rel":"","context":"En \u00abINTERNACIONALES\u00bb","block_context":{"text":"INTERNACIONALES","link":"https:\/\/lasprimeras.com.do\/index.php\/category\/sin-categoria\/internacionales\/"},"img":{"alt_text":"","src":"https:\/\/i0.wp.com\/lasprimeras.com.do\/wp-content\/uploads\/2025\/02\/Volodymyr-Zelenskyy-1-1.jpg?resize=350%2C200&ssl=1","width":350,"height":200,"srcset":"https:\/\/i0.wp.com\/lasprimeras.com.do\/wp-content\/uploads\/2025\/02\/Volodymyr-Zelenskyy-1-1.jpg?resize=350%2C200&ssl=1 1x, https:\/\/i0.wp.com\/lasprimeras.com.do\/wp-content\/uploads\/2025\/02\/Volodymyr-Zelenskyy-1-1.jpg?resize=525%2C300&ssl=1 1.5x, https:\/\/i0.wp.com\/lasprimeras.com.do\/wp-content\/uploads\/2025\/02\/Volodymyr-Zelenskyy-1-1.jpg?resize=700%2C400&ssl=1 2x"},"classes":[]},{"id":93716,"url":"https:\/\/lasprimeras.com.do\/index.php\/2025\/02\/19\/asesor-de-zelenskyy-dice-que-eeuu-renuncio-a-papel-en-la-guerra-fortaleciendo-a-rusia\/","url_meta":{"origin":124600,"position":2},"title":"Asesor de Zelenskyy dice que EEUU renunci\u00f3 a papel en la guerra, fortaleciendo a Rusia","author":"Nelson Feliz","date":"19 de febrero de 2025","format":false,"excerpt":"POR SUSIE BLANN and HANNA ARHIROVA KIEV, Ucrania (AP) \u2014 Un asesor presidencial ucraniano afirm\u00f3 el mi\u00e9rcoles que Estados Unidos ha debilitado su posici\u00f3n y ha cedido el liderazgo diplom\u00e1tico a Rusia antes de posibles conversaciones de paz sobre Ucrania, tras una reuni\u00f3n en Arabia Saud\u00ed entre altos diplom\u00e1ticos estadounidenses\u2026","rel":"","context":"En \u00abINTERNACIONALES\u00bb","block_context":{"text":"INTERNACIONALES","link":"https:\/\/lasprimeras.com.do\/index.php\/category\/sin-categoria\/internacionales\/"},"img":{"alt_text":"","src":"https:\/\/i0.wp.com\/lasprimeras.com.do\/wp-content\/uploads\/2025\/02\/guerra.jpg?resize=350%2C200&ssl=1","width":350,"height":200,"srcset":"https:\/\/i0.wp.com\/lasprimeras.com.do\/wp-content\/uploads\/2025\/02\/guerra.jpg?resize=350%2C200&ssl=1 1x, https:\/\/i0.wp.com\/lasprimeras.com.do\/wp-content\/uploads\/2025\/02\/guerra.jpg?resize=525%2C300&ssl=1 1.5x, https:\/\/i0.wp.com\/lasprimeras.com.do\/wp-content\/uploads\/2025\/02\/guerra.jpg?resize=700%2C400&ssl=1 2x"},"classes":[]},{"id":121171,"url":"https:\/\/lasprimeras.com.do\/index.php\/2026\/02\/01\/ataque-ruso-mata-a-12-en-dnipro-zelenskyy-anuncia-proxima-ronda-de-conversaciones-con-rusia\/","url_meta":{"origin":124600,"position":3},"title":"Ataque ruso mata a 12 en Dnipr\u00f3; Zelenskyy anuncia pr\u00f3xima ronda de conversaciones con Rusia","author":"Nelson Feliz","date":"1 de febrero de 2026","format":false,"excerpt":"POR VOLODYMYR YURCHUK KIEV, Ucrania (AP) \u2014 Un ataque ruso con drones impact\u00f3 el domingo un autob\u00fas que transportaba mineros en la ciudad ucraniana de Dnipr\u00f3 y mat\u00f3 al menos a una docena de personas, informaron las autoridades ucranianas el domingo, horas despu\u00e9s que el presidente Volodymyr Zelenskyy anunciara que\u2026","rel":"","context":"En \u00abINTERNACIONALES\u00bb","block_context":{"text":"INTERNACIONALES","link":"https:\/\/lasprimeras.com.do\/index.php\/category\/sin-categoria\/internacionales\/"},"img":{"alt_text":"Volodymyr Zelenskyy","src":"https:\/\/i0.wp.com\/lasprimeras.com.do\/wp-content\/uploads\/2026\/02\/Volodymyr-Zelenskyy.jpg?resize=350%2C200&ssl=1","width":350,"height":200,"srcset":"https:\/\/i0.wp.com\/lasprimeras.com.do\/wp-content\/uploads\/2026\/02\/Volodymyr-Zelenskyy.jpg?resize=350%2C200&ssl=1 1x, https:\/\/i0.wp.com\/lasprimeras.com.do\/wp-content\/uploads\/2026\/02\/Volodymyr-Zelenskyy.jpg?resize=525%2C300&ssl=1 1.5x, https:\/\/i0.wp.com\/lasprimeras.com.do\/wp-content\/uploads\/2026\/02\/Volodymyr-Zelenskyy.jpg?resize=700%2C400&ssl=1 2x"},"classes":[]},{"id":93719,"url":"https:\/\/lasprimeras.com.do\/index.php\/2025\/02\/19\/trump-advierte-a-zelenskyy-que-debe-negociar-rapidamente-el-fin-de-la-guerra-con-rusia\/","url_meta":{"origin":124600,"position":4},"title":"Trump advierte a Zelenskyy que debe negociar r\u00e1pidamente el fin de la guerra con Rusia","author":"Nelson Feliz","date":"19 de febrero de 2025","format":false,"excerpt":"POR AAMER MADHANI, MIKE PESOLI and STEPHANY MATAT MIAMI (AP) \u2014 El presidente Donald Trump advirti\u00f3 el mi\u00e9rcoles al presidente ucraniano Volodymyr Zelenskyy que \u201cmejor act\u00fae r\u00e1pido\u201d para negociar el fin de la invasi\u00f3n de Rusia a Ucrania, o se arriesga a no tener una naci\u00f3n que liderar. La ret\u00f3rica\u2026","rel":"","context":"En \u00abINTERNACIONALES\u00bb","block_context":{"text":"INTERNACIONALES","link":"https:\/\/lasprimeras.com.do\/index.php\/category\/sin-categoria\/internacionales\/"},"img":{"alt_text":"Volodymyr Zelenskyy","src":"https:\/\/i0.wp.com\/lasprimeras.com.do\/wp-content\/uploads\/2025\/02\/Volodymyr-Zelenskyy-1.jpg?resize=350%2C200&ssl=1","width":350,"height":200,"srcset":"https:\/\/i0.wp.com\/lasprimeras.com.do\/wp-content\/uploads\/2025\/02\/Volodymyr-Zelenskyy-1.jpg?resize=350%2C200&ssl=1 1x, https:\/\/i0.wp.com\/lasprimeras.com.do\/wp-content\/uploads\/2025\/02\/Volodymyr-Zelenskyy-1.jpg?resize=525%2C300&ssl=1 1.5x"},"classes":[]},{"id":61103,"url":"https:\/\/lasprimeras.com.do\/index.php\/2023\/09\/22\/zelenskyy-envia-un-mensaje-optimista-a-los-legisladores-estadounidenses-sobre-el-progreso-de-la-guerra\/","url_meta":{"origin":124600,"position":5},"title":"Zelenskyy env\u00eda un mensaje optimista a los legisladores estadounidenses sobre el progreso de la guerra","author":"Nelson Feliz","date":"22 de septiembre de 2023","format":false,"excerpt":"POR ELLEN KNICKMEYER, LISA MASCARO Y MARY CLARE JALONICK WASHINGTON (AP) \u2014 El presidente Volodymyr Zelenskyy trabaj\u00f3 para reforzar el apoyo de Estados Unidos a Ucrania en una visita rel\u00e1mpago a Washington el jueves, entregando un mensaje optimista sobre el progreso de la guerra mientras enfrentaba nuevas preguntas sobre el\u2026","rel":"","context":"En \u00abSin categor\u00eda\u00bb","block_context":{"text":"Sin categor\u00eda","link":"https:\/\/lasprimeras.com.do\/index.php\/category\/sin-categoria\/"},"img":{"alt_text":"Volodymyr Zelensky vs Joe Biden","src":"https:\/\/i0.wp.com\/lasprimeras.com.do\/wp-content\/uploads\/2023\/09\/Volodymyr-Zelensky-vs-Joe-Biden.jpg?resize=350%2C200&ssl=1","width":350,"height":200,"srcset":"https:\/\/i0.wp.com\/lasprimeras.com.do\/wp-content\/uploads\/2023\/09\/Volodymyr-Zelensky-vs-Joe-Biden.jpg?resize=350%2C200&ssl=1 1x, https:\/\/i0.wp.com\/lasprimeras.com.do\/wp-content\/uploads\/2023\/09\/Volodymyr-Zelensky-vs-Joe-Biden.jpg?resize=525%2C300&ssl=1 1.5x, https:\/\/i0.wp.com\/lasprimeras.com.do\/wp-content\/uploads\/2023\/09\/Volodymyr-Zelensky-vs-Joe-Biden.jpg?resize=700%2C400&ssl=1 2x"},"classes":[]}],"jetpack_sharing_enabled":true,"_links":{"self":[{"href":"https:\/\/lasprimeras.com.do\/index.php\/wp-json\/wp\/v2\/posts\/124600","targetHints":{"allow":["GET"]}}],"collection":[{"href":"https:\/\/lasprimeras.com.do\/index.php\/wp-json\/wp\/v2\/posts"}],"about":[{"href":"https:\/\/lasprimeras.com.do\/index.php\/wp-json\/wp\/v2\/types\/post"}],"author":[{"embeddable":true,"href":"https:\/\/lasprimeras.com.do\/index.php\/wp-json\/wp\/v2\/users\/10"}],"replies":[{"embeddable":true,"href":"https:\/\/lasprimeras.com.do\/index.php\/wp-json\/wp\/v2\/comments?post=124600"}],"version-history":[{"count":1,"href":"https:\/\/lasprimeras.com.do\/index.php\/wp-json\/wp\/v2\/posts\/124600\/revisions"}],"predecessor-version":[{"id":124602,"href":"https:\/\/lasprimeras.com.do\/index.php\/wp-json\/wp\/v2\/posts\/124600\/revisions\/124602"}],"wp:featuredmedia":[{"embeddable":true,"href":"https:\/\/lasprimeras.com.do\/index.php\/wp-json\/wp\/v2\/media\/124601"}],"wp:attachment":[{"href":"https:\/\/lasprimeras.com.do\/index.php\/wp-json\/wp\/v2\/media?parent=124600"}],"wp:term":[{"taxonomy":"category","embeddable":true,"href":"https:\/\/lasprimeras.com.do\/index.php\/wp-json\/wp\/v2\/categories?post=124600"},{"taxonomy":"post_tag","embeddable":true,"href":"https:\/\/lasprimeras.com.do\/index.php\/wp-json\/wp\/v2\/tags?post=124600"}],"curies":[{"name":"wp","href":"https:\/\/api.w.org\/{rel}","templated":true}]}}