{"id":124603,"date":"2026-03-15T09:08:33","date_gmt":"2026-03-15T13:08:33","guid":{"rendered":"https:\/\/lasprimeras.com.do\/?p=124603"},"modified":"2026-03-15T09:08:36","modified_gmt":"2026-03-15T13:08:36","slug":"un-ataque-israeli-en-gaza-mata-a-2-ninos-y-una-embarazada-segun-funcionarios-de-hospital","status":"publish","type":"post","link":"https:\/\/lasprimeras.com.do\/index.php\/2026\/03\/15\/un-ataque-israeli-en-gaza-mata-a-2-ninos-y-una-embarazada-segun-funcionarios-de-hospital\/","title":{"rendered":"Un ataque israel\u00ed en Gaza, mata a 2 ni\u00f1os y una embarazada, seg\u00fan funcionarios de hospital"},"content":{"rendered":"\n<p>POR SAMY MAGDY<\/p>\n\n\n\n<p>EL CAIRO, Egipto (AP) \u2014 Al menos cuatro palestinos, entre ellos dos ni\u00f1os y una mujer embarazada de gemelos, murieron el domingo por un ataque a\u00e9reo israel\u00ed en la Franja de Gaza, devastada por la guerra, informaron autoridades hospitalarias.<\/p>\n\n\n\n<p>El ataque alcanz\u00f3 una casa en Nuseirat, un campamento urbano de refugiados en el centro de Gaza, y mat\u00f3 a una pareja de unos 30 a\u00f1os y a su hijo de 10 a\u00f1os, seg\u00fan el cercano Hospital de los M\u00e1rtires de Al-Aqsa.<\/p>\n\n\n\n<p>La cuarta v\u00edctima mortal, un vecino de 15 a\u00f1os, fue trasladada al hospital Awda, en Nuseirat. El hermano menor del ni\u00f1o result\u00f3 herido en el ataque, inform\u00f3 el hospital.<\/p>\n\n\n\n<p>\u201cEst\u00e1bamos durmiendo y nos levantamos por el impacto de un misil. El impacto fue fuerte\u201d, dijo Mahmoud al-Muhtaseb, un vecino. \u201cNo hubo advertencia previa\u201d.<\/p>\n\n\n\n<p>El ej\u00e9rcito israel\u00ed no hizo comentarios de inmediato.<\/p>\n\n\n\n<p>Las muertes fueron las m\u00e1s recientes entre los palestinos en el enclave costero desde que un acuerdo de alto el fuego en octubre intent\u00f3 detener una guerra de m\u00e1s de dos a\u00f1os entre Israel y Ham\u00e1s en Gaza.<\/p>\n","protected":false},"excerpt":{"rendered":"<p>POR SAMY MAGDY EL CAIRO, Egipto (AP) \u2014 Al menos cuatro palestinos, entre ellos dos ni\u00f1os y una mujer embarazada de gemelos, murieron el domingo por un ataque a\u00e9reo israel\u00ed&hellip;<\/p>\n","protected":false},"author":10,"featured_media":124604,"comment_status":"open","ping_status":"open","sticky":false,"template":"","format":"standard","meta":{"content-type":"","jetpack_post_was_ever_published":false,"_jetpack_newsletter_access":"","_jetpack_dont_email_post_to_subs":false,"_jetpack_newsletter_tier_id":0,"_jetpack_memberships_contains_paywalled_content":false,"_jetpack_memberships_contains_paid_content":false,"footnotes":""},"categories":[16289],"tags":[11549,170,8295,3467,31169,31168],"class_list":["post-124603","post","type-post","status-publish","format-standard","has-post-thumbnail","hentry","category-internacionales","tag-ataque-israeli","tag-funcionarios","tag-gaza","tag-hospital","tag-mata-a-2-ninos","tag-una-embarazada"],"jetpack_featured_media_url":"https:\/\/lasprimeras.com.do\/wp-content\/uploads\/2026\/03\/ataque.jpg","jetpack-related-posts":[{"id":84325,"url":"https:\/\/lasprimeras.com.do\/index.php\/2024\/06\/06\/un-ataque-israeli-mata-al-menos-a-33-personas-en-una-escuela-de-gaza\/","url_meta":{"origin":124603,"position":0},"title":"Un ataque israel\u00ed mata al menos a 33 personas en una escuela de Gaza","author":"Nelson Feliz","date":"6 de junio de 2024","format":false,"excerpt":"POR WAFAA SHURAFA Y SAMY MAGDY DEIR AL-BALAH, Franja de Gaza (AP) \u2014 Un ataque israel\u00ed la madrugada del jueves contra una escuela que albergaba a palestinos desplazados en el centro de Gaza mat\u00f3 a m\u00e1s de 30 personas, entre ellas 23 mujeres y ni\u00f1os, seg\u00fan funcionarios de salud locales.\u2026","rel":"","context":"En \u00abSin categor\u00eda\u00bb","block_context":{"text":"Sin categor\u00eda","link":"https:\/\/lasprimeras.com.do\/index.php\/category\/sin-categoria\/"},"img":{"alt_text":"","src":"https:\/\/i0.wp.com\/lasprimeras.com.do\/wp-content\/uploads\/2024\/06\/ATAQUE.jpg?resize=350%2C200&ssl=1","width":350,"height":200,"srcset":"https:\/\/i0.wp.com\/lasprimeras.com.do\/wp-content\/uploads\/2024\/06\/ATAQUE.jpg?resize=350%2C200&ssl=1 1x, https:\/\/i0.wp.com\/lasprimeras.com.do\/wp-content\/uploads\/2024\/06\/ATAQUE.jpg?resize=525%2C300&ssl=1 1.5x, https:\/\/i0.wp.com\/lasprimeras.com.do\/wp-content\/uploads\/2024\/06\/ATAQUE.jpg?resize=700%2C400&ssl=1 2x"},"classes":[]},{"id":97805,"url":"https:\/\/lasprimeras.com.do\/index.php\/2025\/04\/28\/ataques-israelies-en-gaza-matan-al-menos-a-27-palestinos\/","url_meta":{"origin":124603,"position":1},"title":"Ataques israel\u00edes en Gaza matan al menos a 27 palestinos","author":"Nelson Feliz","date":"28 de abril de 2025","format":false,"excerpt":"POR WAFAA SHURAFA and SAMY MAGDY DEIR AL-BALAH, Franja de Gaza (AP) \u2014 Los ataques israel\u00edes en la Franja de Gaza durante la noche del domingo el lunes mataron al menos a 27 palestinos, seg\u00fan funcionarios de salud locales. No hubo comentarios inmediatos por parte del Ej\u00e9rcito israel\u00ed. Israel ha\u2026","rel":"","context":"En \u00abINTERNACIONALES\u00bb","block_context":{"text":"INTERNACIONALES","link":"https:\/\/lasprimeras.com.do\/index.php\/category\/sin-categoria\/internacionales\/"},"img":{"alt_text":"","src":"https:\/\/i0.wp.com\/lasprimeras.com.do\/wp-content\/uploads\/2025\/04\/palestinos.jpg?resize=350%2C200&ssl=1","width":350,"height":200,"srcset":"https:\/\/i0.wp.com\/lasprimeras.com.do\/wp-content\/uploads\/2025\/04\/palestinos.jpg?resize=350%2C200&ssl=1 1x, https:\/\/i0.wp.com\/lasprimeras.com.do\/wp-content\/uploads\/2025\/04\/palestinos.jpg?resize=525%2C300&ssl=1 1.5x, https:\/\/i0.wp.com\/lasprimeras.com.do\/wp-content\/uploads\/2025\/04\/palestinos.jpg?resize=700%2C400&ssl=1 2x"},"classes":[]},{"id":78795,"url":"https:\/\/lasprimeras.com.do\/index.php\/2024\/03\/20\/palestinos-despiden-a-28-muertos-en-ataques-aereos-a-campos-de-refugiados-urbanos-en-gaza\/","url_meta":{"origin":124603,"position":2},"title":"Palestinos despiden a 28 muertos en ataques a\u00e9reos a campos de refugiados urbanos en Gaza","author":"BIMARY DE JES\u00daS Matos","date":"20 de marzo de 2024","format":false,"excerpt":"Gaza.-Palestinos desped\u00edan el mi\u00e9rcoles a las 28 personas que fallecieron tres ataques a\u00e9reos israel\u00edes sobre campos de refugiados urbanos, en el exterior de un hospital del centro de Gaza. Las im\u00e1genes de The Associated Press mostraron a los dolientes rezando ante los cad\u00e1veres, que estaban envueltos en mortajas, antes de\u2026","rel":"","context":"En \u00abSin categor\u00eda\u00bb","block_context":{"text":"Sin categor\u00eda","link":"https:\/\/lasprimeras.com.do\/index.php\/category\/sin-categoria\/"},"img":{"alt_text":"","src":"","width":0,"height":0},"classes":[]},{"id":79758,"url":"https:\/\/lasprimeras.com.do\/index.php\/2024\/03\/31\/gaza-matan-2-palestinos-e-hirien-periodistas-en-un-ataque-aereo-israeli\/","url_meta":{"origin":124603,"position":3},"title":"Gaza: Matan 2 palestinos e hirien periodistas en un ataque a\u00e9reo israel\u00ed","author":"Nelson Feliz","date":"31 de marzo de 2024","format":false,"excerpt":"POR WAFAA SHURAFA Y SAMY MAGDY DEIR AL-BALAH, Franja de Gaza (AP) \u2014 Un ataque a\u00e9reo israel\u00ed alcanz\u00f3 el domingo un campamento de tiendas de campa\u00f1a en el patio de un abarrotado hospital en el centro de Gaza, matando a dos palestinos e hiriendo a otros 15, incluidos periodistas que\u2026","rel":"","context":"En \u00abSin categor\u00eda\u00bb","block_context":{"text":"Sin categor\u00eda","link":"https:\/\/lasprimeras.com.do\/index.php\/category\/sin-categoria\/"},"img":{"alt_text":"","src":"https:\/\/i0.wp.com\/lasprimeras.com.do\/wp-content\/uploads\/2024\/03\/Ataque-1.jpg?resize=350%2C200&ssl=1","width":350,"height":200,"srcset":"https:\/\/i0.wp.com\/lasprimeras.com.do\/wp-content\/uploads\/2024\/03\/Ataque-1.jpg?resize=350%2C200&ssl=1 1x, https:\/\/i0.wp.com\/lasprimeras.com.do\/wp-content\/uploads\/2024\/03\/Ataque-1.jpg?resize=525%2C300&ssl=1 1.5x"},"classes":[]},{"id":64179,"url":"https:\/\/lasprimeras.com.do\/index.php\/2023\/10\/18\/tras-ataque-israeli-en-hospital-de-gaza-iran-declara-un-dia-de-luto\/","url_meta":{"origin":124603,"position":4},"title":"Tras ataque israel\u00ed en hospital de Gaza Ir\u00e1n declara un d\u00eda de luto","author":"BIMARY DE JES\u00daS Matos","date":"18 de octubre de 2023","format":false,"excerpt":"IRAN.- El Gobierno conden\u00f3 el asesinato de cientos de palestinos en el bombardeo de un hospital de Gaza y declara un d\u00eda de luto. Por medio de un comunicado emitido el martes, el Gobierno de la Rep\u00fablica Isl\u00e1mica de Ir\u00e1n conden\u00f3 la masacre israel\u00ed de los palestinos, en particular ni\u00f1os\u2026","rel":"","context":"En \u00abSin categor\u00eda\u00bb","block_context":{"text":"Sin categor\u00eda","link":"https:\/\/lasprimeras.com.do\/index.php\/category\/sin-categoria\/"},"img":{"alt_text":"","src":"https:\/\/i0.wp.com\/lasprimeras.com.do\/wp-content\/uploads\/2023\/10\/Captura-de-pantalla-2023-10-18-140654-3.jpg?resize=350%2C200&ssl=1","width":350,"height":200,"srcset":"https:\/\/i0.wp.com\/lasprimeras.com.do\/wp-content\/uploads\/2023\/10\/Captura-de-pantalla-2023-10-18-140654-3.jpg?resize=350%2C200&ssl=1 1x, https:\/\/i0.wp.com\/lasprimeras.com.do\/wp-content\/uploads\/2023\/10\/Captura-de-pantalla-2023-10-18-140654-3.jpg?resize=525%2C300&ssl=1 1.5x, https:\/\/i0.wp.com\/lasprimeras.com.do\/wp-content\/uploads\/2023\/10\/Captura-de-pantalla-2023-10-18-140654-3.jpg?resize=700%2C400&ssl=1 2x, https:\/\/i0.wp.com\/lasprimeras.com.do\/wp-content\/uploads\/2023\/10\/Captura-de-pantalla-2023-10-18-140654-3.jpg?resize=1050%2C600&ssl=1 3x"},"classes":[]},{"id":63967,"url":"https:\/\/lasprimeras.com.do\/index.php\/2023\/10\/17\/los-bombardeos-israelies-en-gaza-matan-a-decenas-de-personas\/","url_meta":{"origin":124603,"position":5},"title":"Los bombardeos israel\u00edes en Gaza matan a decenas de personas","author":"Nelson Feliz","date":"17 de octubre de 2023","format":false,"excerpt":"POR NAJIB JOBAIN, SAMYA KULLAB Y RAVI NESSMAN KHAN YOUNIS, Franja de Gaza (AP) \u2014 Israel bombarde\u00f3 el martes zonas del sur de Gaza a donde hab\u00eda dicho a los palestinos que huyeran antes de una invasi\u00f3n prevista, matando a decenas de personas. Mientras tanto, los mediadores luchaban por salir\u2026","rel":"","context":"En \u00abSin categor\u00eda\u00bb","block_context":{"text":"Sin categor\u00eda","link":"https:\/\/lasprimeras.com.do\/index.php\/category\/sin-categoria\/"},"img":{"alt_text":"BOMBARDEOS","src":"https:\/\/i0.wp.com\/lasprimeras.com.do\/wp-content\/uploads\/2023\/10\/BOMBARDEOS.jpg?resize=350%2C200&ssl=1","width":350,"height":200,"srcset":"https:\/\/i0.wp.com\/lasprimeras.com.do\/wp-content\/uploads\/2023\/10\/BOMBARDEOS.jpg?resize=350%2C200&ssl=1 1x, https:\/\/i0.wp.com\/lasprimeras.com.do\/wp-content\/uploads\/2023\/10\/BOMBARDEOS.jpg?resize=525%2C300&ssl=1 1.5x"},"classes":[]}],"jetpack_sharing_enabled":true,"_links":{"self":[{"href":"https:\/\/lasprimeras.com.do\/index.php\/wp-json\/wp\/v2\/posts\/124603","targetHints":{"allow":["GET"]}}],"collection":[{"href":"https:\/\/lasprimeras.com.do\/index.php\/wp-json\/wp\/v2\/posts"}],"about":[{"href":"https:\/\/lasprimeras.com.do\/index.php\/wp-json\/wp\/v2\/types\/post"}],"author":[{"embeddable":true,"href":"https:\/\/lasprimeras.com.do\/index.php\/wp-json\/wp\/v2\/users\/10"}],"replies":[{"embeddable":true,"href":"https:\/\/lasprimeras.com.do\/index.php\/wp-json\/wp\/v2\/comments?post=124603"}],"version-history":[{"count":1,"href":"https:\/\/lasprimeras.com.do\/index.php\/wp-json\/wp\/v2\/posts\/124603\/revisions"}],"predecessor-version":[{"id":124605,"href":"https:\/\/lasprimeras.com.do\/index.php\/wp-json\/wp\/v2\/posts\/124603\/revisions\/124605"}],"wp:featuredmedia":[{"embeddable":true,"href":"https:\/\/lasprimeras.com.do\/index.php\/wp-json\/wp\/v2\/media\/124604"}],"wp:attachment":[{"href":"https:\/\/lasprimeras.com.do\/index.php\/wp-json\/wp\/v2\/media?parent=124603"}],"wp:term":[{"taxonomy":"category","embeddable":true,"href":"https:\/\/lasprimeras.com.do\/index.php\/wp-json\/wp\/v2\/categories?post=124603"},{"taxonomy":"post_tag","embeddable":true,"href":"https:\/\/lasprimeras.com.do\/index.php\/wp-json\/wp\/v2\/tags?post=124603"}],"curies":[{"name":"wp","href":"https:\/\/api.w.org\/{rel}","templated":true}]}}