{"id":124606,"date":"2026-03-15T09:12:48","date_gmt":"2026-03-15T13:12:48","guid":{"rendered":"https:\/\/lasprimeras.com.do\/?p=124606"},"modified":"2026-03-15T09:12:50","modified_gmt":"2026-03-15T13:12:50","slug":"tras-ataques-a-recintos-petroleros-de-iran-una-lluvia-negra-toxica-pone-en-riesgo-a-la-poblacion","status":"publish","type":"post","link":"https:\/\/lasprimeras.com.do\/index.php\/2026\/03\/15\/tras-ataques-a-recintos-petroleros-de-iran-una-lluvia-negra-toxica-pone-en-riesgo-a-la-poblacion\/","title":{"rendered":"Tras ataques a recintos petroleros de Ir\u00e1n, una lluvia negra t\u00f3xica pone en riesgo a la poblaci\u00f3n"},"content":{"rendered":"\n<p>POR TAMMY WEBBER<\/p>\n\n\n\n<p>Nubes de humo t\u00f3xico liberadas a la atm\u00f3sfera por ataques a\u00e9reos de Estados Unidos e Israel contra instalaciones petroleras iran\u00edes regresaron peligrosamente al suelo en forma de \u201clluvia negra\u201d, lo que llev\u00f3 a instituciones internacionales de salud a advertir sobre graves riesgos para la poblaci\u00f3n.<\/p>\n\n\n\n<p>Residentes en Teher\u00e1n se quejaron la semana pasada de ardor en los ojos y dificultad para respirar cuando la precipitaci\u00f3n oscura y aceitosa cay\u00f3 cerca de la capital iran\u00ed, despu\u00e9s de que varios dep\u00f3sitos de fuel\u00f3leo y una refiner\u00eda fueran alcanzados.<\/p>\n\n\n\n<p>Tambi\u00e9n se han visto penachos de humo oscuro en otras partes de la regi\u00f3n durante las dos semanas de guerra, mientras Ir\u00e1n toma represalias contra los ataques a\u00e9reos de Estados Unidos e Israel al lanzar drones y misiles contra instalaciones de petr\u00f3leo y gas natural de sus vecinos del Golfo P\u00e9rsico.<\/p>\n","protected":false},"excerpt":{"rendered":"<p>POR TAMMY WEBBER Nubes de humo t\u00f3xico liberadas a la atm\u00f3sfera por ataques a\u00e9reos de Estados Unidos e Israel contra instalaciones petroleras iran\u00edes regresaron peligrosamente al suelo en forma de&hellip;<\/p>\n","protected":false},"author":10,"featured_media":124607,"comment_status":"open","ping_status":"open","sticky":false,"template":"","format":"standard","meta":{"content-type":"","jetpack_post_was_ever_published":false,"_jetpack_newsletter_access":"","_jetpack_dont_email_post_to_subs":false,"_jetpack_newsletter_tier_id":0,"_jetpack_memberships_contains_paywalled_content":false,"_jetpack_memberships_contains_paid_content":false,"footnotes":""},"categories":[16289],"tags":[5605,6186,31170,1417,31171,3132,31172],"class_list":["post-124606","post","type-post","status-publish","format-standard","has-post-thumbnail","hentry","category-internacionales","tag-ataques","tag-iran","tag-lluvia-negra","tag-poblacion","tag-recintos-petroleros","tag-riesgo","tag-toxica"],"jetpack_featured_media_url":"https:\/\/lasprimeras.com.do\/wp-content\/uploads\/2026\/03\/nube-negra.jpg","jetpack-related-posts":[{"id":124042,"url":"https:\/\/lasprimeras.com.do\/index.php\/2026\/03\/08\/bahrein-reporta-un-ataque-irani-a-planta-desalinizadora-entre-temores-de-ataques-a-objetivos-civiles\/","url_meta":{"origin":124606,"position":0},"title":"Bahrein reporta un ataque iran\u00ed a planta desalinizadora entre temores de ataques a objetivos civiles","author":"Nelson Feliz","date":"8 de marzo de 2026","format":false,"excerpt":"POR JON GAMBRELL, SAM METZ and SAMY MAGDY DUB\u00c1I, Emiratos \u00c1rabes Unidos (AP) \u2014 Bahrein acus\u00f3 a Ir\u00e1n de atacar una planta desalinizadora el domingo, lo que aument\u00f3 los temores de que la infraestructura civil pueda convertirse en un blanco leg\u00edtimo en la guerra, mientras el presidente de Ir\u00e1n promet\u00eda\u2026","rel":"","context":"En \u00abINTERNACIONALES\u00bb","block_context":{"text":"INTERNACIONALES","link":"https:\/\/lasprimeras.com.do\/index.php\/category\/sin-categoria\/internacionales\/"},"img":{"alt_text":"","src":"https:\/\/i0.wp.com\/lasprimeras.com.do\/wp-content\/uploads\/2026\/03\/ataques-2.jpg?resize=350%2C200&ssl=1","width":350,"height":200,"srcset":"https:\/\/i0.wp.com\/lasprimeras.com.do\/wp-content\/uploads\/2026\/03\/ataques-2.jpg?resize=350%2C200&ssl=1 1x, https:\/\/i0.wp.com\/lasprimeras.com.do\/wp-content\/uploads\/2026\/03\/ataques-2.jpg?resize=525%2C300&ssl=1 1.5x, https:\/\/i0.wp.com\/lasprimeras.com.do\/wp-content\/uploads\/2026\/03\/ataques-2.jpg?resize=700%2C400&ssl=1 2x"},"classes":[]},{"id":124346,"url":"https:\/\/lasprimeras.com.do\/index.php\/2026\/03\/11\/iran-ataca-barcos-aeropuerto-de-dubai-e-infraestructura-petrolera-crece-temor-por-economia-global\/","url_meta":{"origin":124606,"position":1},"title":"Ir\u00e1n ataca barcos, aeropuerto de Dub\u00e1i e infraestructura petrolera; crece temor por econom\u00eda global","author":"Nelson Feliz","date":"11 de marzo de 2026","format":false,"excerpt":"POR JON GAMBRELL, SAM MEDNICK and DAVID RISING DUB\u00c1I, Emiratos \u00c1rabes Unidos (AP) \u2014 Ir\u00e1n atac\u00f3 barcos comerciales y el Aeropuerto Internacional de Dub\u00e1i el mi\u00e9rcoles, intensificando una campa\u00f1a para cerrar el golfo P\u00e9rsico, a medida que aumentan las preocupaciones energ\u00e9ticas a nivel mundial, y mientras Estados Unidos e Israel\u2026","rel":"","context":"En \u00abECONOM\u00cdA\u00bb","block_context":{"text":"ECONOM\u00cdA","link":"https:\/\/lasprimeras.com.do\/index.php\/category\/economia\/"},"img":{"alt_text":"Emiratos \u00c1rabes Unidos","src":"https:\/\/i0.wp.com\/lasprimeras.com.do\/wp-content\/uploads\/2026\/03\/Emiratos-Arabes-Unidos.jpg?resize=350%2C200&ssl=1","width":350,"height":200,"srcset":"https:\/\/i0.wp.com\/lasprimeras.com.do\/wp-content\/uploads\/2026\/03\/Emiratos-Arabes-Unidos.jpg?resize=350%2C200&ssl=1 1x, https:\/\/i0.wp.com\/lasprimeras.com.do\/wp-content\/uploads\/2026\/03\/Emiratos-Arabes-Unidos.jpg?resize=525%2C300&ssl=1 1.5x, https:\/\/i0.wp.com\/lasprimeras.com.do\/wp-content\/uploads\/2026\/03\/Emiratos-Arabes-Unidos.jpg?resize=700%2C400&ssl=1 2x"},"classes":[]},{"id":90628,"url":"https:\/\/lasprimeras.com.do\/index.php\/2024\/10\/26\/harris-dice-que-debe-haber-desescalada-en-oriente-medio-tras-ataque-de-israel-a-iran\/","url_meta":{"origin":124606,"position":2},"title":"Harris dice que debe haber desescalada en Oriente Medio tras ataque de Israel a Ir\u00e1n","author":"Nelson Feliz","date":"26 de octubre de 2024","format":false,"excerpt":"Washington, (EFE).- La vicepresidenta y candidata dem\u00f3crata, Kamala Harris, afirm\u00f3 este s\u00e1bado que Estados Unidos quiere ver una desescalada en la tensi\u00f3n en Oriente Medio, tras los ataques israel\u00edes lanzados esta madrugada contra Ir\u00e1n en represalia por una ofensiva anterior. Harris hizo estas declaraciones a la prensa tras su llegada\u2026","rel":"","context":"En \u00abSin categor\u00eda\u00bb","block_context":{"text":"Sin categor\u00eda","link":"https:\/\/lasprimeras.com.do\/index.php\/category\/sin-categoria\/"},"img":{"alt_text":"Kamala Harris","src":"https:\/\/i0.wp.com\/lasprimeras.com.do\/wp-content\/uploads\/2024\/10\/Kamala-Harris-6.jpg?resize=350%2C200&ssl=1","width":350,"height":200,"srcset":"https:\/\/i0.wp.com\/lasprimeras.com.do\/wp-content\/uploads\/2024\/10\/Kamala-Harris-6.jpg?resize=350%2C200&ssl=1 1x, https:\/\/i0.wp.com\/lasprimeras.com.do\/wp-content\/uploads\/2024\/10\/Kamala-Harris-6.jpg?resize=525%2C300&ssl=1 1.5x, https:\/\/i0.wp.com\/lasprimeras.com.do\/wp-content\/uploads\/2024\/10\/Kamala-Harris-6.jpg?resize=700%2C400&ssl=1 2x"},"classes":[]},{"id":114458,"url":"https:\/\/lasprimeras.com.do\/index.php\/2025\/11\/14\/iran-incauta-un-petrolero-en-el-estrecho-de-ormuz-segun-funcionario-de-eeuu\/","url_meta":{"origin":124606,"position":3},"title":"Ir\u00e1n incauta un petrolero en el estrecho de Ormuz, seg\u00fan funcionario de EEUU","author":"Nelson Feliz","date":"14 de noviembre de 2025","format":false,"excerpt":"POR JON GAMBRELL DUB\u00c1I, Emiratos \u00c1rabes Unidos (AP) \u2014 Ir\u00e1n incaut\u00f3 el viernes un petrolero con bandera de las Islas Marshall cuando navegaba por el estrecho de Ormuz, seg\u00fan un funcionario de Estados Unidos, y desvi\u00f3 el buque hacia sus aguas territoriales en el primer incidente de este tipo en\u2026","rel":"","context":"En \u00abINTERNACIONALES\u00bb","block_context":{"text":"INTERNACIONALES","link":"https:\/\/lasprimeras.com.do\/index.php\/category\/sin-categoria\/internacionales\/"},"img":{"alt_text":"","src":"https:\/\/i0.wp.com\/lasprimeras.com.do\/wp-content\/uploads\/2025\/11\/incautan.jpg?resize=350%2C200&ssl=1","width":350,"height":200,"srcset":"https:\/\/i0.wp.com\/lasprimeras.com.do\/wp-content\/uploads\/2025\/11\/incautan.jpg?resize=350%2C200&ssl=1 1x, https:\/\/i0.wp.com\/lasprimeras.com.do\/wp-content\/uploads\/2025\/11\/incautan.jpg?resize=525%2C300&ssl=1 1.5x, https:\/\/i0.wp.com\/lasprimeras.com.do\/wp-content\/uploads\/2025\/11\/incautan.jpg?resize=700%2C400&ssl=1 2x"},"classes":[]},{"id":106384,"url":"https:\/\/lasprimeras.com.do\/index.php\/2025\/08\/14\/human-rights-watch-ataque-aereo-israeli-a-prision-irani-fue-un-aparente-crimen-de-guerra\/","url_meta":{"origin":124606,"position":4},"title":"Human Rights Watch: ataque a\u00e9reo israel\u00ed a prisi\u00f3n iran\u00ed fue un \u201caparente crimen de guerra\u201d","author":"Nelson Feliz","date":"14 de agosto de 2025","format":false,"excerpt":"POR KAREEM CHEHAYEB BEIRUT (AP) \u2014 Human Rights Watch denunci\u00f3 el jueves que un ataque a\u00e9reo de Israel contra una conocida prisi\u00f3n en Ir\u00e1n fue \u201cun aparente crimen de guerra\u201d, al tiempo que acus\u00f3 a Teher\u00e1n de lesionar y hacer desaparecer a prisioneros despu\u00e9s del incidente. Israel atac\u00f3 la c\u00e1rcel\u2026","rel":"","context":"En \u00abINTERNACIONALES\u00bb","block_context":{"text":"INTERNACIONALES","link":"https:\/\/lasprimeras.com.do\/index.php\/category\/sin-categoria\/internacionales\/"},"img":{"alt_text":"","src":"https:\/\/i0.wp.com\/lasprimeras.com.do\/wp-content\/uploads\/2025\/08\/Human-Rights-Watch.jpg?resize=350%2C200&ssl=1","width":350,"height":200,"srcset":"https:\/\/i0.wp.com\/lasprimeras.com.do\/wp-content\/uploads\/2025\/08\/Human-Rights-Watch.jpg?resize=350%2C200&ssl=1 1x, https:\/\/i0.wp.com\/lasprimeras.com.do\/wp-content\/uploads\/2025\/08\/Human-Rights-Watch.jpg?resize=525%2C300&ssl=1 1.5x"},"classes":[]},{"id":80888,"url":"https:\/\/lasprimeras.com.do\/index.php\/2024\/04\/14\/analisis-del-precio-del-crudo-brent-tras-el-ataque-de-iran-a-israel\/","url_meta":{"origin":124606,"position":5},"title":"An\u00e1lisis del precio del crudo Brent tras el ataque de Ir\u00e1n a Israel","author":"Nelson Feliz","date":"14 de abril de 2024","format":false,"excerpt":"El precio del crudo Brent estar\u00e1 en el centro de atenci\u00f3n el lunes por la ma\u00f1ana a medida que los inversores reaccionen a los riesgos geopol\u00edticos actuales en Medio Oriente. El precio termin\u00f3 la semana en $90,15 d\u00f3lares, unos puntos por debajo del m\u00e1ximo del a\u00f1o hasta la fecha de\u2026","rel":"","context":"En \u00abECONOM\u00cdA\u00bb","block_context":{"text":"ECONOM\u00cdA","link":"https:\/\/lasprimeras.com.do\/index.php\/category\/economia\/"},"img":{"alt_text":"Brent","src":"https:\/\/i0.wp.com\/lasprimeras.com.do\/wp-content\/uploads\/2024\/04\/Brent.jpg?resize=350%2C200&ssl=1","width":350,"height":200,"srcset":"https:\/\/i0.wp.com\/lasprimeras.com.do\/wp-content\/uploads\/2024\/04\/Brent.jpg?resize=350%2C200&ssl=1 1x, https:\/\/i0.wp.com\/lasprimeras.com.do\/wp-content\/uploads\/2024\/04\/Brent.jpg?resize=525%2C300&ssl=1 1.5x"},"classes":[]}],"jetpack_sharing_enabled":true,"_links":{"self":[{"href":"https:\/\/lasprimeras.com.do\/index.php\/wp-json\/wp\/v2\/posts\/124606","targetHints":{"allow":["GET"]}}],"collection":[{"href":"https:\/\/lasprimeras.com.do\/index.php\/wp-json\/wp\/v2\/posts"}],"about":[{"href":"https:\/\/lasprimeras.com.do\/index.php\/wp-json\/wp\/v2\/types\/post"}],"author":[{"embeddable":true,"href":"https:\/\/lasprimeras.com.do\/index.php\/wp-json\/wp\/v2\/users\/10"}],"replies":[{"embeddable":true,"href":"https:\/\/lasprimeras.com.do\/index.php\/wp-json\/wp\/v2\/comments?post=124606"}],"version-history":[{"count":1,"href":"https:\/\/lasprimeras.com.do\/index.php\/wp-json\/wp\/v2\/posts\/124606\/revisions"}],"predecessor-version":[{"id":124608,"href":"https:\/\/lasprimeras.com.do\/index.php\/wp-json\/wp\/v2\/posts\/124606\/revisions\/124608"}],"wp:featuredmedia":[{"embeddable":true,"href":"https:\/\/lasprimeras.com.do\/index.php\/wp-json\/wp\/v2\/media\/124607"}],"wp:attachment":[{"href":"https:\/\/lasprimeras.com.do\/index.php\/wp-json\/wp\/v2\/media?parent=124606"}],"wp:term":[{"taxonomy":"category","embeddable":true,"href":"https:\/\/lasprimeras.com.do\/index.php\/wp-json\/wp\/v2\/categories?post=124606"},{"taxonomy":"post_tag","embeddable":true,"href":"https:\/\/lasprimeras.com.do\/index.php\/wp-json\/wp\/v2\/tags?post=124606"}],"curies":[{"name":"wp","href":"https:\/\/api.w.org\/{rel}","templated":true}]}}