{"id":124609,"date":"2026-03-15T09:35:17","date_gmt":"2026-03-15T13:35:17","guid":{"rendered":"https:\/\/lasprimeras.com.do\/?p=124609"},"modified":"2026-03-15T09:35:18","modified_gmt":"2026-03-15T13:35:18","slug":"dos-semanas-de-guerra-con-iran-ponen-a-trump-a-la-defensiva-en-la-politica-estadounidense","status":"publish","type":"post","link":"https:\/\/lasprimeras.com.do\/index.php\/2026\/03\/15\/dos-semanas-de-guerra-con-iran-ponen-a-trump-a-la-defensiva-en-la-politica-estadounidense\/","title":{"rendered":"Dos semanas de guerra con Ir\u00e1n ponen a Trump a la defensiva en la pol\u00edtica estadounidense"},"content":{"rendered":"\n<p>POR WILL WEISSERT<\/p>\n\n\n\n<p>WEST PALM BEACH, Florida, EE.UU. (AP) \u2014 En las dos semanas transcurridas desde que Estados Unidos e Israel lanzaron ataques contra Ir\u00e1n, el presidente Donald Trump ha quedado cada vez m\u00e1s a la defensiva en el terreno pol\u00edtico.<\/p>\n\n\n\n<p>Se ha mostrado m\u00e1s agitado con la cobertura informativa y no ha logrado encontrar una manera de explicar por qu\u00e9 inici\u00f3 la guerra \u2014o c\u00f3mo la terminar\u00e1\u2014 que conecte con un p\u00fablico preocupado por las muertes de estadounidenses en el conflicto, el alza vertiginosa de los precios del petr\u00f3leo y la ca\u00edda de los mercados financieros.<\/p>\n\n\n\n<p>Incluso algunos de sus simpatizantes est\u00e1n cuestionando su plan y sus cifras generales en las encuestas est\u00e1n disminuyendo.<\/p>\n\n\n\n<p>Mientras tanto, Mosc\u00fa est\u00e1 recibiendo un impulso desde los primeros d\u00edas de la guerra despu\u00e9s de que Trump flexibilizara las sanciones sobre algunos env\u00edos de petr\u00f3leo ruso.<\/p>\n\n\n\n<p>Eso, combinado con el aumento de los precios del crudo, socav\u00f3 el esfuerzo de a\u00f1os por recortar la capacidad del presidente Vlad\u00edmir Putin para librar la guerra en Ucrania.<\/p>\n","protected":false},"excerpt":{"rendered":"<p>POR WILL WEISSERT WEST PALM BEACH, Florida, EE.UU. (AP) \u2014 En las dos semanas transcurridas desde que Estados Unidos e Israel lanzaron ataques contra Ir\u00e1n, el presidente Donald Trump ha&hellip;<\/p>\n","protected":false},"author":10,"featured_media":124610,"comment_status":"open","ping_status":"open","sticky":false,"template":"","format":"standard","meta":{"content-type":"","jetpack_post_was_ever_published":false,"_jetpack_newsletter_access":"","_jetpack_dont_email_post_to_subs":false,"_jetpack_newsletter_tier_id":0,"_jetpack_memberships_contains_paywalled_content":false,"_jetpack_memberships_contains_paid_content":false,"footnotes":""},"categories":[16289],"tags":[31173,31174],"class_list":["post-124609","post","type-post","status-publish","format-standard","has-post-thumbnail","hentry","category-internacionales","tag-dos-semanas-de-guerra","tag-iran-ponen-a-trump-a-la-defensiva-en-la-politica-estadounidense"],"jetpack_featured_media_url":"https:\/\/lasprimeras.com.do\/wp-content\/uploads\/2026\/03\/trump-1.jpg","jetpack-related-posts":[{"id":98721,"url":"https:\/\/lasprimeras.com.do\/index.php\/2025\/05\/12\/trump-visita-estados-arabes-del-golfo-mientras-continuan-las-crisis-en-gaza-e-iran\/","url_meta":{"origin":124609,"position":0},"title":"Trump visita estados \u00e1rabes del Golfo mientras contin\u00faan las crisis en Gaza e Ir\u00e1n","author":"Nelson Feliz","date":"12 de mayo de 2025","format":false,"excerpt":"POR JON GAMBRELL and TIA GOLDENBERG DUB\u00c1I, Emiratos \u00c1rabes Unidos (AP) \u2014 En su viaje esta semana al Oriente Medio, el presidente de Estados Unidos, Donald Trump, visitar\u00e1 Arabia Saud\u00ed, Qatar y Emiratos \u00c1rabes Unidos, aunque sus desaf\u00edos regionales m\u00e1s urgentes conciernen a otros dos pa\u00edses: Israel e Ir\u00e1n. Despu\u00e9s\u2026","rel":"","context":"En \u00abINTERNACIONALES\u00bb","block_context":{"text":"INTERNACIONALES","link":"https:\/\/lasprimeras.com.do\/index.php\/category\/sin-categoria\/internacionales\/"},"img":{"alt_text":"","src":"https:\/\/i0.wp.com\/lasprimeras.com.do\/wp-content\/uploads\/2025\/05\/Donald-Trump-1.jpg?resize=350%2C200&ssl=1","width":350,"height":200,"srcset":"https:\/\/i0.wp.com\/lasprimeras.com.do\/wp-content\/uploads\/2025\/05\/Donald-Trump-1.jpg?resize=350%2C200&ssl=1 1x, https:\/\/i0.wp.com\/lasprimeras.com.do\/wp-content\/uploads\/2025\/05\/Donald-Trump-1.jpg?resize=525%2C300&ssl=1 1.5x, https:\/\/i0.wp.com\/lasprimeras.com.do\/wp-content\/uploads\/2025\/05\/Donald-Trump-1.jpg?resize=700%2C400&ssl=1 2x"},"classes":[]},{"id":98806,"url":"https:\/\/lasprimeras.com.do\/index.php\/2025\/05\/13\/el-principe-heredero-saudi-recibe-a-trump-en-el-reino-al-iniciar-su-gira-de-4-dias-por-oriente-medio\/","url_meta":{"origin":124609,"position":1},"title":"El pr\u00edncipe heredero saud\u00ed recibe a Trump en el reino al iniciar su gira de 4 d\u00edas por Oriente Medio","author":"Nelson Feliz","date":"13 de mayo de 2025","format":false,"excerpt":"POR AAMER MADHANI and ZEKE MILLER RIAD, Arabia Saud\u00ed (AP) \u2014 El presidente de Estados Unidos, Donald Trump, comenz\u00f3 el martes su viaje de cuatro d\u00edas por Oriente Medio visitando al gobernante de facto de Arabia Saud\u00ed, el pr\u00edncipe heredero Mohammed bin Salman, para conversar sobre los esfuerzos de Estados\u2026","rel":"","context":"En \u00abINTERNACIONALES\u00bb","block_context":{"text":"INTERNACIONALES","link":"https:\/\/lasprimeras.com.do\/index.php\/category\/sin-categoria\/internacionales\/"},"img":{"alt_text":"","src":"https:\/\/i0.wp.com\/lasprimeras.com.do\/wp-content\/uploads\/2025\/05\/Donald-Trump-1-1.jpg?resize=350%2C200&ssl=1","width":350,"height":200,"srcset":"https:\/\/i0.wp.com\/lasprimeras.com.do\/wp-content\/uploads\/2025\/05\/Donald-Trump-1-1.jpg?resize=350%2C200&ssl=1 1x, https:\/\/i0.wp.com\/lasprimeras.com.do\/wp-content\/uploads\/2025\/05\/Donald-Trump-1-1.jpg?resize=525%2C300&ssl=1 1.5x, https:\/\/i0.wp.com\/lasprimeras.com.do\/wp-content\/uploads\/2025\/05\/Donald-Trump-1-1.jpg?resize=700%2C400&ssl=1 2x"},"classes":[]},{"id":98803,"url":"https:\/\/lasprimeras.com.do\/index.php\/2025\/05\/13\/trump-inicia-su-gira-internacional-con-numerosos-problemas-y-la-certeza-de-tener-las-respuestas\/","url_meta":{"origin":124609,"position":2},"title":"Trump inicia su gira internacional con numerosos problemas y la certeza de tener las respuestas","author":"Nelson Feliz","date":"13 de mayo de 2025","format":false,"excerpt":"POR AAMER MADHANI and DARLENE SUPERVILLE WASHINGTON (AP) \u2014 El presidente de Estados Unidos, Donald Trump, emprendi\u00f3 el lunes una visita a tres naciones en Oriente Medio, un viaje que originalmente planeaba centrar en sus esfuerzos por presionar a las ricas naciones del Golfo para que inviertan miles de millones\u2026","rel":"","context":"En \u00abINTERNACIONALES\u00bb","block_context":{"text":"INTERNACIONALES","link":"https:\/\/lasprimeras.com.do\/index.php\/category\/sin-categoria\/internacionales\/"},"img":{"alt_text":"","src":"https:\/\/i0.wp.com\/lasprimeras.com.do\/wp-content\/uploads\/2025\/05\/Donald-Trump-2.jpg?resize=350%2C200&ssl=1","width":350,"height":200,"srcset":"https:\/\/i0.wp.com\/lasprimeras.com.do\/wp-content\/uploads\/2025\/05\/Donald-Trump-2.jpg?resize=350%2C200&ssl=1 1x, https:\/\/i0.wp.com\/lasprimeras.com.do\/wp-content\/uploads\/2025\/05\/Donald-Trump-2.jpg?resize=525%2C300&ssl=1 1.5x, https:\/\/i0.wp.com\/lasprimeras.com.do\/wp-content\/uploads\/2025\/05\/Donald-Trump-2.jpg?resize=700%2C400&ssl=1 2x"},"classes":[]},{"id":99005,"url":"https:\/\/lasprimeras.com.do\/index.php\/2025\/05\/15\/trump-resta-importancia-a-la-ausencia-de-putin-en-las-conversaciones-de-estambul-con-zelenskyy\/","url_meta":{"origin":124609,"position":3},"title":"Trump resta importancia a la ausencia de Putin en las conversaciones de Estambul con Zelenskyy","author":"Nelson Feliz","date":"15 de mayo de 2025","format":false,"excerpt":"POR ZEKE MILLER and AAMER MADHANI DOHA, Qatar (AP) \u2014 El presidente de Estados Unidos, Donald Trump, dijo el jueves que no le sorprendi\u00f3 que el presidente ruso, Vlad\u00edmir Putin, no asistiera a las esperadas conversaciones de paz con Ucrania en Turqu\u00eda esta semana. Trump hab\u00eda presionado para que Putin\u2026","rel":"","context":"En \u00abINTERNACIONALES\u00bb","block_context":{"text":"INTERNACIONALES","link":"https:\/\/lasprimeras.com.do\/index.php\/category\/sin-categoria\/internacionales\/"},"img":{"alt_text":"","src":"https:\/\/i0.wp.com\/lasprimeras.com.do\/wp-content\/uploads\/2025\/05\/TRUMP.jpg?resize=350%2C200&ssl=1","width":350,"height":200,"srcset":"https:\/\/i0.wp.com\/lasprimeras.com.do\/wp-content\/uploads\/2025\/05\/TRUMP.jpg?resize=350%2C200&ssl=1 1x, https:\/\/i0.wp.com\/lasprimeras.com.do\/wp-content\/uploads\/2025\/05\/TRUMP.jpg?resize=525%2C300&ssl=1 1.5x, https:\/\/i0.wp.com\/lasprimeras.com.do\/wp-content\/uploads\/2025\/05\/TRUMP.jpg?resize=700%2C400&ssl=1 2x"},"classes":[]},{"id":98844,"url":"https:\/\/lasprimeras.com.do\/index.php\/2025\/05\/13\/principe-heredero-saudi-recibe-a-trump-quien-inicia-gira-de-cuatro-dias-por-oriente-medio\/","url_meta":{"origin":124609,"position":4},"title":"Pr\u00edncipe heredero saud\u00ed recibe a Trump quien inicia gira de cuatro d\u00edas por Oriente Medio","author":"Nelson Feliz","date":"13 de mayo de 2025","format":false,"excerpt":"POR AAMER MADHANI,ZEKE MILLER and JON GAMBRELL RIAD, Arabia Saud\u00ed (AP) \u2014 El presidente estadounidense Donald Trump comenz\u00f3 el martes su viaje de cuatro d\u00edas por Oriente Medio en Arabia Saud\u00ed, centrando la atenci\u00f3n en sellar acuerdos econ\u00f3micos con un aliado clave de Oriente Medio en medio de preocupaciones compartidas\u2026","rel":"","context":"En \u00abINTERNACIONALES\u00bb","block_context":{"text":"INTERNACIONALES","link":"https:\/\/lasprimeras.com.do\/index.php\/category\/sin-categoria\/internacionales\/"},"img":{"alt_text":"","src":"https:\/\/i0.wp.com\/lasprimeras.com.do\/wp-content\/uploads\/2025\/05\/Donald-Trump-2-1.jpg?resize=350%2C200&ssl=1","width":350,"height":200,"srcset":"https:\/\/i0.wp.com\/lasprimeras.com.do\/wp-content\/uploads\/2025\/05\/Donald-Trump-2-1.jpg?resize=350%2C200&ssl=1 1x, https:\/\/i0.wp.com\/lasprimeras.com.do\/wp-content\/uploads\/2025\/05\/Donald-Trump-2-1.jpg?resize=525%2C300&ssl=1 1.5x, https:\/\/i0.wp.com\/lasprimeras.com.do\/wp-content\/uploads\/2025\/05\/Donald-Trump-2-1.jpg?resize=700%2C400&ssl=1 2x"},"classes":[]},{"id":95380,"url":"https:\/\/lasprimeras.com.do\/index.php\/2025\/03\/13\/rubio-podria-encontrar-una-recepcion-hostil-de-aliados-cercanos-del-g7-por-las-politicas-de-trump\/","url_meta":{"origin":124609,"position":5},"title":"Rubio podr\u00eda encontrar una recepci\u00f3n hostil de aliados cercanos del G7 por las pol\u00edticas de Trump","author":"Nelson Feliz","date":"13 de marzo de 2025","format":false,"excerpt":"POR MATTHEW LEE LA MALBAIE, Canad\u00e1 (AP) \u2014 El secretario de Estado de Estados Unidos, Marco Rubio, podr\u00eda adentrarse en un territorio inusualmente hostil esta semana cuando se re\u00fana con sus hom\u00f3logos del Grupo de las 7 democracias industrializadas, aliados estadounidenses que est\u00e1n at\u00f3nitos por las acciones del presidente Donald\u2026","rel":"","context":"En \u00abINTERNACIONALES\u00bb","block_context":{"text":"INTERNACIONALES","link":"https:\/\/lasprimeras.com.do\/index.php\/category\/sin-categoria\/internacionales\/"},"img":{"alt_text":"","src":"https:\/\/i0.wp.com\/lasprimeras.com.do\/wp-content\/uploads\/2025\/03\/Marco-Rubio.png?resize=350%2C200&ssl=1","width":350,"height":200,"srcset":"https:\/\/i0.wp.com\/lasprimeras.com.do\/wp-content\/uploads\/2025\/03\/Marco-Rubio.png?resize=350%2C200&ssl=1 1x, https:\/\/i0.wp.com\/lasprimeras.com.do\/wp-content\/uploads\/2025\/03\/Marco-Rubio.png?resize=525%2C300&ssl=1 1.5x, https:\/\/i0.wp.com\/lasprimeras.com.do\/wp-content\/uploads\/2025\/03\/Marco-Rubio.png?resize=700%2C400&ssl=1 2x"},"classes":[]}],"jetpack_sharing_enabled":true,"_links":{"self":[{"href":"https:\/\/lasprimeras.com.do\/index.php\/wp-json\/wp\/v2\/posts\/124609","targetHints":{"allow":["GET"]}}],"collection":[{"href":"https:\/\/lasprimeras.com.do\/index.php\/wp-json\/wp\/v2\/posts"}],"about":[{"href":"https:\/\/lasprimeras.com.do\/index.php\/wp-json\/wp\/v2\/types\/post"}],"author":[{"embeddable":true,"href":"https:\/\/lasprimeras.com.do\/index.php\/wp-json\/wp\/v2\/users\/10"}],"replies":[{"embeddable":true,"href":"https:\/\/lasprimeras.com.do\/index.php\/wp-json\/wp\/v2\/comments?post=124609"}],"version-history":[{"count":1,"href":"https:\/\/lasprimeras.com.do\/index.php\/wp-json\/wp\/v2\/posts\/124609\/revisions"}],"predecessor-version":[{"id":124611,"href":"https:\/\/lasprimeras.com.do\/index.php\/wp-json\/wp\/v2\/posts\/124609\/revisions\/124611"}],"wp:featuredmedia":[{"embeddable":true,"href":"https:\/\/lasprimeras.com.do\/index.php\/wp-json\/wp\/v2\/media\/124610"}],"wp:attachment":[{"href":"https:\/\/lasprimeras.com.do\/index.php\/wp-json\/wp\/v2\/media?parent=124609"}],"wp:term":[{"taxonomy":"category","embeddable":true,"href":"https:\/\/lasprimeras.com.do\/index.php\/wp-json\/wp\/v2\/categories?post=124609"},{"taxonomy":"post_tag","embeddable":true,"href":"https:\/\/lasprimeras.com.do\/index.php\/wp-json\/wp\/v2\/tags?post=124609"}],"curies":[{"name":"wp","href":"https:\/\/api.w.org\/{rel}","templated":true}]}}