{"id":124612,"date":"2026-03-15T10:24:59","date_gmt":"2026-03-15T14:24:59","guid":{"rendered":"https:\/\/lasprimeras.com.do\/?p=124612"},"modified":"2026-03-15T10:25:02","modified_gmt":"2026-03-15T14:25:02","slug":"estados-del-golfo-interceptan-nuevos-misiles-y-drones-mientras-iran-amenaza-con-ampliar-la-guerra","status":"publish","type":"post","link":"https:\/\/lasprimeras.com.do\/index.php\/2026\/03\/15\/estados-del-golfo-interceptan-nuevos-misiles-y-drones-mientras-iran-amenaza-con-ampliar-la-guerra\/","title":{"rendered":"Estados del Golfo interceptan nuevos misiles y drones mientras Ir\u00e1n amenaza con ampliar la guerra"},"content":{"rendered":"\n<p>POR SAMY MAGDY and SAM MEDNICK<\/p>\n\n\n\n<p>EL CAIRO, Egipto (AP) \u2014 Los estados del Golfo reportaron nuevos ataques con misiles y drones el domingo despu\u00e9s de que Ir\u00e1n amenaz\u00f3 con ampliar su campa\u00f1a e inst\u00f3 a evacuar tres puertos importantes en Emiratos \u00c1rabes Unidos, mientras la guerra en Oriente Medio, ahora en su tercera semana, se expande a\u00fan m\u00e1s.<\/p>\n\n\n\n<p>Israel y Estados Unidos atacaron a Ir\u00e1n el 28 de febrero y dijeron que estaban atacando sitios nucleares y militares y alentando al pueblo iran\u00ed a levantarse contra sus l\u00edderes.<\/p>\n\n\n\n<p>Ir\u00e1n ha respondido con ataques contra Israel y pa\u00edses vecinos en el Golfo P\u00e9rsico.<\/p>\n\n\n\n<p>La guerra, que no muestra se\u00f1ales de terminar pronto, ha trastocado los viajes a\u00e9reos globales, interrumpido las exportaciones de petr\u00f3leo de la regi\u00f3n y subido los precios del combustible en todo el mundo.<\/p>\n\n\n\n<p>El presidente de Estados Unido, Donald Trump afirm\u00f3 que esperaba que sus aliados enviaran buques de guerra para asegurar el vital estrecho de Ormuz.<\/p>\n\n\n\n<p>Ninguno de los pa\u00edses, que dependen m\u00e1s que Estados Unidos del petr\u00f3leo y el gas que pasan por el estrecho, respondi\u00f3 con compromisos firmes hasta el domingo, aunque algunos dijeron que estaban considerando actuar.<\/p>\n","protected":false},"excerpt":{"rendered":"<p>POR SAMY MAGDY and SAM MEDNICK EL CAIRO, Egipto (AP) \u2014 Los estados del Golfo reportaron nuevos ataques con misiles y drones el domingo despu\u00e9s de que Ir\u00e1n amenaz\u00f3 con&hellip;<\/p>\n","protected":false},"author":10,"featured_media":124613,"comment_status":"open","ping_status":"open","sticky":false,"template":"","format":"standard","meta":{"content-type":"","jetpack_post_was_ever_published":false,"_jetpack_newsletter_access":"","_jetpack_dont_email_post_to_subs":false,"_jetpack_newsletter_tier_id":0,"_jetpack_memberships_contains_paywalled_content":false,"_jetpack_memberships_contains_paid_content":false,"footnotes":""},"categories":[16289],"tags":[3279,31175,9772,31177,31176],"class_list":["post-124612","post","type-post","status-publish","format-standard","has-post-thumbnail","hentry","category-internacionales","tag-drones","tag-estados-del-golfo","tag-interceptan","tag-iran-amenaza-con-ampliar-la-guerra","tag-nuevos-misiles"],"jetpack_featured_media_url":"https:\/\/lasprimeras.com.do\/wp-content\/uploads\/2026\/03\/guerra-2.jpg","jetpack-related-posts":[{"id":123818,"url":"https:\/\/lasprimeras.com.do\/index.php\/2026\/03\/05\/la-andanada-de-ataques-de-iran-en-el-golfo-persico-muestra-que-el-caos-es-clave-en-su-estrategia\/","url_meta":{"origin":124612,"position":0},"title":"La andanada de ataques de Ir\u00e1n en el golfo P\u00e9rsico muestra que el caos es clave en su estrategia","author":"Nelson Feliz","date":"5 de marzo de 2026","format":false,"excerpt":"POR JON GAMBRELL and JAMEY KEATEN DUB\u00c1I, Emiratos \u00c1rabes Unidos (AP) \u2014 Durante a\u00f1os, el gobierno teocr\u00e1tico de Ir\u00e1n advirti\u00f3 que inundar\u00eda Oriente Medio con fuego de misiles y drones si sent\u00eda que su existencia estaba amenazada. Eso es precisamente lo que est\u00e1 haciendo ahora la Rep\u00fablica Isl\u00e1mica. Ir\u00e1n ha\u2026","rel":"","context":"En \u00abINTERNACIONALES\u00bb","block_context":{"text":"INTERNACIONALES","link":"https:\/\/lasprimeras.com.do\/index.php\/category\/sin-categoria\/internacionales\/"},"img":{"alt_text":"","src":"https:\/\/i0.wp.com\/lasprimeras.com.do\/wp-content\/uploads\/2026\/03\/cueva.jpg?resize=350%2C200&ssl=1","width":350,"height":200,"srcset":"https:\/\/i0.wp.com\/lasprimeras.com.do\/wp-content\/uploads\/2026\/03\/cueva.jpg?resize=350%2C200&ssl=1 1x, https:\/\/i0.wp.com\/lasprimeras.com.do\/wp-content\/uploads\/2026\/03\/cueva.jpg?resize=525%2C300&ssl=1 1.5x, https:\/\/i0.wp.com\/lasprimeras.com.do\/wp-content\/uploads\/2026\/03\/cueva.jpg?resize=700%2C400&ssl=1 2x"},"classes":[]},{"id":73995,"url":"https:\/\/lasprimeras.com.do\/index.php\/2024\/01\/18\/el-ejercito-estadounidense-lanza-misiles-contra-sitios-huties-en-yemen\/","url_meta":{"origin":124612,"position":1},"title":"El ej\u00e9rcito estadounidense lanza misiles contra sitios hut\u00edes en Yemen","author":"Nelson Feliz","date":"18 de enero de 2024","format":false,"excerpt":"POR TARA COPP Y LOLITA C. BALDOR WASHINGTON (AP) \u2014 El ej\u00e9rcito estadounidense lanz\u00f3 otra ola de ataques con misiles desde barcos y submarinos contra sitios controlados por los hut\u00edes el mi\u00e9rcoles, dijo el Comando Central de Estados Unidos, marcando la cuarta vez en d\u00edas que ataca directamente al grupo\u2026","rel":"","context":"En \u00abSin categor\u00eda\u00bb","block_context":{"text":"Sin categor\u00eda","link":"https:\/\/lasprimeras.com.do\/index.php\/category\/sin-categoria\/"},"img":{"alt_text":"Combatientes","src":"https:\/\/i0.wp.com\/lasprimeras.com.do\/wp-content\/uploads\/2024\/01\/Combatientes.jpg?resize=350%2C200&ssl=1","width":350,"height":200,"srcset":"https:\/\/i0.wp.com\/lasprimeras.com.do\/wp-content\/uploads\/2024\/01\/Combatientes.jpg?resize=350%2C200&ssl=1 1x, https:\/\/i0.wp.com\/lasprimeras.com.do\/wp-content\/uploads\/2024\/01\/Combatientes.jpg?resize=525%2C300&ssl=1 1.5x, https:\/\/i0.wp.com\/lasprimeras.com.do\/wp-content\/uploads\/2024\/01\/Combatientes.jpg?resize=700%2C400&ssl=1 2x"},"classes":[]},{"id":124185,"url":"https:\/\/lasprimeras.com.do\/index.php\/2026\/03\/09\/iran-elige-como-sucesor-al-hijo-de-jamenei-lo-que-apunta-a-mas-guerra-mientras-se-encarece-el-crudo\/","url_meta":{"origin":124612,"position":2},"title":"Ir\u00e1n elige como sucesor al hijo de Jamenei, lo que apunta a m\u00e1s guerra mientras se encarece el crudo","author":"Nelson Feliz","date":"9 de marzo de 2026","format":false,"excerpt":"POR\u00a0JON GAMBRELL,DAVID RISINGandSAMY MAGDY DUB\u00c1I, Emiratos \u00c1rabes Unidos (AP) \u2014 Ir\u00e1n nombr\u00f3 el lunes al ayatol\u00e1 de l\u00ednea dura Mojtaba Jamenei para suceder a su difunto padre como l\u00edder supremo, lo que apunta que no habr\u00e1 tregua en la guerra lanzada por Estados Unidos e Israel. Los precios del petr\u00f3leo\u2026","rel":"","context":"En \u00abINTERNACIONALES\u00bb","block_context":{"text":"INTERNACIONALES","link":"https:\/\/lasprimeras.com.do\/index.php\/category\/sin-categoria\/internacionales\/"},"img":{"alt_text":"","src":"","width":0,"height":0},"classes":[]},{"id":80900,"url":"https:\/\/lasprimeras.com.do\/index.php\/2024\/04\/14\/la-guerra-en-la-sombra-entre-iran-e-israel-ha-quedado-al-descubierto-que-pasa-despues\/","url_meta":{"origin":124612,"position":3},"title":"La guerra en la sombra entre Ir\u00e1n e Israel ha quedado al descubierto. \u00bfQu\u00e9 pasa despu\u00e9s?","author":"Nelson Feliz","date":"14 de abril de 2024","format":false,"excerpt":"POR KAREEM CHEHAYEB BEIRUT (AP) \u2014 El ataque sin precedentes de Ir\u00e1n contra Israel la madrugada del domingo marc\u00f3 un cambio de enfoque para Teher\u00e1n, que hab\u00eda dependido de representantes en todo el Medio Oriente desde el inicio de la guerra entre Israel y Hamas en octubre. Todos los ojos\u2026","rel":"","context":"En \u00abSin categor\u00eda\u00bb","block_context":{"text":"Sin categor\u00eda","link":"https:\/\/lasprimeras.com.do\/index.php\/category\/sin-categoria\/"},"img":{"alt_text":"Ataque","src":"https:\/\/i0.wp.com\/lasprimeras.com.do\/wp-content\/uploads\/2024\/04\/Ataque-4.jpg?resize=350%2C200&ssl=1","width":350,"height":200,"srcset":"https:\/\/i0.wp.com\/lasprimeras.com.do\/wp-content\/uploads\/2024\/04\/Ataque-4.jpg?resize=350%2C200&ssl=1 1x, https:\/\/i0.wp.com\/lasprimeras.com.do\/wp-content\/uploads\/2024\/04\/Ataque-4.jpg?resize=525%2C300&ssl=1 1.5x, https:\/\/i0.wp.com\/lasprimeras.com.do\/wp-content\/uploads\/2024\/04\/Ataque-4.jpg?resize=700%2C400&ssl=1 2x"},"classes":[]},{"id":124259,"url":"https:\/\/lasprimeras.com.do\/index.php\/2026\/03\/10\/eeuu-e-iran-intercambian-amenazas-mientras-guerra-continua-sin-un-final-a-la-vista\/","url_meta":{"origin":124612,"position":4},"title":"EEUU e Ir\u00e1n intercambian amenazas mientras guerra contin\u00faa sin un final a la vista","author":"Nelson Feliz","date":"10 de marzo de 2026","format":false,"excerpt":"POR JON GAMBRELL, JAMEY KEATEN and SAMY MAGDY DUB\u00c1I, Emiratos \u00c1rabes Unidos (AP) \u2014 Los ataques de Ir\u00e1n contra infraestructura petrolera regional y las promesas de estrangular el tr\u00e1fico mar\u00edtimo mantuvieron a los mercados en vilo el martes, mientras que Estados Unidos promet\u00eda nuevos ataques. La guerra que comenz\u00f3 hace\u2026","rel":"","context":"En \u00abINTERNACIONALES\u00bb","block_context":{"text":"INTERNACIONALES","link":"https:\/\/lasprimeras.com.do\/index.php\/category\/sin-categoria\/internacionales\/"},"img":{"alt_text":"","src":"https:\/\/i0.wp.com\/lasprimeras.com.do\/wp-content\/uploads\/2026\/03\/guerra-1.jpg?resize=350%2C200&ssl=1","width":350,"height":200,"srcset":"https:\/\/i0.wp.com\/lasprimeras.com.do\/wp-content\/uploads\/2026\/03\/guerra-1.jpg?resize=350%2C200&ssl=1 1x, https:\/\/i0.wp.com\/lasprimeras.com.do\/wp-content\/uploads\/2026\/03\/guerra-1.jpg?resize=525%2C300&ssl=1 1.5x, https:\/\/i0.wp.com\/lasprimeras.com.do\/wp-content\/uploads\/2026\/03\/guerra-1.jpg?resize=700%2C400&ssl=1 2x"},"classes":[]},{"id":80897,"url":"https:\/\/lasprimeras.com.do\/index.php\/2024\/04\/14\/los-israelies-se-inquietan-por-el-ataque-irani-y-temen-una-escalada\/","url_meta":{"origin":124612,"position":5},"title":"Los israel\u00edes se inquietan por el ataque iran\u00ed y temen una escalada","author":"Nelson Feliz","date":"14 de abril de 2024","format":false,"excerpt":"JERUSAL\u00c9N, (Reuters) - El primer ataque directo contra Israel de Ir\u00e1n ha conmocionado a los israel\u00edes y les ha hecho temer que se avecine una guerra mayor. Si bien la poblaci\u00f3n est\u00e1 acostumbrada desde hace tiempo a las sirenas, que advierten de los ataques de Ham\u00e1s, apoyado por Ir\u00e1n, los\u2026","rel":"","context":"En \u00abSin categor\u00eda\u00bb","block_context":{"text":"Sin categor\u00eda","link":"https:\/\/lasprimeras.com.do\/index.php\/category\/sin-categoria\/"},"img":{"alt_text":"ataque","src":"https:\/\/i0.wp.com\/lasprimeras.com.do\/wp-content\/uploads\/2024\/04\/ataque-3.jpg?resize=350%2C200&ssl=1","width":350,"height":200,"srcset":"https:\/\/i0.wp.com\/lasprimeras.com.do\/wp-content\/uploads\/2024\/04\/ataque-3.jpg?resize=350%2C200&ssl=1 1x, https:\/\/i0.wp.com\/lasprimeras.com.do\/wp-content\/uploads\/2024\/04\/ataque-3.jpg?resize=525%2C300&ssl=1 1.5x, https:\/\/i0.wp.com\/lasprimeras.com.do\/wp-content\/uploads\/2024\/04\/ataque-3.jpg?resize=700%2C400&ssl=1 2x"},"classes":[]}],"jetpack_sharing_enabled":true,"_links":{"self":[{"href":"https:\/\/lasprimeras.com.do\/index.php\/wp-json\/wp\/v2\/posts\/124612","targetHints":{"allow":["GET"]}}],"collection":[{"href":"https:\/\/lasprimeras.com.do\/index.php\/wp-json\/wp\/v2\/posts"}],"about":[{"href":"https:\/\/lasprimeras.com.do\/index.php\/wp-json\/wp\/v2\/types\/post"}],"author":[{"embeddable":true,"href":"https:\/\/lasprimeras.com.do\/index.php\/wp-json\/wp\/v2\/users\/10"}],"replies":[{"embeddable":true,"href":"https:\/\/lasprimeras.com.do\/index.php\/wp-json\/wp\/v2\/comments?post=124612"}],"version-history":[{"count":1,"href":"https:\/\/lasprimeras.com.do\/index.php\/wp-json\/wp\/v2\/posts\/124612\/revisions"}],"predecessor-version":[{"id":124614,"href":"https:\/\/lasprimeras.com.do\/index.php\/wp-json\/wp\/v2\/posts\/124612\/revisions\/124614"}],"wp:featuredmedia":[{"embeddable":true,"href":"https:\/\/lasprimeras.com.do\/index.php\/wp-json\/wp\/v2\/media\/124613"}],"wp:attachment":[{"href":"https:\/\/lasprimeras.com.do\/index.php\/wp-json\/wp\/v2\/media?parent=124612"}],"wp:term":[{"taxonomy":"category","embeddable":true,"href":"https:\/\/lasprimeras.com.do\/index.php\/wp-json\/wp\/v2\/categories?post=124612"},{"taxonomy":"post_tag","embeddable":true,"href":"https:\/\/lasprimeras.com.do\/index.php\/wp-json\/wp\/v2\/tags?post=124612"}],"curies":[{"name":"wp","href":"https:\/\/api.w.org\/{rel}","templated":true}]}}