{"id":124615,"date":"2026-03-15T10:31:16","date_gmt":"2026-03-15T14:31:16","guid":{"rendered":"https:\/\/lasprimeras.com.do\/?p=124615"},"modified":"2026-03-15T10:31:18","modified_gmt":"2026-03-15T14:31:18","slug":"banco-agricola-anuncia-fondos-en-feria-agropecuaria","status":"publish","type":"post","link":"https:\/\/lasprimeras.com.do\/index.php\/2026\/03\/15\/banco-agricola-anuncia-fondos-en-feria-agropecuaria\/","title":{"rendered":"Banco Agr\u00edcola anuncia fondos en Feria Agropecuaria"},"content":{"rendered":"\n<p>En el marco de la Feria Nacional Agropecuaria 2026, el Banco Agr\u00edcola anunci\u00f3 la disponibilidad de recursos para apoyar la tecnificaci\u00f3n y modernizaci\u00f3n de la producci\u00f3n agropecuaria, con financiamientos de a una tasa de feria del 6 % anual.<\/p>\n\n\n\n<p>Dicha iniciativa est\u00e1 dirigida a medianos y peque\u00f1os productores, tanto individuales como organizados en cooperativas, como parte de la apuesta del Gobierno a la tecnificaci\u00f3n y modernizaci\u00f3n de la producci\u00f3n y comercializaci\u00f3n de alimentos.<\/p>\n\n\n\n<p>Durante la feria, el Banco Agr\u00edcola exhibe en su estand modernas herramientas y sistemas de labranza de la tierra, que van desde un cuarto fr\u00edo autosuficiente hasta una finca de arroz con riego sin inundaci\u00f3n.<\/p>\n\n\n\n<p>\u201cEn esta oportunidad, a trav\u00e9s de los pr\u00e9stamos del Bagr\u00edcola, estamos apostando a la innovaci\u00f3n tecnol\u00f3gica en el campo\u201d, expres\u00f3 Fernando Dur\u00e1n, administrador de la instituci\u00f3n crediticia.<\/p>\n\n\n\n<p>\u201cEstamos trabajando para motivar a los productores a adoptar nuevas formas de producci\u00f3n y diversificar los cultivos\u201d, insisti\u00f3 el funcionario estatal.<\/p>\n\n\n\n<p>Igualmente, un biolaboratorio donde se muestran variedades de arroz que consumen menos agua.<\/p>\n\n\n\n<p>En el centro del estand de la entidad bancaria se encuentra la demostraci\u00f3n de un sistema de producci\u00f3n acu\u00edcola interconectado, en el que se observa como la producci\u00f3n de lechuga y peces forman un sistema rotativo donde los peces consumen los desechos de la lechuga y el agua con los desechos de los peces se utiliza nuevamente como abono para las plantas.<\/p>\n\n\n\n<p>Cerca de ah\u00ed, el Bagr\u00edcola exhibe un moderno cuarto fr\u00edo autosuficiente que funciona de manera h\u00edbrida con paneles solares, que puede ser fabricado con el tama\u00f1o que el cliente elija.<\/p>\n\n\n\n<p>La funci\u00f3n principal de esta tecnolog\u00eda es el almacenamiento de vegetales, carne o leche.<\/p>\n\n\n\n<p>Entre las tecnolog\u00edas presentadas se encuentran sistemas de producci\u00f3n hidrop\u00f3nica con cultivos, bajo ambientes controlados, de ar\u00e1ndanos, frambuesas y tres variedades de tomates.<\/p>\n\n\n\n<p>El stand exhibe, tambi\u00e9n, un sistema de riego por goteo, donde los productores reciben todas las instrucciones sobre su manejo.<\/p>\n\n\n\n<p>El estand dispone adem\u00e1s de un sal\u00f3n de capacitaciones donde se ofrecen conferencias sobre relativos a la siembra, cultivo y comercializaci\u00f3n de comestibles, con expertos de la m\u00e1s alta calificaci\u00f3n.<\/p>\n\n\n\n<p>Tambi\u00e9n, se destaca el programa Campo Joven, que ofrece financiamientos a tasa cero para j\u00f3venes cuyas edades oscilan entre 18 y 35 a\u00f1os que deseen emprender en el sector agropecuario.<\/p>\n\n\n\n<p>En el mismo stand del Bagr\u00edcola, los productores pueden enterarse de todas las oportunidades que les ofrece el programa gubernamental \u201cBarri-Riego, que implementa esa instituci\u00f3n crediticia junto a la Direcci\u00f3n de Tecnificaci\u00f3n de Riego, cuyo objetivo es fomentar la modernizaci\u00f3n y tecnificaci\u00f3n de los sistemas de riego en el sector agropecuario, para optimizar el uso del agua y aumentar la productividad.<\/p>\n\n\n\n<p>La feria fue inaugurada el 12 de este mes y se extender\u00e1 hasta el 22, en la Ciudad Ganadera.<\/p>\n\n\n\n<p>Ofrece exhibiciones de ganado y agricultura, subastas de animales, demostraciones de maquinaria y tecnolog\u00eda agr\u00edcola, as\u00ed como espacios de comercializaci\u00f3n de productos del campo.<\/p>\n","protected":false},"excerpt":{"rendered":"<p>En el marco de la Feria Nacional Agropecuaria 2026, el Banco Agr\u00edcola anunci\u00f3 la disponibilidad de recursos para apoyar la tecnificaci\u00f3n y modernizaci\u00f3n de la producci\u00f3n agropecuaria, con financiamientos de&hellip;<\/p>\n","protected":false},"author":10,"featured_media":124616,"comment_status":"open","ping_status":"open","sticky":false,"template":"","format":"standard","meta":{"content-type":"","jetpack_post_was_ever_published":false,"_jetpack_newsletter_access":"","_jetpack_dont_email_post_to_subs":false,"_jetpack_newsletter_tier_id":0,"_jetpack_memberships_contains_paywalled_content":false,"_jetpack_memberships_contains_paid_content":false,"footnotes":""},"categories":[39],"tags":[4942,31178,31180,896,31179],"class_list":["post-124615","post","type-post","status-publish","format-standard","has-post-thumbnail","hentry","category-economia","tag-banco-agricola","tag-disponibilidad","tag-feria-agropecuaria","tag-recursos","tag-tecnificacion-del-campo"],"jetpack_featured_media_url":"https:\/\/lasprimeras.com.do\/wp-content\/uploads\/2026\/03\/CON-EL-MINISTRO-DE-AGRICULTURA.jpg","jetpack-related-posts":[{"id":127943,"url":"https:\/\/lasprimeras.com.do\/index.php\/2026\/04\/17\/abinader-llama-consensuar-acciones-para-continuar-fortalecimiento-y-modernizacion-de-la-agropecuaria\/","url_meta":{"origin":124615,"position":0},"title":"Abinader llama consensuar acciones para continuar fortalecimiento y modernizaci\u00f3n de la agropecuaria","author":"Nelson Feliz","date":"17 de abril de 2026","format":false,"excerpt":"Ministro de Agricultura, Francisco Oliverio Espaillat, dice que una de sus principales prioridades ser\u00e1 la mecanizaci\u00f3n agr\u00edcola, como v\u00eda para reducir costos, mejorar la eficiencia y elevar la producci\u00f3n El presidente Luis Abinader hizo un llamado a todos los actores del sector agropecuario a trabajar de manera coordinada y articulada,\u2026","rel":"","context":"En \u00abECONOM\u00cdA\u00bb","block_context":{"text":"ECONOM\u00cdA","link":"https:\/\/lasprimeras.com.do\/index.php\/category\/economia\/"},"img":{"alt_text":"","src":"https:\/\/i0.wp.com\/lasprimeras.com.do\/wp-content\/uploads\/2026\/04\/luis-1-1.jpg?resize=350%2C200&ssl=1","width":350,"height":200,"srcset":"https:\/\/i0.wp.com\/lasprimeras.com.do\/wp-content\/uploads\/2026\/04\/luis-1-1.jpg?resize=350%2C200&ssl=1 1x, https:\/\/i0.wp.com\/lasprimeras.com.do\/wp-content\/uploads\/2026\/04\/luis-1-1.jpg?resize=525%2C300&ssl=1 1.5x, https:\/\/i0.wp.com\/lasprimeras.com.do\/wp-content\/uploads\/2026\/04\/luis-1-1.jpg?resize=700%2C400&ssl=1 2x"},"classes":[]},{"id":114681,"url":"https:\/\/lasprimeras.com.do\/index.php\/2025\/11\/16\/fernando-duran-asegura-bagricola-dispone-de-recursos-suficientes-para-apoyar-a-los-campesinos\/","url_meta":{"origin":124615,"position":1},"title":"Fernando Dur\u00e1n asegura Bagr\u00edcola dispone de recursos suficientes para apoyar a los campesinos","author":"Nelson Feliz","date":"16 de noviembre de 2025","format":false,"excerpt":"El administrador del Banco Agr\u00edcola de la Rep\u00fablica Dominicana (Bagr\u00edcola), Fernando Dur\u00e1n y el rector de la Universidad Isa, Edwin Reyes, encabezaron aqu\u00ed el acto de graduaci\u00f3n de 210 empleados de la entidad bancaria que cursaron el diplomado \u201cActualizaci\u00f3n de Procedimientos del Cr\u00e9dito Agropecuario para Agentes de Desarrollo\u201d. Durante su\u2026","rel":"","context":"En \u00abECONOM\u00cdA\u00bb","block_context":{"text":"ECONOM\u00cdA","link":"https:\/\/lasprimeras.com.do\/index.php\/category\/economia\/"},"img":{"alt_text":"","src":"https:\/\/i0.wp.com\/lasprimeras.com.do\/wp-content\/uploads\/2025\/11\/FOTO-SANTIAGO.jpg?resize=350%2C200&ssl=1","width":350,"height":200,"srcset":"https:\/\/i0.wp.com\/lasprimeras.com.do\/wp-content\/uploads\/2025\/11\/FOTO-SANTIAGO.jpg?resize=350%2C200&ssl=1 1x, https:\/\/i0.wp.com\/lasprimeras.com.do\/wp-content\/uploads\/2025\/11\/FOTO-SANTIAGO.jpg?resize=525%2C300&ssl=1 1.5x, https:\/\/i0.wp.com\/lasprimeras.com.do\/wp-content\/uploads\/2025\/11\/FOTO-SANTIAGO.jpg?resize=700%2C400&ssl=1 2x"},"classes":[]},{"id":121501,"url":"https:\/\/lasprimeras.com.do\/index.php\/2026\/02\/04\/bagricola-anuncia-prestamos-con-tasa-del-6-en-la-feria-agropecuaria-2026\/","url_meta":{"origin":124615,"position":2},"title":"Bagr\u00edcola anuncia pr\u00e9stamos con tasa del 6% en la Feria Agropecuaria 2026","author":"Nelson Feliz","date":"4 de febrero de 2026","format":false,"excerpt":"Los pr\u00e9stamos del Banco Agr\u00edcola de la Rep\u00fablica Dominicana, a una tasa preferencial del 6% anual, figuran entre los principales atractivos de la Feria Agropecuaria Nacional 2026, que celebrar\u00e1 el Patronato Nacional de Ganaderos, del 12 al 22 de marzo, en la capital. El administrador del Bagr\u00edcola, Fernando Dur\u00e1n, expres\u00f3\u2026","rel":"","context":"En \u00abECONOM\u00cdA\u00bb","block_context":{"text":"ECONOM\u00cdA","link":"https:\/\/lasprimeras.com.do\/index.php\/category\/economia\/"},"img":{"alt_text":"","src":"https:\/\/i0.wp.com\/lasprimeras.com.do\/wp-content\/uploads\/2026\/02\/FERIA-AGROPECUARIA-2.jpg?resize=350%2C200&ssl=1","width":350,"height":200,"srcset":"https:\/\/i0.wp.com\/lasprimeras.com.do\/wp-content\/uploads\/2026\/02\/FERIA-AGROPECUARIA-2.jpg?resize=350%2C200&ssl=1 1x, https:\/\/i0.wp.com\/lasprimeras.com.do\/wp-content\/uploads\/2026\/02\/FERIA-AGROPECUARIA-2.jpg?resize=525%2C300&ssl=1 1.5x, https:\/\/i0.wp.com\/lasprimeras.com.do\/wp-content\/uploads\/2026\/02\/FERIA-AGROPECUARIA-2.jpg?resize=700%2C400&ssl=1 2x"},"classes":[]},{"id":123266,"url":"https:\/\/lasprimeras.com.do\/index.php\/2026\/02\/27\/presidente-abinader-resalta-crecimiento-del-3-9-del-sector-agropecuario-y-proyecta-alcanzar-%c2%a8hambre-cero%c2%a8-antes-de-2028\/","url_meta":{"origin":124615,"position":3},"title":"Presidente Abinader resalta crecimiento del 3.9 % del sector agropecuario y proyecta alcanzar \u00a8Hambre Cero\u00a8 antes de 2028","author":"Nelson Feliz","date":"27 de febrero de 2026","format":false,"excerpt":"Organismos internacionales destacan la reducci\u00f3n de la subalimentaci\u00f3n en Rep\u00fablica Dominicana y respaldan los avances hacia la meta de Hambre Cero antes de 2028. El presidente Luis Abinader destac\u00f3 el s\u00f3lido desempe\u00f1o del sector agropecuario, que registr\u00f3 un crecimiento de 3.9 % el pasado a\u00f1o, con cifras hist\u00f3ricas en producci\u00f3n\u2026","rel":"","context":"En \u00abECONOM\u00cdA\u00bb","block_context":{"text":"ECONOM\u00cdA","link":"https:\/\/lasprimeras.com.do\/index.php\/category\/economia\/"},"img":{"alt_text":"","src":"https:\/\/i0.wp.com\/lasprimeras.com.do\/wp-content\/uploads\/2025\/10\/COMEDORES.jpg?resize=350%2C200&ssl=1","width":350,"height":200,"srcset":"https:\/\/i0.wp.com\/lasprimeras.com.do\/wp-content\/uploads\/2025\/10\/COMEDORES.jpg?resize=350%2C200&ssl=1 1x, https:\/\/i0.wp.com\/lasprimeras.com.do\/wp-content\/uploads\/2025\/10\/COMEDORES.jpg?resize=525%2C300&ssl=1 1.5x, https:\/\/i0.wp.com\/lasprimeras.com.do\/wp-content\/uploads\/2025\/10\/COMEDORES.jpg?resize=700%2C400&ssl=1 2x"},"classes":[]},{"id":124494,"url":"https:\/\/lasprimeras.com.do\/index.php\/2026\/03\/13\/abinader-proyecta-al-campo-dominicano-hacia-el-futuro-con-la-apertura-de-la-38-feria-agropecuaria-nacional-2026\/","url_meta":{"origin":124615,"position":4},"title":"Abinader proyecta al campo dominicano hacia el futuro con la apertura de la 38 Feria Agropecuaria Nacional 2026","author":"Nelson Feliz","date":"13 de marzo de 2026","format":false,"excerpt":"Con la presencia del presidente Luis Abinader, el Patronato Nacional de Ganaderos inaugur\u00f3 la 38.\u00aa Feria Agropecuaria Nacional, un evento que este a\u00f1o pone especial \u00e9nfasis en la mecanizaci\u00f3n del campo dominicano y en el uso de tecnolog\u00edas para impulsar la productividad del sector agropecuario. La ceremonia se celebr\u00f3 en\u2026","rel":"","context":"En \u00abECONOM\u00cdA\u00bb","block_context":{"text":"ECONOM\u00cdA","link":"https:\/\/lasprimeras.com.do\/index.php\/category\/economia\/"},"img":{"alt_text":"","src":"https:\/\/i0.wp.com\/lasprimeras.com.do\/wp-content\/uploads\/2026\/03\/feria.jpg?resize=350%2C200&ssl=1","width":350,"height":200,"srcset":"https:\/\/i0.wp.com\/lasprimeras.com.do\/wp-content\/uploads\/2026\/03\/feria.jpg?resize=350%2C200&ssl=1 1x, https:\/\/i0.wp.com\/lasprimeras.com.do\/wp-content\/uploads\/2026\/03\/feria.jpg?resize=525%2C300&ssl=1 1.5x, https:\/\/i0.wp.com\/lasprimeras.com.do\/wp-content\/uploads\/2026\/03\/feria.jpg?resize=700%2C400&ssl=1 2x"},"classes":[]},{"id":76181,"url":"https:\/\/lasprimeras.com.do\/index.php\/2024\/02\/08\/el-patronato-nacional-de-ganaderos-anuncia-feria-agropecuaria-nacional-2024\/","url_meta":{"origin":124615,"position":5},"title":"El Patronato Nacional de Ganaderos anuncia Feria Agropecuaria Nacional 2024","author":"Nelson Feliz","date":"8 de febrero de 2024","format":false,"excerpt":"Bajo el lema: \u201cUnidos hacia un desarrollo agropecuario sostenible\u201d, este a\u00f1o la feria tendr\u00e1 como pa\u00eds invitado a Francia. La Feria Nacional Agropecuaria 2024 se llevar\u00e1 a cabo del 8 al 17 de marzo en la ciudad ganadera. Este evento anual, consolidado como un referente en el sector, convoca a\u2026","rel":"","context":"En \u00abECONOM\u00cdA\u00bb","block_context":{"text":"ECONOM\u00cdA","link":"https:\/\/lasprimeras.com.do\/index.php\/category\/economia\/"},"img":{"alt_text":"Directiva del Patronato Nacional de Ganaderos.","src":"https:\/\/i0.wp.com\/lasprimeras.com.do\/wp-content\/uploads\/2024\/02\/Directiva-del-Patronato-Nacional-de-Ganaderos.jpg?resize=350%2C200&ssl=1","width":350,"height":200,"srcset":"https:\/\/i0.wp.com\/lasprimeras.com.do\/wp-content\/uploads\/2024\/02\/Directiva-del-Patronato-Nacional-de-Ganaderos.jpg?resize=350%2C200&ssl=1 1x, https:\/\/i0.wp.com\/lasprimeras.com.do\/wp-content\/uploads\/2024\/02\/Directiva-del-Patronato-Nacional-de-Ganaderos.jpg?resize=525%2C300&ssl=1 1.5x, https:\/\/i0.wp.com\/lasprimeras.com.do\/wp-content\/uploads\/2024\/02\/Directiva-del-Patronato-Nacional-de-Ganaderos.jpg?resize=700%2C400&ssl=1 2x"},"classes":[]}],"jetpack_sharing_enabled":true,"_links":{"self":[{"href":"https:\/\/lasprimeras.com.do\/index.php\/wp-json\/wp\/v2\/posts\/124615","targetHints":{"allow":["GET"]}}],"collection":[{"href":"https:\/\/lasprimeras.com.do\/index.php\/wp-json\/wp\/v2\/posts"}],"about":[{"href":"https:\/\/lasprimeras.com.do\/index.php\/wp-json\/wp\/v2\/types\/post"}],"author":[{"embeddable":true,"href":"https:\/\/lasprimeras.com.do\/index.php\/wp-json\/wp\/v2\/users\/10"}],"replies":[{"embeddable":true,"href":"https:\/\/lasprimeras.com.do\/index.php\/wp-json\/wp\/v2\/comments?post=124615"}],"version-history":[{"count":1,"href":"https:\/\/lasprimeras.com.do\/index.php\/wp-json\/wp\/v2\/posts\/124615\/revisions"}],"predecessor-version":[{"id":124617,"href":"https:\/\/lasprimeras.com.do\/index.php\/wp-json\/wp\/v2\/posts\/124615\/revisions\/124617"}],"wp:featuredmedia":[{"embeddable":true,"href":"https:\/\/lasprimeras.com.do\/index.php\/wp-json\/wp\/v2\/media\/124616"}],"wp:attachment":[{"href":"https:\/\/lasprimeras.com.do\/index.php\/wp-json\/wp\/v2\/media?parent=124615"}],"wp:term":[{"taxonomy":"category","embeddable":true,"href":"https:\/\/lasprimeras.com.do\/index.php\/wp-json\/wp\/v2\/categories?post=124615"},{"taxonomy":"post_tag","embeddable":true,"href":"https:\/\/lasprimeras.com.do\/index.php\/wp-json\/wp\/v2\/tags?post=124615"}],"curies":[{"name":"wp","href":"https:\/\/api.w.org\/{rel}","templated":true}]}}