{"id":124618,"date":"2026-03-15T10:39:53","date_gmt":"2026-03-15T14:39:53","guid":{"rendered":"https:\/\/lasprimeras.com.do\/?p=124618"},"modified":"2026-03-15T10:39:55","modified_gmt":"2026-03-15T14:39:55","slug":"pro-consumidor-y-ceccom-vigilaran-bebidas-en-semana-santa","status":"publish","type":"post","link":"https:\/\/lasprimeras.com.do\/index.php\/2026\/03\/15\/pro-consumidor-y-ceccom-vigilaran-bebidas-en-semana-santa\/","title":{"rendered":"Pro Consumidor y CECCOM vigilar\u00e1n bebidas en Semana Santa"},"content":{"rendered":"\n<p>El Instituto Nacional de Protecci\u00f3n de los Derechos del Consumidor (Pro Consumidor) y el Cuerpo Especializado de Control de Combustibles y Comercio de Mercanc\u00edas (CECCOM) anunciaron la ejecuci\u00f3n de un amplio operativo nacional de inspecci\u00f3n y vigilancia en establecimientos comerciales.<\/p>\n\n\n\n<p>El director ejecutivo de Pro Consumidor, Eddy Alc\u00e1ntara, y el director general del CECCOM, general de brigada del Ej\u00e9rcito, Orlando Jerez Espaillat, dijeron que el objetivo del operativo es prevenir la comercializaci\u00f3n de bebidas alcoh\u00f3licas adulteradas y otros productos en condiciones irregulares durante el asueto de la Semana Santa 2026.<\/p>\n\n\n\n<p>Alc\u00e1ntara, y el general Jerez Espaillat, informaron que esta jornada forma parte de un plan conjunto de prevenci\u00f3n y control que busca proteger la salud de los ciudadanos y garantizar el cumplimiento de las normas que regulan el comercio de mercanc\u00edas en el pa\u00eds.<\/p>\n\n\n\n<p>Ambos funcionarios explicaron que el operativo contempla la movilizaci\u00f3n de brigadas mixtas de inspecci\u00f3n que estar\u00e1n realizando recorridos en colmados, supermercados, liquor stores y otros puntos de expendio de bebidas alcoh\u00f3licas, donde se verificar\u00e1 la procedencia de los productos, su correcto etiquetado, registros sanitarios, condiciones de almacenamiento y fechas de vencimiento.<\/p>\n\n\n\n<p>Indicaron que estas acciones se intensifican durante per\u00edodos de alto flujo de consumidores y desplazamiento de personas, como ocurre en Semana Santa, cuando se incrementa significativamente la compra y consumo de bebidas alcoh\u00f3licas en todo el territorio nacional.<\/p>\n\n\n\n<p>De su lado, el general Jerez Espaillat destac\u00f3 la importancia de la coordinaci\u00f3n interinstitucional para reforzar los controles para prevenir bebidas adulteradas durante la Semana Mayor.<\/p>\n\n\n\n<p>\u201cQueremos agradecer y poner nuestro equipo al servicio de la sociedad, hoy m\u00e1s que nunca trabajamos en conjunto para llevar tranquilidad al pueblo dominicano y al Presidente de la Rep\u00fablica. Nuestro compromiso es mantener el r\u00e9cord de cuatro a\u00f1os consecutivos sin muertes por intoxicaciones, y juntos podemos lograrlo\u201d, agreg\u00f3 el alto oficial del Ej\u00e9rcito.<\/p>\n\n\n\n<p>En tanto, Alc\u00e1ntara dijo que, en este plan conjunto de inspecci\u00f3n, Pro Consumidor pondr\u00e1 a disposici\u00f3n su cuerpo de inspectores, buenas pr\u00e1cticas y los analistas de publicidad en precios.<\/p>\n\n\n\n<p>\u201cLa Inspector\u00eda de Pro Consumidor trabaja d\u00eda y noche para retirar de circulaci\u00f3n alimentos vencidos y productos que representan un riesgo. Este equipo de inspectores, con dedicaci\u00f3n y transparencia, est\u00e1 al servicio de la ciudadan\u00eda. No puede haber una sola letalidad en Semana Santa, ese es el compromiso que asumimos junto al CECCOM\u201d, destac\u00f3 el funcionario.<\/p>\n\n\n\n<p>Ambos funcionarios coincidieron en que la uni\u00f3n de esfuerzos multiplica la efectividad de las acciones, y en ese sentido el general Jerez Espaillat enfatiz\u00f3 que \u201cindividualmente somos muy buenos, pero juntos podemos ser m\u00e1s fuertes y lograr una efectividad mucho mayor.\u201d<\/p>\n\n\n\n<p>Adem\u00e1s de las inspecciones, las instituciones desarrollar\u00e1n jornadas de orientaci\u00f3n dirigidas tanto a comerciantes como a consumidores, con el prop\u00f3sito de promover pr\u00e1cticas comerciales responsables y educar a la poblaci\u00f3n sobre c\u00f3mo identificar bebidas adulteradas o de origen dudoso.<\/p>\n\n\n\n<p>En ese sentido, recomendaron a la ciudadan\u00eda adquirir bebidas alcoh\u00f3licas \u00fanicamente en establecimientos formales, verificar que las botellas est\u00e9n debidamente selladas, revisar el etiquetado y evitar consumir productos que presenten alteraciones en su color, olor o sabor.<\/p>\n\n\n\n<p>Pro Consumidor reiter\u00f3 su llamado a la poblaci\u00f3n a denunciar cualquier irregularidad que ponga en riesgo la salud o los derechos de los consumidores, al tiempo que advirti\u00f3 que los negocios que sean sorprendidos comercializando bebidas adulteradas o mercanc\u00edas ilegales se exponen a sanciones administrativas, decomiso de productos y al cierre temporal o definitivo del establecimiento, conforme a lo establecido en la legislaci\u00f3n vigente.<\/p>\n\n\n\n<p>Las autoridades afirmaron que mantendr\u00e1n una vigilancia permanente durante todo el per\u00edodo de Semana Santa con el objetivo de garantizar que los productos que llegan a manos de los consumidores cumplan con los est\u00e1ndares de seguridad y calidad requeridos.<\/p>\n","protected":false},"excerpt":{"rendered":"<p>El Instituto Nacional de Protecci\u00f3n de los Derechos del Consumidor (Pro Consumidor) y el Cuerpo Especializado de Control de Combustibles y Comercio de Mercanc\u00edas (CECCOM) anunciaron la ejecuci\u00f3n de un&hellip;<\/p>\n","protected":false},"author":10,"featured_media":124619,"comment_status":"open","ping_status":"open","sticky":false,"template":"","format":"standard","meta":{"content-type":"","jetpack_post_was_ever_published":false,"_jetpack_newsletter_access":"","_jetpack_dont_email_post_to_subs":false,"_jetpack_newsletter_tier_id":0,"_jetpack_memberships_contains_paywalled_content":false,"_jetpack_memberships_contains_paid_content":false,"footnotes":""},"categories":[35,25],"tags":[31182,29395,1172,245,31181,12198],"class_list":["post-124618","post","type-post","status-publish","format-standard","has-post-thumbnail","hentry","category-nacionales","category-portada","tag-bebidas-adulteradas","tag-ceccom","tag-prevenir","tag-pro-consumidor","tag-refuerzan-controles","tag-semana-santa"],"jetpack_featured_media_url":"https:\/\/lasprimeras.com.do\/wp-content\/uploads\/2026\/03\/El-director-ejecutivo-de-Pro-Consumidor-Eddy-Alcantara-y-el-director-general-del-CECCOM-general-de-brigada-del-Ejercito-Orlando-Jerez-Espaillat-junto-a-personal-de-ambas-instituciones.jpg","jetpack-related-posts":[{"id":126277,"url":"https:\/\/lasprimeras.com.do\/index.php\/2026\/03\/31\/ceccom-intensifica-vigilancia-contra-el-alcohol-adulterado-y-se-une-al-operativo-conciencia-por-la-vida-semana-santa-2026\/","url_meta":{"origin":124618,"position":0},"title":"CECCOM intensifica vigilancia contra el alcohol adulterado y se une al operativo \u201cConciencia por la Vida, Semana Santa 2026&#8243;","author":"Nelson Feliz","date":"31 de marzo de 2026","format":false,"excerpt":"El Cuerpo Especializado de Control de Combustibles (CECCOM) expresa su firme preocupaci\u00f3n por el consumo de alcohol adulterado, pr\u00e1ctica que lamentablemente se incrementa durante el asueto de Semana Santa en todo el territorio nacional, especialmente en \u00e1reas de playa y r\u00edos. Esta inquietud, compartida de manera muy encarecida por el\u2026","rel":"","context":"En \u00abNACIONALES\u00bb","block_context":{"text":"NACIONALES","link":"https:\/\/lasprimeras.com.do\/index.php\/category\/nacionales\/"},"img":{"alt_text":"","src":"https:\/\/i0.wp.com\/lasprimeras.com.do\/wp-content\/uploads\/2026\/03\/IMG-20260331-WA0709.jpg?resize=350%2C200&ssl=1","width":350,"height":200,"srcset":"https:\/\/i0.wp.com\/lasprimeras.com.do\/wp-content\/uploads\/2026\/03\/IMG-20260331-WA0709.jpg?resize=350%2C200&ssl=1 1x, https:\/\/i0.wp.com\/lasprimeras.com.do\/wp-content\/uploads\/2026\/03\/IMG-20260331-WA0709.jpg?resize=525%2C300&ssl=1 1.5x, https:\/\/i0.wp.com\/lasprimeras.com.do\/wp-content\/uploads\/2026\/03\/IMG-20260331-WA0709.jpg?resize=700%2C400&ssl=1 2x, https:\/\/i0.wp.com\/lasprimeras.com.do\/wp-content\/uploads\/2026\/03\/IMG-20260331-WA0709.jpg?resize=1050%2C600&ssl=1 3x"},"classes":[]},{"id":119721,"url":"https:\/\/lasprimeras.com.do\/index.php\/2026\/01\/16\/orlando-jerez-asume-formalmente-como-director-del-ceccom\/","url_meta":{"origin":124618,"position":1},"title":"Orlando Jerez asume formalmente c\u00f3mo director del CECCOM","author":"Nelson Feliz","date":"16 de enero de 2026","format":false,"excerpt":"Orlando Jerez","rel":"","context":"En \u00abMILITARES\u00bb","block_context":{"text":"MILITARES","link":"https:\/\/lasprimeras.com.do\/index.php\/category\/militares\/"},"img":{"alt_text":"","src":"https:\/\/i0.wp.com\/lasprimeras.com.do\/wp-content\/uploads\/2026\/01\/IMG-20260115-WA0857.jpg?resize=350%2C200&ssl=1","width":350,"height":200,"srcset":"https:\/\/i0.wp.com\/lasprimeras.com.do\/wp-content\/uploads\/2026\/01\/IMG-20260115-WA0857.jpg?resize=350%2C200&ssl=1 1x, https:\/\/i0.wp.com\/lasprimeras.com.do\/wp-content\/uploads\/2026\/01\/IMG-20260115-WA0857.jpg?resize=525%2C300&ssl=1 1.5x, https:\/\/i0.wp.com\/lasprimeras.com.do\/wp-content\/uploads\/2026\/01\/IMG-20260115-WA0857.jpg?resize=700%2C400&ssl=1 2x, https:\/\/i0.wp.com\/lasprimeras.com.do\/wp-content\/uploads\/2026\/01\/IMG-20260115-WA0857.jpg?resize=1050%2C600&ssl=1 3x"},"classes":[]},{"id":77279,"url":"https:\/\/lasprimeras.com.do\/index.php\/2024\/02\/19\/embajada-de-ee-uu-felicita-al-micm-por-sus-esfuerzos-para-implementar-y-fortalecer-ley-sobre-comercio-ilicito\/","url_meta":{"origin":124618,"position":2},"title":"Embajada de EE.UU. felicita al MICM por sus esfuerzos para implementar y fortalecer Ley sobre Comercio Il\u00edcito","author":"Nelson Feliz","date":"19 de febrero de 2024","format":false,"excerpt":"La embajada de los Estados Unidos resalt\u00f3 el arduo trabajo que se realiza desde el Ministerio de Industria, Comercio y Mipymes (MICM); a trav\u00e9s del Cuerpo Especializado de Control de Combustibles y Mercanc\u00edas (CECCOM); y la mesa de il\u00edcitos, para combatir el comercio de mercanc\u00edas il\u00edcitas y proteger los derechos\u2026","rel":"","context":"En \u00abNACIONALES\u00bb","block_context":{"text":"NACIONALES","link":"https:\/\/lasprimeras.com.do\/index.php\/category\/nacionales\/"},"img":{"alt_text":"Ted Bryan","src":"https:\/\/i0.wp.com\/lasprimeras.com.do\/wp-content\/uploads\/2024\/02\/Ted-Bryan.jpg?resize=350%2C200&ssl=1","width":350,"height":200,"srcset":"https:\/\/i0.wp.com\/lasprimeras.com.do\/wp-content\/uploads\/2024\/02\/Ted-Bryan.jpg?resize=350%2C200&ssl=1 1x, https:\/\/i0.wp.com\/lasprimeras.com.do\/wp-content\/uploads\/2024\/02\/Ted-Bryan.jpg?resize=525%2C300&ssl=1 1.5x"},"classes":[]},{"id":124390,"url":"https:\/\/lasprimeras.com.do\/index.php\/2026\/03\/11\/anadegas-denuncia-persecucion-provocadora-del-director-del-ceccom-contra-detallistas-de-combustibles\/","url_meta":{"origin":124618,"position":3},"title":"Anadegas denuncia persecuci\u00f3n &#8220;provocadora&#8221; del director del Ceccom contra detallistas de combustibles","author":"Nelson Feliz","date":"11 de marzo de 2026","format":false,"excerpt":"El presidente de la Asociaci\u00f3n Nacional de Detallistas de Gasolina (Anadegas), Juan El\u00edas P\u00e9rez, denunci\u00f3 hoy una campa\u00f1a de persecuci\u00f3n y hostigamiento dirigida por el director del Cuerpo Especializado de Control de Combustibles (Ceccom), el general de brigada Orlando Jerez, la cual tild\u00f3 de \"perturbadora\" para el sector. P\u00e9rez afirm\u00f3\u2026","rel":"","context":"En \u00abECONOM\u00cdA\u00bb","block_context":{"text":"ECONOM\u00cdA","link":"https:\/\/lasprimeras.com.do\/index.php\/category\/economia\/"},"img":{"alt_text":"","src":"https:\/\/i0.wp.com\/lasprimeras.com.do\/wp-content\/uploads\/2026\/03\/Anadegas-en-reunion.jpg?resize=350%2C200&ssl=1","width":350,"height":200,"srcset":"https:\/\/i0.wp.com\/lasprimeras.com.do\/wp-content\/uploads\/2026\/03\/Anadegas-en-reunion.jpg?resize=350%2C200&ssl=1 1x, https:\/\/i0.wp.com\/lasprimeras.com.do\/wp-content\/uploads\/2026\/03\/Anadegas-en-reunion.jpg?resize=525%2C300&ssl=1 1.5x, https:\/\/i0.wp.com\/lasprimeras.com.do\/wp-content\/uploads\/2026\/03\/Anadegas-en-reunion.jpg?resize=700%2C400&ssl=1 2x"},"classes":[]},{"id":83769,"url":"https:\/\/lasprimeras.com.do\/index.php\/2024\/05\/24\/entregan-a-ceccom-mercancias-serian-introducidas-de-manera-irregular-al-pais\/","url_meta":{"origin":124618,"position":4},"title":"Entregan a Ceccom mercanc\u00edas ser\u00edan introducidas de manera irregular al pa\u00eds","author":"Nelson Feliz","date":"24 de mayo de 2024","format":false,"excerpt":"El Cuerpo Especializado de Seguridad Fronteriza Terrestre (Cesfront) inform\u00f3 este viernes sobre la entrega al Cuerpo Especializado de Control de Combustibles y Comercio de Mercanc\u00edas (Ceccom) de mercanc\u00edas decomisadas durante el mes de abril y mayo 2024 en la frontera. A trav\u00e9s de un comunicado, el Cesfront detall\u00f3 que durante\u2026","rel":"","context":"En \u00abNACIONALES\u00bb","block_context":{"text":"NACIONALES","link":"https:\/\/lasprimeras.com.do\/index.php\/category\/nacionales\/"},"img":{"alt_text":"CESFRON","src":"https:\/\/i0.wp.com\/lasprimeras.com.do\/wp-content\/uploads\/2024\/05\/CESFronT-entrega-a-CECCOM-mercancias-serian-introducidas-de-manera-irregular-al-pais-5-qm8cw9luqiekxtk8qnz7e9vgqdtu7rzy0g8jvlkuiw.jpeg?resize=350%2C200&ssl=1","width":350,"height":200,"srcset":"https:\/\/i0.wp.com\/lasprimeras.com.do\/wp-content\/uploads\/2024\/05\/CESFronT-entrega-a-CECCOM-mercancias-serian-introducidas-de-manera-irregular-al-pais-5-qm8cw9luqiekxtk8qnz7e9vgqdtu7rzy0g8jvlkuiw.jpeg?resize=350%2C200&ssl=1 1x, https:\/\/i0.wp.com\/lasprimeras.com.do\/wp-content\/uploads\/2024\/05\/CESFronT-entrega-a-CECCOM-mercancias-serian-introducidas-de-manera-irregular-al-pais-5-qm8cw9luqiekxtk8qnz7e9vgqdtu7rzy0g8jvlkuiw.jpeg?resize=525%2C300&ssl=1 1.5x, https:\/\/i0.wp.com\/lasprimeras.com.do\/wp-content\/uploads\/2024\/05\/CESFronT-entrega-a-CECCOM-mercancias-serian-introducidas-de-manera-irregular-al-pais-5-qm8cw9luqiekxtk8qnz7e9vgqdtu7rzy0g8jvlkuiw.jpeg?resize=700%2C400&ssl=1 2x, https:\/\/i0.wp.com\/lasprimeras.com.do\/wp-content\/uploads\/2024\/05\/CESFronT-entrega-a-CECCOM-mercancias-serian-introducidas-de-manera-irregular-al-pais-5-qm8cw9luqiekxtk8qnz7e9vgqdtu7rzy0g8jvlkuiw.jpeg?resize=1050%2C600&ssl=1 3x"},"classes":[]},{"id":48599,"url":"https:\/\/lasprimeras.com.do\/index.php\/2023\/05\/02\/pro-consumidor-incinera-productos-no-aptos-para-consumo\/","url_meta":{"origin":124618,"position":5},"title":"Pro Consumidor incinera productos no aptos para consumo","author":"prenxa100","date":"2 de mayo de 2023","format":false,"excerpt":"SANTO DOMINGO.- El Instituto Nacional de Protecci\u00f3n de los Derechos del Consumidor (Pro Consumidor) inciner\u00f3 un mill\u00f3n 26 mil 177 unidades de productos no aptos para el consumo humano, que fueron incautados en operativos realizados en comercios de diferentes provincias. El director ejecutivo de la entidad, Eddy Alc\u00e1ntara, inform\u00f3 que\u2026","rel":"","context":"En \u00abNACIONALES\u00bb","block_context":{"text":"NACIONALES","link":"https:\/\/lasprimeras.com.do\/index.php\/category\/nacionales\/"},"img":{"alt_text":"","src":"","width":0,"height":0},"classes":[]}],"jetpack_sharing_enabled":true,"_links":{"self":[{"href":"https:\/\/lasprimeras.com.do\/index.php\/wp-json\/wp\/v2\/posts\/124618","targetHints":{"allow":["GET"]}}],"collection":[{"href":"https:\/\/lasprimeras.com.do\/index.php\/wp-json\/wp\/v2\/posts"}],"about":[{"href":"https:\/\/lasprimeras.com.do\/index.php\/wp-json\/wp\/v2\/types\/post"}],"author":[{"embeddable":true,"href":"https:\/\/lasprimeras.com.do\/index.php\/wp-json\/wp\/v2\/users\/10"}],"replies":[{"embeddable":true,"href":"https:\/\/lasprimeras.com.do\/index.php\/wp-json\/wp\/v2\/comments?post=124618"}],"version-history":[{"count":1,"href":"https:\/\/lasprimeras.com.do\/index.php\/wp-json\/wp\/v2\/posts\/124618\/revisions"}],"predecessor-version":[{"id":124620,"href":"https:\/\/lasprimeras.com.do\/index.php\/wp-json\/wp\/v2\/posts\/124618\/revisions\/124620"}],"wp:featuredmedia":[{"embeddable":true,"href":"https:\/\/lasprimeras.com.do\/index.php\/wp-json\/wp\/v2\/media\/124619"}],"wp:attachment":[{"href":"https:\/\/lasprimeras.com.do\/index.php\/wp-json\/wp\/v2\/media?parent=124618"}],"wp:term":[{"taxonomy":"category","embeddable":true,"href":"https:\/\/lasprimeras.com.do\/index.php\/wp-json\/wp\/v2\/categories?post=124618"},{"taxonomy":"post_tag","embeddable":true,"href":"https:\/\/lasprimeras.com.do\/index.php\/wp-json\/wp\/v2\/tags?post=124618"}],"curies":[{"name":"wp","href":"https:\/\/api.w.org\/{rel}","templated":true}]}}