{"id":124621,"date":"2026-03-15T11:18:58","date_gmt":"2026-03-15T15:18:58","guid":{"rendered":"https:\/\/lasprimeras.com.do\/?p=124621"},"modified":"2026-03-15T11:19:01","modified_gmt":"2026-03-15T15:19:01","slug":"damiana-de-la-rosa-aspira-a-organizacion-prm-region-c","status":"publish","type":"post","link":"https:\/\/lasprimeras.com.do\/index.php\/2026\/03\/15\/damiana-de-la-rosa-aspira-a-organizacion-prm-region-c\/","title":{"rendered":"Damiana de la Rosa aspira a organizaci\u00f3n PRM (Regi\u00f3n C)"},"content":{"rendered":"\n<p>Por Emmanuel Solano<\/p>\n\n\n\n<p>La aspirante a la secretaria del Partido Revolucionario Moderno (PRM) de la Regi\u00f3n C en Villa Altagracia, Damiana de la Rosa Arciniega expres\u00f3 que est\u00e1 en un proceso de consultas con miras a la convenci\u00f3n interna que llevar\u00e1 esa entidad.<\/p>\n\n\n\n<p>De la Rosa Arciniega, manifest\u00f3 que es fundadora del partido de gobierno pero que nunca le habia surgido la idea de aspirar a un puesto dentro del PRM, siempre ha venido apoyando a otros compa\u00f1eros para a ocupar posiciones en esa organizacion, pero que en estos momentos, he decidido involucrarse y asi volver a ganar en las pr\u00f3ximas elecciones del 2028.<\/p>\n\n\n\n<p>La profesional de la enfermer\u00eda y activista social, se\u00f1al\u00f3 que aprendi\u00f3 de su mentora Miriam de la Rosa a trabajar en equipo,a tener una escucha activa, ser tolerante ,ser solidaria,actuar con sentido de cuerpo, y sobre todo, emp\u00e1tica con sus compa\u00f1eros, porque esa es la \u00fanica forma de crecer y avanzar en el accionar pol\u00edtico y social.<\/p>\n\n\n\n<p>Damiana de la Rosa Arciniega, sostuvo que va a aspirar a la secretar\u00eda de organizaci\u00f3n de la Regi\u00f3n C para promover la unidad dentro de la diversidad y seguir profundizando los cambios, la participaci\u00f3n activa de los ciudadanos, principalmente de las mujeres y los j\u00f3venes,para lograr la equidad,la justicia social y oportunidades para todos.<\/p>\n","protected":false},"excerpt":{"rendered":"<p>Por Emmanuel Solano La aspirante a la secretaria del Partido Revolucionario Moderno (PRM) de la Regi\u00f3n C en Villa Altagracia, Damiana de la Rosa Arciniega expres\u00f3 que est\u00e1 en un&hellip;<\/p>\n","protected":false},"author":10,"featured_media":124622,"comment_status":"open","ping_status":"open","sticky":false,"template":"","format":"standard","meta":{"content-type":"","jetpack_post_was_ever_published":false,"_jetpack_newsletter_access":"","_jetpack_dont_email_post_to_subs":false,"_jetpack_newsletter_tier_id":0,"_jetpack_memberships_contains_paywalled_content":false,"_jetpack_memberships_contains_paid_content":false,"footnotes":""},"categories":[16559],"tags":[2133,31185,31,31183,31186,31184,2687],"class_list":["post-124621","post","type-post","status-publish","format-standard","has-post-thumbnail","hentry","category-politica","tag-aspiraciones","tag-damiana-de-la-rosa","tag-prm","tag-promueven","tag-region-c","tag-secretaria-de-organizacion","tag-villa-altagracia"],"jetpack_featured_media_url":"https:\/\/lasprimeras.com.do\/wp-content\/uploads\/2026\/03\/Damiana-de-la-Rosa.jpg","jetpack-related-posts":[{"id":124321,"url":"https:\/\/lasprimeras.com.do\/index.php\/2026\/03\/11\/senador-moises-ayala-anuncia-aspiraciones-a-presidir-el-prm-en-la-provincia-barahona\/","url_meta":{"origin":124621,"position":0},"title":"Senador Mois\u00e9s Ayala anuncia aspiraciones a presidir el PRM en la provincia Barahona","author":"Nelson Feliz","date":"11 de marzo de 2026","format":false,"excerpt":"El senador del Partido Revolucionario Moderno (PRM) por la provincia de Barahona, Mois\u00e9s Ayala, anunci\u00f3 oficialmente sus aspiraciones a presidir esa organizaci\u00f3n pol\u00edtica en la Perla del Sur, destacando la importancia de la unidad partidaria para continuar fortaleciendo el proyecto pol\u00edtico de la organizaci\u00f3n. Al hacer el anuncio, el legislador\u2026","rel":"","context":"En \u00abPOLITICA\u00bb","block_context":{"text":"POLITICA","link":"https:\/\/lasprimeras.com.do\/index.php\/category\/politica\/"},"img":{"alt_text":"Mois\u00e9s Ayala","src":"https:\/\/i0.wp.com\/lasprimeras.com.do\/wp-content\/uploads\/2026\/03\/Moises-Ayala.jpg?resize=350%2C200&ssl=1","width":350,"height":200,"srcset":"https:\/\/i0.wp.com\/lasprimeras.com.do\/wp-content\/uploads\/2026\/03\/Moises-Ayala.jpg?resize=350%2C200&ssl=1 1x, https:\/\/i0.wp.com\/lasprimeras.com.do\/wp-content\/uploads\/2026\/03\/Moises-Ayala.jpg?resize=525%2C300&ssl=1 1.5x"},"classes":[]},{"id":126922,"url":"https:\/\/lasprimeras.com.do\/index.php\/2026\/04\/06\/prm-fija-limites-para-acuerdos-internos-en-renovacion-de-autoridades\/","url_meta":{"origin":124621,"position":1},"title":"PRM fija l\u00edmites para acuerdos internos en renovaci\u00f3n de autoridades","author":"Nelson Feliz","date":"6 de abril de 2026","format":false,"excerpt":"PRM contin\u00faa su reorganizaci\u00f3n y PLD se enfoca en elecci\u00f3n de candidato presidencial. Tras el asueto de Semana Santa, los principales partidos pol\u00edticos del pa\u00eds retomar\u00e1n de inmediato una agenda interna marcada por procesos de reorganizaci\u00f3n y definiciones de precandidaturas. De todos, el Partido Revolucionario Moderno (PRM) es el que\u2026","rel":"","context":"En \u00abPOLITICA\u00bb","block_context":{"text":"POLITICA","link":"https:\/\/lasprimeras.com.do\/index.php\/category\/politica\/"},"img":{"alt_text":"","src":"https:\/\/i0.wp.com\/lasprimeras.com.do\/wp-content\/uploads\/2026\/04\/prm.jpg?resize=350%2C200&ssl=1","width":350,"height":200,"srcset":"https:\/\/i0.wp.com\/lasprimeras.com.do\/wp-content\/uploads\/2026\/04\/prm.jpg?resize=350%2C200&ssl=1 1x, https:\/\/i0.wp.com\/lasprimeras.com.do\/wp-content\/uploads\/2026\/04\/prm.jpg?resize=525%2C300&ssl=1 1.5x, https:\/\/i0.wp.com\/lasprimeras.com.do\/wp-content\/uploads\/2026\/04\/prm.jpg?resize=700%2C400&ssl=1 2x"},"classes":[]},{"id":125863,"url":"https:\/\/lasprimeras.com.do\/index.php\/2026\/03\/26\/fp-se-fortalece-leonel-juramenta-exgobernador-y-dirigentes-del-prm-pld\/","url_meta":{"origin":124621,"position":2},"title":"FP se fortalece: Leonel juramenta exgobernador y dirigentes del PRM-PLD","author":"Nelson Feliz","date":"26 de marzo de 2026","format":false,"excerpt":"La incorporaci\u00f3n de l\u00edderes comunitarios, profesionales y dirigentes pol\u00edticos fortalece la estructura de la Fuerza del Pueblo en la provincia. El presidente del partido Fuerza del Pueblo (FP) y expresidente de la Rep\u00fablica, Leonel Fern\u00e1ndez, jurament\u00f3 en esa organizaci\u00f3n a decenas de nuevos miembros en la provincia Hermanas Mirabal, en\u2026","rel":"","context":"En \u00abPOLITICA\u00bb","block_context":{"text":"POLITICA","link":"https:\/\/lasprimeras.com.do\/index.php\/category\/politica\/"},"img":{"alt_text":"Leonel Fern\u00e1ndez","src":"https:\/\/i0.wp.com\/lasprimeras.com.do\/wp-content\/uploads\/2026\/03\/Leonel-Fernandez-3.jpg?resize=350%2C200&ssl=1","width":350,"height":200,"srcset":"https:\/\/i0.wp.com\/lasprimeras.com.do\/wp-content\/uploads\/2026\/03\/Leonel-Fernandez-3.jpg?resize=350%2C200&ssl=1 1x, https:\/\/i0.wp.com\/lasprimeras.com.do\/wp-content\/uploads\/2026\/03\/Leonel-Fernandez-3.jpg?resize=525%2C300&ssl=1 1.5x, https:\/\/i0.wp.com\/lasprimeras.com.do\/wp-content\/uploads\/2026\/03\/Leonel-Fernandez-3.jpg?resize=700%2C400&ssl=1 2x"},"classes":[]},{"id":126108,"url":"https:\/\/lasprimeras.com.do\/index.php\/2026\/03\/29\/alex-mordan-consolida-apoyo-de-la-dirigencia-perremeista\/","url_meta":{"origin":124621,"position":3},"title":"Alex Mordan consolida apoyo de la dirigencia perreme\u00edsta","author":"Nelson Feliz","date":"29 de marzo de 2026","format":false,"excerpt":"El aspirante a la presidencia del Partido Revolucionario Moderno en este municipio, Alex Mordan, encabez\u00f3 un multitudinario encuentro en el que recibi\u00f3 el respaldo de m\u00e1s de 150 candidatos a diversos organismos, zonas y regiones, consolidando una plataforma de unidad de cara a los pr\u00f3ximos procesos internos. Durante el acto,\u2026","rel":"","context":"En \u00abPOLITICA\u00bb","block_context":{"text":"POLITICA","link":"https:\/\/lasprimeras.com.do\/index.php\/category\/politica\/"},"img":{"alt_text":"","src":"https:\/\/i0.wp.com\/lasprimeras.com.do\/wp-content\/uploads\/2026\/03\/Alex-Mordan-consolida-fuerza-en-Santo-Domingo-Este-con-masivo-respaldo-de-dirigencia-perremeista-1.jpg?resize=350%2C200&ssl=1","width":350,"height":200,"srcset":"https:\/\/i0.wp.com\/lasprimeras.com.do\/wp-content\/uploads\/2026\/03\/Alex-Mordan-consolida-fuerza-en-Santo-Domingo-Este-con-masivo-respaldo-de-dirigencia-perremeista-1.jpg?resize=350%2C200&ssl=1 1x, https:\/\/i0.wp.com\/lasprimeras.com.do\/wp-content\/uploads\/2026\/03\/Alex-Mordan-consolida-fuerza-en-Santo-Domingo-Este-con-masivo-respaldo-de-dirigencia-perremeista-1.jpg?resize=525%2C300&ssl=1 1.5x, https:\/\/i0.wp.com\/lasprimeras.com.do\/wp-content\/uploads\/2026\/03\/Alex-Mordan-consolida-fuerza-en-Santo-Domingo-Este-con-masivo-respaldo-de-dirigencia-perremeista-1.jpg?resize=700%2C400&ssl=1 2x"},"classes":[]},{"id":104456,"url":"https:\/\/lasprimeras.com.do\/index.php\/2025\/07\/24\/dantes-pide-sanciones-por-el-uso-de-fondos-publicos-en-promociones-de-aspirantes-del-prm\/","url_meta":{"origin":124621,"position":4},"title":"Dant\u00e9s pide sanciones por el &#8220;uso de fondos p\u00fablicos&#8221; en promociones de aspirantes del PRM","author":"Nelson Feliz","date":"24 de julio de 2025","format":false,"excerpt":"El miembro del Comit\u00e9 Pol\u00edtico del Partido de la Liberaci\u00f3n Dominicana (PLD), Jos\u00e9 Dant\u00e9s D\u00edaz, denunci\u00f3 el uso de fondos p\u00fablicos en la promoci\u00f3n de los aspirantes a la candidatura presidencial del PRM. \u201cLos aspirantes del PRM a la candidatura presidencial, est\u00e1n haciendo campa\u00f1as proselitistas desde los puestos p\u00fablicos, con\u2026","rel":"","context":"En \u00abPOLITICA\u00bb","block_context":{"text":"POLITICA","link":"https:\/\/lasprimeras.com.do\/index.php\/category\/politica\/"},"img":{"alt_text":"","src":"https:\/\/i0.wp.com\/lasprimeras.com.do\/wp-content\/uploads\/2025\/07\/Jose-Dantes-Diaz.jpg?resize=350%2C200&ssl=1","width":350,"height":200,"srcset":"https:\/\/i0.wp.com\/lasprimeras.com.do\/wp-content\/uploads\/2025\/07\/Jose-Dantes-Diaz.jpg?resize=350%2C200&ssl=1 1x, https:\/\/i0.wp.com\/lasprimeras.com.do\/wp-content\/uploads\/2025\/07\/Jose-Dantes-Diaz.jpg?resize=525%2C300&ssl=1 1.5x, https:\/\/i0.wp.com\/lasprimeras.com.do\/wp-content\/uploads\/2025\/07\/Jose-Dantes-Diaz.jpg?resize=700%2C400&ssl=1 2x"},"classes":[]},{"id":122240,"url":"https:\/\/lasprimeras.com.do\/index.php\/2026\/02\/15\/hipolito-mejia-minimiza-apoyo-a-collado-y-asegura-perdera-mucho-a-poco-de-carolina\/","url_meta":{"origin":124621,"position":5},"title":"Hip\u00f3lito Mej\u00eda minimiza apoyo a Collado y asegura perder\u00e1 mucho a poco de Carolina","author":"Nelson Feliz","date":"15 de febrero de 2026","format":false,"excerpt":"El expresidente Hip\u00f3lito Mej\u00eda asegur\u00f3 hoy que su hija, Carolina Mej\u00eda, derrotar\u00e1 \u201cmucho a poco\u201d al aspirante presidencial David Collado, a quien defini\u00f3 como su m\u00e1s cercano contrincante en la carrera por la nominaci\u00f3n presidencial del Partido Revolucionario Moderno (PRM). En su declaraci\u00f3n, el veterano pol\u00edtico se fue m\u00e1s lejos\u2026","rel":"","context":"En \u00abPOLITICA\u00bb","block_context":{"text":"POLITICA","link":"https:\/\/lasprimeras.com.do\/index.php\/category\/politica\/"},"img":{"alt_text":"Hip\u00f3lito Mej\u00eda","src":"https:\/\/i0.wp.com\/lasprimeras.com.do\/wp-content\/uploads\/2026\/02\/Hipolito-Mejia.jpg?resize=350%2C200&ssl=1","width":350,"height":200,"srcset":"https:\/\/i0.wp.com\/lasprimeras.com.do\/wp-content\/uploads\/2026\/02\/Hipolito-Mejia.jpg?resize=350%2C200&ssl=1 1x, https:\/\/i0.wp.com\/lasprimeras.com.do\/wp-content\/uploads\/2026\/02\/Hipolito-Mejia.jpg?resize=525%2C300&ssl=1 1.5x, https:\/\/i0.wp.com\/lasprimeras.com.do\/wp-content\/uploads\/2026\/02\/Hipolito-Mejia.jpg?resize=700%2C400&ssl=1 2x"},"classes":[]}],"jetpack_sharing_enabled":true,"_links":{"self":[{"href":"https:\/\/lasprimeras.com.do\/index.php\/wp-json\/wp\/v2\/posts\/124621","targetHints":{"allow":["GET"]}}],"collection":[{"href":"https:\/\/lasprimeras.com.do\/index.php\/wp-json\/wp\/v2\/posts"}],"about":[{"href":"https:\/\/lasprimeras.com.do\/index.php\/wp-json\/wp\/v2\/types\/post"}],"author":[{"embeddable":true,"href":"https:\/\/lasprimeras.com.do\/index.php\/wp-json\/wp\/v2\/users\/10"}],"replies":[{"embeddable":true,"href":"https:\/\/lasprimeras.com.do\/index.php\/wp-json\/wp\/v2\/comments?post=124621"}],"version-history":[{"count":1,"href":"https:\/\/lasprimeras.com.do\/index.php\/wp-json\/wp\/v2\/posts\/124621\/revisions"}],"predecessor-version":[{"id":124623,"href":"https:\/\/lasprimeras.com.do\/index.php\/wp-json\/wp\/v2\/posts\/124621\/revisions\/124623"}],"wp:featuredmedia":[{"embeddable":true,"href":"https:\/\/lasprimeras.com.do\/index.php\/wp-json\/wp\/v2\/media\/124622"}],"wp:attachment":[{"href":"https:\/\/lasprimeras.com.do\/index.php\/wp-json\/wp\/v2\/media?parent=124621"}],"wp:term":[{"taxonomy":"category","embeddable":true,"href":"https:\/\/lasprimeras.com.do\/index.php\/wp-json\/wp\/v2\/categories?post=124621"},{"taxonomy":"post_tag","embeddable":true,"href":"https:\/\/lasprimeras.com.do\/index.php\/wp-json\/wp\/v2\/tags?post=124621"}],"curies":[{"name":"wp","href":"https:\/\/api.w.org\/{rel}","templated":true}]}}