{"id":124624,"date":"2026-03-15T11:39:07","date_gmt":"2026-03-15T15:39:07","guid":{"rendered":"https:\/\/lasprimeras.com.do\/?p=124624"},"modified":"2026-03-15T11:39:09","modified_gmt":"2026-03-15T15:39:09","slug":"minerd-realiza-jornada-sobre-ley-de-compras-y-codigo-penal","status":"publish","type":"post","link":"https:\/\/lasprimeras.com.do\/index.php\/2026\/03\/15\/minerd-realiza-jornada-sobre-ley-de-compras-y-codigo-penal\/","title":{"rendered":"Minerd realiza jornada sobre Ley de Compras y C\u00f3digo Penal"},"content":{"rendered":"\n<p><strong>Con esta iniciativa, el ministro Luis Miguel De Camps busca fortalecer la transparencia, la integridad y el cumplimiento de la normativa en los procesos administrativos del sistema educativo.<\/strong><\/p>\n\n\n\n<p>El Ministerio de Educaci\u00f3n, en colaboraci\u00f3n con la Procuradur\u00eda General de la Rep\u00fablica, desarroll\u00f3 una jornada institucional dirigida a directores regionales, distritales y personal de la sede central de la instituci\u00f3n, con el prop\u00f3sito de dar a conocer los principales alcances de la nueva Ley de Compras y Contrataciones P\u00fablicas y del nuevo C\u00f3digo Penal.<\/p>\n\n\n\n<p>El taller cont\u00f3 con el apoyo de la Direcci\u00f3n General de \u00c9tica e Integridad Gubernamental y la Direcci\u00f3n General de Contrataciones P\u00fablicas, en un esfuerzo del Ministerio de Educaci\u00f3n, orientado a fortalecer la transparencia, la integridad y el cumplimiento de la normativa en la gesti\u00f3n p\u00fablica.<\/p>\n\n\n\n<p>Durante la jornada, la procuradora general de la Rep\u00fablica, Yeni Berenice Reynoso, explic\u00f3 los aspectos m\u00e1s relevantes del nuevo C\u00f3digo Penal y su impacto en el fortalecimiento del sistema de justicia dominicano.<\/p>\n\n\n\n<p>\u201cEl nuevo C\u00f3digo Penal, que entrar\u00e1 en vigencia en agosto de este a\u00f1o, es descrito como un c\u00f3digo moderno y de avanzada, que incorpora lo mejor del derecho penal actual. Fue discutido en el Congreso por m\u00e1s de dos d\u00e9cadas antes de su aprobaci\u00f3n\u201d, expres\u00f3 Reynoso.<\/p>\n\n\n\n<p>Asimismo, el director general de Contrataciones P\u00fablicas, Carlos Pimentel, present\u00f3 los elementos centrales de la nueva Ley de Compras y Contrataciones P\u00fablicas y su impacto en la mejora de los procesos de adquisici\u00f3n del Estado, destacando la importancia de fortalecer los mecanismos de control y transparencia en la administraci\u00f3n de los recursos p\u00fablicos.<\/p>\n\n\n\n<p>Durante su intervenci\u00f3n, el ministro de Educaci\u00f3n, Luis Miguel De Camps, destac\u00f3 que la correcta administraci\u00f3n de los recursos p\u00fablicos es un elemento esencial para el fortalecimiento de las instituciones del Estado, y que en el sector educativo esa responsabilidad adquiere una dimensi\u00f3n a\u00fan mayor.<\/p>\n\n\n\n<p>\u201cEn el sistema educativo no solo gestionamos procesos administrativos; tambi\u00e9n administramos una de las mayores inversiones p\u00fablicas que la sociedad dominicana ha decidido realizar en su futuro. Esa responsabilidad exige actuar con rigor, transparencia y un profundo sentido de compromiso con el pa\u00eds\u201d, se\u00f1al\u00f3 el ministro.<\/p>\n\n\n\n<p>De Camps subray\u00f3 que abordar temas como la transparencia, las compras p\u00fablicas y el cumplimiento de la ley implica proteger una de las principales conquistas del pa\u00eds: la asignaci\u00f3n del 4 % del Producto Interno Bruto a la educaci\u00f3n.<\/p>\n\n\n\n<p>De igual manera, la directora general de \u00c9tica e Integridad Gubernamental y asesora del Poder Ejecutivo en materia de \u00e9tica, transparencia y anticorrupci\u00f3n, Milagros Ortiz Bosch, resalt\u00f3 la importancia de fortalecer una cultura de integridad en la administraci\u00f3n p\u00fablica.<\/p>\n\n\n\n<p>\u201cLa honestidad, la transparencia, el seguimiento de las normas da para todos si podemos hacerlo, y lo vamos a hacer\u201d, afirm\u00f3 Ortiz Bosch.<\/p>\n\n\n\n<p>Con esta jornada institucional el Ministerio de Educaci\u00f3n contin\u00faa promoviendo espacios de formaci\u00f3n y articulaci\u00f3n interinstitucional orientados a fortalecer la gesti\u00f3n p\u00fablica, el cumplimiento de la ley y las buenas pr\u00e1cticas en la administraci\u00f3n del Estado, en esta ocasi\u00f3n, en colaboraci\u00f3n con la Procuradur\u00eda General de la Rep\u00fablica, la Direcci\u00f3n General de \u00c9tica e Integridad Gubernamental y la Direcci\u00f3n General de Compras y Contrataciones P\u00fablicas.<\/p>\n","protected":false},"excerpt":{"rendered":"<p>Con esta iniciativa, el ministro Luis Miguel De Camps busca fortalecer la transparencia, la integridad y el cumplimiento de la normativa en los procesos administrativos del sistema educativo. El Ministerio&hellip;<\/p>\n","protected":false},"author":10,"featured_media":124625,"comment_status":"open","ping_status":"open","sticky":false,"template":"","format":"standard","meta":{"content-type":"","jetpack_post_was_ever_published":false,"_jetpack_newsletter_access":"","_jetpack_dont_email_post_to_subs":false,"_jetpack_newsletter_tier_id":0,"_jetpack_memberships_contains_paywalled_content":false,"_jetpack_memberships_contains_paid_content":false,"footnotes":""},"categories":[35,25],"tags":[13808,31187,31188,5745],"class_list":["post-124624","post","type-post","status-publish","format-standard","has-post-thumbnail","hentry","category-nacionales","category-portada","tag-codigo-penal","tag-jornada-institucional","tag-ley-de-compras-y-contrataciones-publicas","tag-ministerio-de-educacion"],"jetpack_featured_media_url":"https:\/\/lasprimeras.com.do\/wp-content\/uploads\/2026\/03\/Luis-Miguel-De-Camps-2.jpg","jetpack-related-posts":[{"id":109536,"url":"https:\/\/lasprimeras.com.do\/index.php\/2025\/09\/18\/yeni-berenice-por-primera-vez-en-rd-la-corrupcion-es-un-delito-autonomo\/","url_meta":{"origin":124624,"position":0},"title":"Yeni Berenice: &#8220;Por primera vez en RD, la corrupci\u00f3n es un delito aut\u00f3nomo&#8221;","author":"Nelson Feliz","date":"18 de septiembre de 2025","format":false,"excerpt":"La Procuradora general resalta la fortaleza de las modificaciones al C\u00f3digo Penal y la nueva Ley de Compras y Contrataciones P\u00fablicas durante una conferencia. \"Por primera vez en Rep\u00fablica Dominicana la corrupci\u00f3n es un delito aut\u00f3nomo\", resalt\u00f3 la procuradora general de la Rep\u00fablica, Yeni Berenice Reynoso, al dictar una conferencia\u2026","rel":"","context":"En \u00abNACIONALES\u00bb","block_context":{"text":"NACIONALES","link":"https:\/\/lasprimeras.com.do\/index.php\/category\/nacionales\/"},"img":{"alt_text":"","src":"https:\/\/i0.wp.com\/lasprimeras.com.do\/wp-content\/uploads\/2025\/09\/yeni-berenice-por-primera-la-corrupcion-es-un-delito-autonomo-6cff0710-focus-0-0-896-504.jpg?resize=350%2C200&ssl=1","width":350,"height":200,"srcset":"https:\/\/i0.wp.com\/lasprimeras.com.do\/wp-content\/uploads\/2025\/09\/yeni-berenice-por-primera-la-corrupcion-es-un-delito-autonomo-6cff0710-focus-0-0-896-504.jpg?resize=350%2C200&ssl=1 1x, https:\/\/i0.wp.com\/lasprimeras.com.do\/wp-content\/uploads\/2025\/09\/yeni-berenice-por-primera-la-corrupcion-es-un-delito-autonomo-6cff0710-focus-0-0-896-504.jpg?resize=525%2C300&ssl=1 1.5x, https:\/\/i0.wp.com\/lasprimeras.com.do\/wp-content\/uploads\/2025\/09\/yeni-berenice-por-primera-la-corrupcion-es-un-delito-autonomo-6cff0710-focus-0-0-896-504.jpg?resize=700%2C400&ssl=1 2x"},"classes":[]},{"id":104887,"url":"https:\/\/lasprimeras.com.do\/index.php\/2025\/07\/28\/abinader-promulga-la-nueva-ley-47-25-de-contrataciones-publicas\/","url_meta":{"origin":124624,"position":1},"title":"Abinader promulga la nueva Ley 47-25 de Contrataciones P\u00fablicas","author":"Nelson Feliz","date":"28 de julio de 2025","format":false,"excerpt":"Afirma que con esta Ley se da un paso firme y decisivo en la transformaci\u00f3n del Estado dominicano que ha impulsado desde el primer d\u00eda de su gesti\u00f3n, convencido de que los recursos p\u00fablicos deben ser administrados con integridad, con responsabilidad y siempre al servicio del bienestar com\u00fan. Desde la\u2026","rel":"","context":"En \u00abECONOM\u00cdA\u00bb","block_context":{"text":"ECONOM\u00cdA","link":"https:\/\/lasprimeras.com.do\/index.php\/category\/economia\/"},"img":{"alt_text":"Luis Abinader","src":"https:\/\/i0.wp.com\/lasprimeras.com.do\/wp-content\/uploads\/2025\/07\/Luis-Abinader-10.jpg?resize=350%2C200&ssl=1","width":350,"height":200,"srcset":"https:\/\/i0.wp.com\/lasprimeras.com.do\/wp-content\/uploads\/2025\/07\/Luis-Abinader-10.jpg?resize=350%2C200&ssl=1 1x, https:\/\/i0.wp.com\/lasprimeras.com.do\/wp-content\/uploads\/2025\/07\/Luis-Abinader-10.jpg?resize=525%2C300&ssl=1 1.5x, https:\/\/i0.wp.com\/lasprimeras.com.do\/wp-content\/uploads\/2025\/07\/Luis-Abinader-10.jpg?resize=700%2C400&ssl=1 2x"},"classes":[]},{"id":102567,"url":"https:\/\/lasprimeras.com.do\/index.php\/2025\/07\/06\/intrant-y-su-director-presentan-querella-penal-por-soborno-lavado-y-chantaje-contra-empresa-dekolor\/","url_meta":{"origin":124624,"position":2},"title":"INTRANT y su director presentan querella penal por soborno, lavado y chantaje contra empresa Dekolor","author":"Nelson Feliz","date":"6 de julio de 2025","format":false,"excerpt":"El Instituto Nacional de Tr\u00e1nsito y Transporte Terrestre (INTRANT) y su director ejecutivo, Milton Morrison Ram\u00edrez, presentaron el pasado viernes 4 de julio de 2025, ante la Procuradur\u00eda Especializada de Persecuci\u00f3n de la Corrupci\u00f3n Administrativa (PEPCA) una querella penal con constituci\u00f3n en actor civil contra la empresa Dekolor, S.R.L., su\u2026","rel":"","context":"En \u00abJUSTICIA\u00bb","block_context":{"text":"JUSTICIA","link":"https:\/\/lasprimeras.com.do\/index.php\/category\/justicia\/"},"img":{"alt_text":"INTRANT","src":"https:\/\/i0.wp.com\/lasprimeras.com.do\/wp-content\/uploads\/2024\/09\/intrant.jpg?resize=350%2C200&ssl=1","width":350,"height":200,"srcset":"https:\/\/i0.wp.com\/lasprimeras.com.do\/wp-content\/uploads\/2024\/09\/intrant.jpg?resize=350%2C200&ssl=1 1x, https:\/\/i0.wp.com\/lasprimeras.com.do\/wp-content\/uploads\/2024\/09\/intrant.jpg?resize=525%2C300&ssl=1 1.5x, https:\/\/i0.wp.com\/lasprimeras.com.do\/wp-content\/uploads\/2024\/09\/intrant.jpg?resize=700%2C400&ssl=1 2x, https:\/\/i0.wp.com\/lasprimeras.com.do\/wp-content\/uploads\/2024\/09\/intrant.jpg?resize=1050%2C600&ssl=1 3x"},"classes":[]},{"id":71927,"url":"https:\/\/lasprimeras.com.do\/index.php\/2023\/12\/25\/director-de-aduanas-paga-millonario-contrato-de-publicidad-a-director-de-comunicaciones-de-mopc-andres-licho-matos\/","url_meta":{"origin":124624,"position":3},"title":"Director de Aduanas paga millonario contrato de publicidad a director de comunicaciones de MOPC Andr\u00e9s \u201cLicho\u201d Matos","author":"Nelson Feliz","date":"25 de diciembre de 2023","format":false,"excerpt":"Aduanas paga 1 mill\u00f3n 800 mil pesos de publicidad a Andr\u00e9s \u201cLicho\u201d Matos El director de Comunicaciones del Ministerio de Obras P\u00fablicas Andr\u00e9s \u201cLicho\u201d Matos, es tambi\u00e9n asesor de comunicaciones del Partido Revolucionario Moderno (PRM) y tiene otro contrato por 1.8 millones de pesos para servir publicidad a la Contralor\u00eda\u2026","rel":"","context":"En \u00abECONOM\u00cdA\u00bb","block_context":{"text":"ECONOM\u00cdA","link":"https:\/\/lasprimeras.com.do\/index.php\/category\/economia\/"},"img":{"alt_text":"Deligne Ascension,Andres Matos y Yayo Sanz L.","src":"https:\/\/i0.wp.com\/lasprimeras.com.do\/wp-content\/uploads\/2023\/12\/Deligne-AscensionAndres-Matos-y-Yayo-Sanz-L.jpg?resize=350%2C200&ssl=1","width":350,"height":200,"srcset":"https:\/\/i0.wp.com\/lasprimeras.com.do\/wp-content\/uploads\/2023\/12\/Deligne-AscensionAndres-Matos-y-Yayo-Sanz-L.jpg?resize=350%2C200&ssl=1 1x, https:\/\/i0.wp.com\/lasprimeras.com.do\/wp-content\/uploads\/2023\/12\/Deligne-AscensionAndres-Matos-y-Yayo-Sanz-L.jpg?resize=525%2C300&ssl=1 1.5x, https:\/\/i0.wp.com\/lasprimeras.com.do\/wp-content\/uploads\/2023\/12\/Deligne-AscensionAndres-Matos-y-Yayo-Sanz-L.jpg?resize=700%2C400&ssl=1 2x"},"classes":[]},{"id":115098,"url":"https:\/\/lasprimeras.com.do\/index.php\/2025\/11\/19\/caminero-reafirma-compromiso-etico-y-cero-tolerancia-a-la-corrupcion-impulsada-por-el-presidente-abinader\/","url_meta":{"origin":124624,"position":4},"title":"Caminero reafirma compromiso \u00e9tico y cero tolerancia a la corrupci\u00f3n impulsada por el presidente Abinader","author":"Nelson Feliz","date":"19 de noviembre de 2025","format":false,"excerpt":"La Direcci\u00f3n de Prensa del Presidente junto a la Direcci\u00f3n General de Bellas Artes, celebraron este jueves el Foro \u201cTransparencia y Responsabilidad P\u00fablica: Nuevos Desaf\u00edos del Estado de Derecho\u201d, un espacio en el que el director de Prensa del presidente, Carlos Alberto Caminero, destac\u00f3 el compromiso \u00e9tico y la pol\u00edtica\u2026","rel":"","context":"En \u00abNACIONALES\u00bb","block_context":{"text":"NACIONALES","link":"https:\/\/lasprimeras.com.do\/index.php\/category\/nacionales\/"},"img":{"alt_text":"","src":"https:\/\/i0.wp.com\/lasprimeras.com.do\/wp-content\/uploads\/2025\/11\/Alberto-Caminero.jpg?resize=350%2C200&ssl=1","width":350,"height":200,"srcset":"https:\/\/i0.wp.com\/lasprimeras.com.do\/wp-content\/uploads\/2025\/11\/Alberto-Caminero.jpg?resize=350%2C200&ssl=1 1x, https:\/\/i0.wp.com\/lasprimeras.com.do\/wp-content\/uploads\/2025\/11\/Alberto-Caminero.jpg?resize=525%2C300&ssl=1 1.5x, https:\/\/i0.wp.com\/lasprimeras.com.do\/wp-content\/uploads\/2025\/11\/Alberto-Caminero.jpg?resize=700%2C400&ssl=1 2x"},"classes":[]},{"id":118543,"url":"https:\/\/lasprimeras.com.do\/index.php\/2025\/12\/30\/senado-de-la-republica-cierra-el-2025-con-historica-productividad-legislativa\/","url_meta":{"origin":124624,"position":5},"title":"Senado de la Rep\u00fablica cierra el 2025 con hist\u00f3rica productividad legislativa","author":"Nelson Feliz","date":"30 de diciembre de 2025","format":false,"excerpt":"El Senado de la Rep\u00fablica, bajo el liderazgo de su presidente, el senador Ricardo de los Santos, concluye el a\u00f1o 2025 como uno de los per\u00edodos m\u00e1s productivos de su historia institucional, con la aprobaci\u00f3n de trascendentales iniciativas legislativas largamente demandadas por la sociedad dominicana. Entre las principales leyes aprobadas\u2026","rel":"","context":"En \u00abNACIONALES\u00bb","block_context":{"text":"NACIONALES","link":"https:\/\/lasprimeras.com.do\/index.php\/category\/nacionales\/"},"img":{"alt_text":"Ricardo de los Santos","src":"https:\/\/i0.wp.com\/lasprimeras.com.do\/wp-content\/uploads\/2025\/12\/Ricardo-de-los-Santos-1.jpg?resize=350%2C200&ssl=1","width":350,"height":200,"srcset":"https:\/\/i0.wp.com\/lasprimeras.com.do\/wp-content\/uploads\/2025\/12\/Ricardo-de-los-Santos-1.jpg?resize=350%2C200&ssl=1 1x, https:\/\/i0.wp.com\/lasprimeras.com.do\/wp-content\/uploads\/2025\/12\/Ricardo-de-los-Santos-1.jpg?resize=525%2C300&ssl=1 1.5x, https:\/\/i0.wp.com\/lasprimeras.com.do\/wp-content\/uploads\/2025\/12\/Ricardo-de-los-Santos-1.jpg?resize=700%2C400&ssl=1 2x"},"classes":[]}],"jetpack_sharing_enabled":true,"_links":{"self":[{"href":"https:\/\/lasprimeras.com.do\/index.php\/wp-json\/wp\/v2\/posts\/124624","targetHints":{"allow":["GET"]}}],"collection":[{"href":"https:\/\/lasprimeras.com.do\/index.php\/wp-json\/wp\/v2\/posts"}],"about":[{"href":"https:\/\/lasprimeras.com.do\/index.php\/wp-json\/wp\/v2\/types\/post"}],"author":[{"embeddable":true,"href":"https:\/\/lasprimeras.com.do\/index.php\/wp-json\/wp\/v2\/users\/10"}],"replies":[{"embeddable":true,"href":"https:\/\/lasprimeras.com.do\/index.php\/wp-json\/wp\/v2\/comments?post=124624"}],"version-history":[{"count":1,"href":"https:\/\/lasprimeras.com.do\/index.php\/wp-json\/wp\/v2\/posts\/124624\/revisions"}],"predecessor-version":[{"id":124626,"href":"https:\/\/lasprimeras.com.do\/index.php\/wp-json\/wp\/v2\/posts\/124624\/revisions\/124626"}],"wp:featuredmedia":[{"embeddable":true,"href":"https:\/\/lasprimeras.com.do\/index.php\/wp-json\/wp\/v2\/media\/124625"}],"wp:attachment":[{"href":"https:\/\/lasprimeras.com.do\/index.php\/wp-json\/wp\/v2\/media?parent=124624"}],"wp:term":[{"taxonomy":"category","embeddable":true,"href":"https:\/\/lasprimeras.com.do\/index.php\/wp-json\/wp\/v2\/categories?post=124624"},{"taxonomy":"post_tag","embeddable":true,"href":"https:\/\/lasprimeras.com.do\/index.php\/wp-json\/wp\/v2\/tags?post=124624"}],"curies":[{"name":"wp","href":"https:\/\/api.w.org\/{rel}","templated":true}]}}