{"id":124627,"date":"2026-03-15T11:51:18","date_gmt":"2026-03-15T15:51:18","guid":{"rendered":"https:\/\/lasprimeras.com.do\/?p=124627"},"modified":"2026-03-15T11:51:20","modified_gmt":"2026-03-15T15:51:20","slug":"pld-avanza-en-su-nueva-linea-organizativa-y-electoral","status":"publish","type":"post","link":"https:\/\/lasprimeras.com.do\/index.php\/2026\/03\/15\/pld-avanza-en-su-nueva-linea-organizativa-y-electoral\/","title":{"rendered":"PLD avanza en su nueva L\u00ednea Organizativa y Electoral"},"content":{"rendered":"\n<p>El Partido de la Liberaci\u00f3n Dominicana (PLD) aprovech\u00f3 el fin de semana para formalizar el posicionamiento de decenas de Comit\u00e9s Intermedios en los recintos electorales, cumpliendo as\u00ed con el mandato de su l\u00ednea organizativa y electoral.<\/p>\n\n\n\n<p>La Comisi\u00f3n de Implementaci\u00f3n de la L\u00ednea Organizativa y Electoral recibi\u00f3 los reportes de toda la geograf\u00eda nacional, informando del paso dado acorde a la normativa para la implementaci\u00f3n de la LOE.<\/p>\n\n\n\n<p>Junto al reporte del posicionamiento se recibieron las fotograf\u00edas e im\u00e1genes de ese paso, definido como notable para garantizar el triunfo en las venideras elecciones.<\/p>\n\n\n\n<p>El posicionamiento de las estructuras partidarias en los recintos electorales es la segunda fase de la implementaci\u00f3n de la l\u00ednea organizativa, ahora estrechamente vinculada al tema electoral.<\/p>\n\n\n\n<p>En esta fase, los presidentes de Comit\u00e9s Intermedios quedar\u00e1n confirmados en el recinto electoral donde ejercen el derecho al voto y con \u00e9l los militantes y miembros.<\/p>\n\n\n\n<p>Reportaron posicionamientos de los Comit\u00e9s Intermedios de la Circunscripci\u00f3n Uno del Distrito Nacional, en el distrito municipal Sabaneta, San Juan, en Arroyo Salado, Mar\u00eda Trinidad S\u00e1nchez, en San Jos\u00e9 de Ocoa, en Juan de Herrera y Maguana, San Juan, el Pozo de El Factor, Mar\u00eda Trinidad S\u00e1nchez, Los Botados de Monte Plata, en Pedro Brand, en municipios y distritos municipales de la provincia Peravia, tambi\u00e9n en Las Terrenas y el municipio cabecera de Saman\u00e1, entre otros.<\/p>\n\n\n\n<p>Para impulsar la fase de posicionamiento, la Comisi\u00f3n de Implementaci\u00f3n de la L\u00ednea Organizativa y Electoral (LOE) del Partido de la Liberaci\u00f3n Dominicana (PLD) program\u00f3 para la semana que inicia este lunes, una serie de encuentros, bajo el formato taller.<\/p>\n","protected":false},"excerpt":{"rendered":"<p>El Partido de la Liberaci\u00f3n Dominicana (PLD) aprovech\u00f3 el fin de semana para formalizar el posicionamiento de decenas de Comit\u00e9s Intermedios en los recintos electorales, cumpliendo as\u00ed con el mandato&hellip;<\/p>\n","protected":false},"author":10,"featured_media":124628,"comment_status":"open","ping_status":"open","sticky":false,"template":"","format":"standard","meta":{"content-type":"","jetpack_post_was_ever_published":false,"_jetpack_newsletter_access":"","_jetpack_dont_email_post_to_subs":false,"_jetpack_newsletter_tier_id":0,"_jetpack_memberships_contains_paywalled_content":false,"_jetpack_memberships_contains_paid_content":false,"footnotes":""},"categories":[16559],"tags":[31189,19896,475,11425,269],"class_list":["post-124627","post","type-post","status-publish","format-standard","has-post-thumbnail","hentry","category-politica","tag-comites-intermedios","tag-linea-organizativa-y-electoral","tag-miembros","tag-militantes","tag-pld"],"jetpack_featured_media_url":"https:\/\/lasprimeras.com.do\/wp-content\/uploads\/2026\/03\/Ocoa.jpg","jetpack-related-posts":[{"id":105196,"url":"https:\/\/lasprimeras.com.do\/index.php\/2025\/07\/31\/pld-avanza-en-la-implementacion-de-su-linea-organizativa-y-electoral-2\/","url_meta":{"origin":124627,"position":0},"title":"PLD avanza en la implementaci\u00f3n de su L\u00ednea Organizativa y Electoral","author":"Nelson Feliz","date":"31 de julio de 2025","format":false,"excerpt":"Masivos reportes de validaci\u00f3n de membres\u00eda en el Partido de la Liberaci\u00f3n Dominicana (PLD) Marcha a buen ritmo en el Partido de la Liberaci\u00f3n Dominicana (PLD) la implementaci\u00f3n de su nueva l\u00ednea organizativa y electoral, un mandato del X Congreso Ordinario Reinaldo Pared P\u00e9rez. Desde todas las demarcaciones territoriales est\u00e1n\u2026","rel":"","context":"En \u00abPOLITICA\u00bb","block_context":{"text":"POLITICA","link":"https:\/\/lasprimeras.com.do\/index.php\/category\/politica\/"},"img":{"alt_text":"","src":"https:\/\/i0.wp.com\/lasprimeras.com.do\/wp-content\/uploads\/2025\/07\/pld-6.jpg?resize=350%2C200&ssl=1","width":350,"height":200,"srcset":"https:\/\/i0.wp.com\/lasprimeras.com.do\/wp-content\/uploads\/2025\/07\/pld-6.jpg?resize=350%2C200&ssl=1 1x, https:\/\/i0.wp.com\/lasprimeras.com.do\/wp-content\/uploads\/2025\/07\/pld-6.jpg?resize=525%2C300&ssl=1 1.5x, https:\/\/i0.wp.com\/lasprimeras.com.do\/wp-content\/uploads\/2025\/07\/pld-6.jpg?resize=700%2C400&ssl=1 2x"},"classes":[]},{"id":104971,"url":"https:\/\/lasprimeras.com.do\/index.php\/2025\/07\/29\/pld-avanza-en-la-implementacion-de-su-linea-organizativa-y-electoral\/","url_meta":{"origin":124627,"position":1},"title":"PLD avanza en la implementaci\u00f3n de su L\u00ednea Organizativa y Electoral","author":"Nelson Feliz","date":"29 de julio de 2025","format":false,"excerpt":"Desde todos los municipios, distritos municipales, circunscripciones y provincias, reportan la validaci\u00f3n de membres\u00eda en el PLD. Avances significativos ha logrado el Partido de la Liberaci\u00f3n Dominicana (PLD) en la implementaci\u00f3n de su nueva l\u00ednea organizativa, ahora estrechamente vinculada a lo electoral. En la Secretar\u00eda de Enlaces y Comunicaci\u00f3n Interna\u2026","rel":"","context":"En \u00abPOLITICA\u00bb","block_context":{"text":"POLITICA","link":"https:\/\/lasprimeras.com.do\/index.php\/category\/politica\/"},"img":{"alt_text":"","src":"https:\/\/i0.wp.com\/lasprimeras.com.do\/wp-content\/uploads\/2025\/07\/danilo-medina-4.jpg?resize=350%2C200&ssl=1","width":350,"height":200,"srcset":"https:\/\/i0.wp.com\/lasprimeras.com.do\/wp-content\/uploads\/2025\/07\/danilo-medina-4.jpg?resize=350%2C200&ssl=1 1x, https:\/\/i0.wp.com\/lasprimeras.com.do\/wp-content\/uploads\/2025\/07\/danilo-medina-4.jpg?resize=525%2C300&ssl=1 1.5x, https:\/\/i0.wp.com\/lasprimeras.com.do\/wp-content\/uploads\/2025\/07\/danilo-medina-4.jpg?resize=700%2C400&ssl=1 2x"},"classes":[]},{"id":104384,"url":"https:\/\/lasprimeras.com.do\/index.php\/2025\/07\/23\/un-pld-activo-en-la-descubierta-provincia-independencia\/","url_meta":{"origin":124627,"position":2},"title":"Un PLD activo en La Descubierta, provincia Independencia","author":"Nelson Feliz","date":"23 de julio de 2025","format":false,"excerpt":"El PLD en La Descubierta, provincia Independencia, reporta avances en la implementaci\u00f3n de la nueva L\u00ednea Organizativa y Electoral El Partido de la Liberaci\u00f3n Dominicana (PLD) ha asumido la reorganizaci\u00f3n interna para fortalecer el v\u00ednculo con los electores con la creaci\u00f3n de los nuevos Comit\u00e9s Intermedios por recintos electorales en\u2026","rel":"","context":"En \u00abPOLITICA\u00bb","block_context":{"text":"POLITICA","link":"https:\/\/lasprimeras.com.do\/index.php\/category\/politica\/"},"img":{"alt_text":"","src":"https:\/\/i0.wp.com\/lasprimeras.com.do\/wp-content\/uploads\/2025\/07\/PLD-4.jpg?resize=350%2C200&ssl=1","width":350,"height":200,"srcset":"https:\/\/i0.wp.com\/lasprimeras.com.do\/wp-content\/uploads\/2025\/07\/PLD-4.jpg?resize=350%2C200&ssl=1 1x, https:\/\/i0.wp.com\/lasprimeras.com.do\/wp-content\/uploads\/2025\/07\/PLD-4.jpg?resize=525%2C300&ssl=1 1.5x, https:\/\/i0.wp.com\/lasprimeras.com.do\/wp-content\/uploads\/2025\/07\/PLD-4.jpg?resize=700%2C400&ssl=1 2x"},"classes":[]},{"id":105314,"url":"https:\/\/lasprimeras.com.do\/index.php\/2025\/08\/01\/johnny-pujols-valida-su-membresia-de-la-linea-organizativa-y-electoral\/","url_meta":{"origin":124627,"position":3},"title":"Johnny Pujols valida su membres\u00eda de la L\u00ednea Organizativa y Electoral","author":"Nelson Feliz","date":"1 de agosto de 2025","format":false,"excerpt":"Sec. Gral. del PLD, Johnny Pujols, motiva a miembros y dirigentes del PLD a validar su membres\u00eda en la actual fase de Implementaci\u00f3n de la L\u00ednea Organizativa y Electoral. El secretario general del Partido de la Liberaci\u00f3n Dominicana (PLD), Johnny Pujols, exhort\u00f3 a la membres\u00eda de la organizaci\u00f3n pol\u00edtica a\u2026","rel":"","context":"En \u00abPOLITICA\u00bb","block_context":{"text":"POLITICA","link":"https:\/\/lasprimeras.com.do\/index.php\/category\/politica\/"},"img":{"alt_text":"","src":"https:\/\/i0.wp.com\/lasprimeras.com.do\/wp-content\/uploads\/2025\/08\/Johnny-Pujols.jpg?resize=350%2C200&ssl=1","width":350,"height":200,"srcset":"https:\/\/i0.wp.com\/lasprimeras.com.do\/wp-content\/uploads\/2025\/08\/Johnny-Pujols.jpg?resize=350%2C200&ssl=1 1x, https:\/\/i0.wp.com\/lasprimeras.com.do\/wp-content\/uploads\/2025\/08\/Johnny-Pujols.jpg?resize=525%2C300&ssl=1 1.5x, https:\/\/i0.wp.com\/lasprimeras.com.do\/wp-content\/uploads\/2025\/08\/Johnny-Pujols.jpg?resize=700%2C400&ssl=1 2x"},"classes":[]},{"id":102894,"url":"https:\/\/lasprimeras.com.do\/index.php\/2025\/07\/09\/pld-en-el-dn-realiza-taller-para-implementar-linea-organizativa-y-electoral\/","url_meta":{"origin":124627,"position":4},"title":"PLD en el DN realiza taller para implementar L\u00ednea Organizativa y Electoral","author":"Nelson Feliz","date":"9 de julio de 2025","format":false,"excerpt":"El Partido de la Liberaci\u00f3n Dominicana (PLD) en la Circunscripci\u00f3n Electoral #1 del Distrito Nacional realiz\u00f3 el taller para la implementaci\u00f3n de la L\u00ednea Organizativa y Electoral, que agota su segunda fase. De forma activa participaron los dirigentes pelede\u00edstas de esa demarcaci\u00f3n territorial con responsabilidades como Coordinadores y Enlaces de\u2026","rel":"","context":"En \u00abPOLITICA\u00bb","block_context":{"text":"POLITICA","link":"https:\/\/lasprimeras.com.do\/index.php\/category\/politica\/"},"img":{"alt_text":"","src":"https:\/\/i0.wp.com\/lasprimeras.com.do\/wp-content\/uploads\/2025\/07\/CE1-2.jpg?resize=350%2C200&ssl=1","width":350,"height":200,"srcset":"https:\/\/i0.wp.com\/lasprimeras.com.do\/wp-content\/uploads\/2025\/07\/CE1-2.jpg?resize=350%2C200&ssl=1 1x, https:\/\/i0.wp.com\/lasprimeras.com.do\/wp-content\/uploads\/2025\/07\/CE1-2.jpg?resize=525%2C300&ssl=1 1.5x, https:\/\/i0.wp.com\/lasprimeras.com.do\/wp-content\/uploads\/2025\/07\/CE1-2.jpg?resize=700%2C400&ssl=1 2x"},"classes":[]},{"id":114071,"url":"https:\/\/lasprimeras.com.do\/index.php\/2025\/11\/10\/pld-pasara-balance-a-la-implementacion-de-la-linea-organizativa-y-electoral-loe\/","url_meta":{"origin":124627,"position":5},"title":"PLD pasar\u00e1 balance a la implementaci\u00f3n de la L\u00ednea Organizativa y Electoral (LOE)","author":"Nelson Feliz","date":"10 de noviembre de 2025","format":false,"excerpt":"El Partido de la Liberaci\u00f3n Dominicana (PLD) anunci\u00f3 para el pr\u00f3ximo jueves, 13 noviembre, la realizaci\u00f3n de un encuentro de sus dirigentes para pasar balance a la implementaci\u00f3n de la L\u00ednea Organizativa y Electoral (LOE) aprobada en el X Congreso Ordinario Reinaldo Pared P\u00e9rez. En el encuentro bajo el formato\u2026","rel":"","context":"En \u00abPOLITICA\u00bb","block_context":{"text":"POLITICA","link":"https:\/\/lasprimeras.com.do\/index.php\/category\/politica\/"},"img":{"alt_text":"","src":"https:\/\/i0.wp.com\/lasprimeras.com.do\/wp-content\/uploads\/2024\/05\/CN-PLD.jpg?resize=350%2C200&ssl=1","width":350,"height":200,"srcset":"https:\/\/i0.wp.com\/lasprimeras.com.do\/wp-content\/uploads\/2024\/05\/CN-PLD.jpg?resize=350%2C200&ssl=1 1x, https:\/\/i0.wp.com\/lasprimeras.com.do\/wp-content\/uploads\/2024\/05\/CN-PLD.jpg?resize=525%2C300&ssl=1 1.5x, https:\/\/i0.wp.com\/lasprimeras.com.do\/wp-content\/uploads\/2024\/05\/CN-PLD.jpg?resize=700%2C400&ssl=1 2x"},"classes":[]}],"jetpack_sharing_enabled":true,"_links":{"self":[{"href":"https:\/\/lasprimeras.com.do\/index.php\/wp-json\/wp\/v2\/posts\/124627","targetHints":{"allow":["GET"]}}],"collection":[{"href":"https:\/\/lasprimeras.com.do\/index.php\/wp-json\/wp\/v2\/posts"}],"about":[{"href":"https:\/\/lasprimeras.com.do\/index.php\/wp-json\/wp\/v2\/types\/post"}],"author":[{"embeddable":true,"href":"https:\/\/lasprimeras.com.do\/index.php\/wp-json\/wp\/v2\/users\/10"}],"replies":[{"embeddable":true,"href":"https:\/\/lasprimeras.com.do\/index.php\/wp-json\/wp\/v2\/comments?post=124627"}],"version-history":[{"count":1,"href":"https:\/\/lasprimeras.com.do\/index.php\/wp-json\/wp\/v2\/posts\/124627\/revisions"}],"predecessor-version":[{"id":124629,"href":"https:\/\/lasprimeras.com.do\/index.php\/wp-json\/wp\/v2\/posts\/124627\/revisions\/124629"}],"wp:featuredmedia":[{"embeddable":true,"href":"https:\/\/lasprimeras.com.do\/index.php\/wp-json\/wp\/v2\/media\/124628"}],"wp:attachment":[{"href":"https:\/\/lasprimeras.com.do\/index.php\/wp-json\/wp\/v2\/media?parent=124627"}],"wp:term":[{"taxonomy":"category","embeddable":true,"href":"https:\/\/lasprimeras.com.do\/index.php\/wp-json\/wp\/v2\/categories?post=124627"},{"taxonomy":"post_tag","embeddable":true,"href":"https:\/\/lasprimeras.com.do\/index.php\/wp-json\/wp\/v2\/tags?post=124627"}],"curies":[{"name":"wp","href":"https:\/\/api.w.org\/{rel}","templated":true}]}}