{"id":124630,"date":"2026-03-15T12:13:19","date_gmt":"2026-03-15T16:13:19","guid":{"rendered":"https:\/\/lasprimeras.com.do\/?p=124630"},"modified":"2026-03-15T12:13:23","modified_gmt":"2026-03-15T16:13:23","slug":"banco-lafise-inaugura-sucursal-en-punta-cana","status":"publish","type":"post","link":"https:\/\/lasprimeras.com.do\/index.php\/2026\/03\/15\/banco-lafise-inaugura-sucursal-en-punta-cana\/","title":{"rendered":"Banco LAFISE inaugura sucursal en Punta Cana"},"content":{"rendered":"\n<p><strong>LAFISE fortalece su presencia en la regi\u00f3n Este del pa\u00eds.<\/strong><\/p>\n\n\n\n<p>En un acto que reuni\u00f3 a clientes, aliados estrat\u00e9gicos y representantes del sector empresarial, Banco LAFISE Rep\u00fablica Dominicana dej\u00f3 formalmente inaugurada su nueva sucursal en Punta Cana, consolidando as\u00ed su compromiso con el crecimiento y desarrollo econ\u00f3mico de la regi\u00f3n Este del pa\u00eds.<\/p>\n\n\n\n<p>La entidad, que forma parte del Grupo LAFISE \u2014fundado en 1985 y con presencia en 12 pa\u00edses de la regi\u00f3n\u2014 contin\u00faa fortaleciendo su posicionamiento en la Rep\u00fablica Dominicana con esta nueva apertura, reafirmando su visi\u00f3n de expansi\u00f3n sostenible y cercan\u00eda con sus clientes.<\/p>\n\n\n\n<p>La ceremonia inici\u00f3 con palabras de bienvenida, destacando que m\u00e1s que la apertura de una sucursal, este paso representa confianza, crecimiento, innovaci\u00f3n y un firme compromiso con el desarrollo financiero de personas y peque\u00f1as y medianas empresas.<\/p>\n\n\n\n<p>Durante el evento, el Gerente General de la entidad, Brian Paniagua, resalt\u00f3 la importancia estrat\u00e9gica de Punta Cana como uno de los polos tur\u00edsticos y econ\u00f3micos m\u00e1s din\u00e1micos del Caribe.<\/p>\n\n\n\n<p>\u201cEsta apertura reafirma nuestra apuesta por el crecimiento de la regi\u00f3n Este y por seguir ofreciendo soluciones financieras que impulsen el desarrollo de nuestros clientes y sus negocios\u201d, expres\u00f3.<\/p>\n\n\n<div class=\"wp-block-image\">\n<figure class=\"alignleft size-full is-resized\"><img decoding=\"async\" width=\"900\" height=\"600\" src=\"https:\/\/lasprimeras.com.do\/wp-content\/uploads\/2026\/03\/7.-Equipo-del-Banco-Lafise.jpg\" alt=\"\" class=\"wp-image-124632\" style=\"aspect-ratio:1.5000151016339969;width:412px;height:auto\" srcset=\"https:\/\/lasprimeras.com.do\/wp-content\/uploads\/2026\/03\/7.-Equipo-del-Banco-Lafise.jpg 900w, https:\/\/lasprimeras.com.do\/wp-content\/uploads\/2026\/03\/7.-Equipo-del-Banco-Lafise-300x200.jpg 300w, https:\/\/lasprimeras.com.do\/wp-content\/uploads\/2026\/03\/7.-Equipo-del-Banco-Lafise-768x512.jpg 768w\" sizes=\"(max-width: 900px) 100vw, 900px\" \/><\/figure>\n<\/div>\n\n\n<p>De su lado, la vicepresidenta de Banca Personas y PyME, Claudia Espinal, destac\u00f3 que Banco LAFISE se distingue por ser una entidad con \u201crostro humano\u201d, especializada en banca de personas y PYMES, con un s\u00f3lido respaldo al sector comercial y empresarial.<\/p>\n\n\n\n<p>Asimismo, explic\u00f3 que la oficina que anteriormente operaba como representaci\u00f3n en la zona evoluciona ahora a una Sucursal de Servicios Plenos, permitiendo a los clientes realizar dep\u00f3sitos y retiros, solicitar pr\u00e9stamos directamente en la sede y recibir asesor\u00eda personalizada para sus negocios.<\/p>\n\n\n\n<p>La nueva sucursal est\u00e1 ubicada en la Plaza CUBIK en la avenida 1ro. de Noviembre donde tambi\u00e9n se mantiene disponible el servicio de cajero autom\u00e1tico en el lobby, ampliando as\u00ed la oferta de servicios financieros en una zona de alto desarrollo tur\u00edstico, econ\u00f3mico e internacional.<\/p>\n\n\n\n<p>El acto incluy\u00f3 una bendici\u00f3n especial a cargo del reverendo padre Joaqu\u00edn Aquino, seguido del tradicional corte de cinta encabezado por los ejecutivos de la entidad y el gerente de la nueva sucursal, marcando oficialmente el inicio de operaciones.<\/p>\n\n\n\n<p>La apertura de esta sucursal en Punta Cana representa un paso estrat\u00e9gico para vincular los servicios financieros del banco con una de los polos tur\u00edsticos de mayor crecimiento del pa\u00eds, alineada con la visi\u00f3n de futuro de la instituci\u00f3n y su compromiso con el desarrollo nacional.<\/p>\n\n\n\n<p>Con esta inauguraci\u00f3n, Banco LAFISE Rep\u00fablica Dominicana reafirma su prop\u00f3sito de seguir acompa\u00f1ando a sus clientes con soluciones innovadoras, atenci\u00f3n personalizada y un enfoque centrado en generar oportunidades de crecimiento para las comunidades donde opera.<\/p>\n","protected":false},"excerpt":{"rendered":"<p>LAFISE fortalece su presencia en la regi\u00f3n Este del pa\u00eds. En un acto que reuni\u00f3 a clientes, aliados estrat\u00e9gicos y representantes del sector empresarial, Banco LAFISE Rep\u00fablica Dominicana dej\u00f3 formalmente&hellip;<\/p>\n","protected":false},"author":10,"featured_media":124631,"comment_status":"open","ping_status":"open","sticky":false,"template":"","format":"standard","meta":{"content-type":"","jetpack_post_was_ever_published":false,"_jetpack_newsletter_access":"","_jetpack_dont_email_post_to_subs":false,"_jetpack_newsletter_tier_id":0,"_jetpack_memberships_contains_paywalled_content":false,"_jetpack_memberships_contains_paid_content":false,"footnotes":""},"categories":[39],"tags":[31190,1970,1308,1226,5686],"class_list":["post-124630","post","type-post","status-publish","format-standard","has-post-thumbnail","hentry","category-economia","tag-banco-lafise","tag-inaugura","tag-punta-cana","tag-republica-dominicana","tag-sucursal"],"jetpack_featured_media_url":"https:\/\/lasprimeras.com.do\/wp-content\/uploads\/2026\/03\/Raimundo-Perello-Portela-Brian-Paniagua-Claudia-Espinal-y-Juan-Guilamo.jpg","jetpack-related-posts":[{"id":55332,"url":"https:\/\/lasprimeras.com.do\/index.php\/2023\/07\/20\/fafise-y-adoexpo-reconocen-procesadora-san-martin-de-porres\/","url_meta":{"origin":124630,"position":0},"title":"Fafise y Adoexpo reconocen Procesadora San Mart\u00edn de Porres","author":"Nelson Feliz","date":"20 de julio de 2023","format":false,"excerpt":"En la cuarta edici\u00f3n del Premio Empresa Exportadora a Centroam\u00e9rica Lafise- Adoexpo 2023, se resalt\u00f3 el casi medio siglo de esta empresa que comercializa productos para ese mercado. Banco Lafise y la Asociaci\u00f3n Dominicana de Exportadores (Adoexpo) entregaron a la Procesadora San Mart\u00edn de Porres el Premio Empresa Exportadora a\u2026","rel":"","context":"En \u00abENTRETENIMIENTO\u00bb","block_context":{"text":"ENTRETENIMIENTO","link":"https:\/\/lasprimeras.com.do\/index.php\/category\/entretenimiento\/"},"img":{"alt_text":"El gerente general del Banco Lafise, Edgar del Toro","src":"https:\/\/i0.wp.com\/lasprimeras.com.do\/wp-content\/uploads\/2023\/07\/El-gerente-general-del-Banco-Lafise-Edgar-del-Toro.jpg?resize=350%2C200&ssl=1","width":350,"height":200,"srcset":"https:\/\/i0.wp.com\/lasprimeras.com.do\/wp-content\/uploads\/2023\/07\/El-gerente-general-del-Banco-Lafise-Edgar-del-Toro.jpg?resize=350%2C200&ssl=1 1x, https:\/\/i0.wp.com\/lasprimeras.com.do\/wp-content\/uploads\/2023\/07\/El-gerente-general-del-Banco-Lafise-Edgar-del-Toro.jpg?resize=525%2C300&ssl=1 1.5x, https:\/\/i0.wp.com\/lasprimeras.com.do\/wp-content\/uploads\/2023\/07\/El-gerente-general-del-Banco-Lafise-Edgar-del-Toro.jpg?resize=700%2C400&ssl=1 2x"},"classes":[]},{"id":55329,"url":"https:\/\/lasprimeras.com.do\/index.php\/2023\/07\/20\/presidenta-adoexpo-afirma-exportaciones-a-centroamerica-crecen-6-6\/","url_meta":{"origin":124630,"position":1},"title":"Presidenta Adoexpo afirma exportaciones a Centroam\u00e9rica crecen 6.6%","author":"Nelson Feliz","date":"20 de julio de 2023","format":false,"excerpt":"Elizabeth Mena destac\u00f3 este crecimiento en la cuarta edici\u00f3n del Premio Empresa Exportadora a Centroam\u00e9rica Lafise-Adoexpo 2023, otorgado a la Procesadora San Mart\u00edn de Porres. La presidenta de la Asociaci\u00f3n Dominicana de Exportadores (Adoexpo), Elizabeth Mena, destac\u00f3 que en el primer semestre del 2023 las exportaciones a Centroam\u00e9rica registraron un\u2026","rel":"","context":"En \u00abECONOM\u00cdA\u00bb","block_context":{"text":"ECONOM\u00cdA","link":"https:\/\/lasprimeras.com.do\/index.php\/category\/economia\/"},"img":{"alt_text":"Elizabeth Mena y Edgar del Toro conversan con periodistas","src":"https:\/\/i0.wp.com\/lasprimeras.com.do\/wp-content\/uploads\/2023\/07\/Elizabeth-Mena-y-Edgar-del-Toro-conversan-con-periodistas.jpg?resize=350%2C200&ssl=1","width":350,"height":200,"srcset":"https:\/\/i0.wp.com\/lasprimeras.com.do\/wp-content\/uploads\/2023\/07\/Elizabeth-Mena-y-Edgar-del-Toro-conversan-con-periodistas.jpg?resize=350%2C200&ssl=1 1x, https:\/\/i0.wp.com\/lasprimeras.com.do\/wp-content\/uploads\/2023\/07\/Elizabeth-Mena-y-Edgar-del-Toro-conversan-con-periodistas.jpg?resize=525%2C300&ssl=1 1.5x, https:\/\/i0.wp.com\/lasprimeras.com.do\/wp-content\/uploads\/2023\/07\/Elizabeth-Mena-y-Edgar-del-Toro-conversan-con-periodistas.jpg?resize=700%2C400&ssl=1 2x"},"classes":[]},{"id":113607,"url":"https:\/\/lasprimeras.com.do\/index.php\/2025\/11\/04\/banco-promerica-fortalece-su-presencia-en-el-gran-santo-domingo-con-nuevas-sucursales\/","url_meta":{"origin":124630,"position":2},"title":"Banco Promerica fortalece su presencia en el Gran Santo Domingo con nuevas sucursales","author":"Nelson Feliz","date":"4 de noviembre de 2025","format":false,"excerpt":"En l\u00ednea con su estrategia de expansi\u00f3n y su prop\u00f3sito de ofrecer soluciones financieras cada vez m\u00e1s accesibles y personalizadas, Banco Promerica inaugur\u00f3 dos modernas sucursales en el Gran Santo Domingo, ampliando as\u00ed su red de atenci\u00f3n y reafirmando su compromiso de estar m\u00e1s cerca de sus clientes. Las nuevas\u2026","rel":"","context":"En \u00abECONOM\u00cdA\u00bb","block_context":{"text":"ECONOM\u00cdA","link":"https:\/\/lasprimeras.com.do\/index.php\/category\/economia\/"},"img":{"alt_text":"","src":"https:\/\/i0.wp.com\/lasprimeras.com.do\/wp-content\/uploads\/2025\/11\/Banco-Promerica-1.jpg?resize=350%2C200&ssl=1","width":350,"height":200,"srcset":"https:\/\/i0.wp.com\/lasprimeras.com.do\/wp-content\/uploads\/2025\/11\/Banco-Promerica-1.jpg?resize=350%2C200&ssl=1 1x, https:\/\/i0.wp.com\/lasprimeras.com.do\/wp-content\/uploads\/2025\/11\/Banco-Promerica-1.jpg?resize=525%2C300&ssl=1 1.5x, https:\/\/i0.wp.com\/lasprimeras.com.do\/wp-content\/uploads\/2025\/11\/Banco-Promerica-1.jpg?resize=700%2C400&ssl=1 2x"},"classes":[]},{"id":127276,"url":"https:\/\/lasprimeras.com.do\/index.php\/2026\/04\/09\/banco-caribe-inaugura-nueva-sucursal-en-plaza-cuadra-en-santo-domingo-este\/","url_meta":{"origin":124630,"position":3},"title":"Banco Caribe inaugura nueva sucursal en Plaza Cuadra en Santo Domingo Este","author":"Nelson Feliz","date":"9 de abril de 2026","format":false,"excerpt":"El Banco Caribe dej\u00f3 inaugurada su nueva sucursal en Plaza Cuadra, Santo Domingo Este, un espacio concebido bajo una visi\u00f3n centrada en las personas, que promueve una experiencia m\u00e1s cercana, \u00e1gil y orientada al bienestar de sus clientes. Al referirse a esta apertura, Edgar del Toro, presidente ejecutivo de Banco\u2026","rel":"","context":"En \u00abECONOM\u00cdA\u00bb","block_context":{"text":"ECONOM\u00cdA","link":"https:\/\/lasprimeras.com.do\/index.php\/category\/economia\/"},"img":{"alt_text":"En el centro Edgar del Toro, presidente ejecutivo de Banco Caribe, al momento de la inauraci\u00f3n","src":"https:\/\/i0.wp.com\/lasprimeras.com.do\/wp-content\/uploads\/2026\/04\/En-el-centro-Edgar-del-Toro-presidente-ejecutivo-de-Banco-Caribe-al-momento-de-la-inauracion.jpg?resize=350%2C200&ssl=1","width":350,"height":200,"srcset":"https:\/\/i0.wp.com\/lasprimeras.com.do\/wp-content\/uploads\/2026\/04\/En-el-centro-Edgar-del-Toro-presidente-ejecutivo-de-Banco-Caribe-al-momento-de-la-inauracion.jpg?resize=350%2C200&ssl=1 1x, https:\/\/i0.wp.com\/lasprimeras.com.do\/wp-content\/uploads\/2026\/04\/En-el-centro-Edgar-del-Toro-presidente-ejecutivo-de-Banco-Caribe-al-momento-de-la-inauracion.jpg?resize=525%2C300&ssl=1 1.5x, https:\/\/i0.wp.com\/lasprimeras.com.do\/wp-content\/uploads\/2026\/04\/En-el-centro-Edgar-del-Toro-presidente-ejecutivo-de-Banco-Caribe-al-momento-de-la-inauracion.jpg?resize=700%2C400&ssl=1 2x"},"classes":[]},{"id":77285,"url":"https:\/\/lasprimeras.com.do\/index.php\/2024\/02\/19\/coopseguros-fortalecera-servicios-en-la-romana-con-nueva-sucursal\/","url_meta":{"origin":124630,"position":4},"title":"COOPSEGUROS fortalecer\u00e1 servicios en La Romana con nueva sucursal","author":"Nelson Feliz","date":"19 de febrero de 2024","format":false,"excerpt":"Soto dijo que se proyecta un crecimiento exponencial de la aseguradora en la regi\u00f3n Este. En La Romana se fortalecer\u00e1 el servicio a m\u00e1s de mil clientes. Por Jos\u00e9 Rafael Paula Sosa La Cooperativa Nacional de Seguros (COOPSEGUROS) abri\u00f3 su sucursal en la provincia La Romana, para extender sus servicios\u2026","rel":"","context":"En \u00abECONOM\u00cdA\u00bb","block_context":{"text":"ECONOM\u00cdA","link":"https:\/\/lasprimeras.com.do\/index.php\/category\/economia\/"},"img":{"alt_text":"COOPSEGUROS","src":"https:\/\/i0.wp.com\/lasprimeras.com.do\/wp-content\/uploads\/2024\/02\/23-Apertura-en-Barahona-oficina-de-coopersevicios-.jpg?resize=350%2C200&ssl=1","width":350,"height":200,"srcset":"https:\/\/i0.wp.com\/lasprimeras.com.do\/wp-content\/uploads\/2024\/02\/23-Apertura-en-Barahona-oficina-de-coopersevicios-.jpg?resize=350%2C200&ssl=1 1x, https:\/\/i0.wp.com\/lasprimeras.com.do\/wp-content\/uploads\/2024\/02\/23-Apertura-en-Barahona-oficina-de-coopersevicios-.jpg?resize=525%2C300&ssl=1 1.5x, https:\/\/i0.wp.com\/lasprimeras.com.do\/wp-content\/uploads\/2024\/02\/23-Apertura-en-Barahona-oficina-de-coopersevicios-.jpg?resize=700%2C400&ssl=1 2x"},"classes":[]},{"id":102772,"url":"https:\/\/lasprimeras.com.do\/index.php\/2025\/07\/08\/abinader-inaugurara-varias-obras-en-montecristi\/","url_meta":{"origin":124630,"position":5},"title":"Abinader inaugurar\u00e1 varias obras en Montecristi","author":"Nelson Feliz","date":"8 de julio de 2025","format":false,"excerpt":"Tambi\u00e9n encabezar\u00e1 el acto oficial de apertura de los Juegos Fronterizos y sostendr\u00e1 encuentros con empresarios y directivos de la C\u00e1mara de Comercio y Producci\u00f3n de la provincia. El presidente Luis Abinader se trasladar\u00e1 este mi\u00e9rcoles a Montecristi, donde encabezar\u00e1 una jornada de inauguraciones de obras clave que transformar\u00e1n la\u2026","rel":"","context":"En \u00abNACIONALES\u00bb","block_context":{"text":"NACIONALES","link":"https:\/\/lasprimeras.com.do\/index.php\/category\/nacionales\/"},"img":{"alt_text":"","src":"https:\/\/i0.wp.com\/lasprimeras.com.do\/wp-content\/uploads\/2025\/07\/Luis-Abinader-1-2.jpg?resize=350%2C200&ssl=1","width":350,"height":200,"srcset":"https:\/\/i0.wp.com\/lasprimeras.com.do\/wp-content\/uploads\/2025\/07\/Luis-Abinader-1-2.jpg?resize=350%2C200&ssl=1 1x, https:\/\/i0.wp.com\/lasprimeras.com.do\/wp-content\/uploads\/2025\/07\/Luis-Abinader-1-2.jpg?resize=525%2C300&ssl=1 1.5x, https:\/\/i0.wp.com\/lasprimeras.com.do\/wp-content\/uploads\/2025\/07\/Luis-Abinader-1-2.jpg?resize=700%2C400&ssl=1 2x"},"classes":[]}],"jetpack_sharing_enabled":true,"_links":{"self":[{"href":"https:\/\/lasprimeras.com.do\/index.php\/wp-json\/wp\/v2\/posts\/124630","targetHints":{"allow":["GET"]}}],"collection":[{"href":"https:\/\/lasprimeras.com.do\/index.php\/wp-json\/wp\/v2\/posts"}],"about":[{"href":"https:\/\/lasprimeras.com.do\/index.php\/wp-json\/wp\/v2\/types\/post"}],"author":[{"embeddable":true,"href":"https:\/\/lasprimeras.com.do\/index.php\/wp-json\/wp\/v2\/users\/10"}],"replies":[{"embeddable":true,"href":"https:\/\/lasprimeras.com.do\/index.php\/wp-json\/wp\/v2\/comments?post=124630"}],"version-history":[{"count":1,"href":"https:\/\/lasprimeras.com.do\/index.php\/wp-json\/wp\/v2\/posts\/124630\/revisions"}],"predecessor-version":[{"id":124633,"href":"https:\/\/lasprimeras.com.do\/index.php\/wp-json\/wp\/v2\/posts\/124630\/revisions\/124633"}],"wp:featuredmedia":[{"embeddable":true,"href":"https:\/\/lasprimeras.com.do\/index.php\/wp-json\/wp\/v2\/media\/124631"}],"wp:attachment":[{"href":"https:\/\/lasprimeras.com.do\/index.php\/wp-json\/wp\/v2\/media?parent=124630"}],"wp:term":[{"taxonomy":"category","embeddable":true,"href":"https:\/\/lasprimeras.com.do\/index.php\/wp-json\/wp\/v2\/categories?post=124630"},{"taxonomy":"post_tag","embeddable":true,"href":"https:\/\/lasprimeras.com.do\/index.php\/wp-json\/wp\/v2\/tags?post=124630"}],"curies":[{"name":"wp","href":"https:\/\/api.w.org\/{rel}","templated":true}]}}