{"id":124635,"date":"2026-03-15T14:28:51","date_gmt":"2026-03-15T18:28:51","guid":{"rendered":"https:\/\/lasprimeras.com.do\/?p=124635"},"modified":"2026-03-15T14:28:53","modified_gmt":"2026-03-15T18:28:53","slug":"zarpa-de-santo-domingo-el-buque-escuela-juan-sebastian-de-elcano-rumbo-a-mexico","status":"publish","type":"post","link":"https:\/\/lasprimeras.com.do\/index.php\/2026\/03\/15\/zarpa-de-santo-domingo-el-buque-escuela-juan-sebastian-de-elcano-rumbo-a-mexico\/","title":{"rendered":"Zarpa de Santo Domingo el buque escuela Juan Sebasti\u00e1n de Elcano rumbo a M\u00e9xico"},"content":{"rendered":"\n<p><strong>El hist\u00f3rico Juan Sebasti\u00e1n de Elcano contin\u00faa su traves\u00eda mundial tras escala en el pa\u00eds.<\/strong><\/p>\n\n\n\n<p>Zarp\u00f3 hoy desde el puerto Punta Torrecilla el buque Juan Sebasti\u00e1n de Elcano, de la armada de Espa\u00f1a, que se dirige a M\u00e9xico como parte del recorrido que realiza por varios lugares del mundo.<\/p>\n\n\n\n<p>El buque escuela permaneci\u00f3 en muerto 10 d\u00edas como parte de los ejercicios de formaci\u00f3n militar de la Armada de Espa\u00f1a.<\/p>\n\n\n\n<p>La embarcaci\u00f3n con 73 guardiamarinas a bordo esta vez trajo consigo a los miembros de la promoci\u00f3n 428 que reciben capacitaci\u00f3n militar y de navegaci\u00f3n durante el recorrido por diversos pa\u00edses.<\/p>\n\n\n\n<p>Una embarcaci\u00f3n visitada<\/p>\n\n\n\n<p>Durante su estad\u00eda en el pa\u00eds la embarcaci\u00f3n recibi\u00f3 a miles de visitantes que acudieron a diario a conocer ese medio de transporte que tiene una historia cercana a los 100 de formaci\u00f3n militar.<\/p>\n\n\n\n<p>Desde hace a\u00f1os que el buque atraca en puertos para compartir conocimiento y cultura entre los tripulantes y la armada y la sociedad dominicana como parte del intercambio cultural entre Espa\u00f1a y la Rep\u00fablica, tierra donde se fund\u00f3 la primera ciudad del nuevo mundo.<\/p>\n","protected":false},"excerpt":{"rendered":"<p>El hist\u00f3rico Juan Sebasti\u00e1n de Elcano contin\u00faa su traves\u00eda mundial tras escala en el pa\u00eds. Zarp\u00f3 hoy desde el puerto Punta Torrecilla el buque Juan Sebasti\u00e1n de Elcano, de la&hellip;<\/p>\n","protected":false},"author":10,"featured_media":0,"comment_status":"open","ping_status":"open","sticky":false,"template":"","format":"standard","meta":{"content-type":"","jetpack_post_was_ever_published":false,"_jetpack_newsletter_access":"","_jetpack_dont_email_post_to_subs":false,"_jetpack_newsletter_tier_id":0,"_jetpack_memberships_contains_paywalled_content":false,"_jetpack_memberships_contains_paid_content":false,"footnotes":""},"categories":[35],"tags":[15011,31192,906,3827,806,31191],"class_list":["post-124635","post","type-post","status-publish","format-standard","hentry","category-nacionales","tag-buque","tag-escuela-juan-sebastian-de-elcano","tag-mexico","tag-rumbo","tag-santo-domingo","tag-zarpa"],"jetpack_featured_media_url":"","jetpack-related-posts":[{"id":99436,"url":"https:\/\/lasprimeras.com.do\/index.php\/2025\/05\/21\/juan-sebastian-de-elcano-y-luis-homero-lajara-burgos-dos-viajes-en-dos-eras\/","url_meta":{"origin":124635,"position":0},"title":"Juan Sebasti\u00e1n de Elcano y Luis Homero Lajara Burgos, dos viajes en dos ERAS","author":"Nelson Feliz","date":"21 de mayo de 2025","format":false,"excerpt":"Por Pedro Julio Abreu Columna El lunes 19 de mayo, el barco escuela \u201cJuan Sebasti\u00e1n de Elcano\u201d lleg\u00f3 al puerto de Santo Domingo, representando a la Armada Espa\u00f1ola. Este viaje se\u00f1ala un nuevo momento en su historia: entre los miembros de la tripulaci\u00f3n se halla la princesa Leonor de Borb\u00f3n,\u2026","rel":"","context":"En \u00abOPINI\u00d3N\u00bb","block_context":{"text":"OPINI\u00d3N","link":"https:\/\/lasprimeras.com.do\/index.php\/category\/opinion\/"},"img":{"alt_text":"","src":"https:\/\/i0.wp.com\/lasprimeras.com.do\/wp-content\/uploads\/2025\/05\/Jua-Sebastian-ELCANO.-en-Santo-Domingo-1.jpg?resize=350%2C200&ssl=1","width":350,"height":200,"srcset":"https:\/\/i0.wp.com\/lasprimeras.com.do\/wp-content\/uploads\/2025\/05\/Jua-Sebastian-ELCANO.-en-Santo-Domingo-1.jpg?resize=350%2C200&ssl=1 1x, https:\/\/i0.wp.com\/lasprimeras.com.do\/wp-content\/uploads\/2025\/05\/Jua-Sebastian-ELCANO.-en-Santo-Domingo-1.jpg?resize=525%2C300&ssl=1 1.5x, https:\/\/i0.wp.com\/lasprimeras.com.do\/wp-content\/uploads\/2025\/05\/Jua-Sebastian-ELCANO.-en-Santo-Domingo-1.jpg?resize=700%2C400&ssl=1 2x"},"classes":[]},{"id":99131,"url":"https:\/\/lasprimeras.com.do\/index.php\/2025\/05\/18\/2-muertos-tras-choque-buque-contra-puente-brooklyn\/","url_meta":{"origin":124635,"position":1},"title":"2 muertos tras choque buque contra puente Brooklyn","author":"Nelson Feliz","date":"18 de mayo de 2025","format":false,"excerpt":"NUEVA YORK.- Un buque escuela de la Armada de M\u00e9xico, que transportaba a alrededor de 270 personas, ha colisionado este s\u00e1bado contra la parte inferior de una de las infraestructuras del neoyorquino Puente de Brooklyn, dejando al menos dos muertos y 20 heridos de distinta gravedad, seg\u00fan han informado autoridades\u2026","rel":"","context":"En \u00abINTERNACIONALES\u00bb","block_context":{"text":"INTERNACIONALES","link":"https:\/\/lasprimeras.com.do\/index.php\/category\/sin-categoria\/internacionales\/"},"img":{"alt_text":"buque","src":"https:\/\/i0.wp.com\/lasprimeras.com.do\/wp-content\/uploads\/2025\/05\/buque-1.jpg?resize=350%2C200&ssl=1","width":350,"height":200,"srcset":"https:\/\/i0.wp.com\/lasprimeras.com.do\/wp-content\/uploads\/2025\/05\/buque-1.jpg?resize=350%2C200&ssl=1 1x, https:\/\/i0.wp.com\/lasprimeras.com.do\/wp-content\/uploads\/2025\/05\/buque-1.jpg?resize=525%2C300&ssl=1 1.5x, https:\/\/i0.wp.com\/lasprimeras.com.do\/wp-content\/uploads\/2025\/05\/buque-1.jpg?resize=700%2C400&ssl=1 2x"},"classes":[]},{"id":98270,"url":"https:\/\/lasprimeras.com.do\/index.php\/2025\/05\/06\/rey-de-espana-llega-a-republica-dominicana-para-participar-en-congreso-mundial\/","url_meta":{"origin":124635,"position":2},"title":"Rey de Espa\u00f1a llega a Rep\u00fablica Dominicana para participar en Congreso Mundial","author":"Nelson Feliz","date":"6 de mayo de 2025","format":false,"excerpt":"Santo Domingo, (EFE).- El rey de Espa\u00f1a, Felipe VI, lleg\u00f3 este lunes a Santo Domingo, donde este martes participar\u00e1 en la clausura del XXIX Congreso Mundial del Derecho y entregar\u00e1 el World Peace & Liberty Award a la jueza asociada de la Corte Suprema de Estados Unidos Sonia Sotomayor, entre\u2026","rel":"","context":"En \u00abINTERNACIONALES\u00bb","block_context":{"text":"INTERNACIONALES","link":"https:\/\/lasprimeras.com.do\/index.php\/category\/sin-categoria\/internacionales\/"},"img":{"alt_text":"","src":"https:\/\/i0.wp.com\/lasprimeras.com.do\/wp-content\/uploads\/2025\/05\/Rey-de-Espana.jpeg?resize=350%2C200&ssl=1","width":350,"height":200,"srcset":"https:\/\/i0.wp.com\/lasprimeras.com.do\/wp-content\/uploads\/2025\/05\/Rey-de-Espana.jpeg?resize=350%2C200&ssl=1 1x, https:\/\/i0.wp.com\/lasprimeras.com.do\/wp-content\/uploads\/2025\/05\/Rey-de-Espana.jpeg?resize=525%2C300&ssl=1 1.5x, https:\/\/i0.wp.com\/lasprimeras.com.do\/wp-content\/uploads\/2025\/05\/Rey-de-Espana.jpeg?resize=700%2C400&ssl=1 2x"},"classes":[]},{"id":70742,"url":"https:\/\/lasprimeras.com.do\/index.php\/2023\/12\/13\/rescatan-otros-seis-tripulantes-de-embarcacion-que-zozobro-tras-zarpar-de-muelle-en-puerto-plata\/","url_meta":{"origin":124635,"position":3},"title":"Rescatan otros seis tripulantes de embarcaci\u00f3n que zozobr\u00f3 tras zarpar de muelle en Puerto Plata","author":"Nelson Feliz","date":"13 de diciembre de 2023","format":false,"excerpt":"Una unidad a\u00e9rea del Servicio de Guardacostas de los Estados Unidos (USCG) rescat\u00f3 este mi\u00e9rcoles a los otros seis tripulantes de la embarcaci\u00f3n que zozobr\u00f3 la noche del martes, tras zarpar de un muelle en Puerto Plata con destino a Providenciales, T&C. Los sobrevivientes fueron trasladados en helic\u00f3ptero a la\u2026","rel":"","context":"En \u00abNACIONALES\u00bb","block_context":{"text":"NACIONALES","link":"https:\/\/lasprimeras.com.do\/index.php\/category\/nacionales\/"},"img":{"alt_text":"TRIPULANTES","src":"https:\/\/i0.wp.com\/lasprimeras.com.do\/wp-content\/uploads\/2023\/12\/TRIPULANTES.jpg?resize=350%2C200&ssl=1","width":350,"height":200,"srcset":"https:\/\/i0.wp.com\/lasprimeras.com.do\/wp-content\/uploads\/2023\/12\/TRIPULANTES.jpg?resize=350%2C200&ssl=1 1x, https:\/\/i0.wp.com\/lasprimeras.com.do\/wp-content\/uploads\/2023\/12\/TRIPULANTES.jpg?resize=525%2C300&ssl=1 1.5x, https:\/\/i0.wp.com\/lasprimeras.com.do\/wp-content\/uploads\/2023\/12\/TRIPULANTES.jpg?resize=700%2C400&ssl=1 2x"},"classes":[]},{"id":63002,"url":"https:\/\/lasprimeras.com.do\/index.php\/2023\/10\/09\/abinader-visita-buque-britanico-que-se-encuentra-en-rd\/","url_meta":{"origin":124635,"position":4},"title":"Abinader visita Buque Brit\u00e1nico que se encuentra en RD","author":"BIMARY DE JES\u00daS Matos","date":"9 de octubre de 2023","format":false,"excerpt":"Santo Domingo.-El presidente Luis Abinader visit\u00f3 al mediod\u00eda de este lunes el buque Brit\u00e1nico Dauntless que se encuentra atracado en la Marina de Sans Souci. La embarcaci\u00f3n es el buque Destructor Tipo 45 HMS DAUNTLESS de la Armada Real Brit\u00e1nica, y es la primera vez que visita a la Rep\u00fablica\u2026","rel":"","context":"En \u00abPORTADA\u00bb","block_context":{"text":"PORTADA","link":"https:\/\/lasprimeras.com.do\/index.php\/category\/portada\/"},"img":{"alt_text":"","src":"https:\/\/i0.wp.com\/lasprimeras.com.do\/wp-content\/uploads\/2023\/10\/WhatsApp-Image-2023-10-09-at-11.49.51-AM-6.jpeg?resize=350%2C200&ssl=1","width":350,"height":200,"srcset":"https:\/\/i0.wp.com\/lasprimeras.com.do\/wp-content\/uploads\/2023\/10\/WhatsApp-Image-2023-10-09-at-11.49.51-AM-6.jpeg?resize=350%2C200&ssl=1 1x, https:\/\/i0.wp.com\/lasprimeras.com.do\/wp-content\/uploads\/2023\/10\/WhatsApp-Image-2023-10-09-at-11.49.51-AM-6.jpeg?resize=525%2C300&ssl=1 1.5x, https:\/\/i0.wp.com\/lasprimeras.com.do\/wp-content\/uploads\/2023\/10\/WhatsApp-Image-2023-10-09-at-11.49.51-AM-6.jpeg?resize=700%2C400&ssl=1 2x"},"classes":[]},{"id":54088,"url":"https:\/\/lasprimeras.com.do\/index.php\/2023\/07\/06\/armada-de-rd-despide-al-crucero-de-instruccion-para-guardiamarinas-verano-2023\/","url_meta":{"origin":124635,"position":5},"title":"Armada de RD despide al crucero de instrucci\u00f3n para guardiamarinas &#8220;Verano 2023&#8221;","author":"Nelson Feliz","date":"6 de julio de 2023","format":false,"excerpt":"La Armada de Rep\u00fablica Dominicana, inici\u00f3 hoy su tradicional programa de despedida en el apostadero naval Sans Souc\u00ed, del crucero de instrucci\u00f3n internacional para guardiamarinas \"Verano 2023\", 31 guardiamarinas a bordo, entre ellos tres de nacionalidad extranjera. Esta traves\u00eda ser\u00e1 realizada a bordo del buque escuela Almirante Juan Bautista Cambiaso,\u2026","rel":"","context":"En \u00abNACIONALES\u00bb","block_context":{"text":"NACIONALES","link":"https:\/\/lasprimeras.com.do\/index.php\/category\/nacionales\/"},"img":{"alt_text":"Armada de Rep\u00fablica Dominicana","src":"https:\/\/i0.wp.com\/lasprimeras.com.do\/wp-content\/uploads\/2023\/07\/Armada-de-Republica-Dominicana-1.jpg?resize=350%2C200&ssl=1","width":350,"height":200,"srcset":"https:\/\/i0.wp.com\/lasprimeras.com.do\/wp-content\/uploads\/2023\/07\/Armada-de-Republica-Dominicana-1.jpg?resize=350%2C200&ssl=1 1x, https:\/\/i0.wp.com\/lasprimeras.com.do\/wp-content\/uploads\/2023\/07\/Armada-de-Republica-Dominicana-1.jpg?resize=525%2C300&ssl=1 1.5x, https:\/\/i0.wp.com\/lasprimeras.com.do\/wp-content\/uploads\/2023\/07\/Armada-de-Republica-Dominicana-1.jpg?resize=700%2C400&ssl=1 2x"},"classes":[]}],"jetpack_sharing_enabled":true,"_links":{"self":[{"href":"https:\/\/lasprimeras.com.do\/index.php\/wp-json\/wp\/v2\/posts\/124635","targetHints":{"allow":["GET"]}}],"collection":[{"href":"https:\/\/lasprimeras.com.do\/index.php\/wp-json\/wp\/v2\/posts"}],"about":[{"href":"https:\/\/lasprimeras.com.do\/index.php\/wp-json\/wp\/v2\/types\/post"}],"author":[{"embeddable":true,"href":"https:\/\/lasprimeras.com.do\/index.php\/wp-json\/wp\/v2\/users\/10"}],"replies":[{"embeddable":true,"href":"https:\/\/lasprimeras.com.do\/index.php\/wp-json\/wp\/v2\/comments?post=124635"}],"version-history":[{"count":1,"href":"https:\/\/lasprimeras.com.do\/index.php\/wp-json\/wp\/v2\/posts\/124635\/revisions"}],"predecessor-version":[{"id":124636,"href":"https:\/\/lasprimeras.com.do\/index.php\/wp-json\/wp\/v2\/posts\/124635\/revisions\/124636"}],"wp:attachment":[{"href":"https:\/\/lasprimeras.com.do\/index.php\/wp-json\/wp\/v2\/media?parent=124635"}],"wp:term":[{"taxonomy":"category","embeddable":true,"href":"https:\/\/lasprimeras.com.do\/index.php\/wp-json\/wp\/v2\/categories?post=124635"},{"taxonomy":"post_tag","embeddable":true,"href":"https:\/\/lasprimeras.com.do\/index.php\/wp-json\/wp\/v2\/tags?post=124635"}],"curies":[{"name":"wp","href":"https:\/\/api.w.org\/{rel}","templated":true}]}}