{"id":124637,"date":"2026-03-15T14:38:21","date_gmt":"2026-03-15T18:38:21","guid":{"rendered":"https:\/\/lasprimeras.com.do\/?p=124637"},"modified":"2026-03-15T14:38:23","modified_gmt":"2026-03-15T18:38:23","slug":"sanchez-ramirez-mujer-es-asesinada-por-su-expareja","status":"publish","type":"post","link":"https:\/\/lasprimeras.com.do\/index.php\/2026\/03\/15\/sanchez-ramirez-mujer-es-asesinada-por-su-expareja\/","title":{"rendered":"S\u00e1nchez Ram\u00edrez: mujer es asesinada por su expareja"},"content":{"rendered":"\n<p><\/p>\n\n\n\n<p>Las autoridades han iniciado una investigaci\u00f3n sobre el tr\u00e1gico suceso<\/p>\n\n\n\n<p>Una tragedia ocurrida en la madrugada de este domingo en la comunidad de Comedero Arriba dej\u00f3 dos personas fallecidas, en un hecho que ha generado consternaci\u00f3n entre familiares y residentes de la zona.<\/p>\n\n\n\n<p>De acuerdo con informaciones obtenidas en el lugar, Manauri Castillo, conocido en la comunidad como &#8220;Manauri el carnicero&#8221;, habr\u00eda llegado a la vivienda de su expareja Wanda Rosa F\u00e9lix, de 28 a\u00f1os de edad, donde presuntamente le dispar\u00f3, provoc\u00e1ndole la muerte. Posteriormente, el hombre tambi\u00e9n se quit\u00f3 la vida.<\/p>\n\n\n\n<p>El hecho ocurri\u00f3 alrededor de las 4:00 de la madrugada, seg\u00fan relataron residentes de la comunidad que acudieron al lugar tras escuchar lo ocurrido.<\/p>\n\n\n\n<p>Personas cercanas a la familia indicaron que la pareja se encontraba separada desde hac\u00eda alg\u00fan tiempo.<\/p>\n\n\n\n<p>El padre de la fallecida identificado como &#8221; Neno&#8221; explic\u00f3 a reporteros locales que, &#8220;ellos estaban dejados&#8221; y que el hombre lleg\u00f3 a la vivienda durante la madrugada, donde se produjo el hecho violento.<\/p>\n\n\n\n<p>Impacto y reacciones en la comunidad<\/p>\n\n\n\n<p>Wanda Rosa F\u00e9lix era conocida en la comunidad por su trabajo. Seg\u00fan comunitarios, se dedicaba a labores comerciales y administraba una banca.<\/p>\n\n\n\n<p>El comerciante Pedro Jos\u00e9 Acosta, residente en Comedero Arriba, expres\u00f3 que el hecho ha causado dolor entre los habitantes de la localidad.<\/p>\n\n\n\n<p>&#8220;Hoy Comedero est\u00e1 de luto por la p\u00e9rdida de un hombre y una mujer. Es algo doloroso cuando pasan estas cosas porque dejan una marca en la comunidad&#8221;, manifest\u00f3.<\/p>\n\n\n\n<p>Agreg\u00f3 que la situaci\u00f3n ha generado tristeza entre los residentes. &#8220;No esper\u00e1bamos algo as\u00ed. Es una tragedia que afecta a todos los que vivimos aqu\u00ed&#8221;, se\u00f1al\u00f3.<\/p>\n","protected":false},"excerpt":{"rendered":"<p>Las autoridades han iniciado una investigaci\u00f3n sobre el tr\u00e1gico suceso Una tragedia ocurrida en la madrugada de este domingo en la comunidad de Comedero Arriba dej\u00f3 dos personas fallecidas, en&hellip;<\/p>\n","protected":false},"author":10,"featured_media":124638,"comment_status":"open","ping_status":"open","sticky":false,"template":"","format":"standard","meta":{"content-type":"","jetpack_post_was_ever_published":false,"_jetpack_newsletter_access":"","_jetpack_dont_email_post_to_subs":false,"_jetpack_newsletter_tier_id":0,"_jetpack_memberships_contains_paywalled_content":false,"_jetpack_memberships_contains_paid_content":false,"footnotes":""},"categories":[35,25],"tags":[1601,31193,1071,13947,650,429],"class_list":["post-124637","post","type-post","status-publish","format-standard","has-post-thumbnail","hentry","category-nacionales","category-portada","tag-ataque","tag-comedero-arriba","tag-expareja","tag-feminicidio","tag-muere","tag-mujer"],"jetpack_featured_media_url":"https:\/\/lasprimeras.com.do\/wp-content\/uploads\/2026\/03\/Sanchez-Ramirez-se-conmociona-por-feminicidio-de-Wanda-Rosa-Felix-en-Comedero.jpg","jetpack-related-posts":[{"id":92572,"url":"https:\/\/lasprimeras.com.do\/index.php\/2025\/01\/07\/hombre-mata-a-expareja-y-luego-se-suicida-en-los-guaricanos\/","url_meta":{"origin":124637,"position":0},"title":"Hombre mata a expareja y luego se suicida en Los Guaricanos","author":"Nelson Feliz","date":"7 de enero de 2025","format":false,"excerpt":"Una mujer muri\u00f3 la madrugada de este martes a manos de su expareja, quien luego de cometer el crimen, se suicid\u00f3. Esto ocurri\u00f3 en la calle Guarocuya del sector Ponce, en Los Guaricanos, Santo Domingo Norte. La v\u00edctima fue identificada como Rosa Mar\u00eda Roanes Polanco, de 36 a\u00f1os, y el\u2026","rel":"","context":"En \u00abNACIONALES\u00bb","block_context":{"text":"NACIONALES","link":"https:\/\/lasprimeras.com.do\/index.php\/category\/nacionales\/"},"img":{"alt_text":"","src":"https:\/\/i0.wp.com\/lasprimeras.com.do\/wp-content\/uploads\/2025\/01\/expareja.png?resize=350%2C200&ssl=1","width":350,"height":200,"srcset":"https:\/\/i0.wp.com\/lasprimeras.com.do\/wp-content\/uploads\/2025\/01\/expareja.png?resize=350%2C200&ssl=1 1x, https:\/\/i0.wp.com\/lasprimeras.com.do\/wp-content\/uploads\/2025\/01\/expareja.png?resize=525%2C300&ssl=1 1.5x, https:\/\/i0.wp.com\/lasprimeras.com.do\/wp-content\/uploads\/2025\/01\/expareja.png?resize=700%2C400&ssl=1 2x"},"classes":[]},{"id":51895,"url":"https:\/\/lasprimeras.com.do\/index.php\/2023\/06\/04\/hombre-asesino-expareja-se-entrega-a-la-policia-nacional\/","url_meta":{"origin":124637,"position":1},"title":"Hombre asesin\u00f3 expareja se entrega a la Polic\u00eda Nacional","author":"prenxa100","date":"4 de junio de 2023","format":false,"excerpt":"Agentes de la Polic\u00eda Nacional arrestaron este domingo a Dami\u00e1n Liranzo Jim\u00e9nez, quien ultim\u00f3 a su expareja sentimental y luego emprendi\u00f3 la huida, en el municipio El Factor en la provincia Mar\u00eda Trinidad S\u00e1nchez. A trav\u00e9s de un documento de prensa, la uniformada detall\u00f3 que Liranzo Jim\u00e9nez se estacion\u00f3 frente\u2026","rel":"","context":"En \u00abNACIONALES\u00bb","block_context":{"text":"NACIONALES","link":"https:\/\/lasprimeras.com.do\/index.php\/category\/nacionales\/"},"img":{"alt_text":"","src":"","width":0,"height":0},"classes":[]},{"id":75601,"url":"https:\/\/lasprimeras.com.do\/index.php\/2024\/02\/02\/condenan-a-40-anos-a-hombre-mato-a-su-expareja-y-disparo-contra-sus-dos-hijos\/","url_meta":{"origin":124637,"position":2},"title":"Condenan a 40 a\u00f1os a hombre mat\u00f3 a su expareja y dispar\u00f3 contra sus dos hijos","author":"Nelson Feliz","date":"2 de febrero de 2024","format":false,"excerpt":"Por Roberto P\u00e9rez El Tercer Tribunal Colegiado de Santiago, acogi\u00f3 a unanimidad la solicitud del Ministerio P\u00fablico y conden\u00f3 a 40 a\u00f1os de c\u00e1rcel a un hombre que asesin\u00f3 de su expareja, al asestarle un disparo en la frente en momentos en los que penetr\u00f3 a la residencia de la\u2026","rel":"","context":"En \u00abJUSTICIA\u00bb","block_context":{"text":"JUSTICIA","link":"https:\/\/lasprimeras.com.do\/index.php\/category\/justicia\/"},"img":{"alt_text":"condenado","src":"https:\/\/i0.wp.com\/lasprimeras.com.do\/wp-content\/uploads\/2024\/02\/condenado.jpg?resize=350%2C200&ssl=1","width":350,"height":200,"srcset":"https:\/\/i0.wp.com\/lasprimeras.com.do\/wp-content\/uploads\/2024\/02\/condenado.jpg?resize=350%2C200&ssl=1 1x, https:\/\/i0.wp.com\/lasprimeras.com.do\/wp-content\/uploads\/2024\/02\/condenado.jpg?resize=525%2C300&ssl=1 1.5x"},"classes":[]},{"id":50323,"url":"https:\/\/lasprimeras.com.do\/index.php\/2023\/05\/19\/hombre-ultima-de-varios-machetazos-a-su-expareja-en-spm\/","url_meta":{"origin":124637,"position":3},"title":"Hombre ultima de varios machetazos a su expareja en SPM","author":"prenxa100","date":"19 de mayo de 2023","format":false,"excerpt":"Por Jairo De La Rosa@SoySerie23.Com1 SAN PEDRO DE MACOR\u00cdS:- Un hombre identificado como Felix Beriguete de unos 57 a\u00f1os, le quit\u00f3 la vida a una mujer de nacionalidad Haitiana con la cual sostuvo una relaci\u00f3n amorosa y hace unos meses hab\u00edan terminado. Beriguete se dedica a la carnicer\u00eda en el\u2026","rel":"","context":"En \u00abNACIONALES\u00bb","block_context":{"text":"NACIONALES","link":"https:\/\/lasprimeras.com.do\/index.php\/category\/nacionales\/"},"img":{"alt_text":"","src":"","width":0,"height":0},"classes":[]},{"id":96151,"url":"https:\/\/lasprimeras.com.do\/index.php\/2025\/03\/26\/muere-ahorcado-hombre-que-le-quito-la-vida-a-expareja-tras-atropellarla-en-hato-mayor\/","url_meta":{"origin":124637,"position":4},"title":"Muere ahorcado hombre que le quit\u00f3 la vida a expareja tras atropellarla en Hato Mayor","author":"Nelson Feliz","date":"26 de marzo de 2025","format":false,"excerpt":"El victimario, de 28 a\u00f1os, fue hallado en una propiedad ubicada en la comunidad conocida como Las Dos Bocas, en la provincia El Seibo. Florentino Dur\u00e1n El cuerpo sin vida de Miguel Mercedes Apolinar, el hombre que el pasado fin de semana dio muerte a su expareja en un barrio\u2026","rel":"","context":"En \u00abNACIONALES\u00bb","block_context":{"text":"NACIONALES","link":"https:\/\/lasprimeras.com.do\/index.php\/category\/nacionales\/"},"img":{"alt_text":"Miguel Mercedes Apolinar","src":"https:\/\/i0.wp.com\/lasprimeras.com.do\/wp-content\/uploads\/2025\/03\/Miguel-Mercedes-Apolinar.jpeg?resize=350%2C200&ssl=1","width":350,"height":200,"srcset":"https:\/\/i0.wp.com\/lasprimeras.com.do\/wp-content\/uploads\/2025\/03\/Miguel-Mercedes-Apolinar.jpeg?resize=350%2C200&ssl=1 1x, https:\/\/i0.wp.com\/lasprimeras.com.do\/wp-content\/uploads\/2025\/03\/Miguel-Mercedes-Apolinar.jpeg?resize=525%2C300&ssl=1 1.5x, https:\/\/i0.wp.com\/lasprimeras.com.do\/wp-content\/uploads\/2025\/03\/Miguel-Mercedes-Apolinar.jpeg?resize=700%2C400&ssl=1 2x"},"classes":[]},{"id":109009,"url":"https:\/\/lasprimeras.com.do\/index.php\/2025\/09\/12\/hombre-celoso-asesina-expareja-en-san-antonio-de-guerra-tras-rechazar-reconciliacion\/","url_meta":{"origin":124637,"position":5},"title":"Hombre celoso asesina expareja en San Antonio de Guerra tras rechazar reconciliaci\u00f3n","author":"Nelson Feliz","date":"12 de septiembre de 2025","format":false,"excerpt":"Tragedia en San Antonio de Guerra: Mercedes F\u00e9liz Reyes es asesinada por su expareja tras salir del trabajo. El municipio de San Antonio de Guerra fue sacudido por un atroz hecho de violencia de g\u00e9nero la tarde de este mi\u00e9rcoles, cuando una joven mujer fue asesinada por su expareja sentimental,\u2026","rel":"","context":"En \u00abNACIONALES\u00bb","block_context":{"text":"NACIONALES","link":"https:\/\/lasprimeras.com.do\/index.php\/category\/nacionales\/"},"img":{"alt_text":"","src":"https:\/\/i0.wp.com\/lasprimeras.com.do\/wp-content\/uploads\/2025\/09\/feminicidio.jpg?resize=350%2C200&ssl=1","width":350,"height":200},"classes":[]}],"jetpack_sharing_enabled":true,"_links":{"self":[{"href":"https:\/\/lasprimeras.com.do\/index.php\/wp-json\/wp\/v2\/posts\/124637","targetHints":{"allow":["GET"]}}],"collection":[{"href":"https:\/\/lasprimeras.com.do\/index.php\/wp-json\/wp\/v2\/posts"}],"about":[{"href":"https:\/\/lasprimeras.com.do\/index.php\/wp-json\/wp\/v2\/types\/post"}],"author":[{"embeddable":true,"href":"https:\/\/lasprimeras.com.do\/index.php\/wp-json\/wp\/v2\/users\/10"}],"replies":[{"embeddable":true,"href":"https:\/\/lasprimeras.com.do\/index.php\/wp-json\/wp\/v2\/comments?post=124637"}],"version-history":[{"count":1,"href":"https:\/\/lasprimeras.com.do\/index.php\/wp-json\/wp\/v2\/posts\/124637\/revisions"}],"predecessor-version":[{"id":124639,"href":"https:\/\/lasprimeras.com.do\/index.php\/wp-json\/wp\/v2\/posts\/124637\/revisions\/124639"}],"wp:featuredmedia":[{"embeddable":true,"href":"https:\/\/lasprimeras.com.do\/index.php\/wp-json\/wp\/v2\/media\/124638"}],"wp:attachment":[{"href":"https:\/\/lasprimeras.com.do\/index.php\/wp-json\/wp\/v2\/media?parent=124637"}],"wp:term":[{"taxonomy":"category","embeddable":true,"href":"https:\/\/lasprimeras.com.do\/index.php\/wp-json\/wp\/v2\/categories?post=124637"},{"taxonomy":"post_tag","embeddable":true,"href":"https:\/\/lasprimeras.com.do\/index.php\/wp-json\/wp\/v2\/tags?post=124637"}],"curies":[{"name":"wp","href":"https:\/\/api.w.org\/{rel}","templated":true}]}}