{"id":124640,"date":"2026-03-15T14:48:49","date_gmt":"2026-03-15T18:48:49","guid":{"rendered":"https:\/\/lasprimeras.com.do\/?p=124640"},"modified":"2026-03-15T14:48:50","modified_gmt":"2026-03-15T18:48:50","slug":"alex-rodriguez-anticipa-el-juego-del-ano-entre-rd-y-estados-unidos","status":"publish","type":"post","link":"https:\/\/lasprimeras.com.do\/index.php\/2026\/03\/15\/alex-rodriguez-anticipa-el-juego-del-ano-entre-rd-y-estados-unidos\/","title":{"rendered":"Alex Rodr\u00edguez anticipa &#8220;el juego del a\u00f1o&#8221; entre RD y Estados Unidos"},"content":{"rendered":"\n<p>El exastro tambi\u00e9n la conformaci\u00f3n del conjunto quisqueyano, resaltando el equilibrio ofensivo y la variedad de recursos que presenta el equipo<\/p>\n\n\n\n<p>Omar Santana<\/p>\n\n\n\n<p>El exjugador de Grandes Ligas Alex Rodr\u00edguez afirm\u00f3 que el enfrentamiento entre Rep\u00fablica Dominicana y Estados Unidos en el Cl\u00e1sico Mundial de B\u00e9isbol se perfila como &#8220;el juego del a\u00f1o&#8221;, al destacar la calidad de los equipos y el ambiente que rodea al conjunto dominicano en el torneo.<\/p>\n\n\n\n<p>Rodr\u00edguez se\u00f1al\u00f3 que el partido tendr\u00e1 un duelo de alto nivel en el mont\u00edculo, con el lanzador estadounidense Paul Skenes frente a la ofensiva dominicana, a la que calific\u00f3 como &#8220;el mejor lineup del mundo&#8221; en la actualidad.<\/p>\n\n\n\n<p>\u00bfQu\u00e9 destac\u00f3 Alex Rodr\u00edguez sobre el equipo dominicano?<\/p>\n\n\n\n<p>&#8220;Qu\u00e9 maldito juego&#8221;, expres\u00f3 el exantesalista al referirse al enfrentamiento, que considera uno de los m\u00e1s atractivos del torneo.<\/p>\n\n\n\n<p>El exastro tambi\u00e9n destac\u00f3 la conformaci\u00f3n del conjunto quisqueyano, resaltando el equilibrio ofensivo y la variedad de recursos que presenta el equipo.<\/p>\n\n\n\n<p>De acuerdo con Rodr\u00edguez, la alineaci\u00f3n dominicana combina bateo de poder, disciplina en el plato, velocidad en las bases y profundidad ofensiva, elementos que han contribuido al desempe\u00f1o del equipo en el torneo.<\/p>\n\n\n\n<p>En sus declaraciones, Rodr\u00edguez atribuy\u00f3 parte de la cohesi\u00f3n del equipo al trabajo de Nelson Cruz, gerente general de la selecci\u00f3n, y de Albert Pujols, dirigente del conjunto dominicano.<\/p>\n\n\n\n<p>\u00bfD\u00f3nde ver el juego?<\/p>\n\n\n\n<p>El partido Rep\u00fablica Dominicana vs. Estados Unidos se juega este domingo 15 de marzo a las 8:00 p.m. (hora dominicana).<\/p>\n\n\n\n<p>Si quieres vivir el ambiente desde temprano, algunos lugares comienzan actividades desde las 7:00 de la noche.<\/p>\n\n\n\n<p>Opci\u00f3n 1: Ver el juego desde tu casa (la m\u00e1s f\u00e1cil).<\/p>\n\n\n\n<p>Si prefieres la comodidad del sof\u00e1, hay varias formas de ver el partido sin pagar nada.<\/p>\n\n\n\n<p>Televisi\u00f3n abierta en Rep\u00fablica Dominicana<\/p>\n\n\n\n<p>Estos canales transmitir\u00e1n el juego:<\/p>\n\n\n\n<p>Teleantillas \u2013 Canal10<\/p>\n\n\n\n<p>VTV \u2013 Canal 32<\/p>\n\n\n\n<p>Coral \u2013 Canal 39<\/p>\n\n\n\n<p>Presencia de leyendas y ambiente en el equipo<\/p>\n\n\n\n<p>Seg\u00fan explic\u00f3, ambos han sido claves en la construcci\u00f3n de un equipo que mantiene una fuerte identidad y una din\u00e1mica positiva dentro y fuera del terreno.<\/p>\n\n\n\n<p>El exjugador indic\u00f3 que esa presencia de leyendas contribuye a reforzar el entusiasmo del grupo y a mantener una atm\u00f3sfera de confianza y energ\u00eda alrededor del conjunto dominicano.<\/p>\n\n\n\n<p>En ese contexto, Rodr\u00edguez destac\u00f3 que la selecci\u00f3n dominicana no solo cuenta con talento en el terreno, sino que tambi\u00e9n muestra un ambiente de disfrute y conexi\u00f3n entre sus jugadores.<\/p>\n\n\n\n<p>A su juicio, los peloteros dominicanos se caracterizan por jugar con intensidad y entusiasmo, celebrando cada momento del torneo y transmitiendo esa energ\u00eda tanto dentro del terreno como en el dugout.<\/p>\n\n\n\n<p>El partido entre Rep\u00fablica Dominicana y Estados Unidos forma parte de la fase decisiva del Cl\u00e1sico Mundial de B\u00e9isbol y ha generado expectativa entre fan\u00e1ticos y analistas por la calidad de las plantillas y el historial competitivo entre ambas selecciones.<\/p>\n\n\n\n<p>Rodr\u00edguez invit\u00f3 a los aficionados a seguir el encuentro, se\u00f1alando que la transmisi\u00f3n incluir\u00e1 una cobertura previa antes del inicio del juego y un an\u00e1lisis posterior tras su conclusi\u00f3n.<\/p>\n","protected":false},"excerpt":{"rendered":"<p>El exastro tambi\u00e9n la conformaci\u00f3n del conjunto quisqueyano, resaltando el equilibrio ofensivo y la variedad de recursos que presenta el equipo Omar Santana El exjugador de Grandes Ligas Alex Rodr\u00edguez&hellip;<\/p>\n","protected":false},"author":10,"featured_media":124641,"comment_status":"open","ping_status":"open","sticky":false,"template":"","format":"standard","meta":{"content-type":"","jetpack_post_was_ever_published":false,"_jetpack_newsletter_access":"","_jetpack_dont_email_post_to_subs":false,"_jetpack_newsletter_tier_id":0,"_jetpack_memberships_contains_paywalled_content":false,"_jetpack_memberships_contains_paid_content":false,"footnotes":""},"categories":[630],"tags":[31194,16305,31195,98,127],"class_list":["post-124640","post","type-post","status-publish","format-standard","has-post-thumbnail","hentry","category-deportes","tag-alex-rodriguez","tag-anticipa","tag-el-juego-del-ano","tag-estados-unidos","tag-rd"],"jetpack_featured_media_url":"https:\/\/lasprimeras.com.do\/wp-content\/uploads\/2026\/03\/Alex-Rodriguez.jpg","jetpack-related-posts":[{"id":104857,"url":"https:\/\/lasprimeras.com.do\/index.php\/2025\/07\/28\/republica-dominicana-gana-a-panama-y-va-rumbo-a-semifinales-mundial-u12\/","url_meta":{"origin":124640,"position":0},"title":"Rep\u00fablica Dominicana gana a Panam\u00e1 y va rumbo a semifinales Mundial U12","author":"Nelson Feliz","date":"28 de julio de 2025","format":false,"excerpt":"Tain\u00e1n, Taiw\u00e1n.- Llega la segunda victoria de la Rep\u00fablica Dominicana al enfrentar a Panam\u00e1 con pizarra 10-3, en su tercera fecha de la serie regular en la Copa Mundial de B\u00e9isbol U12 que se celebra en Tainan, Taiw\u00e1n. Los dominicanos tomaron la delantera del juego en el segundo episodio y\u2026","rel":"","context":"En \u00abDEPORTES\u00bb","block_context":{"text":"DEPORTES","link":"https:\/\/lasprimeras.com.do\/index.php\/category\/deportes\/"},"img":{"alt_text":"","src":"https:\/\/i0.wp.com\/lasprimeras.com.do\/wp-content\/uploads\/2025\/07\/rd-1.jpg?resize=350%2C200&ssl=1","width":350,"height":200,"srcset":"https:\/\/i0.wp.com\/lasprimeras.com.do\/wp-content\/uploads\/2025\/07\/rd-1.jpg?resize=350%2C200&ssl=1 1x, https:\/\/i0.wp.com\/lasprimeras.com.do\/wp-content\/uploads\/2025\/07\/rd-1.jpg?resize=525%2C300&ssl=1 1.5x, https:\/\/i0.wp.com\/lasprimeras.com.do\/wp-content\/uploads\/2025\/07\/rd-1.jpg?resize=700%2C400&ssl=1 2x"},"classes":[]},{"id":124583,"url":"https:\/\/lasprimeras.com.do\/index.php\/2026\/03\/13\/con-un-cuadrangular-de-austin-wells-rd-gana-10-0-a-corea-del-sur-en-semifinales-del-clasico-mundial-de-beisbol\/","url_meta":{"origin":124640,"position":1},"title":"Con un cuadrangular de Austin Wells, RD gana 10-0 a Corea del Sur en semifinales del Cl\u00e1sico Mundial de B\u00e9isbol","author":"Nelson Feliz","date":"13 de marzo de 2026","format":false,"excerpt":"Rep\u00fablica Dominicana le entra a palos a Corea y est\u00e1 en semifinales del Cl\u00e1sico Mundial de B\u00e9isbol Con un enorme cuadrangular que remolc\u00f3 tres carreras en la parte baja del s\u00e9ptimo episodio en el que Austin Wells sell\u00f3 el triunfo por nocaut de la selecci\u00f3n de la Rep\u00fablica Dominicana 10-0\u2026","rel":"","context":"En \u00abDEPORTES\u00bb","block_context":{"text":"DEPORTES","link":"https:\/\/lasprimeras.com.do\/index.php\/category\/deportes\/"},"img":{"alt_text":"","src":"https:\/\/i0.wp.com\/lasprimeras.com.do\/wp-content\/uploads\/2026\/03\/Austin-Wells.jpg?resize=350%2C200&ssl=1","width":350,"height":200,"srcset":"https:\/\/i0.wp.com\/lasprimeras.com.do\/wp-content\/uploads\/2026\/03\/Austin-Wells.jpg?resize=350%2C200&ssl=1 1x, https:\/\/i0.wp.com\/lasprimeras.com.do\/wp-content\/uploads\/2026\/03\/Austin-Wells.jpg?resize=525%2C300&ssl=1 1.5x, https:\/\/i0.wp.com\/lasprimeras.com.do\/wp-content\/uploads\/2026\/03\/Austin-Wells.jpg?resize=700%2C400&ssl=1 2x"},"classes":[]},{"id":109777,"url":"https:\/\/lasprimeras.com.do\/index.php\/2025\/09\/22\/dominicanos-valoran-de-positivo-juego-baloncesto-entre-equipos-rd-en-nj-bameso-derroto-a-mauricio-baez\/","url_meta":{"origin":124640,"position":2},"title":"Dominicanos valoran de positivo juego baloncesto entre equipos RD en NJ; Bameso derrot\u00f3 a Mauricio B\u00e1ez","author":"Nelson Feliz","date":"22 de septiembre de 2025","format":false,"excerpt":"https:\/\/www.youtube.com\/watch?v=5cIkiCoWt8U Por Ram\u00f3n Mercedes NUEVA JERSEY.- Dominicanos amantes del baloncesto, tanto en la Rep\u00fablica Dominicana como en Estados Unidos, valoraron de positivo el primer e hist\u00f3rico encuentro en territorio estadounidense entre los equipos iconos de este deporte en dominicana, Bameso y Mauricio B\u00e1ez, efectuado el pasado s\u00e1bado en el Prudential\u2026","rel":"","context":"En \u00abDEPORTES\u00bb","block_context":{"text":"DEPORTES","link":"https:\/\/lasprimeras.com.do\/index.php\/category\/deportes\/"},"img":{"alt_text":"","src":"https:\/\/i0.wp.com\/lasprimeras.com.do\/wp-content\/uploads\/2025\/09\/WhatsApp-Image-2025-09-22-at-7.05.56-AM-2.jpeg?resize=350%2C200&ssl=1","width":350,"height":200,"srcset":"https:\/\/i0.wp.com\/lasprimeras.com.do\/wp-content\/uploads\/2025\/09\/WhatsApp-Image-2025-09-22-at-7.05.56-AM-2.jpeg?resize=350%2C200&ssl=1 1x, https:\/\/i0.wp.com\/lasprimeras.com.do\/wp-content\/uploads\/2025\/09\/WhatsApp-Image-2025-09-22-at-7.05.56-AM-2.jpeg?resize=525%2C300&ssl=1 1.5x"},"classes":[]},{"id":124182,"url":"https:\/\/lasprimeras.com.do\/index.php\/2026\/03\/09\/dirigente-deportivo-tanto-en-ny-como-en-rd-celebra-victoria-dominicana-en-el-clasico-mundial-en-miami\/","url_meta":{"origin":124640,"position":3},"title":"Dirigente deportivo, tanto en NY como en RD, celebra victoria dominicana en el Cl\u00e1sico Mundial en Miami","author":"Nelson Feliz","date":"9 de marzo de 2026","format":false,"excerpt":"Por Ram\u00f3n Mercedes NUEVA YORK.- El reconocido dirigente deportivo y comunitario, tanto en esta ciudad como en Quisqueya, el empresario Roberto Rojas, manifest\u00f3 celebrar, como si hubiese sido el nacimiento de uno de sus hijos, la victoria de la selecci\u00f3n de b\u00e9isbol de la Rep\u00fablica Dominicana durante su participaci\u00f3n en\u2026","rel":"","context":"En \u00abDEPORTES\u00bb","block_context":{"text":"DEPORTES","link":"https:\/\/lasprimeras.com.do\/index.php\/category\/deportes\/"},"img":{"alt_text":"","src":"https:\/\/i0.wp.com\/lasprimeras.com.do\/wp-content\/uploads\/2026\/03\/IMG-20260309-WA0389.jpg?resize=350%2C200&ssl=1","width":350,"height":200},"classes":[]},{"id":102565,"url":"https:\/\/lasprimeras.com.do\/index.php\/2025\/07\/06\/juan-soto-no-fue-elegido-para-el-juego-de-estrellas\/","url_meta":{"origin":124640,"position":4},"title":"Juan Soto no fue elegido para el Juego de Estrellas","author":"Nelson Feliz","date":"6 de julio de 2025","format":false,"excerpt":"Seis jugadores dominicanos se unen a los titulares para el Juego de Estrellas de MLB. El jardinero dominicano de los Mets de Nueva York, Juan Soto, no estar\u00e1 en el Juego de Estrellas de las Grandes Ligas el pr\u00f3ximo martes 15 de julio. Soto, que fue seleccionado como el Jugador\u2026","rel":"","context":"En \u00abDEPORTES\u00bb","block_context":{"text":"DEPORTES","link":"https:\/\/lasprimeras.com.do\/index.php\/category\/deportes\/"},"img":{"alt_text":"","src":"https:\/\/i0.wp.com\/lasprimeras.com.do\/wp-content\/uploads\/2025\/06\/Juan-Soto.jpg?resize=350%2C200&ssl=1","width":350,"height":200,"srcset":"https:\/\/i0.wp.com\/lasprimeras.com.do\/wp-content\/uploads\/2025\/06\/Juan-Soto.jpg?resize=350%2C200&ssl=1 1x, https:\/\/i0.wp.com\/lasprimeras.com.do\/wp-content\/uploads\/2025\/06\/Juan-Soto.jpg?resize=525%2C300&ssl=1 1.5x, https:\/\/i0.wp.com\/lasprimeras.com.do\/wp-content\/uploads\/2025\/06\/Juan-Soto.jpg?resize=700%2C400&ssl=1 2x"},"classes":[]},{"id":126966,"url":"https:\/\/lasprimeras.com.do\/index.php\/2026\/04\/07\/mayoria-hispanos-en-paterson-apoyan-al-dominicano-alex-mendez-para-la-alcaldia\/","url_meta":{"origin":124640,"position":5},"title":"Mayor\u00eda hispanos en Paterson apoyan al dominicano Alex M\u00e9ndez para la alcald\u00eda","author":"Nelson Feliz","date":"7 de abril de 2026","format":false,"excerpt":"https:\/\/www.youtube.com\/watch?v=Y5hXuD94D0s Por Ram\u00f3n Mercedes PATERSON, Nueva Jersey.- La mayor\u00eda de la comunidad hispana en esta ciudad, calculada en 160 mil, y el 64 % de ella pertenece a dicha etnia, ha expresado su apoyo al dominicano y actual concejal del Tercer Barrio, Alex M\u00e9ndez, para la alcald\u00eda. As\u00ed lo hicieron\u2026","rel":"","context":"En \u00abINTERNACIONALES\u00bb","block_context":{"text":"INTERNACIONALES","link":"https:\/\/lasprimeras.com.do\/index.php\/category\/sin-categoria\/internacionales\/"},"img":{"alt_text":"","src":"https:\/\/i0.wp.com\/lasprimeras.com.do\/wp-content\/uploads\/2026\/04\/IMG-20260407-WA0073.jpg?resize=350%2C200&ssl=1","width":350,"height":200},"classes":[]}],"jetpack_sharing_enabled":true,"_links":{"self":[{"href":"https:\/\/lasprimeras.com.do\/index.php\/wp-json\/wp\/v2\/posts\/124640","targetHints":{"allow":["GET"]}}],"collection":[{"href":"https:\/\/lasprimeras.com.do\/index.php\/wp-json\/wp\/v2\/posts"}],"about":[{"href":"https:\/\/lasprimeras.com.do\/index.php\/wp-json\/wp\/v2\/types\/post"}],"author":[{"embeddable":true,"href":"https:\/\/lasprimeras.com.do\/index.php\/wp-json\/wp\/v2\/users\/10"}],"replies":[{"embeddable":true,"href":"https:\/\/lasprimeras.com.do\/index.php\/wp-json\/wp\/v2\/comments?post=124640"}],"version-history":[{"count":1,"href":"https:\/\/lasprimeras.com.do\/index.php\/wp-json\/wp\/v2\/posts\/124640\/revisions"}],"predecessor-version":[{"id":124642,"href":"https:\/\/lasprimeras.com.do\/index.php\/wp-json\/wp\/v2\/posts\/124640\/revisions\/124642"}],"wp:featuredmedia":[{"embeddable":true,"href":"https:\/\/lasprimeras.com.do\/index.php\/wp-json\/wp\/v2\/media\/124641"}],"wp:attachment":[{"href":"https:\/\/lasprimeras.com.do\/index.php\/wp-json\/wp\/v2\/media?parent=124640"}],"wp:term":[{"taxonomy":"category","embeddable":true,"href":"https:\/\/lasprimeras.com.do\/index.php\/wp-json\/wp\/v2\/categories?post=124640"},{"taxonomy":"post_tag","embeddable":true,"href":"https:\/\/lasprimeras.com.do\/index.php\/wp-json\/wp\/v2\/tags?post=124640"}],"curies":[{"name":"wp","href":"https:\/\/api.w.org\/{rel}","templated":true}]}}