{"id":124643,"date":"2026-03-15T15:03:55","date_gmt":"2026-03-15T19:03:55","guid":{"rendered":"https:\/\/lasprimeras.com.do\/?p=124643"},"modified":"2026-03-15T15:03:57","modified_gmt":"2026-03-15T19:03:57","slug":"carolina-y-medios-panorama-llevaran-el-clasico-mundial-a-alcaldias-de-todo-el-pais","status":"publish","type":"post","link":"https:\/\/lasprimeras.com.do\/index.php\/2026\/03\/15\/carolina-y-medios-panorama-llevaran-el-clasico-mundial-a-alcaldias-de-todo-el-pais\/","title":{"rendered":"Carolina y Medios Panorama llevar\u00e1n el Cl\u00e1sico Mundial a alcald\u00edas de todo el pa\u00eds"},"content":{"rendered":"\n<p>La alcaldesa del Distrito Nacional, Carolina Mej\u00eda inform\u00f3 que ha ofrecido asesor\u00eda y apoyo a diversas alcald\u00edas del pa\u00eds para organizar transmisiones p\u00fablicas del partido entre Rep\u00fablica Dominicana y Estados Unidos del Cl\u00e1sico Mundial de B\u00e9isbol, que se disputar\u00e1 este domingo.<\/p>\n\n\n\n<p>La iniciativa busca que miles de dominicanos puedan reunirse en espacios p\u00fablicos de sus comunidades para disfrutar del encuentro en pantallas gigantes, replicando la experiencia que se vive en la capital con las transmisiones organizadas en la Plaza Santo Domingo, en el malec\u00f3n, gracias al acuerdo de la Alcald\u00eda del Distrito con Grupo de Medios Panorama como plataforma oficial de transmisi\u00f3n de esta justa deportiva.<\/p>\n\n\n\n<p>Carolina explic\u00f3 que desde la Alcald\u00eda del Distrito Nacional se ha compartido la experiencia log\u00edstica y organizativa utilizada en estas jornadas deportivas, que incluyen instalaci\u00f3n de pantallas, organizaci\u00f3n de \u00e1reas de espectadores, coordinaci\u00f3n de seguridad y habilitaci\u00f3n de servicios b\u00e1sicos para garantizar un ambiente familiar.<\/p>\n\n\n\n<p>\u201cNos alegra poder compartir esta experiencia con alcald\u00edas hermanas de distintas regiones del pa\u00eds para que m\u00e1s dominicanos puedan vivir juntos la emoci\u00f3n del b\u00e9isbol, que es una de las expresiones m\u00e1s aut\u00e9nticas de nuestra identidad nacional\u201d, expres\u00f3.<\/p>\n\n\n\n<p>Carolina ya coordina transmisiones p\u00fablicas del partido en municipios de varias provincia, entre ellas Santo Domingo, Hermanas Mirabal, Espaillat, Santiago, Duarte, Monse\u00f1or Nouel, San Crist\u00f3bal, Peravia, La Romana, San Pedro de Macor\u00eds, Hato Mayor, La Vega, El Seibo, Hig\u00fcey, entre otras.<\/p>\n\n\n\n<p>La iniciativa surge tras el \u00e9xito de las jornadas realizadas en el malec\u00f3n de Santo Domingo, donde miles de familias dominicanas se han congregado para apoyar al equipo dominicano durante el desarrollo del Cl\u00e1sico Mundial de B\u00e9isbol.<\/p>\n\n\n\n<p>El partido entre Rep\u00fablica Dominicana y Estados Unidos se disputar\u00e1 este domingo a partir de las 8:00 de la noche, y definir\u00e1 cu\u00e1l de las dos selecciones avanzar\u00e1 a la gran final del torneo internacional.<\/p>\n","protected":false},"excerpt":{"rendered":"<p>La alcaldesa del Distrito Nacional, Carolina Mej\u00eda inform\u00f3 que ha ofrecido asesor\u00eda y apoyo a diversas alcald\u00edas del pa\u00eds para organizar transmisiones p\u00fablicas del partido entre Rep\u00fablica Dominicana y Estados&hellip;<\/p>\n","protected":false},"author":10,"featured_media":124644,"comment_status":"open","ping_status":"open","sticky":false,"template":"","format":"standard","meta":{"content-type":"","jetpack_post_was_ever_published":false,"_jetpack_newsletter_access":"","_jetpack_dont_email_post_to_subs":false,"_jetpack_newsletter_tier_id":0,"_jetpack_memberships_contains_paywalled_content":false,"_jetpack_memberships_contains_paid_content":false,"footnotes":""},"categories":[630],"tags":[1033,11390,29785,11615,31196],"class_list":["post-124643","post","type-post","status-publish","format-standard","has-post-thumbnail","hentry","category-deportes","tag-alcaldias","tag-carolina-mejia-2","tag-clasico-mundial","tag-grupo-de-medios-panorama","tag-transmision-publica"],"jetpack_featured_media_url":"https:\/\/lasprimeras.com.do\/wp-content\/uploads\/2026\/03\/carolina-2.jpg","jetpack-related-posts":[{"id":123144,"url":"https:\/\/lasprimeras.com.do\/index.php\/2026\/02\/26\/grupo-de-medios-panorama-transmitira-la-serie-entre-la-seleccion-dominicana-y-los-tigres-de-detroit\/","url_meta":{"origin":124643,"position":0},"title":"Grupo de Medios Panorama transmitir\u00e1 la serie entre la Selecci\u00f3n Dominicana y los Tigres de Detroit","author":"Nelson Feliz","date":"26 de febrero de 2026","format":false,"excerpt":"Los medios oficiales ser\u00e1n VTV Canal 32, Teleantillas Canal 10, Coral Canal 39, Panorama FM 96.9, Expreso 89.1 FM y Ban\u00ed FM 97.5 El Grupo de Medios Panorama anunci\u00f3 que, como propietaria de los derechos exclusivos de transmisi\u00f3n para televisi\u00f3n abierta en territorio dominicano, llevar\u00e1 al p\u00fablico, junto a otros\u2026","rel":"","context":"En \u00abDEPORTES\u00bb","block_context":{"text":"DEPORTES","link":"https:\/\/lasprimeras.com.do\/index.php\/category\/deportes\/"},"img":{"alt_text":"","src":"https:\/\/i0.wp.com\/lasprimeras.com.do\/wp-content\/uploads\/2026\/02\/IMG-20260226-WA0189.jpg?resize=350%2C200&ssl=1","width":350,"height":200,"srcset":"https:\/\/i0.wp.com\/lasprimeras.com.do\/wp-content\/uploads\/2026\/02\/IMG-20260226-WA0189.jpg?resize=350%2C200&ssl=1 1x, https:\/\/i0.wp.com\/lasprimeras.com.do\/wp-content\/uploads\/2026\/02\/IMG-20260226-WA0189.jpg?resize=525%2C300&ssl=1 1.5x, https:\/\/i0.wp.com\/lasprimeras.com.do\/wp-content\/uploads\/2026\/02\/IMG-20260226-WA0189.jpg?resize=700%2C400&ssl=1 2x"},"classes":[]},{"id":93158,"url":"https:\/\/lasprimeras.com.do\/index.php\/2025\/01\/26\/grupo-de-medios-panorama-da-inicio-a-su-transmision-especial-desde-puerto-rico\/","url_meta":{"origin":124643,"position":1},"title":"Grupo de Medios Panorama da inicio a su transmisi\u00f3n especial desde Puerto Rico","author":"Nelson Feliz","date":"26 de enero de 2025","format":false,"excerpt":"El Grupo de Medios Panorama se encuentra en Puerto Rico, desde hoy domingo y hasta los d\u00edas 27, 28 y 29 de este mes para realizar una transmisi\u00f3n especial de la mano de sus redes de medios de comunicaci\u00f3n VTV, canal 32, Panorama 96.9 FM y el peri\u00f3dico Panorama. Durante\u2026","rel":"","context":"En \u00abENTRETENIMIENTO\u00bb","block_context":{"text":"ENTRETENIMIENTO","link":"https:\/\/lasprimeras.com.do\/index.php\/category\/entretenimiento\/"},"img":{"alt_text":"","src":"https:\/\/i0.wp.com\/lasprimeras.com.do\/wp-content\/uploads\/2025\/01\/grupo-medios-panorama.jpg?resize=350%2C200&ssl=1","width":350,"height":200,"srcset":"https:\/\/i0.wp.com\/lasprimeras.com.do\/wp-content\/uploads\/2025\/01\/grupo-medios-panorama.jpg?resize=350%2C200&ssl=1 1x, https:\/\/i0.wp.com\/lasprimeras.com.do\/wp-content\/uploads\/2025\/01\/grupo-medios-panorama.jpg?resize=525%2C300&ssl=1 1.5x, https:\/\/i0.wp.com\/lasprimeras.com.do\/wp-content\/uploads\/2025\/01\/grupo-medios-panorama.jpg?resize=700%2C400&ssl=1 2x"},"classes":[]},{"id":70565,"url":"https:\/\/lasprimeras.com.do\/index.php\/2023\/12\/12\/alcaldia-dn-enciende-arbol-navideno-en-el-parque-eugenio-maria-de-hostos\/","url_meta":{"origin":124643,"position":2},"title":"Alcald\u00eda DN enciende \u00e1rbol navide\u00f1o en el Parque Eugenio Mar\u00eda de Hostos","author":"Nelson Feliz","date":"12 de diciembre de 2023","format":false,"excerpt":"La alcaldesa del Distrito Nacional Carolina Mej\u00eda expres\u00f3 su alegr\u00eda al dar inicio a las festividades con el encendido del \u00e1rbol navide\u00f1o, en el Parque Eugenio Mar\u00eda de Hostos, resaltando la importancia de compartir momentos especiales durante esta temporada. \u00abEs un honor para la alcald\u00eda dar inicio a las festividades\u2026","rel":"","context":"En \u00abNACIONALES\u00bb","block_context":{"text":"NACIONALES","link":"https:\/\/lasprimeras.com.do\/index.php\/category\/nacionales\/"},"img":{"alt_text":"Carolina Mej\u00eda","src":"https:\/\/i0.wp.com\/lasprimeras.com.do\/wp-content\/uploads\/2023\/12\/Carolina-Mejia.jpeg?resize=350%2C200&ssl=1","width":350,"height":200,"srcset":"https:\/\/i0.wp.com\/lasprimeras.com.do\/wp-content\/uploads\/2023\/12\/Carolina-Mejia.jpeg?resize=350%2C200&ssl=1 1x, https:\/\/i0.wp.com\/lasprimeras.com.do\/wp-content\/uploads\/2023\/12\/Carolina-Mejia.jpeg?resize=525%2C300&ssl=1 1.5x, https:\/\/i0.wp.com\/lasprimeras.com.do\/wp-content\/uploads\/2023\/12\/Carolina-Mejia.jpeg?resize=700%2C400&ssl=1 2x"},"classes":[]},{"id":69383,"url":"https:\/\/lasprimeras.com.do\/index.php\/2023\/12\/02\/prm-inscribe-candidatura-de-carolina-mejia-a-la-alcaldia-del-dn\/","url_meta":{"origin":124643,"position":3},"title":"PRM inscribe candidatura de Carolina Mej\u00eda a la alcald\u00eda del DN","author":"BIMARY DE JES\u00daS Matos","date":"2 de diciembre de 2023","format":false,"excerpt":"Santo Domingo.-El Partido Revolucionario Moderno (PRM) inscribi\u00f3 este viernes a Carolina Mej\u00eda como su candidata a la Alcald\u00eda del Distrito Nacional (ADN) para las elecciones de febrero de 2024, y a Stalin Alc\u00e1ntara como vicealcalde. Los documentos fueron depositados ante la Junta del Distrito Nacional por una comisi\u00f3n encabezada por\u2026","rel":"","context":"En \u00abSin categor\u00eda\u00bb","block_context":{"text":"Sin categor\u00eda","link":"https:\/\/lasprimeras.com.do\/index.php\/category\/sin-categoria\/"},"img":{"alt_text":"","src":"https:\/\/i0.wp.com\/lasprimeras.com.do\/wp-content\/uploads\/2023\/12\/WhatsApp-Image-2023-11-30-at-12.17.33-PM-1.jpeg?resize=350%2C200&ssl=1","width":350,"height":200,"srcset":"https:\/\/i0.wp.com\/lasprimeras.com.do\/wp-content\/uploads\/2023\/12\/WhatsApp-Image-2023-11-30-at-12.17.33-PM-1.jpeg?resize=350%2C200&ssl=1 1x, https:\/\/i0.wp.com\/lasprimeras.com.do\/wp-content\/uploads\/2023\/12\/WhatsApp-Image-2023-11-30-at-12.17.33-PM-1.jpeg?resize=525%2C300&ssl=1 1.5x"},"classes":[]},{"id":76676,"url":"https:\/\/lasprimeras.com.do\/index.php\/2024\/02\/13\/lideres-sindicales-se-suman-en-apoyo-a-carolina-mejia\/","url_meta":{"origin":124643,"position":4},"title":"L\u00edderes sindicales se suman en apoyo a Carolina Mej\u00eda","author":"BIMARY DE JES\u00daS Matos","date":"13 de febrero de 2024","format":false,"excerpt":"DISTRITO NACIONAL. \u2013Los l\u00edderes sindicales Pepe Abreu, Jacobo Ramos y Gabriel del R\u00edo, endosaron su apoyo y del movimiento Trabajadores con Luis, a la candidatura de Carolina Mej\u00eda, que busca ser reelecta como alcaldesa del distrito nacional para el periodo 2024-2028. Pepe Abreu, dijo que las corrientes que apoyan al\u2026","rel":"","context":"En \u00abSin categor\u00eda\u00bb","block_context":{"text":"Sin categor\u00eda","link":"https:\/\/lasprimeras.com.do\/index.php\/category\/sin-categoria\/"},"img":{"alt_text":"","src":"https:\/\/i0.wp.com\/lasprimeras.com.do\/wp-content\/uploads\/2024\/02\/Conoceran-esta-tarde-solicitud-de-cese-de-medida-de-coercion-a-Jean-Alain-Rodriguez-8.jpg?resize=350%2C200&ssl=1","width":350,"height":200,"srcset":"https:\/\/i0.wp.com\/lasprimeras.com.do\/wp-content\/uploads\/2024\/02\/Conoceran-esta-tarde-solicitud-de-cese-de-medida-de-coercion-a-Jean-Alain-Rodriguez-8.jpg?resize=350%2C200&ssl=1 1x, https:\/\/i0.wp.com\/lasprimeras.com.do\/wp-content\/uploads\/2024\/02\/Conoceran-esta-tarde-solicitud-de-cese-de-medida-de-coercion-a-Jean-Alain-Rodriguez-8.jpg?resize=525%2C300&ssl=1 1.5x, https:\/\/i0.wp.com\/lasprimeras.com.do\/wp-content\/uploads\/2024\/02\/Conoceran-esta-tarde-solicitud-de-cese-de-medida-de-coercion-a-Jean-Alain-Rodriguez-8.jpg?resize=700%2C400&ssl=1 2x, https:\/\/i0.wp.com\/lasprimeras.com.do\/wp-content\/uploads\/2024\/02\/Conoceran-esta-tarde-solicitud-de-cese-de-medida-de-coercion-a-Jean-Alain-Rodriguez-8.jpg?resize=1050%2C600&ssl=1 3x"},"classes":[]},{"id":114880,"url":"https:\/\/lasprimeras.com.do\/index.php\/2025\/11\/17\/carolina-presenta-una-transformacion-social-la-ciudad-que-respira\/","url_meta":{"origin":124643,"position":5},"title":"Carolina presenta una transformaci\u00f3n social: &#8220;La Ciudad que Respira&#8221;","author":"Nelson Feliz","date":"17 de noviembre de 2025","format":false,"excerpt":"Destaca los m\u00e1s de 200 espacios p\u00fablicos entregados durante su gesti\u00f3n Carolina Mej\u00eda encabez\u00f3 la presentaci\u00f3n de la transformaci\u00f3n social \"La Ciudad que Respira\", en la que se destacan los m\u00e1s de 200 espacios p\u00fablicos que ha construido y remozado la Alcald\u00eda del Distrito Nacional en su gesti\u00f3n. Durante la\u2026","rel":"","context":"En \u00abPOLITICA\u00bb","block_context":{"text":"POLITICA","link":"https:\/\/lasprimeras.com.do\/index.php\/category\/politica\/"},"img":{"alt_text":"","src":"https:\/\/i0.wp.com\/lasprimeras.com.do\/wp-content\/uploads\/2025\/11\/Carolina-Mejia.jpg?resize=350%2C200&ssl=1","width":350,"height":200,"srcset":"https:\/\/i0.wp.com\/lasprimeras.com.do\/wp-content\/uploads\/2025\/11\/Carolina-Mejia.jpg?resize=350%2C200&ssl=1 1x, https:\/\/i0.wp.com\/lasprimeras.com.do\/wp-content\/uploads\/2025\/11\/Carolina-Mejia.jpg?resize=525%2C300&ssl=1 1.5x, https:\/\/i0.wp.com\/lasprimeras.com.do\/wp-content\/uploads\/2025\/11\/Carolina-Mejia.jpg?resize=700%2C400&ssl=1 2x"},"classes":[]}],"jetpack_sharing_enabled":true,"_links":{"self":[{"href":"https:\/\/lasprimeras.com.do\/index.php\/wp-json\/wp\/v2\/posts\/124643","targetHints":{"allow":["GET"]}}],"collection":[{"href":"https:\/\/lasprimeras.com.do\/index.php\/wp-json\/wp\/v2\/posts"}],"about":[{"href":"https:\/\/lasprimeras.com.do\/index.php\/wp-json\/wp\/v2\/types\/post"}],"author":[{"embeddable":true,"href":"https:\/\/lasprimeras.com.do\/index.php\/wp-json\/wp\/v2\/users\/10"}],"replies":[{"embeddable":true,"href":"https:\/\/lasprimeras.com.do\/index.php\/wp-json\/wp\/v2\/comments?post=124643"}],"version-history":[{"count":1,"href":"https:\/\/lasprimeras.com.do\/index.php\/wp-json\/wp\/v2\/posts\/124643\/revisions"}],"predecessor-version":[{"id":124645,"href":"https:\/\/lasprimeras.com.do\/index.php\/wp-json\/wp\/v2\/posts\/124643\/revisions\/124645"}],"wp:featuredmedia":[{"embeddable":true,"href":"https:\/\/lasprimeras.com.do\/index.php\/wp-json\/wp\/v2\/media\/124644"}],"wp:attachment":[{"href":"https:\/\/lasprimeras.com.do\/index.php\/wp-json\/wp\/v2\/media?parent=124643"}],"wp:term":[{"taxonomy":"category","embeddable":true,"href":"https:\/\/lasprimeras.com.do\/index.php\/wp-json\/wp\/v2\/categories?post=124643"},{"taxonomy":"post_tag","embeddable":true,"href":"https:\/\/lasprimeras.com.do\/index.php\/wp-json\/wp\/v2\/tags?post=124643"}],"curies":[{"name":"wp","href":"https:\/\/api.w.org\/{rel}","templated":true}]}}