{"id":124646,"date":"2026-03-15T15:10:26","date_gmt":"2026-03-15T19:10:26","guid":{"rendered":"https:\/\/lasprimeras.com.do\/?p=124646"},"modified":"2026-03-15T15:10:29","modified_gmt":"2026-03-15T19:10:29","slug":"banreservas-presentara-charlas-y-talleres-en-la-semana-economica-y-financiera-del-bc","status":"publish","type":"post","link":"https:\/\/lasprimeras.com.do\/index.php\/2026\/03\/15\/banreservas-presentara-charlas-y-talleres-en-la-semana-economica-y-financiera-del-bc\/","title":{"rendered":"Banreservas presentar\u00e1 charlas y talleres en la Semana Econ\u00f3mica y Financiera del BC"},"content":{"rendered":"\n<p><strong>La intituci\u00f3n bancaria promueve la educaci\u00f3n financiera para ni\u00f1os y adolescentes.<\/strong><\/p>\n\n\n\n<p>El Banco de Reservas desarrollar\u00e1 en la VI edici\u00f3n de la Semana Econ\u00f3mica y Financiera del Banco Central de la Rep\u00fablica Dominicana, a celebrarse desde este lunes 16 hasta el 20 de marzo, un amplio programa de charlas de educaci\u00f3n financiera y talleres dirigidos a distintos grupos de edad.<\/p>\n\n\n\n<p>Especialistas de la instituci\u00f3n financiera pertenecientes a diversas \u00e1reas impartir\u00e1n orientaciones sobre ahorro infantil y educaci\u00f3n financiera, con el objetivo de fortalecer los conocimientos econ\u00f3micos de ni\u00f1os y adolescentes, y fomentar h\u00e1bitos responsables en el manejo del dinero.<\/p>\n\n\n\n<p>Banreservas contar\u00e1 con un stand interactivo en la sede del Banco Central de Santo Domingo y en el Centro Le\u00f3n de Santiago, que funcionar\u00e1 desde el martes 17 hasta finalizar la feria, en horario de 8:00 de la ma\u00f1ana a 5:00 de la tarde.<\/p>\n\n\n\n<p>En estos espacios, el p\u00fablico recibir\u00e1 informaci\u00f3n sobre los beneficios de la Cuenta de Ahorro Infantil Banreservas, adem\u00e1s de que los ni\u00f1os podr\u00e1n compartir con Jenny la Ballenita, personaje que forma parte de las iniciativas educativas de la instituci\u00f3n financiera. Tambi\u00e9n se entregar\u00e1n brochures informativos y se realizar\u00e1n din\u00e1micas dirigidas a ni\u00f1os y j\u00f3venes, quienes recibi\u00e1n diversos materiales promocionales.<\/p>\n\n\n\n<p>Dentro de la agenda educativa, Banreservas impartir\u00e1 en Santo Domingo dos charlas diarias sobre ahorro infantil y una en el Centro Cultural Perell\u00f3, en Ban\u00ed, programada para el mi\u00e9rcoles 18 de marzo; mientras que en Santiago las disertasi\u00f3n ser\u00e1n el jueves 19 y viernes 20.<\/p>\n\n\n\n<p>Estas actividades de aprendizaje forman parte de las acciones de responsabilidad social que realiza el Banco de Reservas para fomentar la educaci\u00f3n financiera desde temprana edad y promover una cultura de ahorro y manejo responsable del dinero entre ni\u00f1os y j\u00f3venes.<\/p>\n\n\n\n<p>La inauguraci\u00f3n de la Semana Econ\u00f3mica y Financiera del Banco Central se efectur\u00e1 este lunes 16 de marzo, a las 10:30 de la ma\u00f1ana, y se extender\u00e1 hasta las 6:00 de la tarde del viernes 20. La actividad busca acercar al p\u00fablico a temas econ\u00f3micos y financieros, mediante espacios de aprendizaje accesibles para toda la poblaci\u00f3n.<\/p>\n\n\n\n<p>Esta actividad tambi\u00e9n tiene como prop\u00f3sito facilitar el acceso a servicios e informaci\u00f3n financiera a trav\u00e9s de programas educativos dirigidos a distintos segmentos de la poblaci\u00f3n.<\/p>\n","protected":false},"excerpt":{"rendered":"<p>La intituci\u00f3n bancaria promueve la educaci\u00f3n financiera para ni\u00f1os y adolescentes. El Banco de Reservas desarrollar\u00e1 en la VI edici\u00f3n de la Semana Econ\u00f3mica y Financiera del Banco Central de&hellip;<\/p>\n","protected":false},"author":10,"featured_media":118078,"comment_status":"open","ping_status":"open","sticky":false,"template":"","format":"standard","meta":{"content-type":"","jetpack_post_was_ever_published":false,"_jetpack_newsletter_access":"","_jetpack_dont_email_post_to_subs":false,"_jetpack_newsletter_tier_id":0,"_jetpack_memberships_contains_paywalled_content":false,"_jetpack_memberships_contains_paid_content":false,"footnotes":""},"categories":[39,25],"tags":[726,31197,954,946,31143,8879],"class_list":["post-124646","post","type-post","status-publish","format-standard","has-post-thumbnail","hentry","category-economia","category-portada","tag-banreservas","tag-bc","tag-charlas","tag-financiera","tag-semana-economica","tag-talleres"],"jetpack_featured_media_url":"https:\/\/lasprimeras.com.do\/wp-content\/uploads\/2025\/12\/Banreservas-1-2.jpg","jetpack-related-posts":[{"id":125698,"url":"https:\/\/lasprimeras.com.do\/index.php\/2026\/03\/25\/banreservas-realiza-jornadas-de-bancarizacion-para-estudiantes-de-la-uasd-y-el-itla\/","url_meta":{"origin":124646,"position":0},"title":"Banreservas realiza jornadas de bancarizaci\u00f3n para estudiantes de la UASD y el ITLA","author":"Nelson Feliz","date":"25 de marzo de 2026","format":false,"excerpt":"El Banco de Reservas realiz\u00f3 varias jornadas de bancarizaci\u00f3n para estudiantes de la Universidad Aut\u00f3noma de Santo Domingo (UASD) y del Instituto Tecnol\u00f3gico de Las Am\u00e9ricas (ITLA), quienes tuvieron la oportunidad de acceder a servicios bancarios de la instituci\u00f3n, adem\u00e1s de participar en talleres de educaci\u00f3n financiera. En ambas entidades\u2026","rel":"","context":"En \u00abECONOM\u00cdA\u00bb","block_context":{"text":"ECONOM\u00cdA","link":"https:\/\/lasprimeras.com.do\/index.php\/category\/economia\/"},"img":{"alt_text":"Estudiantes de la Universidad Aut\u00f3noma de Santo Domingo reciben servicios financieros durante una jornada de bancarizaci\u00f3n de Banreservas en la Facultad de Econom\u00eda de esa casa de altos estudios.","src":"https:\/\/i0.wp.com\/lasprimeras.com.do\/wp-content\/uploads\/2026\/03\/Banreservas-4.jpg?resize=350%2C200&ssl=1","width":350,"height":200,"srcset":"https:\/\/i0.wp.com\/lasprimeras.com.do\/wp-content\/uploads\/2026\/03\/Banreservas-4.jpg?resize=350%2C200&ssl=1 1x, https:\/\/i0.wp.com\/lasprimeras.com.do\/wp-content\/uploads\/2026\/03\/Banreservas-4.jpg?resize=525%2C300&ssl=1 1.5x, https:\/\/i0.wp.com\/lasprimeras.com.do\/wp-content\/uploads\/2026\/03\/Banreservas-4.jpg?resize=700%2C400&ssl=1 2x"},"classes":[]},{"id":124499,"url":"https:\/\/lasprimeras.com.do\/index.php\/2026\/03\/13\/la-superintendencia-de-bancos-ofrecera-cuatro-charlas-en-la-semana-economica-y-financiera\/","url_meta":{"origin":124646,"position":1},"title":"La Superintendencia de Bancos ofrecer\u00e1 cuatro charlas en la Semana Econ\u00f3mica y Financiera","author":"Nelson Feliz","date":"13 de marzo de 2026","format":false,"excerpt":"Las conferencias, dirigidas a ni\u00f1os y adolescentes, ser\u00e1n impartidas en Santo Domingo, Santiago y Ban\u00ed. En el marco de la d\u00e9cimo segunda Semana Econ\u00f3mica y Financiera del Banco Central y la campa\u00f1a Global Money Weeko Semana Mundial del Dinero, la Superintendencia de Bancos (SB) auspicia cuatro charlas, dos en Santo\u2026","rel":"","context":"En \u00abECONOM\u00cdA\u00bb","block_context":{"text":"ECONOM\u00cdA","link":"https:\/\/lasprimeras.com.do\/index.php\/category\/economia\/"},"img":{"alt_text":"","src":"https:\/\/i0.wp.com\/lasprimeras.com.do\/wp-content\/uploads\/2026\/03\/Foto-web_31.jpg?resize=350%2C200&ssl=1","width":350,"height":200,"srcset":"https:\/\/i0.wp.com\/lasprimeras.com.do\/wp-content\/uploads\/2026\/03\/Foto-web_31.jpg?resize=350%2C200&ssl=1 1x, https:\/\/i0.wp.com\/lasprimeras.com.do\/wp-content\/uploads\/2026\/03\/Foto-web_31.jpg?resize=525%2C300&ssl=1 1.5x, https:\/\/i0.wp.com\/lasprimeras.com.do\/wp-content\/uploads\/2026\/03\/Foto-web_31.jpg?resize=700%2C400&ssl=1 2x, https:\/\/i0.wp.com\/lasprimeras.com.do\/wp-content\/uploads\/2026\/03\/Foto-web_31.jpg?resize=1050%2C600&ssl=1 3x"},"classes":[]},{"id":109549,"url":"https:\/\/lasprimeras.com.do\/index.php\/2025\/09\/18\/mas-de-1300-estudiantes-de-azua-reciben-capacitacion-financiera-con-el-programa-puedo-banreservas\/","url_meta":{"origin":124646,"position":2},"title":"M\u00e1s de 1,300 estudiantes de Azua reciben capacitaci\u00f3n financiera con el programa Puedo Banreservas","author":"Nelson Feliz","date":"18 de septiembre de 2025","format":false,"excerpt":"El presidente ejecutivo de la instituci\u00f3n financiera, doctor Leonardo Aguilera, exhort\u00f3 a los alumnos a que aprendan a ahorrar para sentar las bases del futuro. M\u00e1s de 1,300 estudiantes de la provincia de Azua participaron este jueves en los talleres Puedo, del Programa Nacional de Educaci\u00f3n Financiera para Ni\u00f1os y\u2026","rel":"","context":"En \u00abECONOM\u00cdA\u00bb","block_context":{"text":"ECONOM\u00cdA","link":"https:\/\/lasprimeras.com.do\/index.php\/category\/economia\/"},"img":{"alt_text":"","src":"https:\/\/i0.wp.com\/lasprimeras.com.do\/wp-content\/uploads\/2025\/09\/AGUILERA-2.jpg?resize=350%2C200&ssl=1","width":350,"height":200,"srcset":"https:\/\/i0.wp.com\/lasprimeras.com.do\/wp-content\/uploads\/2025\/09\/AGUILERA-2.jpg?resize=350%2C200&ssl=1 1x, https:\/\/i0.wp.com\/lasprimeras.com.do\/wp-content\/uploads\/2025\/09\/AGUILERA-2.jpg?resize=525%2C300&ssl=1 1.5x, https:\/\/i0.wp.com\/lasprimeras.com.do\/wp-content\/uploads\/2025\/09\/AGUILERA-2.jpg?resize=700%2C400&ssl=1 2x"},"classes":[]},{"id":102546,"url":"https:\/\/lasprimeras.com.do\/index.php\/2025\/07\/06\/camara-alta-imparte-la-charla-aventura-financiera-a-los-hijos-de-sus-colaboradores\/","url_meta":{"origin":124646,"position":3},"title":"C\u00e1mara Alta imparte la charla \u201cAventura Financiera\u201d a los hijos de sus colaboradores","author":"Nelson Feliz","date":"6 de julio de 2025","format":false,"excerpt":"\u00a0Con este evento, el Senado de la Rep\u00fablica reafirma su compromiso con la educaci\u00f3n integral de las familias de sus colaboradores, contribuyendo a la estabilidad financiera individual y comunitaria, promoviendo un consumo responsable y eficiente de los recursos. Por Mayelin Guzm\u00e1n En una actividad entusiasta y llena de diversi\u00f3n, ciento\u2026","rel":"","context":"En \u00abNACIONALES\u00bb","block_context":{"text":"NACIONALES","link":"https:\/\/lasprimeras.com.do\/index.php\/category\/nacionales\/"},"img":{"alt_text":"","src":"https:\/\/i0.wp.com\/lasprimeras.com.do\/wp-content\/uploads\/2025\/07\/Charla.jpg?resize=350%2C200&ssl=1","width":350,"height":200,"srcset":"https:\/\/i0.wp.com\/lasprimeras.com.do\/wp-content\/uploads\/2025\/07\/Charla.jpg?resize=350%2C200&ssl=1 1x, https:\/\/i0.wp.com\/lasprimeras.com.do\/wp-content\/uploads\/2025\/07\/Charla.jpg?resize=525%2C300&ssl=1 1.5x, https:\/\/i0.wp.com\/lasprimeras.com.do\/wp-content\/uploads\/2025\/07\/Charla.jpg?resize=700%2C400&ssl=1 2x"},"classes":[]},{"id":117684,"url":"https:\/\/lasprimeras.com.do\/index.php\/2025\/12\/14\/banreservas-encabeza-ranking-de-inclusion-financiera-2025-segun-informe-de-la-sb\/","url_meta":{"origin":124646,"position":4},"title":"Banreservas encabeza Ranking de Inclusi\u00f3n Financiera 2025 seg\u00fan informe de la SB","author":"Nelson Feliz","date":"14 de diciembre de 2025","format":false,"excerpt":"El doctor Leonardo Aguilera, presidente ejecutivo de Banreservas.","rel":"","context":"En \u00abECONOM\u00cdA\u00bb","block_context":{"text":"ECONOM\u00cdA","link":"https:\/\/lasprimeras.com.do\/index.php\/category\/economia\/"},"img":{"alt_text":"Leonardo Aguilera","src":"https:\/\/i0.wp.com\/lasprimeras.com.do\/wp-content\/uploads\/2025\/12\/Leonardo-Aguilera-1.jpg?resize=350%2C200&ssl=1","width":350,"height":200,"srcset":"https:\/\/i0.wp.com\/lasprimeras.com.do\/wp-content\/uploads\/2025\/12\/Leonardo-Aguilera-1.jpg?resize=350%2C200&ssl=1 1x, https:\/\/i0.wp.com\/lasprimeras.com.do\/wp-content\/uploads\/2025\/12\/Leonardo-Aguilera-1.jpg?resize=525%2C300&ssl=1 1.5x, https:\/\/i0.wp.com\/lasprimeras.com.do\/wp-content\/uploads\/2025\/12\/Leonardo-Aguilera-1.jpg?resize=700%2C400&ssl=1 2x"},"classes":[]},{"id":49270,"url":"https:\/\/lasprimeras.com.do\/index.php\/2023\/05\/09\/charlas-de-educacion-financiera-abarcando-todo-el-territorio-nacional\/","url_meta":{"origin":124646,"position":5},"title":"Charlas de educaci\u00f3n financiera abarcando todo el territorio nacional","author":"prenxa100","date":"9 de mayo de 2023","format":false,"excerpt":"TransUnion ense\u00f1a a los dominicanos el manejo \u00f3ptimo de su historia de cr\u00e9dito Santo Domingo.-. Los dominicanos tendr\u00e1n la oportunidad de acceder de manera gratuita a talleres de educaci\u00f3n financiera donde aprender\u00e1n c\u00f3mo manejar adecuadamente su historial crediticio, gracias a una campa\u00f1a de capacitaci\u00f3n desarrollada en todo el pa\u00eds por\u2026","rel":"","context":"En \u00abECONOM\u00cdA\u00bb","block_context":{"text":"ECONOM\u00cdA","link":"https:\/\/lasprimeras.com.do\/index.php\/category\/economia\/"},"img":{"alt_text":"","src":"","width":0,"height":0},"classes":[]}],"jetpack_sharing_enabled":true,"_links":{"self":[{"href":"https:\/\/lasprimeras.com.do\/index.php\/wp-json\/wp\/v2\/posts\/124646","targetHints":{"allow":["GET"]}}],"collection":[{"href":"https:\/\/lasprimeras.com.do\/index.php\/wp-json\/wp\/v2\/posts"}],"about":[{"href":"https:\/\/lasprimeras.com.do\/index.php\/wp-json\/wp\/v2\/types\/post"}],"author":[{"embeddable":true,"href":"https:\/\/lasprimeras.com.do\/index.php\/wp-json\/wp\/v2\/users\/10"}],"replies":[{"embeddable":true,"href":"https:\/\/lasprimeras.com.do\/index.php\/wp-json\/wp\/v2\/comments?post=124646"}],"version-history":[{"count":1,"href":"https:\/\/lasprimeras.com.do\/index.php\/wp-json\/wp\/v2\/posts\/124646\/revisions"}],"predecessor-version":[{"id":124647,"href":"https:\/\/lasprimeras.com.do\/index.php\/wp-json\/wp\/v2\/posts\/124646\/revisions\/124647"}],"wp:featuredmedia":[{"embeddable":true,"href":"https:\/\/lasprimeras.com.do\/index.php\/wp-json\/wp\/v2\/media\/118078"}],"wp:attachment":[{"href":"https:\/\/lasprimeras.com.do\/index.php\/wp-json\/wp\/v2\/media?parent=124646"}],"wp:term":[{"taxonomy":"category","embeddable":true,"href":"https:\/\/lasprimeras.com.do\/index.php\/wp-json\/wp\/v2\/categories?post=124646"},{"taxonomy":"post_tag","embeddable":true,"href":"https:\/\/lasprimeras.com.do\/index.php\/wp-json\/wp\/v2\/tags?post=124646"}],"curies":[{"name":"wp","href":"https:\/\/api.w.org\/{rel}","templated":true}]}}