{"id":124648,"date":"2026-03-14T15:25:59","date_gmt":"2026-03-14T19:25:59","guid":{"rendered":"https:\/\/lasprimeras.com.do\/?p=124648"},"modified":"2026-03-15T15:26:28","modified_gmt":"2026-03-15T19:26:28","slug":"abinader-dialoga-con-estudiantes-y-reafirma-compromiso-de-oportunidades-para-la-juventud","status":"publish","type":"post","link":"https:\/\/lasprimeras.com.do\/index.php\/2026\/03\/14\/abinader-dialoga-con-estudiantes-y-reafirma-compromiso-de-oportunidades-para-la-juventud\/","title":{"rendered":"Abinader dialoga con estudiantes y reafirma compromiso de oportunidades para la juventud"},"content":{"rendered":"\n<p><strong>El mandatario escuch\u00f3 inquietudes de j\u00f3venes de Santo Domingo Este y destac\u00f3 acciones del Gobierno para fortalecer la educaci\u00f3n, la tecnolog\u00eda y el desarrollo estudiantil.<\/strong><\/p>\n\n\n\n<p>El presidente Luis Abinader encabez\u00f3 este s\u00e1bado un encuentro conversatorio con m\u00e1s de 350 j\u00f3venes estudiantes de liceos p\u00fablicos y colegios privados del municipio Santo Domingo Este, en un ambiente de apertura y cercan\u00eda.<\/p>\n\n\n\n<p>La iniciativa busc\u00f3 estrechar los v\u00ednculos entre el Poder Ejecutivo y la nueva generaci\u00f3n, permitiendo un intercambio directo de ideas sobre los retos y oportunidades de la juventud dominicana.<\/p>\n\n\n\n<p>Durante la jornada, el jefe de Estado escuch\u00f3 de primera mano las inquietudes de los estudiantes en materia de tecnolog\u00eda, empleo joven, sostenibilidad ambiental y acceso a la educaci\u00f3n superior.<\/p>\n\n\n\n<p>Abinader destac\u00f3 que su gesti\u00f3n prioriza pol\u00edticas p\u00fablicas que conviertan el talento de los j\u00f3venes en el motor del desarrollo nacional.<\/p>\n\n\n\n<p>En su encuentro con estudiantes de Santo Domingo Este, el mandatario destac\u00f3 que su Gobierno ha impulsado la construcci\u00f3n de m\u00e1s de 140 techados en centros educativos a nivel nacional desde el inicio de su mandato, y asegur\u00f3 que continuar\u00e1n ampliando estos espacios. Tambi\u00e9n inform\u00f3 que se trabaja en mejorar los laboratorios, instalar pantallas digitales y fortalecer la seguridad escolar.<\/p>\n\n\n\n<p>El mandatario se\u00f1al\u00f3 adem\u00e1s que el Gobierno realiza una importante inversi\u00f3n en el saneamiento de ca\u00f1adas que desembocan en el R\u00edo Ozama, con el objetivo de reducir la contaminaci\u00f3n y mejorar el entorno de las comunidades y las escuelas cercanas al afluente.<\/p>\n\n\n\n<p>Asimismo, resalt\u00f3 programas para ampliar oportunidades a los j\u00f3venes, como los planes de aprendizaje en empresas y las becas \u201cTu Futuro\u201d.<\/p>\n\n\n\n<p>Abinader reafirm\u00f3 su compromiso con una educaci\u00f3n inclusiva, la capacitaci\u00f3n docente y la ense\u00f1anza biling\u00fce, al tiempo que exhort\u00f3 a los estudiantes a prepararse y seguir adelante pese a las dificultades.<\/p>\n\n\n\n<p>El encuentro fue realizado en las instalaciones del Centro Deportivo y Cultural Ozama, espacio que sirvi\u00f3 como punto de convergencia para estudiantes de diversas zonas del municipio.<\/p>\n\n\n\n<p>En este escenario, los j\u00f3venes tuvieron la oportunidad de realizar preguntas y presentar proyectos comunitarios, recibiendo respuestas directas del presidente y su equipo de trabajo.<\/p>\n\n\n\n<p>Algunos de los estudiantes que intervinieron con preguntas fueron: Meraris Santana Matos del Centro Eugenio Mar\u00eda De Hostos; Wilenny Cristal G\u00f3mez Pe\u00f1a del Centro Educativo Mat\u00edas Ram\u00f3n Mella Instituto Polit\u00e9cnico Mar\u00eda de la Altagracia y Angela W. Roldan Margaria y Emely Noemi Rodriguez Lervaze del Colegio &#8220;Phul. Miguel Dadus&#8221;.<\/p>\n\n\n\n<p>Adem\u00e1s, Laureana de la Paz M\u00e9ndez del Polit\u00e9cnico Felis Mar\u00eda Regla; Madeleine Avril Acosta Mena del Instinto Polit\u00e9cnico Fabio Amable Mota; Ander Almonte del Centro Educativo las Am\u00e9ricas; Zoe Yiret D\u00edaz Gonz\u00e1lez del Colegio Virgen de la Altagracia.<\/p>\n\n\n\n<p>El evento cont\u00f3 adem\u00e1s con la presencia de autoridades locales y del sector educativo, quienes resaltaron la importancia de estos espacios de di\u00e1logo para fortalecer los valores democr\u00e1ticos y el sentido de pertenencia en los bachilleres que est\u00e1n pr\u00f3ximos a iniciar su formaci\u00f3n universitaria.<\/p>\n","protected":false},"excerpt":{"rendered":"<p>El mandatario escuch\u00f3 inquietudes de j\u00f3venes de Santo Domingo Este y destac\u00f3 acciones del Gobierno para fortalecer la educaci\u00f3n, la tecnolog\u00eda y el desarrollo estudiantil. El presidente Luis Abinader encabez\u00f3&hellip;<\/p>\n","protected":false},"author":10,"featured_media":124649,"comment_status":"open","ping_status":"open","sticky":false,"template":"","format":"standard","meta":{"content-type":"","jetpack_post_was_ever_published":false,"_jetpack_newsletter_access":"","_jetpack_dont_email_post_to_subs":false,"_jetpack_newsletter_tier_id":0,"_jetpack_memberships_contains_paywalled_content":false,"_jetpack_memberships_contains_paid_content":false,"footnotes":""},"categories":[35,25],"tags":[22159,893,524,2479,67,2014],"class_list":["post-124648","post","type-post","status-publish","format-standard","has-post-thumbnail","hentry","category-nacionales","category-portada","tag-dialoga","tag-educacion","tag-estudiantes","tag-juventud","tag-luis-abinader","tag-oportunidades"],"jetpack_featured_media_url":"https:\/\/lasprimeras.com.do\/wp-content\/uploads\/2026\/03\/Luis-Abinader-3-2.jpg","jetpack-related-posts":[{"id":119800,"url":"https:\/\/lasprimeras.com.do\/index.php\/2026\/01\/17\/abinader-impulsa-a-estudiantes-de-neiba-a-aprovechar-las-becas-que-ofrece-el-gobierno-para-su-formacion-universitaria\/","url_meta":{"origin":124648,"position":0},"title":"Abinader impulsa a estudiantes de Neiba a aprovechar las becas que ofrece el gobierno para su formaci\u00f3n universitaria","author":"Nelson Feliz","date":"17 de enero de 2026","format":false,"excerpt":"Tambi\u00e9n sostiene mesa de trabajo con productores de uva locales de la provincia. El presidente Luis Abinader llam\u00f3 este s\u00e1bado a los j\u00f3venes estudiantes de esta provincia a acceder a la plataforma de becas del Ministerio de Educaci\u00f3n Superior, Ciencia y Tecnolog\u00eda (MESCYT), destacando que estas oportunidades acad\u00e9micas representan una\u2026","rel":"","context":"En \u00abNACIONALES\u00bb","block_context":{"text":"NACIONALES","link":"https:\/\/lasprimeras.com.do\/index.php\/category\/nacionales\/"},"img":{"alt_text":"","src":"https:\/\/i0.wp.com\/lasprimeras.com.do\/wp-content\/uploads\/2026\/01\/Luis-Abinader-1.jpg?resize=350%2C200&ssl=1","width":350,"height":200,"srcset":"https:\/\/i0.wp.com\/lasprimeras.com.do\/wp-content\/uploads\/2026\/01\/Luis-Abinader-1.jpg?resize=350%2C200&ssl=1 1x, https:\/\/i0.wp.com\/lasprimeras.com.do\/wp-content\/uploads\/2026\/01\/Luis-Abinader-1.jpg?resize=525%2C300&ssl=1 1.5x, https:\/\/i0.wp.com\/lasprimeras.com.do\/wp-content\/uploads\/2026\/01\/Luis-Abinader-1.jpg?resize=700%2C400&ssl=1 2x"},"classes":[]},{"id":105256,"url":"https:\/\/lasprimeras.com.do\/index.php\/2025\/07\/31\/abinader-inaugura-dos-escuelas-en-la-altagracia-con-capacidad-para-1600-estudiantes\/","url_meta":{"origin":124648,"position":1},"title":"Abinader inaugura dos escuelas en La Altagracia con capacidad para 1,600 estudiantes","author":"Nelson Feliz","date":"31 de julio de 2025","format":false,"excerpt":"Mandatario sostiene encuentro con 300 j\u00f3venes de diversos sectores, en un espacio de di\u00e1logo abierto y encabeza Jornada de Inclusi\u00f3n Social que beneficia a unas 2,500 personas. El presidente Luis Abinader continu\u00f3 este jueves con el desarrollo de una agenda centrada en acercar el gobierno a la gente y acelerar\u2026","rel":"","context":"En \u00abECONOM\u00cdA\u00bb","block_context":{"text":"ECONOM\u00cdA","link":"https:\/\/lasprimeras.com.do\/index.php\/category\/economia\/"},"img":{"alt_text":"","src":"https:\/\/i0.wp.com\/lasprimeras.com.do\/wp-content\/uploads\/2025\/07\/escuela.jpg?resize=350%2C200&ssl=1","width":350,"height":200,"srcset":"https:\/\/i0.wp.com\/lasprimeras.com.do\/wp-content\/uploads\/2025\/07\/escuela.jpg?resize=350%2C200&ssl=1 1x, https:\/\/i0.wp.com\/lasprimeras.com.do\/wp-content\/uploads\/2025\/07\/escuela.jpg?resize=525%2C300&ssl=1 1.5x, https:\/\/i0.wp.com\/lasprimeras.com.do\/wp-content\/uploads\/2025\/07\/escuela.jpg?resize=700%2C400&ssl=1 2x"},"classes":[]},{"id":124651,"url":"https:\/\/lasprimeras.com.do\/index.php\/2026\/03\/14\/gobierno-otorga-8000-becas-steam-para-jovenes-dominicana\/","url_meta":{"origin":124648,"position":2},"title":"Gobierno otorga 8,000 becas STEAM para j\u00f3venes dominicana","author":"Nelson Feliz","date":"14 de marzo de 2026","format":false,"excerpt":"Ministro de la Juventud exhorta a los becarios a aprovechar esta oportunidad, destacando que el futuro tecnol\u00f3gico del pa\u00eds depende de su talento y preparaci\u00f3n. Los beneficiarios acceder\u00e1n a 135 programas formativos especializados en \u00e1reas tecnol\u00f3gicas, desarrollados con instituciones acad\u00e9micas nacionales e internacionales. En el marco del D\u00eda Internacional de\u2026","rel":"","context":"En \u00abNACIONALES\u00bb","block_context":{"text":"NACIONALES","link":"https:\/\/lasprimeras.com.do\/index.php\/category\/nacionales\/"},"img":{"alt_text":"","src":"https:\/\/i0.wp.com\/lasprimeras.com.do\/wp-content\/uploads\/2026\/03\/stem.jpg?resize=350%2C200&ssl=1","width":350,"height":200,"srcset":"https:\/\/i0.wp.com\/lasprimeras.com.do\/wp-content\/uploads\/2026\/03\/stem.jpg?resize=350%2C200&ssl=1 1x, https:\/\/i0.wp.com\/lasprimeras.com.do\/wp-content\/uploads\/2026\/03\/stem.jpg?resize=525%2C300&ssl=1 1.5x, https:\/\/i0.wp.com\/lasprimeras.com.do\/wp-content\/uploads\/2026\/03\/stem.jpg?resize=700%2C400&ssl=1 2x"},"classes":[]},{"id":122320,"url":"https:\/\/lasprimeras.com.do\/index.php\/2026\/02\/16\/abinader-insta-a-jovenes-a-estudiar-carreras-relacionadas-con-las-ciencias-y-los-idiomas\/","url_meta":{"origin":124648,"position":3},"title":"Abinader insta a j\u00f3venes a estudiar carreras relacionadas con las ciencias y los idiomas","author":"Nelson Feliz","date":"16 de febrero de 2026","format":false,"excerpt":"_Llama a los j\u00f3venes a aprovechar la convocatoria de *Beca T\u00fa Futuro* que contempla becas en universidades nacionales e internacionales._ El presidente Luis Abinader inst\u00f3 este domingo a los j\u00f3venes a optar por estudiar carreras vinculadas con las ciencias y los idiomas, que son los sectores con alta demanda en\u2026","rel":"","context":"En \u00abNACIONALES\u00bb","block_context":{"text":"NACIONALES","link":"https:\/\/lasprimeras.com.do\/index.php\/category\/nacionales\/"},"img":{"alt_text":"","src":"https:\/\/i0.wp.com\/lasprimeras.com.do\/wp-content\/uploads\/2026\/02\/IMG-20260215-WA0724.jpg?resize=350%2C200&ssl=1","width":350,"height":200,"srcset":"https:\/\/i0.wp.com\/lasprimeras.com.do\/wp-content\/uploads\/2026\/02\/IMG-20260215-WA0724.jpg?resize=350%2C200&ssl=1 1x, https:\/\/i0.wp.com\/lasprimeras.com.do\/wp-content\/uploads\/2026\/02\/IMG-20260215-WA0724.jpg?resize=525%2C300&ssl=1 1.5x, https:\/\/i0.wp.com\/lasprimeras.com.do\/wp-content\/uploads\/2026\/02\/IMG-20260215-WA0724.jpg?resize=700%2C400&ssl=1 2x, https:\/\/i0.wp.com\/lasprimeras.com.do\/wp-content\/uploads\/2026\/02\/IMG-20260215-WA0724.jpg?resize=1050%2C600&ssl=1 3x"},"classes":[]},{"id":111465,"url":"https:\/\/lasprimeras.com.do\/index.php\/2025\/10\/09\/raquel-pena-abre-nuevos-centros-del-programa-oportunidad-14-24-en-santo-domingo-este\/","url_meta":{"origin":124648,"position":4},"title":"Raquel Pe\u00f1a abre nuevos centros del programa Oportunidad 14-24 en Santo Domingo Este","author":"Nelson Feliz","date":"9 de octubre de 2025","format":false,"excerpt":"La vicepresidenta afirm\u00f3 que \u201cel cambio solo es real cuando genera oportunidades\u201d y reiter\u00f3 el compromiso del Gobierno con la juventud dominicana. La vicepresidenta de la Rep\u00fablica, Raquel Pe\u00f1a, encabez\u00f3 este mi\u00e9rcoles la apertura de cuatro nuevos centros del programa Oportunidad 14-24 en el municipio Santo Domingo Este, una iniciativa\u2026","rel":"","context":"En \u00abNACIONALES\u00bb","block_context":{"text":"NACIONALES","link":"https:\/\/lasprimeras.com.do\/index.php\/category\/nacionales\/"},"img":{"alt_text":"","src":"https:\/\/i0.wp.com\/lasprimeras.com.do\/wp-content\/uploads\/2025\/10\/Raquel-Pena.jpg?resize=350%2C200&ssl=1","width":350,"height":200,"srcset":"https:\/\/i0.wp.com\/lasprimeras.com.do\/wp-content\/uploads\/2025\/10\/Raquel-Pena.jpg?resize=350%2C200&ssl=1 1x, https:\/\/i0.wp.com\/lasprimeras.com.do\/wp-content\/uploads\/2025\/10\/Raquel-Pena.jpg?resize=525%2C300&ssl=1 1.5x, https:\/\/i0.wp.com\/lasprimeras.com.do\/wp-content\/uploads\/2025\/10\/Raquel-Pena.jpg?resize=700%2C400&ssl=1 2x"},"classes":[]},{"id":119177,"url":"https:\/\/lasprimeras.com.do\/index.php\/2026\/01\/07\/presidente-abinader-recibe-a-michel-camilo-y-autoridades-del-berklee-college-of-music\/","url_meta":{"origin":124648,"position":5},"title":"Presidente Abinader recibe a Michel Camilo y autoridades del Berklee College of Music","author":"Nelson Feliz","date":"7 de enero de 2026","format":false,"excerpt":"El presidente Luis Abinader recibi\u00f3 este mi\u00e9rcoles en el Palacio Nacional al destacado pianista y compositor dominicano Michel Camilo, junto a una delegaci\u00f3n de autoridades del prestigioso Berklee College of Music de Boston, Estados Unidos. Durante la visita de cortes\u00eda, Michel Camilo present\u00f3 al mandatario los detalles y avances del\u2026","rel":"","context":"En \u00abENTRETENIMIENTO\u00bb","block_context":{"text":"ENTRETENIMIENTO","link":"https:\/\/lasprimeras.com.do\/index.php\/category\/entretenimiento\/"},"img":{"alt_text":"Luis Abinader","src":"https:\/\/i0.wp.com\/lasprimeras.com.do\/wp-content\/uploads\/2026\/01\/Luis-Abinader.jpg?resize=350%2C200&ssl=1","width":350,"height":200,"srcset":"https:\/\/i0.wp.com\/lasprimeras.com.do\/wp-content\/uploads\/2026\/01\/Luis-Abinader.jpg?resize=350%2C200&ssl=1 1x, https:\/\/i0.wp.com\/lasprimeras.com.do\/wp-content\/uploads\/2026\/01\/Luis-Abinader.jpg?resize=525%2C300&ssl=1 1.5x, https:\/\/i0.wp.com\/lasprimeras.com.do\/wp-content\/uploads\/2026\/01\/Luis-Abinader.jpg?resize=700%2C400&ssl=1 2x"},"classes":[]}],"jetpack_sharing_enabled":true,"_links":{"self":[{"href":"https:\/\/lasprimeras.com.do\/index.php\/wp-json\/wp\/v2\/posts\/124648","targetHints":{"allow":["GET"]}}],"collection":[{"href":"https:\/\/lasprimeras.com.do\/index.php\/wp-json\/wp\/v2\/posts"}],"about":[{"href":"https:\/\/lasprimeras.com.do\/index.php\/wp-json\/wp\/v2\/types\/post"}],"author":[{"embeddable":true,"href":"https:\/\/lasprimeras.com.do\/index.php\/wp-json\/wp\/v2\/users\/10"}],"replies":[{"embeddable":true,"href":"https:\/\/lasprimeras.com.do\/index.php\/wp-json\/wp\/v2\/comments?post=124648"}],"version-history":[{"count":1,"href":"https:\/\/lasprimeras.com.do\/index.php\/wp-json\/wp\/v2\/posts\/124648\/revisions"}],"predecessor-version":[{"id":124650,"href":"https:\/\/lasprimeras.com.do\/index.php\/wp-json\/wp\/v2\/posts\/124648\/revisions\/124650"}],"wp:featuredmedia":[{"embeddable":true,"href":"https:\/\/lasprimeras.com.do\/index.php\/wp-json\/wp\/v2\/media\/124649"}],"wp:attachment":[{"href":"https:\/\/lasprimeras.com.do\/index.php\/wp-json\/wp\/v2\/media?parent=124648"}],"wp:term":[{"taxonomy":"category","embeddable":true,"href":"https:\/\/lasprimeras.com.do\/index.php\/wp-json\/wp\/v2\/categories?post=124648"},{"taxonomy":"post_tag","embeddable":true,"href":"https:\/\/lasprimeras.com.do\/index.php\/wp-json\/wp\/v2\/tags?post=124648"}],"curies":[{"name":"wp","href":"https:\/\/api.w.org\/{rel}","templated":true}]}}