{"id":124651,"date":"2026-03-14T15:30:26","date_gmt":"2026-03-14T19:30:26","guid":{"rendered":"https:\/\/lasprimeras.com.do\/?p=124651"},"modified":"2026-03-15T15:36:57","modified_gmt":"2026-03-15T19:36:57","slug":"gobierno-otorga-8000-becas-steam-para-jovenes-dominicana","status":"publish","type":"post","link":"https:\/\/lasprimeras.com.do\/index.php\/2026\/03\/14\/gobierno-otorga-8000-becas-steam-para-jovenes-dominicana\/","title":{"rendered":"Gobierno otorga 8,000 becas STEAM para j\u00f3venes dominicana"},"content":{"rendered":"\n<p><strong>Ministro de la Juventud exhorta a los becarios a aprovechar esta oportunidad, destacando que el futuro tecnol\u00f3gico del pa\u00eds depende de su talento y preparaci\u00f3n.<\/strong><\/p>\n\n\n\n<p><strong>Los beneficiarios acceder\u00e1n a 135 programas formativos especializados en \u00e1reas tecnol\u00f3gicas, desarrollados con instituciones acad\u00e9micas nacionales e internacionales.<\/strong><\/p>\n\n\n\n<p>En el marco del D\u00eda Internacional de las Matem\u00e1ticas, el Luis Abinader entreg\u00f3 este s\u00e1bado 8,000 becas del programa Generaci\u00f3n STEAM, una iniciativa impulsada por el Ministerio de la Juventud, orientada a fortalecer la formaci\u00f3n de j\u00f3venes dominicanos en \u00e1reas de ciencia, tecnolog\u00eda, ingenier\u00eda, artes y matem\u00e1ticas, disciplinas cada vez m\u00e1s demandadas en el mercado laboral y fundamentales para la innovaci\u00f3n, el desarrollo tecnol\u00f3gico y la competitividad de la Rep\u00fablica Dominicana.<\/p>\n\n\n\n<p>Durante el acto de entrega celebrado en el Aula Magna de la Universidad Aut\u00f3noma de Santo Domingo (UASD), el presidente Abinader afirm\u00f3 que el talento de la juventud dominicana ser\u00e1 determinante para impulsar el desarrollo del pa\u00eds en la nueva econom\u00eda basada en el conocimiento, destacando que esta iniciativa busca fortalecer la formaci\u00f3n de j\u00f3venes dominicanos en \u00e1reas estrat\u00e9gicas para el futuro del pa\u00eds.<\/p>\n\n\n\n<p>\u201cHoy entregamos estas becas del programa Generaci\u00f3n STEAM, una iniciativa que busca fortalecer la formaci\u00f3n de j\u00f3venes dominicanos en \u00e1reas estrat\u00e9gicas para el futuro del pa\u00eds\u201d, expres\u00f3.<\/p>\n\n\n\n<p>El mandatario sostuvo que el desarrollo de una naci\u00f3n depende, en gran medida, del desarrollo de su capital humano, al se\u00f1alar que en el siglo XXI las econom\u00edas compiten principalmente por el conocimiento, la innovaci\u00f3n y el talento.<\/p>\n\n\n\n<p>El jefe de Estado explic\u00f3 que el mundo atraviesa una transformaci\u00f3n acelerada impulsada por la inteligencia artificial, la digitalizaci\u00f3n y el an\u00e1lisis de datos, por lo que los pa\u00edses deben decidir entre quedarse rezagados o prepararse para el futuro.<\/p>\n\n\n\n<p>En ese sentido, se\u00f1al\u00f3 que el Gobierno ha impulsado una agenda nacional para fortalecer el ecosistema tecnol\u00f3gico y digital, mediante el desarrollo de infraestructura digital, alianzas estrat\u00e9gicas con empresas tecnol\u00f3gicas internacionales y la implementaci\u00f3n de la Estrategia Nacional de Inteligencia Artificial.<\/p>\n\n\n\n<p>Asimismo, resalt\u00f3 que la tecnolog\u00eda por s\u00ed sola no transforma una naci\u00f3n, sino el talento de su gente, raz\u00f3n por la cual la juventud ocupa un lugar central en las pol\u00edticas p\u00fablicas del pa\u00eds.<\/p>\n\n\n\n<p>El presidente Abinader indic\u00f3 que la convocatoria del programa Generaci\u00f3n STEAM recibi\u00f3 m\u00e1s de 15,000 postulaciones de j\u00f3venes dominicanos interesados en formarse en \u00e1reas vinculadas a la tecnolog\u00eda y la innovaci\u00f3n.<\/p>\n\n\n\n<p>Los beneficiarios tendr\u00e1n acceso a 135 programas formativos especializados, entre ellos posgrados, diplomados, especializaciones y cursos en programaci\u00f3n, inteligencia artificial, an\u00e1lisis de datos, ciberseguridad y transformaci\u00f3n digital, desarrollados en colaboraci\u00f3n con instituciones acad\u00e9micas y centros de formaci\u00f3n nacionales e internacionales.<\/p>\n\n\n\n<p>El mandatario tambi\u00e9n destac\u00f3 que el 62 % de los beneficiarios son mujeres, lo que evidencia un cambio significativo en la participaci\u00f3n femenina en \u00e1reas tecnol\u00f3gicas y cient\u00edficas.<\/p>\n\n\n\n<p>Durante su intervenci\u00f3n, Abinader motiv\u00f3 a los j\u00f3venes a aprovechar las oportunidades de formaci\u00f3n disponibles en la actualidad, destacando que nunca antes el conocimiento hab\u00eda estado tan accesible para las nuevas generaciones. \u201cUstedes representan una generaci\u00f3n que tiene frente a s\u00ed oportunidades que ninguna otra generaci\u00f3n hab\u00eda tenido antes\u201d, expres\u00f3.<\/p>\n\n\n\n<p>El presidente concluy\u00f3 asegurando que cada beca otorgada representa una inversi\u00f3n en el futuro del pa\u00eds y reiter\u00f3 que el Gobierno continuar\u00e1 impulsando pol\u00edticas p\u00fablicas orientadas a fortalecer la educaci\u00f3n, la innovaci\u00f3n y la formaci\u00f3n tecnol\u00f3gica.\u201cHoy la juventud est\u00e1 en el centro de las pol\u00edticas p\u00fablicas del pa\u00eds. La Rep\u00fablica Dominicana no solo quiere participar en la revoluci\u00f3n tecnol\u00f3gica, quiere liderarla con el talento de su juventud\u201d.<\/p>\n\n\n\n<p>Esta primera etapa beneficia a j\u00f3venes de las regiones Sur y Este, as\u00ed como de la provincia Santo Domingo y el Distrito Nacional. En un segundo acto ser\u00e1n entregadas las becas correspondientes a las 14 provincias de la regi\u00f3n del Cibao, como parte del alcance nacional de esta iniciativa.<\/p>\n\n\n\n<p>La entrega de estas becas forma parte de los esfuerzos del Ministerio de la Juventud para ampliar el acceso de los j\u00f3venes a programas de postgrado y educaci\u00f3n continua, en \u00e1reas que hoy representan oportunidades de crecimiento profesional y desarrollo para el pa\u00eds.<\/p>\n\n\n\n<p>La Rep\u00fablica Dominicana vive un momento clave para orientar el talento joven hacia \u00e1reas tecnol\u00f3gicas y cient\u00edficas<\/p>\n\n\n\n<p>De su lado, el ministro de la Juventud, Carlos Valdez, destac\u00f3 que la Rep\u00fablica Dominicana vive un momento clave para orientar el talento joven hacia \u00e1reas tecnol\u00f3gicas y cient\u00edficas, en respuesta a los cambios acelerados del mercado laboral y a la creciente demanda de profesionales en disciplinas como programaci\u00f3n, ciencia de datos, ciberseguridad e inteligencia artificial.<\/p>\n\n\n\n<p>El funcionario explic\u00f3 que actualmente cerca del 48 % de la matr\u00edcula universitaria se concentra en cinco carreras tradicionales, mientras que m\u00e1s del 50 % de las empresas reconoce tener dificultades para encontrar talento con las competencias que requiere la econom\u00eda actual.<\/p>\n\n\n\n<p>En ese contexto, afirm\u00f3 que iniciativas como Generaci\u00f3n STEAM buscan cerrar esa brecha mediante oportunidades de formaci\u00f3n en \u00e1reas estrat\u00e9gicas, permitiendo que j\u00f3venes de todo el pa\u00eds accedan a programas educativos especializados.<\/p>\n\n\n\n<p>Asimismo, resalt\u00f3 que el compromiso del Gobierno del presidente Luis Abinader ha sido llevar oportunidades directamente a la juventud dominicana, reconociendo que el talento est\u00e1 presente en cada rinc\u00f3n del territorio nacional.<\/p>\n\n\n\n<p>Valdez tambi\u00e9n destac\u00f3 que esta convocatoria logr\u00f3 movilizar m\u00e1s de 630 millones de pesos en oportunidades educativas y recibi\u00f3 m\u00e1s de 15,500 postulaciones, destacando adem\u00e1s que el 62 % de los beneficiarios de las becas son mujeres j\u00f3venes.<\/p>\n\n\n\n<p>Exhort\u00f3 a los becarios a aprovechar esta oportunidad de formaci\u00f3n, al se\u00f1alar que el futuro tecnol\u00f3gico de la Rep\u00fablica Dominicana depender\u00e1 del talento y la preparaci\u00f3n de las nuevas generaciones.<\/p>\n\n\n\n<p>Los levantamientos realizados por el Ministerio de la Juventud durante las jornadas Juventud con B de Barrio, espacios creados para escuchar directamente a los j\u00f3venes en sus comunidades y conocer de primera mano sus aspiraciones y necesidades, junto a los estudios desarrollados por la Unidad T\u00e9cnica de Estudios sobre Juventudes (UESJ), han permitido identificar un creciente inter\u00e9s de la juventud dominicana en formarse en \u00e1reas vinculadas a la tecnolog\u00eda, la innovaci\u00f3n y el an\u00e1lisis de datos.<\/p>\n\n\n\n<p>Estos an\u00e1lisis tambi\u00e9n han evidenciado una brecha entre algunas de las \u00e1reas de estudio que tradicionalmente eligen muchos j\u00f3venes y las nuevas competencias y perfiles profesionales que actualmente demanda el mercado laboral.<\/p>\n\n\n\n<p>De igual forma, estudios sobre el mercado laboral, entre ellos informes de la Asociaci\u00f3n Nacional de J\u00f3venes Empresarios (ANJE) y la Confederaci\u00f3n Patronal de la Rep\u00fablica Dominicana (COPARDOM), se\u00f1alan una creciente demanda de profesionales en \u00e1reas tecnol\u00f3gicas, cient\u00edficas y de innovaci\u00f3n, as\u00ed como una mayor valoraci\u00f3n de habilidades t\u00e9cnicas y especializadas en el entorno laboral.<\/p>\n\n\n\n<p>Las becas son otorgadas en alianza con prestigiosas instituciones acad\u00e9micas internacionales, entre ellas la Universidad Cat\u00f3lica de Manizales, Universidad Santander, European Business School (EUDE), Spain Business School y Formato Educativo Escuela de Negocios.<\/p>\n\n\n\n<p>Con el programa Generaci\u00f3n STEAM, el Ministerio de la Juventud busca seguir ampliando oportunidades de formaci\u00f3n para j\u00f3venes dominicanos, promoviendo el acceso al conocimiento y preparando a nuevas generaciones para los desaf\u00edos de una econom\u00eda cada vez m\u00e1s impulsada por la innovaci\u00f3n y la tecnolog\u00eda.<\/p>\n","protected":false},"excerpt":{"rendered":"<p>Ministro de la Juventud exhorta a los becarios a aprovechar esta oportunidad, destacando que el futuro tecnol\u00f3gico del pa\u00eds depende de su talento y preparaci\u00f3n. Los beneficiarios acceder\u00e1n a 135&hellip;<\/p>\n","protected":false},"author":10,"featured_media":124652,"comment_status":"open","ping_status":"open","sticky":false,"template":"","format":"standard","meta":{"content-type":"","jetpack_post_was_ever_published":false,"_jetpack_newsletter_access":"","_jetpack_dont_email_post_to_subs":false,"_jetpack_newsletter_tier_id":0,"_jetpack_memberships_contains_paywalled_content":false,"_jetpack_memberships_contains_paid_content":false,"footnotes":""},"categories":[35,25],"tags":[31198,2877,862,4718,31199,22940,67,198],"class_list":["post-124651","post","type-post","status-publish","format-standard","has-post-thumbnail","hentry","category-nacionales","category-portada","tag-areas-estrategicas","tag-becas","tag-formacion","tag-futuro","tag-generacion-steam","tag-jovenes-dominicanos","tag-luis-abinader","tag-programa"],"jetpack_featured_media_url":"https:\/\/lasprimeras.com.do\/wp-content\/uploads\/2026\/03\/stem.jpg","jetpack-related-posts":[{"id":122871,"url":"https:\/\/lasprimeras.com.do\/index.php\/2026\/02\/23\/mescyt-invita-a-la-juventud-a-convocatoria-de-becas-nacionales-2026-en-areas-stem-y-steam\/","url_meta":{"origin":124651,"position":0},"title":"MESCyT invita a la juventud a convocatoria de Becas Nacionales 2026 en \u00e1reas STEM y STEAM","author":"Nelson Feliz","date":"23 de febrero de 2026","format":false,"excerpt":"Oferta de becas est\u00e1 abierta desde este 23 de febrero al 8 de marzo y prioriza las \u00e1reas de Ciencia, Tecnolog\u00eda, Ingenier\u00eda, Matem\u00e1ticas y Artes a trav\u00e9s del programa \u201cBeca tu Futuro\u201d. El ministro de Educaci\u00f3n Superior, Ciencia y Tecnolog\u00eda (MESCyT), Rafael Evaristo Santos Bad\u00eda, encabez\u00f3 este lunes el acto\u2026","rel":"","context":"En \u00abNACIONALES\u00bb","block_context":{"text":"NACIONALES","link":"https:\/\/lasprimeras.com.do\/index.php\/category\/nacionales\/"},"img":{"alt_text":"","src":"https:\/\/i0.wp.com\/lasprimeras.com.do\/wp-content\/uploads\/2026\/02\/IMG-20260223-WA0494.jpg?resize=350%2C200&ssl=1","width":350,"height":200,"srcset":"https:\/\/i0.wp.com\/lasprimeras.com.do\/wp-content\/uploads\/2026\/02\/IMG-20260223-WA0494.jpg?resize=350%2C200&ssl=1 1x, https:\/\/i0.wp.com\/lasprimeras.com.do\/wp-content\/uploads\/2026\/02\/IMG-20260223-WA0494.jpg?resize=525%2C300&ssl=1 1.5x, https:\/\/i0.wp.com\/lasprimeras.com.do\/wp-content\/uploads\/2026\/02\/IMG-20260223-WA0494.jpg?resize=700%2C400&ssl=1 2x, https:\/\/i0.wp.com\/lasprimeras.com.do\/wp-content\/uploads\/2026\/02\/IMG-20260223-WA0494.jpg?resize=1050%2C600&ssl=1 3x, https:\/\/i0.wp.com\/lasprimeras.com.do\/wp-content\/uploads\/2026\/02\/IMG-20260223-WA0494.jpg?resize=1400%2C800&ssl=1 4x"},"classes":[]},{"id":106936,"url":"https:\/\/lasprimeras.com.do\/index.php\/2025\/08\/21\/mescyt-e-itla-realizan-historica-entrega-de-350-becas-nacionales-a-estudiantes-en-carreras-steam\/","url_meta":{"origin":124651,"position":1},"title":"MESCyT e ITLA realizan hist\u00f3rica entrega de 350 becas nacionales a estudiantes en carreras STEAM","author":"Nelson Feliz","date":"21 de agosto de 2025","format":false,"excerpt":"Por primera vez, 350 j\u00f3venes reciben becas del Mescyt para estudios superiores en el ITLA. El Ministerio de Educaci\u00f3n Superior, Ciencia y Tecnolog\u00eda (MESCyT) y el Instituto Tecnol\u00f3gico de Las Am\u00e9ricas (ITLA) realizaron la entrega de 350 becas nacionales a j\u00f3venes provenientes de provincias del pa\u00eds, con el objetivo de\u2026","rel":"","context":"En \u00abNACIONALES\u00bb","block_context":{"text":"NACIONALES","link":"https:\/\/lasprimeras.com.do\/index.php\/category\/nacionales\/"},"img":{"alt_text":"","src":"https:\/\/i0.wp.com\/lasprimeras.com.do\/wp-content\/uploads\/2025\/08\/becas.jpg?resize=350%2C200&ssl=1","width":350,"height":200,"srcset":"https:\/\/i0.wp.com\/lasprimeras.com.do\/wp-content\/uploads\/2025\/08\/becas.jpg?resize=350%2C200&ssl=1 1x, https:\/\/i0.wp.com\/lasprimeras.com.do\/wp-content\/uploads\/2025\/08\/becas.jpg?resize=525%2C300&ssl=1 1.5x, https:\/\/i0.wp.com\/lasprimeras.com.do\/wp-content\/uploads\/2025\/08\/becas.jpg?resize=700%2C400&ssl=1 2x"},"classes":[]},{"id":93885,"url":"https:\/\/lasprimeras.com.do\/index.php\/2025\/02\/22\/mescyt-abre-convocatoria-para-8000-becas-nacionales-en-48-universidades-del-pais\/","url_meta":{"origin":124651,"position":2},"title":"MESCyT abre convocatoria para 8,000 becas nacionales en 48 universidades del pa\u00eds","author":"Nelson Feliz","date":"22 de febrero de 2025","format":false,"excerpt":"En esta ocasi\u00f3n estar\u00e1n disponibles alrededor de 622 programas acad\u00e9micos, de las 56 universidades del pa\u00eds con especial \u00e9nfasis en carreras de ciencia, tecnolog\u00eda, ingenier\u00eda y matem\u00e1tica El ministro de Educaci\u00f3n Superior, Ciencia y Tecnolog\u00eda, doctor Franklin Garc\u00eda Ferm\u00edn, anunci\u00f3 este viernes el inicio de la Convocatoria de Becas Nacionales\u2026","rel":"","context":"En \u00abNACIONALES\u00bb","block_context":{"text":"NACIONALES","link":"https:\/\/lasprimeras.com.do\/index.php\/category\/nacionales\/"},"img":{"alt_text":"","src":"https:\/\/i0.wp.com\/lasprimeras.com.do\/wp-content\/uploads\/2025\/02\/fermin.jpg?resize=350%2C200&ssl=1","width":350,"height":200,"srcset":"https:\/\/i0.wp.com\/lasprimeras.com.do\/wp-content\/uploads\/2025\/02\/fermin.jpg?resize=350%2C200&ssl=1 1x, https:\/\/i0.wp.com\/lasprimeras.com.do\/wp-content\/uploads\/2025\/02\/fermin.jpg?resize=525%2C300&ssl=1 1.5x, https:\/\/i0.wp.com\/lasprimeras.com.do\/wp-content\/uploads\/2025\/02\/fermin.jpg?resize=700%2C400&ssl=1 2x"},"classes":[]},{"id":97913,"url":"https:\/\/lasprimeras.com.do\/index.php\/2025\/04\/29\/abinader-destaca-conquistas-de-estudiantes-dominicanos-en-competencias-steam\/","url_meta":{"origin":124651,"position":3},"title":"Abinader destaca conquistas de estudiantes dominicanos en competencias STEAM","author":"Nelson Feliz","date":"29 de abril de 2025","format":false,"excerpt":"Centros educativos p\u00fablicos obtienen 13 premios de 19 categor\u00edas en la FIRST Lego League. El presidente Luis Abinader destac\u00f3 la participaci\u00f3n de estudiantes dominicanos de centros p\u00fablicos y privados en competencias nacionales e internacionales en \u00e1reas de ciencia, tecnolog\u00eda, ingenier\u00eda, arte y matem\u00e1ticas, conocidas internacionalmente como STEAM. Adem\u00e1s destac\u00f3 que\u2026","rel":"","context":"En \u00abNACIONALES\u00bb","block_context":{"text":"NACIONALES","link":"https:\/\/lasprimeras.com.do\/index.php\/category\/nacionales\/"},"img":{"alt_text":"","src":"https:\/\/i0.wp.com\/lasprimeras.com.do\/wp-content\/uploads\/2025\/04\/steam-1.jpg?resize=350%2C200&ssl=1","width":350,"height":200,"srcset":"https:\/\/i0.wp.com\/lasprimeras.com.do\/wp-content\/uploads\/2025\/04\/steam-1.jpg?resize=350%2C200&ssl=1 1x, https:\/\/i0.wp.com\/lasprimeras.com.do\/wp-content\/uploads\/2025\/04\/steam-1.jpg?resize=525%2C300&ssl=1 1.5x, https:\/\/i0.wp.com\/lasprimeras.com.do\/wp-content\/uploads\/2025\/04\/steam-1.jpg?resize=700%2C400&ssl=1 2x"},"classes":[]},{"id":111487,"url":"https:\/\/lasprimeras.com.do\/index.php\/2025\/10\/09\/mescyt-otorga-117-becas-nacionales-a-estudiantes-de-utesur-en-azua\/","url_meta":{"origin":124651,"position":4},"title":"Mescyt otorga 117 becas nacionales a estudiantes de Utesur en Azua","author":"Nelson Feliz","date":"9 de octubre de 2025","format":false,"excerpt":"Ministro Franklin Garc\u00eda Ferm\u00edn afirma que el conocimiento es la llave que abre la puerta del futuro y mejora la calidad de vida de los dominicanos. El Ministerio de Educaci\u00f3n Superior, Ciencia y Tecnolog\u00eda (Mescyt) entreg\u00f3 117 certificados de becas nacionales a igual n\u00famero de estudiantes meritorios de la Universidad\u2026","rel":"","context":"En \u00abNACIONALES\u00bb","block_context":{"text":"NACIONALES","link":"https:\/\/lasprimeras.com.do\/index.php\/category\/nacionales\/"},"img":{"alt_text":"","src":"https:\/\/i0.wp.com\/lasprimeras.com.do\/wp-content\/uploads\/2025\/10\/Franklin-Garcia-Fermin.jpg?resize=350%2C200&ssl=1","width":350,"height":200,"srcset":"https:\/\/i0.wp.com\/lasprimeras.com.do\/wp-content\/uploads\/2025\/10\/Franklin-Garcia-Fermin.jpg?resize=350%2C200&ssl=1 1x, https:\/\/i0.wp.com\/lasprimeras.com.do\/wp-content\/uploads\/2025\/10\/Franklin-Garcia-Fermin.jpg?resize=525%2C300&ssl=1 1.5x, https:\/\/i0.wp.com\/lasprimeras.com.do\/wp-content\/uploads\/2025\/10\/Franklin-Garcia-Fermin.jpg?resize=700%2C400&ssl=1 2x"},"classes":[]},{"id":124580,"url":"https:\/\/lasprimeras.com.do\/index.php\/2026\/03\/13\/abinader-entregara-becas-e-inaugurara-escuela-en-jornada-juvenil-este-sabado\/","url_meta":{"origin":124651,"position":5},"title":"Abinader entregar\u00e1 becas e inaugurar\u00e1 escuela en jornada juvenil este s\u00e1bado","author":"Nelson Feliz","date":"13 de marzo de 2026","format":false,"excerpt":"El presidente Luis Abinader desarrollar\u00e1 una agenda especial dirigida a j\u00f3venes estudiantes y universitarios en distintos puntos del Gran Santo Domingo. La jornada del mandatario iniciar\u00e1 a las 12:30 de la tarde con un encuentro conversatorio con 350 j\u00f3venes estudiantes de liceos p\u00fablicos y colegios privados de Santo Domingo Este,\u2026","rel":"","context":"En \u00abNACIONALES\u00bb","block_context":{"text":"NACIONALES","link":"https:\/\/lasprimeras.com.do\/index.php\/category\/nacionales\/"},"img":{"alt_text":"Luis Abinader","src":"https:\/\/i0.wp.com\/lasprimeras.com.do\/wp-content\/uploads\/2026\/03\/Luis-Abinader-7-1.jpg?resize=350%2C200&ssl=1","width":350,"height":200,"srcset":"https:\/\/i0.wp.com\/lasprimeras.com.do\/wp-content\/uploads\/2026\/03\/Luis-Abinader-7-1.jpg?resize=350%2C200&ssl=1 1x, https:\/\/i0.wp.com\/lasprimeras.com.do\/wp-content\/uploads\/2026\/03\/Luis-Abinader-7-1.jpg?resize=525%2C300&ssl=1 1.5x, https:\/\/i0.wp.com\/lasprimeras.com.do\/wp-content\/uploads\/2026\/03\/Luis-Abinader-7-1.jpg?resize=700%2C400&ssl=1 2x"},"classes":[]}],"jetpack_sharing_enabled":true,"_links":{"self":[{"href":"https:\/\/lasprimeras.com.do\/index.php\/wp-json\/wp\/v2\/posts\/124651","targetHints":{"allow":["GET"]}}],"collection":[{"href":"https:\/\/lasprimeras.com.do\/index.php\/wp-json\/wp\/v2\/posts"}],"about":[{"href":"https:\/\/lasprimeras.com.do\/index.php\/wp-json\/wp\/v2\/types\/post"}],"author":[{"embeddable":true,"href":"https:\/\/lasprimeras.com.do\/index.php\/wp-json\/wp\/v2\/users\/10"}],"replies":[{"embeddable":true,"href":"https:\/\/lasprimeras.com.do\/index.php\/wp-json\/wp\/v2\/comments?post=124651"}],"version-history":[{"count":1,"href":"https:\/\/lasprimeras.com.do\/index.php\/wp-json\/wp\/v2\/posts\/124651\/revisions"}],"predecessor-version":[{"id":124653,"href":"https:\/\/lasprimeras.com.do\/index.php\/wp-json\/wp\/v2\/posts\/124651\/revisions\/124653"}],"wp:featuredmedia":[{"embeddable":true,"href":"https:\/\/lasprimeras.com.do\/index.php\/wp-json\/wp\/v2\/media\/124652"}],"wp:attachment":[{"href":"https:\/\/lasprimeras.com.do\/index.php\/wp-json\/wp\/v2\/media?parent=124651"}],"wp:term":[{"taxonomy":"category","embeddable":true,"href":"https:\/\/lasprimeras.com.do\/index.php\/wp-json\/wp\/v2\/categories?post=124651"},{"taxonomy":"post_tag","embeddable":true,"href":"https:\/\/lasprimeras.com.do\/index.php\/wp-json\/wp\/v2\/tags?post=124651"}],"curies":[{"name":"wp","href":"https:\/\/api.w.org\/{rel}","templated":true}]}}