{"id":124654,"date":"2026-03-14T15:42:42","date_gmt":"2026-03-14T19:42:42","guid":{"rendered":"https:\/\/lasprimeras.com.do\/?p=124654"},"modified":"2026-03-15T15:46:13","modified_gmt":"2026-03-15T19:46:13","slug":"abinader-inaugura-la-moderna-escuela-barrio-lindo-en-villa-mella","status":"publish","type":"post","link":"https:\/\/lasprimeras.com.do\/index.php\/2026\/03\/14\/abinader-inaugura-la-moderna-escuela-barrio-lindo-en-villa-mella\/","title":{"rendered":"Abinader inaugura la moderna Escuela Barrio Lindo en Villa Mella"},"content":{"rendered":"\n<p><strong>Con una infraestructura de 26 aulas y \u00e1reas especializadas, el nuevo plantel garantiza un entorno educativo de excelencia y bienestar para las familias de Santo Domingo Norte<\/strong><\/p>\n\n\n\n<p>Con el firme objetivo de ofrecer ambientes dignos que favorezcan el aprendizaje, el presidente Luis Abinader inaugur\u00f3 este s\u00e1bado la Escuela Comunal Barrio Lindo que impactar\u00e1 900 estudiantes, una imponente infraestructura dise\u00f1ada bajo los m\u00e1s altos est\u00e1ndares de comodidad y seguridad.<\/p>\n\n\n\n<p>La entrega de este plantel, que cuenta con 26 aulas modernas, marca un avance significativo en la calidad de vida escolar en Villa Mella.<\/p>\n\n\n\n<p>Durante el acto, el ministro de Educaci\u00f3n, Luis Miguel De Camps, afirm\u00f3 que el Gobierno cree en el potencial de los j\u00f3venes y en el papel fundamental de la escuela como punto de partida de la comunidad, donde se forman los valores y talentos de los estudiantes.<\/p>\n\n\n\n<p>Se\u00f1al\u00f3 que el presidente Luis Abinader impulsa el fortalecimiento del sistema educativo para garantizar espacios adecuados que favorezcan el aprendizaje, el desarrollo y el bienestar de los alumnos.<\/p>\n\n\n\n<p>De Camps indic\u00f3 que se trabaja en la creaci\u00f3n de condiciones que permitan a cada estudiante desarrollarse plenamente. En ese sentido, asegur\u00f3 que continuar\u00e1n los esfuerzos para contar con planteles educativos que contribuyan a formar ciudadanos \u00edntegros y comprometidos con la sociedad.<\/p>\n\n\n\n<p>Una estructura integral para la excelencia acad\u00e9mica<\/p>\n\n\n\n<p>La Escuela Comunal Barrio Lindo ha sido equipada con todas las \u00e1reas administrativas y de servicios necesarias para un funcionamiento \u00f3ptimo. El plantel dispone de espacios destinados a la direcci\u00f3n, subdirecci\u00f3n, recepci\u00f3n y sal\u00f3n de profesores, adem\u00e1s de \u00e1reas operativas estrat\u00e9gicas como oficinas t\u00e9cnicas, archivo y dep\u00f3sitos.<\/p>\n\n\n\n<p>Pensando en la salud y el desarrollo emocional de los alumnos, la obra incluye unidades de enfermer\u00eda y orientaci\u00f3n, garantizando una atenci\u00f3n integral dentro del mismo recinto.<\/p>\n\n\n\n<p>Facilidades y modernidad t\u00e9cnica<\/p>\n\n\n\n<p>El dise\u00f1o arquitect\u00f3nico no solo prioriza el \u00e1rea docente, sino tambi\u00e9n la recreaci\u00f3n y el paisajismo. Entre sus principales caracter\u00edsticas destacan:<\/p>\n\n\n\n<p>\u00c1reas de recreaci\u00f3n: Amplios espacios de juego, \u00e1reas exteriores y un \u00e1rea c\u00edvica para actos patri\u00f3ticos.<\/p>\n\n\n\n<p>Seguridad y servicios: Front\u00f3n con garita en verja para el control de acceso, ba\u00f1os modernos y una cisterna de 8,000 galones para asegurar el suministro de agua constante.<\/p>\n\n\n\n<p>Entorno: Un cuidado trabajo de paisajismo que embellece el entorno escolar y fomenta el respeto por el medio ambiente.<\/p>\n\n\n\n<p>El acto de inauguraci\u00f3n cont\u00f3 con la presencia de autoridades del Ministerio de Educaci\u00f3n y l\u00edderes comunitarios de Santo Domingo Norte, quienes celebraron que los j\u00f3venes de Barrio Lindo finalmente tengan acceso a un plantel que combina capacidad t\u00e9cnica con la m\u00e1xima comodidad.<\/p>\n\n\n\n<p>Con esta acci\u00f3n, el Gobierno dominicano reafirma que la inversi\u00f3n en infraestructura educativa es la herramienta m\u00e1s poderosa para la transformaci\u00f3n social y la dignidad de la gente.<\/p>\n","protected":false},"excerpt":{"rendered":"<p>Con una infraestructura de 26 aulas y \u00e1reas especializadas, el nuevo plantel garantiza un entorno educativo de excelencia y bienestar para las familias de Santo Domingo Norte Con el firme&hellip;<\/p>\n","protected":false},"author":10,"featured_media":0,"comment_status":"open","ping_status":"open","sticky":false,"template":"","format":"standard","meta":{"content-type":"","jetpack_post_was_ever_published":false,"_jetpack_newsletter_access":"","_jetpack_dont_email_post_to_subs":false,"_jetpack_newsletter_tier_id":0,"_jetpack_memberships_contains_paywalled_content":false,"_jetpack_memberships_contains_paid_content":false,"footnotes":""},"categories":[35],"tags":[31201,11753,31200,13841,524,67,972,684],"class_list":["post-124654","post","type-post","status-publish","format-standard","hentry","category-nacionales","tag-confort","tag-dignidad","tag-escuela-comunal-barrio-lindo","tag-espacio","tag-estudiantes","tag-luis-abinader","tag-moderna","tag-villa-mella"],"jetpack_featured_media_url":"","jetpack-related-posts":[{"id":124660,"url":"https:\/\/lasprimeras.com.do\/index.php\/2026\/03\/15\/abinader-inaugura-la-moderna-escuela-barrio-lindo-en-villa-mella-2\/","url_meta":{"origin":124654,"position":0},"title":"Abinader inaugura la moderna Escuela Barrio Lindo en Villa Mella","author":"Nelson Feliz","date":"15 de marzo de 2026","format":false,"excerpt":"Con una infraestructura de 26 aulas y \u00e1reas especializadas, el nuevo plantel garantiza un entorno educativo de excelencia y bienestar para las familias de Santo Domingo Norte Con el firme objetivo de ofrecer ambientes dignos que favorezcan el aprendizaje, el presidente Luis Abinader inaugur\u00f3 este s\u00e1bado la Escuela Comunal Barrio\u2026","rel":"","context":"En \u00abNACIONALES\u00bb","block_context":{"text":"NACIONALES","link":"https:\/\/lasprimeras.com.do\/index.php\/category\/nacionales\/"},"img":{"alt_text":"","src":"https:\/\/i0.wp.com\/lasprimeras.com.do\/wp-content\/uploads\/2026\/03\/escuela-barrio-lindo.jpg?resize=350%2C200&ssl=1","width":350,"height":200,"srcset":"https:\/\/i0.wp.com\/lasprimeras.com.do\/wp-content\/uploads\/2026\/03\/escuela-barrio-lindo.jpg?resize=350%2C200&ssl=1 1x, https:\/\/i0.wp.com\/lasprimeras.com.do\/wp-content\/uploads\/2026\/03\/escuela-barrio-lindo.jpg?resize=525%2C300&ssl=1 1.5x, https:\/\/i0.wp.com\/lasprimeras.com.do\/wp-content\/uploads\/2026\/03\/escuela-barrio-lindo.jpg?resize=700%2C400&ssl=1 2x"},"classes":[]},{"id":124580,"url":"https:\/\/lasprimeras.com.do\/index.php\/2026\/03\/13\/abinader-entregara-becas-e-inaugurara-escuela-en-jornada-juvenil-este-sabado\/","url_meta":{"origin":124654,"position":1},"title":"Abinader entregar\u00e1 becas e inaugurar\u00e1 escuela en jornada juvenil este s\u00e1bado","author":"Nelson Feliz","date":"13 de marzo de 2026","format":false,"excerpt":"El presidente Luis Abinader desarrollar\u00e1 una agenda especial dirigida a j\u00f3venes estudiantes y universitarios en distintos puntos del Gran Santo Domingo. La jornada del mandatario iniciar\u00e1 a las 12:30 de la tarde con un encuentro conversatorio con 350 j\u00f3venes estudiantes de liceos p\u00fablicos y colegios privados de Santo Domingo Este,\u2026","rel":"","context":"En \u00abNACIONALES\u00bb","block_context":{"text":"NACIONALES","link":"https:\/\/lasprimeras.com.do\/index.php\/category\/nacionales\/"},"img":{"alt_text":"Luis Abinader","src":"https:\/\/i0.wp.com\/lasprimeras.com.do\/wp-content\/uploads\/2026\/03\/Luis-Abinader-7-1.jpg?resize=350%2C200&ssl=1","width":350,"height":200,"srcset":"https:\/\/i0.wp.com\/lasprimeras.com.do\/wp-content\/uploads\/2026\/03\/Luis-Abinader-7-1.jpg?resize=350%2C200&ssl=1 1x, https:\/\/i0.wp.com\/lasprimeras.com.do\/wp-content\/uploads\/2026\/03\/Luis-Abinader-7-1.jpg?resize=525%2C300&ssl=1 1.5x, https:\/\/i0.wp.com\/lasprimeras.com.do\/wp-content\/uploads\/2026\/03\/Luis-Abinader-7-1.jpg?resize=700%2C400&ssl=1 2x"},"classes":[]},{"id":106526,"url":"https:\/\/lasprimeras.com.do\/index.php\/2025\/08\/16\/gobierno-inaugura-tres-liceos-dos-escuelas-y-dos-estancias-infantiles-en-beneficio-de-mas-de-4-mil-estudiantes\/","url_meta":{"origin":124654,"position":2},"title":"Gobierno inaugura tres liceos, dos escuelas y dos estancias infantiles en beneficio de m\u00e1s de 4 mil estudiantes","author":"Nelson Feliz","date":"16 de agosto de 2025","format":false,"excerpt":"La vicepresidenta de la Rep\u00fablica, Raquel Pe\u00f1a, y el ministro de Educaci\u00f3n, Luis Miguel De Camps, encabezaron este viernes la inauguraci\u00f3n de tres liceos, dos escuelas y dos estancias infantiles en la provincia San Pedro de Macor\u00eds, que beneficiar\u00e1n a 4 155 ni\u00f1os, ni\u00f1as y adolescentes, y aportar\u00e1n 129 nuevas\u2026","rel":"","context":"En \u00abNACIONALES\u00bb","block_context":{"text":"NACIONALES","link":"https:\/\/lasprimeras.com.do\/index.php\/category\/nacionales\/"},"img":{"alt_text":"","src":"https:\/\/i0.wp.com\/lasprimeras.com.do\/wp-content\/uploads\/2025\/08\/ESCUELAS.jpg?resize=350%2C200&ssl=1","width":350,"height":200,"srcset":"https:\/\/i0.wp.com\/lasprimeras.com.do\/wp-content\/uploads\/2025\/08\/ESCUELAS.jpg?resize=350%2C200&ssl=1 1x, https:\/\/i0.wp.com\/lasprimeras.com.do\/wp-content\/uploads\/2025\/08\/ESCUELAS.jpg?resize=525%2C300&ssl=1 1.5x, https:\/\/i0.wp.com\/lasprimeras.com.do\/wp-content\/uploads\/2025\/08\/ESCUELAS.jpg?resize=700%2C400&ssl=1 2x"},"classes":[]},{"id":112165,"url":"https:\/\/lasprimeras.com.do\/index.php\/2025\/10\/19\/abinader-inaugura-el-polideportivo-club-rafael-osvaldo-mercedes-crom-en-villa-mella\/","url_meta":{"origin":124654,"position":3},"title":"Abinader inaugura el Polideportivo Club Rafael Osvaldo Mercedes \u201cCROM\u201d en Villa Mella","author":"Nelson Feliz","date":"19 de octubre de 2025","format":false,"excerpt":"Indica que, adem\u00e1s de este polideportivo, se han construido techados en Sabana Perdida Norte y Los Guaricanos, como parte de un plan de 30 instalaciones deportivas en el Gran Santo Domingo. El presidente Luis Abinader inaugur\u00f3 el Polideportivo Club Rafael Osvaldo Mercedes \u201cCROM\u201d en Villa Mella, una obra largamente esperada\u2026","rel":"","context":"En \u00abDEPORTES\u00bb","block_context":{"text":"DEPORTES","link":"https:\/\/lasprimeras.com.do\/index.php\/category\/deportes\/"},"img":{"alt_text":"","src":"https:\/\/i0.wp.com\/lasprimeras.com.do\/wp-content\/uploads\/2025\/10\/crom.jpg?resize=350%2C200&ssl=1","width":350,"height":200,"srcset":"https:\/\/i0.wp.com\/lasprimeras.com.do\/wp-content\/uploads\/2025\/10\/crom.jpg?resize=350%2C200&ssl=1 1x, https:\/\/i0.wp.com\/lasprimeras.com.do\/wp-content\/uploads\/2025\/10\/crom.jpg?resize=525%2C300&ssl=1 1.5x, https:\/\/i0.wp.com\/lasprimeras.com.do\/wp-content\/uploads\/2025\/10\/crom.jpg?resize=700%2C400&ssl=1 2x"},"classes":[]},{"id":128784,"url":"https:\/\/lasprimeras.com.do\/index.php\/2026\/04\/26\/abinader-inaugura-nuevo-liceo-en-copeyito-rio-san-juan-tras-14-anos-de-espera\/","url_meta":{"origin":124654,"position":4},"title":"Abinader inaugura Nuevo liceo en Copeyito, R\u00edo San Juan, tras 14 a\u00f1os de espera","author":"Nelson Feliz","date":"26 de abril de 2026","format":false,"excerpt":"De manera simult\u00e1nea, ministro de Educaci\u00f3n Luis Miguel De Camps, inaugura Escuela Primaria Raquel de la Rosa Fa\u00f1a; ambos centros fueron concluidos en menos de un a\u00f1o por la Direcci\u00f3n de Infraestructura Escolar a trav\u00e9s del Plan \u201cAulas 24\/7-365\" En beneficio de m\u00e1s de 280 estudiantes de Copeyito, el presidente\u2026","rel":"","context":"En \u00abNACIONALES\u00bb","block_context":{"text":"NACIONALES","link":"https:\/\/lasprimeras.com.do\/index.php\/category\/nacionales\/"},"img":{"alt_text":"","src":"https:\/\/i0.wp.com\/lasprimeras.com.do\/wp-content\/uploads\/2026\/04\/lluis.jpg?resize=350%2C200&ssl=1","width":350,"height":200,"srcset":"https:\/\/i0.wp.com\/lasprimeras.com.do\/wp-content\/uploads\/2026\/04\/lluis.jpg?resize=350%2C200&ssl=1 1x, https:\/\/i0.wp.com\/lasprimeras.com.do\/wp-content\/uploads\/2026\/04\/lluis.jpg?resize=525%2C300&ssl=1 1.5x, https:\/\/i0.wp.com\/lasprimeras.com.do\/wp-content\/uploads\/2026\/04\/lluis.jpg?resize=700%2C400&ssl=1 2x"},"classes":[]},{"id":124098,"url":"https:\/\/lasprimeras.com.do\/index.php\/2026\/03\/08\/presidente-abinader-inaugura-escuela-primaria-en-los-guandules\/","url_meta":{"origin":124654,"position":5},"title":"Presidente Abinader inaugura escuela primaria en Los Guandules","author":"Nelson Feliz","date":"8 de marzo de 2026","format":false,"excerpt":"Luis Miguel De Camps reitera que \u201ccada escuela es una puerta que se abre hacia el conocimiento, a la dignidad y al futuro que comienza a construirse en el presente\u201d. Con gran entusiasmo y orgullo, decenas de estudiantes del sector Los Guandules recibieron al presidente Luis Abinader, quien, junto al\u2026","rel":"","context":"En \u00abNACIONALES\u00bb","block_context":{"text":"NACIONALES","link":"https:\/\/lasprimeras.com.do\/index.php\/category\/nacionales\/"},"img":{"alt_text":"","src":"https:\/\/i0.wp.com\/lasprimeras.com.do\/wp-content\/uploads\/2026\/03\/Luis-Abinader-1-1.jpg?resize=350%2C200&ssl=1","width":350,"height":200,"srcset":"https:\/\/i0.wp.com\/lasprimeras.com.do\/wp-content\/uploads\/2026\/03\/Luis-Abinader-1-1.jpg?resize=350%2C200&ssl=1 1x, https:\/\/i0.wp.com\/lasprimeras.com.do\/wp-content\/uploads\/2026\/03\/Luis-Abinader-1-1.jpg?resize=525%2C300&ssl=1 1.5x, https:\/\/i0.wp.com\/lasprimeras.com.do\/wp-content\/uploads\/2026\/03\/Luis-Abinader-1-1.jpg?resize=700%2C400&ssl=1 2x"},"classes":[]}],"jetpack_sharing_enabled":true,"_links":{"self":[{"href":"https:\/\/lasprimeras.com.do\/index.php\/wp-json\/wp\/v2\/posts\/124654","targetHints":{"allow":["GET"]}}],"collection":[{"href":"https:\/\/lasprimeras.com.do\/index.php\/wp-json\/wp\/v2\/posts"}],"about":[{"href":"https:\/\/lasprimeras.com.do\/index.php\/wp-json\/wp\/v2\/types\/post"}],"author":[{"embeddable":true,"href":"https:\/\/lasprimeras.com.do\/index.php\/wp-json\/wp\/v2\/users\/10"}],"replies":[{"embeddable":true,"href":"https:\/\/lasprimeras.com.do\/index.php\/wp-json\/wp\/v2\/comments?post=124654"}],"version-history":[{"count":1,"href":"https:\/\/lasprimeras.com.do\/index.php\/wp-json\/wp\/v2\/posts\/124654\/revisions"}],"predecessor-version":[{"id":124655,"href":"https:\/\/lasprimeras.com.do\/index.php\/wp-json\/wp\/v2\/posts\/124654\/revisions\/124655"}],"wp:attachment":[{"href":"https:\/\/lasprimeras.com.do\/index.php\/wp-json\/wp\/v2\/media?parent=124654"}],"wp:term":[{"taxonomy":"category","embeddable":true,"href":"https:\/\/lasprimeras.com.do\/index.php\/wp-json\/wp\/v2\/categories?post=124654"},{"taxonomy":"post_tag","embeddable":true,"href":"https:\/\/lasprimeras.com.do\/index.php\/wp-json\/wp\/v2\/tags?post=124654"}],"curies":[{"name":"wp","href":"https:\/\/api.w.org\/{rel}","templated":true}]}}