{"id":124665,"date":"2026-03-15T19:18:20","date_gmt":"2026-03-15T23:18:20","guid":{"rendered":"https:\/\/lasprimeras.com.do\/?p=124665"},"modified":"2026-03-15T19:18:21","modified_gmt":"2026-03-15T23:18:21","slug":"jornada-de-deteccion-de-glaucoma-en-cristo-rey-atiende-a-mas-de-270-personas","status":"publish","type":"post","link":"https:\/\/lasprimeras.com.do\/index.php\/2026\/03\/15\/jornada-de-deteccion-de-glaucoma-en-cristo-rey-atiende-a-mas-de-270-personas\/","title":{"rendered":"Jornada de detecci\u00f3n de glaucoma en Cristo Rey atiende a m\u00e1s de 270 personas"},"content":{"rendered":"\n<p>M\u00e1s de 270 personas fueron atendidas durante una jornada gratuita de detecci\u00f3n de glaucoma realizada el pasado s\u00e1bado por el Instituto Contra la Ceguera por Glaucoma (INCOCEGLA) en sus instalaciones del sector Cristo Rey, como parte de las actividades del Mes del Glaucoma y la conmemoraci\u00f3n del denominado \u201cD\u00eda G\u201d, una iniciativa orientada a fomentar la prevenci\u00f3n y el diagn\u00f3stico temprano de esta enfermedad visual.<\/p>\n\n\n\n<p>Durante la jornada, los asistentes recibieron evaluaciones oftalmol\u00f3gicas completas, que incluyeron medici\u00f3n de la presi\u00f3n intraocular y examen de fondo de ojo, realizadas por especialistas en salud visual.<\/p>\n\n\n\n<p>Adem\u00e1s, algunos pacientes iniciaron tratamientos gratuitos para el control de la presi\u00f3n ocular, gracias al apoyo de laboratorios y proveedores del \u00e1rea de la oftalmolog\u00eda.<\/p>\n\n\n<div class=\"wp-block-image\">\n<figure class=\"alignleft size-full is-resized\"><img decoding=\"async\" width=\"900\" height=\"622\" src=\"https:\/\/lasprimeras.com.do\/wp-content\/uploads\/2026\/03\/inclosegla.jpg\" alt=\"\" class=\"wp-image-124667\" style=\"aspect-ratio:1.4469597645893424;width:468px;height:auto\" srcset=\"https:\/\/lasprimeras.com.do\/wp-content\/uploads\/2026\/03\/inclosegla.jpg 900w, https:\/\/lasprimeras.com.do\/wp-content\/uploads\/2026\/03\/inclosegla-300x207.jpg 300w, https:\/\/lasprimeras.com.do\/wp-content\/uploads\/2026\/03\/inclosegla-768x531.jpg 768w\" sizes=\"(max-width: 900px) 100vw, 900px\" \/><\/figure>\n<\/div>\n\n\n<p>La actividad estuvo dirigida por el doctor Tom\u00e1s Vargas, cirujano oftalm\u00f3logo especialista en glaucoma y presidente fundador de INCOCEGLA, con el respaldo de juntas de vecinos de Cristo Rey, la Asociaci\u00f3n Dominicana de Oftalmolog\u00eda, la Sociedad Dominicana de Glaucoma y otros centros oftalmol\u00f3gicos del pa\u00eds que tambi\u00e9n impulsaron acciones similares de concienciaci\u00f3n.<\/p>\n\n\n\n<p>Al respecto, el doctor Tom\u00e1s Vargas destac\u00f3 la importancia de este tipo de operativos comunitarios para detectar a tiempo una enfermedad que muchas veces avanza sin presentar s\u00edntomas.<\/p>\n\n\n\n<p>\u201cEl glaucoma es conocido como el ladr\u00f3n silencioso de la visi\u00f3n. Muchas personas pueden padecerlo durante a\u00f1os sin darse cuenta, y cuando aparecen los s\u00edntomas el da\u00f1o visual puede ser irreversible\u201d, explic\u00f3 el especialista.<\/p>\n\n\n<div class=\"wp-block-image\">\n<figure class=\"alignright size-full is-resized\"><img decoding=\"async\" width=\"900\" height=\"599\" src=\"https:\/\/lasprimeras.com.do\/wp-content\/uploads\/2026\/03\/paciente-1.jpg\" alt=\"\" class=\"wp-image-124668\" style=\"aspect-ratio:1.5025110425364554;width:415px;height:auto\" srcset=\"https:\/\/lasprimeras.com.do\/wp-content\/uploads\/2026\/03\/paciente-1.jpg 900w, https:\/\/lasprimeras.com.do\/wp-content\/uploads\/2026\/03\/paciente-1-300x200.jpg 300w, https:\/\/lasprimeras.com.do\/wp-content\/uploads\/2026\/03\/paciente-1-768x511.jpg 768w\" sizes=\"(max-width: 900px) 100vw, 900px\" \/><\/figure>\n<\/div>\n\n\n<p>En la jornada tambi\u00e9n participaron la doctora Marl\u00e9n Terrero, encargada del departamento de Glaucoma de la instituci\u00f3n, y la especialista Vanessa Liberato, quienes ofrecieron orientaci\u00f3n a los pacientes sobre los principales signos de alerta y la importancia de evitar la automedicaci\u00f3n.<\/p>\n\n\n\n<p>La doctora Terrero advirti\u00f3 que s\u00edntomas como dificultad para ver, enrojecimiento de los ojos o dolores de cabeza frecuentes pueden ser se\u00f1ales de problemas oculares que requieren evaluaci\u00f3n m\u00e9dica.<\/p>\n\n\n\n<p>\u201cMuchas personas normalizan automedicarse, y eso es indebido. Existen medicamentos, como algunos antial\u00e9rgicos, esteroides y antidepresivos, que pueden aumentar la presi\u00f3n ocular o provocar una crisis aguda en pacientes con glaucoma\u201d, explic\u00f3.<\/p>\n\n\n\n<p>Terrero subray\u00f3 la importancia del acompa\u00f1amiento psicol\u00f3gico y familiar para los pacientes diagnosticados con glaucoma en etapas avanzadas, destacando que el apoyo emocional es clave para enfrentar la enfermedad.<\/p>\n\n\n\n<p>De su lado, la especialista en Glaucoma, Vanessa Liberato destac\u00f3 que a nivel mundial se estima que m\u00e1s de 76 millones de personas viven con glaucoma, y aproximadamente la mitad desconoce que padece esta condici\u00f3n.<\/p>\n\n\n\n<p>En la Rep\u00fablica Dominicana, se calcula que entre un 3 % y un 4 % de la poblaci\u00f3n podr\u00eda estar afectada.<\/p>\n\n\n\n<p>Ante esta realidad, el doctor Vargas reiter\u00f3 el llamado a la poblaci\u00f3n a realizarse chequeos oftalmol\u00f3gicos peri\u00f3dicos, incluso cuando no se presenten molestias visuales, como principal medida para prevenir la p\u00e9rdida irreversible de la visi\u00f3n.<\/p>\n\n\n\n<p>INCOCEGLA, instituci\u00f3n dedicada a la prevenci\u00f3n de la ceguera por glaucoma, contin\u00faa desarrollando jornadas educativas, evaluaciones comunitarias y programas de orientaci\u00f3n con el objetivo de promover la detecci\u00f3n temprana de la enfermedad y proteger la salud visual de la poblaci\u00f3n dominicana.<\/p>\n","protected":false},"excerpt":{"rendered":"<p>M\u00e1s de 270 personas fueron atendidas durante una jornada gratuita de detecci\u00f3n de glaucoma realizada el pasado s\u00e1bado por el Instituto Contra la Ceguera por Glaucoma (INCOCEGLA) en sus instalaciones&hellip;<\/p>\n","protected":false},"author":10,"featured_media":124666,"comment_status":"open","ping_status":"open","sticky":false,"template":"","format":"standard","meta":{"content-type":"","jetpack_post_was_ever_published":false,"_jetpack_newsletter_access":"","_jetpack_dont_email_post_to_subs":false,"_jetpack_newsletter_tier_id":0,"_jetpack_memberships_contains_paywalled_content":false,"_jetpack_memberships_contains_paid_content":false,"footnotes":""},"categories":[16558],"tags":[24369,2166,6902,31204,6318,31202,31203],"class_list":["post-124665","post","type-post","status-publish","format-standard","has-post-thumbnail","hentry","category-salud","tag-atendidas","tag-cristo-rey","tag-deteccion","tag-glaucoma","tag-incocegla","tag-jornada-gratuita","tag-mas-de-270-personas"],"jetpack_featured_media_url":"https:\/\/lasprimeras.com.do\/wp-content\/uploads\/2026\/03\/Tomas-Vargas.jpg","jetpack-related-posts":[{"id":82169,"url":"https:\/\/lasprimeras.com.do\/index.php\/2024\/04\/29\/incocegla-y-la-fundacion-rogelio-cruz-realizan-operativo-de-la-vision-en-samana\/","url_meta":{"origin":124665,"position":0},"title":"INCOCEGLA y la Fundaci\u00f3n Rogelio Cruz realizan operativo de la visi\u00f3n en Saman\u00e1","author":"Nelson Feliz","date":"29 de abril de 2024","format":false,"excerpt":"Por Martin Restituyo El Instituto contra la Ceguera por Glaucoma (INCOCEGLA) y la Fundaci\u00f3n Rogelio Cruz realizaron un operativo oftalmol\u00f3gico gratuito en la comunidad Arroyo Chico, en Saman\u00e1. El objetivo principal proporcionar atenci\u00f3n oftalmol\u00f3gica a los residentes locales, con un enfoque particular en la detecci\u00f3n y prevenci\u00f3n del glaucoma y\u2026","rel":"","context":"En \u00abPORTADA\u00bb","block_context":{"text":"PORTADA","link":"https:\/\/lasprimeras.com.do\/index.php\/category\/portada\/"},"img":{"alt_text":"INCOCEGLA","src":"https:\/\/i0.wp.com\/lasprimeras.com.do\/wp-content\/uploads\/2024\/04\/INCOCEGLA-1.jpg?resize=350%2C200&ssl=1","width":350,"height":200,"srcset":"https:\/\/i0.wp.com\/lasprimeras.com.do\/wp-content\/uploads\/2024\/04\/INCOCEGLA-1.jpg?resize=350%2C200&ssl=1 1x, https:\/\/i0.wp.com\/lasprimeras.com.do\/wp-content\/uploads\/2024\/04\/INCOCEGLA-1.jpg?resize=525%2C300&ssl=1 1.5x, https:\/\/i0.wp.com\/lasprimeras.com.do\/wp-content\/uploads\/2024\/04\/INCOCEGLA-1.jpg?resize=700%2C400&ssl=1 2x"},"classes":[]},{"id":57826,"url":"https:\/\/lasprimeras.com.do\/index.php\/2023\/08\/16\/incocegla-inicia-plan-de-educacion-en-la-salud-visual-en-ninos-y-tu-como-ves\/","url_meta":{"origin":124665,"position":1},"title":"INCOCEGLA inicia plan de educaci\u00f3n en la salud visual en ni\u00f1os \u201c\u00bfY t\u00fa c\u00f3mo ves? \u201c","author":"Nelson Feliz","date":"16 de agosto de 2023","format":false,"excerpt":"El Instituto Contra la Ceguera por Glaucoma (INCOCEGLA) realiz\u00f3 la primera capacitaci\u00f3n del plan \u201c\u00bfY t\u00fa c\u00f3mo ves?\u201d, con el que se busca orientar a los docentes el nivel primario en realizar la t\u00e9cnica de medici\u00f3n de la agudeza visual e identificar alteraciones evidentes a simple vista. El taller fue\u2026","rel":"","context":"En \u00abSin categor\u00eda\u00bb","block_context":{"text":"Sin categor\u00eda","link":"https:\/\/lasprimeras.com.do\/index.php\/category\/sin-categoria\/"},"img":{"alt_text":"Laura Dinzey","src":"https:\/\/i0.wp.com\/lasprimeras.com.do\/wp-content\/uploads\/2023\/08\/Laura-Dinzey.jpg?resize=350%2C200&ssl=1","width":350,"height":200,"srcset":"https:\/\/i0.wp.com\/lasprimeras.com.do\/wp-content\/uploads\/2023\/08\/Laura-Dinzey.jpg?resize=350%2C200&ssl=1 1x, https:\/\/i0.wp.com\/lasprimeras.com.do\/wp-content\/uploads\/2023\/08\/Laura-Dinzey.jpg?resize=525%2C300&ssl=1 1.5x, https:\/\/i0.wp.com\/lasprimeras.com.do\/wp-content\/uploads\/2023\/08\/Laura-Dinzey.jpg?resize=700%2C400&ssl=1 2x"},"classes":[]},{"id":114734,"url":"https:\/\/lasprimeras.com.do\/index.php\/2025\/11\/16\/incocegla-atiende-mas-de-250-personas-en-jornada-por-el-dia-mundial-de-la-diabetes\/","url_meta":{"origin":124665,"position":2},"title":"INCOCEGLA atiende m\u00e1s de 250 personas en jornada por el D\u00eda Mundial de la Diabetes","author":"Nelson Feliz","date":"16 de noviembre de 2025","format":false,"excerpt":"En conmemoraci\u00f3n del D\u00eda Mundial de la Diabetes, el Instituto Contra la Ceguera por Glaucoma (INCOCEGLA) realiz\u00f3 su tradicional jornada de detecci\u00f3n y orientaci\u00f3n en sus sedes de Santo Domingo y La Romana, actividad que reuni\u00f3 a m\u00e1s de 250 pacientes en busca de evaluaci\u00f3n y educaci\u00f3n preventiva. La jornada,\u2026","rel":"","context":"En \u00abSALUD\u00bb","block_context":{"text":"SALUD","link":"https:\/\/lasprimeras.com.do\/index.php\/category\/salud\/"},"img":{"alt_text":"","src":"https:\/\/i0.wp.com\/lasprimeras.com.do\/wp-content\/uploads\/2025\/11\/incocegla.jpg?resize=350%2C200&ssl=1","width":350,"height":200,"srcset":"https:\/\/i0.wp.com\/lasprimeras.com.do\/wp-content\/uploads\/2025\/11\/incocegla.jpg?resize=350%2C200&ssl=1 1x, https:\/\/i0.wp.com\/lasprimeras.com.do\/wp-content\/uploads\/2025\/11\/incocegla.jpg?resize=525%2C300&ssl=1 1.5x, https:\/\/i0.wp.com\/lasprimeras.com.do\/wp-content\/uploads\/2025\/11\/incocegla.jpg?resize=700%2C400&ssl=1 2x"},"classes":[]},{"id":112231,"url":"https:\/\/lasprimeras.com.do\/index.php\/2025\/10\/19\/mas-de-200-ninos-reciben-atencion-visual-durante-jornada-por-el-dia-mundial-contra-la-ambliopia\/","url_meta":{"origin":124665,"position":3},"title":"M\u00e1s de 200 ni\u00f1os reciben atenci\u00f3n visual durante jornada por el D\u00eda Mundial contra la Ambliop\u00eda","author":"Nelson Feliz","date":"19 de octubre de 2025","format":false,"excerpt":"El Instituto Contra la Ceguera por Glaucoma (INCOCEGLA) desarroll\u00f3 una jornada especial de evaluaci\u00f3n visual en conmemoraci\u00f3n del D\u00eda Mundial contra la Ambliop\u00eda, impactando a m\u00e1s de 200 ni\u00f1os en sus sedes de Santo Domingo y La Romana. La actividad, realizada el s\u00e1bado 18 de octubre, estuvo dirigida a ni\u00f1os\u2026","rel":"","context":"En \u00abSALUD\u00bb","block_context":{"text":"SALUD","link":"https:\/\/lasprimeras.com.do\/index.php\/category\/salud\/"},"img":{"alt_text":"","src":"https:\/\/i0.wp.com\/lasprimeras.com.do\/wp-content\/uploads\/2025\/10\/doss.jpg?resize=350%2C200&ssl=1","width":350,"height":200,"srcset":"https:\/\/i0.wp.com\/lasprimeras.com.do\/wp-content\/uploads\/2025\/10\/doss.jpg?resize=350%2C200&ssl=1 1x, https:\/\/i0.wp.com\/lasprimeras.com.do\/wp-content\/uploads\/2025\/10\/doss.jpg?resize=525%2C300&ssl=1 1.5x, https:\/\/i0.wp.com\/lasprimeras.com.do\/wp-content\/uploads\/2025\/10\/doss.jpg?resize=700%2C400&ssl=1 2x"},"classes":[]},{"id":99152,"url":"https:\/\/lasprimeras.com.do\/index.php\/2025\/05\/18\/mapfre-dominicana-anuncia-jornadas-gratuitas-a-traves-de-su-ruta-latidos-2025\/","url_meta":{"origin":124665,"position":4},"title":"MAPFRE Dominicana anuncia jornadas gratuitas a trav\u00e9s de su \u201cRuta Latidos 2025\u201d","author":"Nelson Feliz","date":"18 de mayo de 2025","format":false,"excerpt":"Con el objetivo de concientizar sobre la prevenci\u00f3n y el diagn\u00f3stico a tiempo de las enfermedades cardiovasculares y, en ocasi\u00f3n de celebrarse el D\u00eda Mundial de la Hipertensi\u00f3n, MAPFRE Salud ARS, realizar\u00e1 la jornada \u201cRuta Latidos 2025\u201d, una actividad en favor del bienestar de la poblaci\u00f3n dominicana. En esa l\u00ednea\u2026","rel":"","context":"En \u00abSALUD\u00bb","block_context":{"text":"SALUD","link":"https:\/\/lasprimeras.com.do\/index.php\/category\/salud\/"},"img":{"alt_text":"","src":"https:\/\/i0.wp.com\/lasprimeras.com.do\/wp-content\/uploads\/2025\/05\/Personal-medico-y-pacientes-durante-la-evaluacion.jpg?resize=350%2C200&ssl=1","width":350,"height":200,"srcset":"https:\/\/i0.wp.com\/lasprimeras.com.do\/wp-content\/uploads\/2025\/05\/Personal-medico-y-pacientes-durante-la-evaluacion.jpg?resize=350%2C200&ssl=1 1x, https:\/\/i0.wp.com\/lasprimeras.com.do\/wp-content\/uploads\/2025\/05\/Personal-medico-y-pacientes-durante-la-evaluacion.jpg?resize=525%2C300&ssl=1 1.5x, https:\/\/i0.wp.com\/lasprimeras.com.do\/wp-content\/uploads\/2025\/05\/Personal-medico-y-pacientes-durante-la-evaluacion.jpg?resize=700%2C400&ssl=1 2x"},"classes":[]},{"id":110796,"url":"https:\/\/lasprimeras.com.do\/index.php\/2025\/10\/01\/mapfre-y-grupo-ramos-anuncian-jornadas-gratuitas-de-prevencion-y-deteccion-de-cancer-de-mama\/","url_meta":{"origin":124665,"position":5},"title":"MAPFRE y Grupo Ramos anuncian jornadas gratuitas de prevenci\u00f3n y detecci\u00f3n de c\u00e1ncer de mama","author":"Nelson Feliz","date":"1 de octubre de 2025","format":false,"excerpt":"El programa, que se ha implementado durante 11 a\u00f1os, ha beneficiado a m\u00e1s de 88,870 personas y ayudado a la detecci\u00f3n de 1,599 casos. MAPFRE y Grupo Ramos, presentaron la d\u00e9cima primera edici\u00f3n de Alerta Rosada, una iniciativa que durante m\u00e1s de una d\u00e9cada se ha consolidado como referente en\u2026","rel":"","context":"En \u00abPORTADA\u00bb","block_context":{"text":"PORTADA","link":"https:\/\/lasprimeras.com.do\/index.php\/category\/portada\/"},"img":{"alt_text":"","src":"https:\/\/i0.wp.com\/lasprimeras.com.do\/wp-content\/uploads\/2025\/10\/01-PRINCIPAL.jpg?resize=350%2C200&ssl=1","width":350,"height":200,"srcset":"https:\/\/i0.wp.com\/lasprimeras.com.do\/wp-content\/uploads\/2025\/10\/01-PRINCIPAL.jpg?resize=350%2C200&ssl=1 1x, https:\/\/i0.wp.com\/lasprimeras.com.do\/wp-content\/uploads\/2025\/10\/01-PRINCIPAL.jpg?resize=525%2C300&ssl=1 1.5x, https:\/\/i0.wp.com\/lasprimeras.com.do\/wp-content\/uploads\/2025\/10\/01-PRINCIPAL.jpg?resize=700%2C400&ssl=1 2x"},"classes":[]}],"jetpack_sharing_enabled":true,"_links":{"self":[{"href":"https:\/\/lasprimeras.com.do\/index.php\/wp-json\/wp\/v2\/posts\/124665","targetHints":{"allow":["GET"]}}],"collection":[{"href":"https:\/\/lasprimeras.com.do\/index.php\/wp-json\/wp\/v2\/posts"}],"about":[{"href":"https:\/\/lasprimeras.com.do\/index.php\/wp-json\/wp\/v2\/types\/post"}],"author":[{"embeddable":true,"href":"https:\/\/lasprimeras.com.do\/index.php\/wp-json\/wp\/v2\/users\/10"}],"replies":[{"embeddable":true,"href":"https:\/\/lasprimeras.com.do\/index.php\/wp-json\/wp\/v2\/comments?post=124665"}],"version-history":[{"count":1,"href":"https:\/\/lasprimeras.com.do\/index.php\/wp-json\/wp\/v2\/posts\/124665\/revisions"}],"predecessor-version":[{"id":124669,"href":"https:\/\/lasprimeras.com.do\/index.php\/wp-json\/wp\/v2\/posts\/124665\/revisions\/124669"}],"wp:featuredmedia":[{"embeddable":true,"href":"https:\/\/lasprimeras.com.do\/index.php\/wp-json\/wp\/v2\/media\/124666"}],"wp:attachment":[{"href":"https:\/\/lasprimeras.com.do\/index.php\/wp-json\/wp\/v2\/media?parent=124665"}],"wp:term":[{"taxonomy":"category","embeddable":true,"href":"https:\/\/lasprimeras.com.do\/index.php\/wp-json\/wp\/v2\/categories?post=124665"},{"taxonomy":"post_tag","embeddable":true,"href":"https:\/\/lasprimeras.com.do\/index.php\/wp-json\/wp\/v2\/tags?post=124665"}],"curies":[{"name":"wp","href":"https:\/\/api.w.org\/{rel}","templated":true}]}}