{"id":124670,"date":"2026-03-15T19:47:42","date_gmt":"2026-03-15T23:47:42","guid":{"rendered":"https:\/\/lasprimeras.com.do\/?p=124670"},"modified":"2026-03-15T19:47:45","modified_gmt":"2026-03-15T23:47:45","slug":"las-obras-que-no-caben-en-una-mano","status":"publish","type":"post","link":"https:\/\/lasprimeras.com.do\/index.php\/2026\/03\/15\/las-obras-que-no-caben-en-una-mano\/","title":{"rendered":"Las obras que no caben en una mano"},"content":{"rendered":"\n<p>Por Miguel Cano<\/p>\n\n\n\n<p>La pasada semana, en la C\u00e1mara de Diputados, se produjo un cruce entre dos legisladores de mi provincia San Juan: Frank Ram\u00edrez, del oficialismo, y M\u00e9lido Mercedes, de la oposici\u00f3n, a prop\u00f3sito del discurso de rendici\u00f3n de cuentas del presidente Luis Abinader.<\/p>\n\n\n\n<p>Frank Ram\u00edrez sostuvo que en San Juan este gobierno ha entregado m\u00e1s de cien obras. Melido Mercedes respondi\u00f3 con descalificaci\u00f3n, se burl\u00f3 del discurso presidencial llam\u00e1ndolo \u201crendici\u00f3n de cuentos\u201d y afirm\u00f3 que en la provincia las obras del gobierno se cuentan con los dedos de una mano, y que incluso sobran dedos.<\/p>\n\n\n\n<p>Por eso hoy no voy a entrar en el universo completo de obras ejecutadas por esta gesti\u00f3n en San Juan. No hace falta. Me basta con referirme a las que yo mismo he tenido la oportunidad de presenciar en su inauguraci\u00f3n, entrega o puesta en servicio.<\/p>\n\n\n\n<p>He estado en la Escuela de Educaci\u00f3n Inicial Profesora Rosa Mar\u00eda Mora Tavera; en el Polideportivo Ram\u00f3n Pasi\u00e1n; en el primer parque de zona franca industrial de San Juan; en el Liceo Ana Cristina Far\u00edas M\u00e9ndez; y en el recinto de la Universidad ISA en Bohech\u00edo.<\/p>\n\n\n\n<p>He estado en la inauguraci\u00f3n del proyecto de conectividad a internet de fibra \u00f3ptica para la regi\u00f3n Sur; en la carretera de acceso a la presa de Palomino; en la nave industrial tabacalera de la zona franca; en el destacamento policial de Guanito; y en entregas de calles asfaltadas, aceras y contenes en Juan de Herrera, Sabaneta, La Jagua, Maguana Abajo y Maguana Arriba.<\/p>\n\n\n\n<p>Tambi\u00e9n he estado en la entrega de las carreteras Vallejuelo\u2013Batista, Vallejuelo\u2013R\u00edo Arriba Sur y Los Arroyos\u2013Sabaneta; en el Centro Educativo Le\u00f3n Romilio Rodr\u00edguez Ventura, en Carrera de Yeguas; en el mercado municipal de Las Matas de Farf\u00e1n; y en la jornada en que se entregaron la planta de tratamiento de aguas residuales de Las Matas de Farf\u00e1n, el mejoramiento del alcantarillado sanitario, la ampliaci\u00f3n del acueducto de Las Matas, la reconstrucci\u00f3n de la l\u00ednea de impulsi\u00f3n del acueducto de Juan de Herrera, la habilitaci\u00f3n del acueducto El C\u00f3rbano y la ampliaci\u00f3n del acueducto m\u00faltiple Yabonico.<\/p>\n\n\n\n<p>He estado en la entrega de 14 viviendas del plan Dominicana se Reconstruye; en el destacamento policial de Carrera de Yeguas; en los proyectos de electrificaci\u00f3n de Pascual Garc\u00eda, Ca\u00f1ada Cadena, La Lata y Tambal\u00e1; en las 48 viviendas entregadas en Las Matas de Farf\u00e1n; en el CAIPI Villa Esperanza; en la carretera Las Matas de Farf\u00e1n\u2013Carrera de Yeguas; y en la entrega de nueve viviendas de la segunda etapa del proyecto habitacional de Las Matas.<\/p>\n\n\n\n<p>He estado adem\u00e1s en la panader\u00eda comunitaria de Las Matas de Farf\u00e1n; en el Hogar Permanente para Personas Envejecientes Santa Luc\u00eda; en la cancha deportiva y el centro comunal de Sabana Alta; en la reconstrucci\u00f3n de la carretera San Juan\u2013Las Matas de Farf\u00e1n; en el acueducto El Cercado con extensi\u00f3n a Placer Bonito; en la reconstrucci\u00f3n de la Iglesia Nuestra Se\u00f1ora del Perpetuo Socorro; y en la expansi\u00f3n de la red de Farmacias del Pueblo en El Rosario, El Batey, Hato del Padre, Las Charcas de Mar\u00eda Nova, Las Zanjas, Carrera de Yeguas, La Jagua y Villa Flores.<\/p>\n\n\n\n<p>Ese recuento no da cinco.<\/p>\n\n\n\n<p>No da cuatro.<\/p>\n\n\n\n<p>No da \u201clos dedos de una mano\u201d.<\/p>\n\n\n\n<p>Da 50 obras y proyectos que he visto inaugurar, entregar o ponerse en servicio en la provincia San Juan.<\/p>\n\n\n\n<p>Entonces no estamos ante una diferencia de percepci\u00f3n. Estamos ante una diferencia entre la verdad y el relato.<\/p>\n\n\n\n<p>Negar eso no es hacer oposici\u00f3n. Negar eso es faltarle el respeto a la provincia.<\/p>\n\n\n\n<p>Al honorable diputado M\u00e9lido Mercedes, con el respeto que merece su investidura, le dir\u00eda que antes de volver a reducir San Juan a una frase de coyuntura, recorra la provincia sin prejuicios.<\/p>\n\n\n\n<p>Que se d\u00e9 un verdadero ba\u00f1o de pueblo. Que escuche a la gente y mire de frente las comunidades donde hoy hay obras que antes no exist\u00edan.<\/p>\n\n\n\n<p>Y cuando salga, que no vaya solo. Que salga con varios de sus seguidores, porque van a hacer falta muchas manos para contar las obras que este gobierno ha entregado en San Juan.<\/p>\n\n\n\n<p>Como dijo el presidente Luis Abinader: \u201c\u00bfQuieren obras?\u2026 cojan obras.\u201d<\/p>\n\n\n\n<p>San Juan merece debate pol\u00edtico, s\u00ed. Pero merece uno serio, no uno construido sobre la negaci\u00f3n de lo visible.<\/p>\n\n\n\n<p>Porque al final, la verdad del territorio siempre termina derrotando la comodidad del discurso.<\/p>\n\n\n\n<p>Y en San Juan, la verdad tiene calles, tiene escuelas, tiene mercados, tiene viviendas, tiene acueductos y tiene nombre propio.<\/p>\n\n\n\n<p>Por eso, cuando se diga que las obras de este gobierno en San Juan se cuentan con una mano, habr\u00e1 que responder con serenidad, pero tambi\u00e9n con firmeza: no se est\u00e1 discutiendo pol\u00edtica; se est\u00e1 intentando negar la realidad.<\/p>\n\n\n\n<p>Y la realidad de San Juan no se tapa con una mano.<\/p>\n\n\n\n<p>El autor es: Especialista en marketing y gesti\u00f3n de proyectos p\u00fablicosm reside en San Juan<\/p>\n","protected":false},"excerpt":{"rendered":"<p>Por Miguel Cano La pasada semana, en la C\u00e1mara de Diputados, se produjo un cruce entre dos legisladores de mi provincia San Juan: Frank Ram\u00edrez, del oficialismo, y M\u00e9lido Mercedes,&hellip;<\/p>\n","protected":false},"author":10,"featured_media":124671,"comment_status":"open","ping_status":"open","sticky":false,"template":"","format":"standard","meta":{"content-type":"","jetpack_post_was_ever_published":false,"_jetpack_newsletter_access":"","_jetpack_dont_email_post_to_subs":false,"_jetpack_newsletter_tier_id":0,"_jetpack_memberships_contains_paywalled_content":false,"_jetpack_memberships_contains_paid_content":false,"footnotes":""},"categories":[95],"tags":[31205],"class_list":["post-124670","post","type-post","status-publish","format-standard","has-post-thumbnail","hentry","category-opinion","tag-las-obras-que-no-caben-en-una-mano"],"jetpack_featured_media_url":"https:\/\/lasprimeras.com.do\/wp-content\/uploads\/2026\/03\/Miguel-Cano.jpg","jetpack-related-posts":[{"id":123276,"url":"https:\/\/lasprimeras.com.do\/index.php\/2026\/02\/27\/abinader-presenta-inversion-historica-y-mayor-descentralizacion-de-obras-publicas-en-la-rendicion-de-cuentas\/","url_meta":{"origin":124670,"position":0},"title":"Abinader presenta inversi\u00f3n hist\u00f3rica y mayor descentralizaci\u00f3n de obras p\u00fablicas en la Rendici\u00f3n de Cuentas","author":"Nelson Feliz","date":"27 de febrero de 2026","format":false,"excerpt":"Con RD$47,290 millones ejecutados en 2025 y m\u00e1s de mil obras en todo el territorio, Gobierno impulsa la transformaci\u00f3n estructural del pa\u00eds, llevando inversi\u00f3n r\u00e9cord a cada provincia y convirtiendo a Pedernales en el mayor polo de desarrollo fuera de Santo Domingo. El presidente Luis Abinader afirm\u00f3 que la Rep\u00fablica\u2026","rel":"","context":"En \u00abECONOM\u00cdA\u00bb","block_context":{"text":"ECONOM\u00cdA","link":"https:\/\/lasprimeras.com.do\/index.php\/category\/economia\/"},"img":{"alt_text":"Rendici\u00f3n de Cuentas","src":"https:\/\/i0.wp.com\/lasprimeras.com.do\/wp-content\/uploads\/2026\/02\/Rendicion-de-Cuentas.jpg?resize=350%2C200&ssl=1","width":350,"height":200,"srcset":"https:\/\/i0.wp.com\/lasprimeras.com.do\/wp-content\/uploads\/2026\/02\/Rendicion-de-Cuentas.jpg?resize=350%2C200&ssl=1 1x, https:\/\/i0.wp.com\/lasprimeras.com.do\/wp-content\/uploads\/2026\/02\/Rendicion-de-Cuentas.jpg?resize=525%2C300&ssl=1 1.5x, https:\/\/i0.wp.com\/lasprimeras.com.do\/wp-content\/uploads\/2026\/02\/Rendicion-de-Cuentas.jpg?resize=700%2C400&ssl=1 2x"},"classes":[]},{"id":123250,"url":"https:\/\/lasprimeras.com.do\/index.php\/2026\/02\/27\/presidente-abinader-energico-y-emocionado-pasa-revista-a-proyectos-esto-era-por-si-querian-obras\/","url_meta":{"origin":124670,"position":1},"title":"Presidente Abinader en\u00e9rgico y emocionado pasa revista a proyectos: &#8220;Esto era por si quer\u00edan obras&#8221;","author":"Nelson Feliz","date":"27 de febrero de 2026","format":false,"excerpt":"Durante su discurso ante la Asamblea Nacional, el presidente detall\u00f3 que en 2025 se ejecutaron inversiones por RD$47,290 millones, destacando proyectos en el sur profundo y la zona fronteriza. El presidente Luis Abinader asegur\u00f3 este viernes que durante su gesti\u00f3n se ha realizado la mayor descentralizaci\u00f3n en obras p\u00fablicas de\u2026","rel":"","context":"En \u00abNACIONALES\u00bb","block_context":{"text":"NACIONALES","link":"https:\/\/lasprimeras.com.do\/index.php\/category\/nacionales\/"},"img":{"alt_text":"","src":"https:\/\/i0.wp.com\/lasprimeras.com.do\/wp-content\/uploads\/2026\/02\/Luis-Abinader-c-Obras.jpg?resize=350%2C200&ssl=1","width":350,"height":200,"srcset":"https:\/\/i0.wp.com\/lasprimeras.com.do\/wp-content\/uploads\/2026\/02\/Luis-Abinader-c-Obras.jpg?resize=350%2C200&ssl=1 1x, https:\/\/i0.wp.com\/lasprimeras.com.do\/wp-content\/uploads\/2026\/02\/Luis-Abinader-c-Obras.jpg?resize=525%2C300&ssl=1 1.5x, https:\/\/i0.wp.com\/lasprimeras.com.do\/wp-content\/uploads\/2026\/02\/Luis-Abinader-c-Obras.jpg?resize=700%2C400&ssl=1 2x"},"classes":[]},{"id":123630,"url":"https:\/\/lasprimeras.com.do\/index.php\/2026\/03\/03\/pld-en-san-jose-de-ocoa-indignacion-de-ocoa-con-anuncio-de-obras-inexistentes\/","url_meta":{"origin":124670,"position":2},"title":"PLD en San Jos\u00e9 de Ocoa: Indignaci\u00f3n de Ocoa con anuncio de obras inexistentes","author":"Nelson Feliz","date":"3 de marzo de 2026","format":false,"excerpt":"El PLD en San Jos\u00e9 de Ocoa responde al Presidente de la Rep\u00fablica. Niega la construcci\u00f3n de 25 obras en la provincia. El Partido de la Liberaci\u00f3n Dominicana (PLD), en San Jos\u00e9 de Ocoa, desminti\u00f3 que el gobierno del PRM haya construido 25 obras como se\u00f1al\u00f3 el presidente de la\u2026","rel":"","context":"En \u00abPOLITICA\u00bb","block_context":{"text":"POLITICA","link":"https:\/\/lasprimeras.com.do\/index.php\/category\/politica\/"},"img":{"alt_text":"","src":"https:\/\/i0.wp.com\/lasprimeras.com.do\/wp-content\/uploads\/2026\/03\/Foto.jpg?resize=350%2C200&ssl=1","width":350,"height":200,"srcset":"https:\/\/i0.wp.com\/lasprimeras.com.do\/wp-content\/uploads\/2026\/03\/Foto.jpg?resize=350%2C200&ssl=1 1x, https:\/\/i0.wp.com\/lasprimeras.com.do\/wp-content\/uploads\/2026\/03\/Foto.jpg?resize=525%2C300&ssl=1 1.5x, https:\/\/i0.wp.com\/lasprimeras.com.do\/wp-content\/uploads\/2026\/03\/Foto.jpg?resize=700%2C400&ssl=1 2x"},"classes":[]},{"id":123792,"url":"https:\/\/lasprimeras.com.do\/index.php\/2026\/03\/05\/senador-aneudy-ortiz-sajiun-valora-discurso-del-presidente-abinader-agradece-obras-en-ocoa\/","url_meta":{"origin":124670,"position":3},"title":"Senador Aneudy Ortiz Sajiun valora discurso del presidente Abinader, agradece obras en Ocoa","author":"Nelson Feliz","date":"5 de marzo de 2026","format":false,"excerpt":"Exhorta a \u201ccasarse con la gloria\u201d culminando proyectos en la zona alta del Pinar, Naranjal\u2013Parra y Ocoa\u2013Cruce de Ocoa. El senador por la provincia San Jos\u00e9 de Ocoa, Aneudy Ortiz Sajiun, catalog\u00f3 como uno de los mejores discursos de los \u00faltimos tiempos la alocuci\u00f3n pronunciada por el presidente Luis Abinader\u2026","rel":"","context":"En \u00abPOLITICA\u00bb","block_context":{"text":"POLITICA","link":"https:\/\/lasprimeras.com.do\/index.php\/category\/politica\/"},"img":{"alt_text":"","src":"https:\/\/i0.wp.com\/lasprimeras.com.do\/wp-content\/uploads\/2026\/03\/IMG-20260305-WA0166.jpg?resize=350%2C200&ssl=1","width":350,"height":200,"srcset":"https:\/\/i0.wp.com\/lasprimeras.com.do\/wp-content\/uploads\/2026\/03\/IMG-20260305-WA0166.jpg?resize=350%2C200&ssl=1 1x, https:\/\/i0.wp.com\/lasprimeras.com.do\/wp-content\/uploads\/2026\/03\/IMG-20260305-WA0166.jpg?resize=525%2C300&ssl=1 1.5x, https:\/\/i0.wp.com\/lasprimeras.com.do\/wp-content\/uploads\/2026\/03\/IMG-20260305-WA0166.jpg?resize=700%2C400&ssl=1 2x"},"classes":[]},{"id":78005,"url":"https:\/\/lasprimeras.com.do\/index.php\/2024\/02\/27\/presidente-abinader-destaca-logros-de-la-caasd-en-gestion-de-fellito-subervi\/","url_meta":{"origin":124670,"position":4},"title":"Presidente Abinader destaca logros de la CAASD en gesti\u00f3n de Fellito Suberv\u00ed","author":"Nelson Feliz","date":"27 de febrero de 2024","format":false,"excerpt":"Durante su discurso de rendici\u00f3n de cuentas, el jefe de Estado enumer\u00f3 las obras ejecutadas por la instituci\u00f3n para mejor\u00eda de la calidad de vida de la poblaci\u00f3n del Gran Santo Domingo. El presidente Luis Abinader resalt\u00f3 las obras ejecutadas por la Corporaci\u00f3n del Acueducto y Alcantarillado de Santo Domingo\u2026","rel":"","context":"En \u00abECONOM\u00cdA\u00bb","block_context":{"text":"ECONOM\u00cdA","link":"https:\/\/lasprimeras.com.do\/index.php\/category\/economia\/"},"img":{"alt_text":"Fellito Suberv\u00ed","src":"https:\/\/i0.wp.com\/lasprimeras.com.do\/wp-content\/uploads\/2024\/02\/Fellito-Subervi-1.jpg?resize=350%2C200&ssl=1","width":350,"height":200,"srcset":"https:\/\/i0.wp.com\/lasprimeras.com.do\/wp-content\/uploads\/2024\/02\/Fellito-Subervi-1.jpg?resize=350%2C200&ssl=1 1x, https:\/\/i0.wp.com\/lasprimeras.com.do\/wp-content\/uploads\/2024\/02\/Fellito-Subervi-1.jpg?resize=525%2C300&ssl=1 1.5x, https:\/\/i0.wp.com\/lasprimeras.com.do\/wp-content\/uploads\/2024\/02\/Fellito-Subervi-1.jpg?resize=700%2C400&ssl=1 2x"},"classes":[]},{"id":88706,"url":"https:\/\/lasprimeras.com.do\/index.php\/2024\/09\/03\/frank-ramirez-es-elegido-presidente-comision-de-agricultura-de-la-camara-de-diputados\/","url_meta":{"origin":124670,"position":5},"title":"Frank Ram\u00edrez es elegido presidente Comisi\u00f3n de Agricultura de la C\u00e1mara de Diputados","author":"Nelson Feliz","date":"3 de septiembre de 2024","format":false,"excerpt":"La C\u00e1mara de Diputados eligi\u00f3 este lunes al diputado por la provincia San Juan, Frank Ram\u00edrez, como presidente de la influyente Comisi\u00f3n Permanente de Agricultura de ese hemiciclo. La Comisi\u00f3n de Agricultura es la encargada de los asuntos relacionados con el marco jur\u00eddico y la pol\u00edtica agropecuaria del pa\u00eds y\u2026","rel":"","context":"En \u00abSin categor\u00eda\u00bb","block_context":{"text":"Sin categor\u00eda","link":"https:\/\/lasprimeras.com.do\/index.php\/category\/sin-categoria\/"},"img":{"alt_text":"Frank Ram\u00edrez","src":"https:\/\/i0.wp.com\/lasprimeras.com.do\/wp-content\/uploads\/2024\/09\/Frank-Ramirez.jpg?resize=350%2C200&ssl=1","width":350,"height":200,"srcset":"https:\/\/i0.wp.com\/lasprimeras.com.do\/wp-content\/uploads\/2024\/09\/Frank-Ramirez.jpg?resize=350%2C200&ssl=1 1x, https:\/\/i0.wp.com\/lasprimeras.com.do\/wp-content\/uploads\/2024\/09\/Frank-Ramirez.jpg?resize=525%2C300&ssl=1 1.5x, https:\/\/i0.wp.com\/lasprimeras.com.do\/wp-content\/uploads\/2024\/09\/Frank-Ramirez.jpg?resize=700%2C400&ssl=1 2x"},"classes":[]}],"jetpack_sharing_enabled":true,"_links":{"self":[{"href":"https:\/\/lasprimeras.com.do\/index.php\/wp-json\/wp\/v2\/posts\/124670","targetHints":{"allow":["GET"]}}],"collection":[{"href":"https:\/\/lasprimeras.com.do\/index.php\/wp-json\/wp\/v2\/posts"}],"about":[{"href":"https:\/\/lasprimeras.com.do\/index.php\/wp-json\/wp\/v2\/types\/post"}],"author":[{"embeddable":true,"href":"https:\/\/lasprimeras.com.do\/index.php\/wp-json\/wp\/v2\/users\/10"}],"replies":[{"embeddable":true,"href":"https:\/\/lasprimeras.com.do\/index.php\/wp-json\/wp\/v2\/comments?post=124670"}],"version-history":[{"count":1,"href":"https:\/\/lasprimeras.com.do\/index.php\/wp-json\/wp\/v2\/posts\/124670\/revisions"}],"predecessor-version":[{"id":124672,"href":"https:\/\/lasprimeras.com.do\/index.php\/wp-json\/wp\/v2\/posts\/124670\/revisions\/124672"}],"wp:featuredmedia":[{"embeddable":true,"href":"https:\/\/lasprimeras.com.do\/index.php\/wp-json\/wp\/v2\/media\/124671"}],"wp:attachment":[{"href":"https:\/\/lasprimeras.com.do\/index.php\/wp-json\/wp\/v2\/media?parent=124670"}],"wp:term":[{"taxonomy":"category","embeddable":true,"href":"https:\/\/lasprimeras.com.do\/index.php\/wp-json\/wp\/v2\/categories?post=124670"},{"taxonomy":"post_tag","embeddable":true,"href":"https:\/\/lasprimeras.com.do\/index.php\/wp-json\/wp\/v2\/tags?post=124670"}],"curies":[{"name":"wp","href":"https:\/\/api.w.org\/{rel}","templated":true}]}}