{"id":124673,"date":"2026-03-15T20:01:21","date_gmt":"2026-03-16T00:01:21","guid":{"rendered":"https:\/\/lasprimeras.com.do\/?p=124673"},"modified":"2026-03-15T20:01:23","modified_gmt":"2026-03-16T00:01:23","slug":"infotep-lineas-estrategicas-de-la-nueva-gestion","status":"publish","type":"post","link":"https:\/\/lasprimeras.com.do\/index.php\/2026\/03\/15\/infotep-lineas-estrategicas-de-la-nueva-gestion\/","title":{"rendered":"INFOTEP: L\u00edneas estrat\u00e9gicas de la nueva gesti\u00f3n"},"content":{"rendered":"\n<ul class=\"wp-block-list\">\n<li><strong>Morla Pineda destac\u00f3 que la planificaci\u00f3n institucional debe ser din\u00e1mica y capaz de adaptarse a las nuevas demandas del mercado laboral y del desarrollo productivo nacional.<\/strong><\/li>\n<\/ul>\n\n\n\n<p>La directora general del Instituto Nacional de Formaci\u00f3n T\u00e9cnico Profesional (INFOTEP), Maira Morla Pineda, socializ\u00f3 las l\u00edneas estrat\u00e9gicas de la gesti\u00f3n que encabeza, con el prop\u00f3sito de fortalecer la articulaci\u00f3n institucional para el cumplimiento de los objetivos de la entidad, durante un encuentro que reuni\u00f3 a directores nacionales y regionales y sus respectivos subdirectores.<\/p>\n\n\n\n<p>La reuni\u00f3n, celebrada en la Direcci\u00f3n Regional Metropolitana del INFOTEP, permiti\u00f3 presentar la visi\u00f3n estrat\u00e9gica que orientar\u00e1 la actual gesti\u00f3n, alineada con el Plan Estrat\u00e9gico Institucional y el Plan Operativo Presupuestario, as\u00ed como escuchar las opiniones, planteamientos y sugerencias de los responsables de las distintas \u00e1reas y regiones del pa\u00eds.<\/p>\n\n\n\n<p>Durante su intervenci\u00f3n, Morla Pineda destac\u00f3 la importancia de mantener una planificaci\u00f3n din\u00e1mica y flexible que permita al INFOTEP responder de manera oportuna a las demandas del sector productivo y a los cambios que experimenta el mundo del trabajo.<\/p>\n\n\n\n<p>En ese sentido, subray\u00f3 que la prioridad inicial de su gesti\u00f3n es consolidar el trabajo en equipo y promover una cultura institucional abierta a las ideas que contribuyan al desarrollo y crecimiento del \u00f3rgano rector de la formaci\u00f3n t\u00e9cnico profesional.<\/p>\n\n\n\n<figure class=\"wp-block-image size-full\"><img decoding=\"async\" width=\"900\" height=\"629\" src=\"https:\/\/lasprimeras.com.do\/wp-content\/uploads\/2026\/03\/Maira-Morla-Pineda-1-1.jpg\" alt=\"\" class=\"wp-image-124675\" srcset=\"https:\/\/lasprimeras.com.do\/wp-content\/uploads\/2026\/03\/Maira-Morla-Pineda-1-1.jpg 900w, https:\/\/lasprimeras.com.do\/wp-content\/uploads\/2026\/03\/Maira-Morla-Pineda-1-1-300x210.jpg 300w, https:\/\/lasprimeras.com.do\/wp-content\/uploads\/2026\/03\/Maira-Morla-Pineda-1-1-768x537.jpg 768w\" sizes=\"(max-width: 900px) 100vw, 900px\" \/><\/figure>\n\n\n\n<p><strong>L\u00edneas estrat\u00e9gicas de gesti\u00f3n<\/strong><\/p>\n\n\n\n<p>La directora general present\u00f3 seis l\u00edneas estrat\u00e9gicas que orientar\u00e1n el accionar institucional.<\/p>\n\n\n\n<p>Entre ellas destac\u00f3 la modernizaci\u00f3n tecnol\u00f3gica y la digitalizaci\u00f3n de la formaci\u00f3n, con el objetivo de ampliar y actualizar la oferta formativa mediante el uso de plataformas y herramientas digitales que fortalezcan el liderazgo del INFOTEP en la formaci\u00f3n t\u00e9cnico profesional.<\/p>\n\n\n\n<p>Asimismo, resalt\u00f3 la promoci\u00f3n de la inserci\u00f3n laboral y el fortalecimiento de alianzas estrat\u00e9gicas con los sectores empresarial, laboral y gubernamental, impulsando iniciativas como el programa de formaci\u00f3n dual (ProDual) para conectar la formaci\u00f3n t\u00e9cnico profesional con las oportunidades reales del mercado laboral.<\/p>\n\n\n\n<p>Otra de las l\u00edneas estrat\u00e9gicas planteadas es la mejora continua de la calidad formativa y la actualizaci\u00f3n curricular, orientada a garantizar programas con est\u00e1ndares de excelencia y certificaciones internacionales que respalden el prestigio de la instituci\u00f3n.<\/p>\n\n\n\n<p>Morla Pineda tambi\u00e9n plante\u00f3 la necesidad de fortalecer la plataforma financiera institucional, gestionando recursos y estableciendo v\u00ednculos con organismos nacionales e internacionales que apoyen proyectos de capacitaci\u00f3n y expansi\u00f3n de los servicios formativos.<\/p>\n\n\n\n<p>De igual forma, destac\u00f3 la consolidaci\u00f3n y expansi\u00f3n de centros y servicios del INFOTEP, mediante el fortalecimiento del equipamiento, la certificaci\u00f3n de instructores, la innovaci\u00f3n en la oferta formativa y la ampliaci\u00f3n territorial de los servicios, en consonancia con el proceso de regionalizaci\u00f3n institucional.<\/p>\n\n\n\n<p>Entre los aspectos estrat\u00e9gicos presentados figura adem\u00e1s el desarrollo del Convenio MINERD-INFOTEP 2025-2028, orientado a apoyar la modernizaci\u00f3n del sistema educativo nacional y fortalecer la formaci\u00f3n t\u00e9cnico profesional como componente clave del desarrollo del pa\u00eds.<\/p>\n\n\n\n<p>Tambi\u00e9n Morla Pineda realiz\u00f3 un recorrido por las instalaciones de la Direcci\u00f3n Regional Metropolitana, donde recibi\u00f3 muestras de afecto y reconocimiento por parte de colaboradores y colaboradores, recordando su paso por esta dependencia, en la que anteriormente se desempe\u00f1\u00f3 como directora regional.<\/p>\n","protected":false},"excerpt":{"rendered":"<p>La directora general del Instituto Nacional de Formaci\u00f3n T\u00e9cnico Profesional (INFOTEP), Maira Morla Pineda, socializ\u00f3 las l\u00edneas estrat\u00e9gicas de la gesti\u00f3n que encabeza, con el prop\u00f3sito de fortalecer la articulaci\u00f3n&hellip;<\/p>\n","protected":false},"author":10,"featured_media":124674,"comment_status":"open","ping_status":"open","sticky":false,"template":"","format":"standard","meta":{"content-type":"","jetpack_post_was_ever_published":false,"_jetpack_newsletter_access":"","_jetpack_dont_email_post_to_subs":false,"_jetpack_newsletter_tier_id":0,"_jetpack_memberships_contains_paywalled_content":false,"_jetpack_memberships_contains_paid_content":false,"footnotes":""},"categories":[35,25],"tags":[811,1376,212,1880,31206,3444,2517,371],"class_list":["post-124673","post","type-post","status-publish","format-standard","has-post-thumbnail","hentry","category-nacionales","category-portada","tag-directora","tag-directores","tag-gestion","tag-infotep","tag-lineas-estrategicas","tag-nacionales","tag-regionales","tag-socializa"],"jetpack_featured_media_url":"https:\/\/lasprimeras.com.do\/wp-content\/uploads\/2026\/03\/Maira-Morla-Pineda-2.jpg","jetpack-related-posts":[{"id":122502,"url":"https:\/\/lasprimeras.com.do\/index.php\/2026\/02\/18\/toma-posesion-como-directora-general-del-infotep-maira-morla-pineda\/","url_meta":{"origin":124673,"position":0},"title":"Toma posesi\u00f3n como directora general del Infotep, Maira Morla Pineda","author":"Nelson Feliz","date":"18 de febrero de 2026","format":false,"excerpt":"\u00b7 Ministro de Trabajo destaca trayectoria de Morla Pineda dentro de la instituci\u00f3n. En un acto encabezado por el ministro de Trabajo y presidente ex oficio del Instituto Nacional de Formaci\u00f3n T\u00e9cnico Profesional (INFOTEP), Eddy Olivares, Maira Morla Pineda tom\u00f3 posesi\u00f3n formal como directora general de la instituci\u00f3n, en cumplimiento\u2026","rel":"","context":"En \u00abNACIONALES\u00bb","block_context":{"text":"NACIONALES","link":"https:\/\/lasprimeras.com.do\/index.php\/category\/nacionales\/"},"img":{"alt_text":"","src":"https:\/\/i0.wp.com\/lasprimeras.com.do\/wp-content\/uploads\/2026\/02\/IMG-20260218-WA0280.jpg?resize=350%2C200&ssl=1","width":350,"height":200,"srcset":"https:\/\/i0.wp.com\/lasprimeras.com.do\/wp-content\/uploads\/2026\/02\/IMG-20260218-WA0280.jpg?resize=350%2C200&ssl=1 1x, https:\/\/i0.wp.com\/lasprimeras.com.do\/wp-content\/uploads\/2026\/02\/IMG-20260218-WA0280.jpg?resize=525%2C300&ssl=1 1.5x, https:\/\/i0.wp.com\/lasprimeras.com.do\/wp-content\/uploads\/2026\/02\/IMG-20260218-WA0280.jpg?resize=700%2C400&ssl=1 2x, https:\/\/i0.wp.com\/lasprimeras.com.do\/wp-content\/uploads\/2026\/02\/IMG-20260218-WA0280.jpg?resize=1050%2C600&ssl=1 3x"},"classes":[]},{"id":127357,"url":"https:\/\/lasprimeras.com.do\/index.php\/2026\/04\/10\/infotep-designo-a-carlos-jose-hernandez-sanchez-como-director-de-la-regional-cibao-sur\/","url_meta":{"origin":124673,"position":1},"title":"INFOTEP design\u00f3 a Carlos Jos\u00e9 Hern\u00e1ndez S\u00e1nchez como director de la Regional Cibao Sur","author":"Nelson Feliz","date":"10 de abril de 2026","format":false,"excerpt":"\u00b7-Cuenta con m\u00e1s de tres d\u00e9cadas de trayectoria en la instituci\u00f3n y s\u00f3lida formaci\u00f3n en gesti\u00f3n y tecnolog\u00eda-. El Instituto Nacional de Formaci\u00f3n T\u00e9cnico Profesional (INFOTEP) design\u00f3 a Carlos Jos\u00e9 Hern\u00e1ndez S\u00e1nchez como director de la Regional Cibao Sur, mediante el circular n\u00famero 1-002, una disposici\u00f3n adoptada por la Direcci\u00f3n\u2026","rel":"","context":"En \u00abNACIONALES\u00bb","block_context":{"text":"NACIONALES","link":"https:\/\/lasprimeras.com.do\/index.php\/category\/nacionales\/"},"img":{"alt_text":"Carlos Jos\u00e9 Hern\u00e1ndez S\u00e1nchez","src":"https:\/\/i0.wp.com\/lasprimeras.com.do\/wp-content\/uploads\/2026\/04\/Carlos-Jose-Hernandez-Sanchez.jpg?resize=350%2C200&ssl=1","width":350,"height":200,"srcset":"https:\/\/i0.wp.com\/lasprimeras.com.do\/wp-content\/uploads\/2026\/04\/Carlos-Jose-Hernandez-Sanchez.jpg?resize=350%2C200&ssl=1 1x, https:\/\/i0.wp.com\/lasprimeras.com.do\/wp-content\/uploads\/2026\/04\/Carlos-Jose-Hernandez-Sanchez.jpg?resize=525%2C300&ssl=1 1.5x, https:\/\/i0.wp.com\/lasprimeras.com.do\/wp-content\/uploads\/2026\/04\/Carlos-Jose-Hernandez-Sanchez.jpg?resize=700%2C400&ssl=1 2x"},"classes":[]},{"id":127825,"url":"https:\/\/lasprimeras.com.do\/index.php\/2026\/04\/16\/luis-manuel-rodriguez-nuevo-subdirector-general-del-infotep\/","url_meta":{"origin":124673,"position":2},"title":"Luis Manuel Rodr\u00edguez nuevo subdirector general del INFOTEP","author":"Nelson Feliz","date":"16 de abril de 2026","format":false,"excerpt":"\u00b7_El funcionario fue juramentado por la directora general, Maira Morla Pineda, tras su designaci\u00f3n mediante la circular n\u00fam. 1-002._ Luis Manuel Rodr\u00edguez tom\u00f3 posesi\u00f3n como subdirector general del Instituto Nacional de Formaci\u00f3n T\u00e9cnico Profesional (INFOTEP), luego de ser juramentado en el cargo por la directora general de la instituci\u00f3n, Maira\u2026","rel":"","context":"En \u00abNACIONALES\u00bb","block_context":{"text":"NACIONALES","link":"https:\/\/lasprimeras.com.do\/index.php\/category\/nacionales\/"},"img":{"alt_text":"","src":"https:\/\/i0.wp.com\/lasprimeras.com.do\/wp-content\/uploads\/2026\/04\/IMG-20260416-WA0421.jpg?resize=350%2C200&ssl=1","width":350,"height":200,"srcset":"https:\/\/i0.wp.com\/lasprimeras.com.do\/wp-content\/uploads\/2026\/04\/IMG-20260416-WA0421.jpg?resize=350%2C200&ssl=1 1x, https:\/\/i0.wp.com\/lasprimeras.com.do\/wp-content\/uploads\/2026\/04\/IMG-20260416-WA0421.jpg?resize=525%2C300&ssl=1 1.5x, https:\/\/i0.wp.com\/lasprimeras.com.do\/wp-content\/uploads\/2026\/04\/IMG-20260416-WA0421.jpg?resize=700%2C400&ssl=1 2x, https:\/\/i0.wp.com\/lasprimeras.com.do\/wp-content\/uploads\/2026\/04\/IMG-20260416-WA0421.jpg?resize=1050%2C600&ssl=1 3x, https:\/\/i0.wp.com\/lasprimeras.com.do\/wp-content\/uploads\/2026\/04\/IMG-20260416-WA0421.jpg?resize=1400%2C800&ssl=1 4x"},"classes":[]},{"id":122021,"url":"https:\/\/lasprimeras.com.do\/index.php\/2026\/02\/12\/abinader-designa-a-maira-morla-pineda-como-nueva-directora-general-del-infotep\/","url_meta":{"origin":124673,"position":3},"title":"Abinader designa a Maira Morla Pineda como nueva directora general del INFOTEP","author":"Nelson Feliz","date":"12 de febrero de 2026","format":false,"excerpt":"Morla Pineda tiene m\u00e1s de tres d\u00e9cadas de experiencia dentro de la instituci\u00f3n, se desempe\u00f1aba como subdirectora general desde 2014. El presidente de la Rep\u00fablica, Luis Abinader, design\u00f3 a Maira Margarita Morla Pineda como nueva directora general del Instituto Nacional de Formaci\u00f3n T\u00e9cnico Profesional (INFOTEP), mediante el Decreto n\u00fam. 95-26.\u2026","rel":"","context":"En \u00abNACIONALES\u00bb","block_context":{"text":"NACIONALES","link":"https:\/\/lasprimeras.com.do\/index.php\/category\/nacionales\/"},"img":{"alt_text":"Maira Morla Pineda","src":"https:\/\/i0.wp.com\/lasprimeras.com.do\/wp-content\/uploads\/2026\/02\/Maira-Morla-Pineda.jpg?resize=350%2C200&ssl=1","width":350,"height":200,"srcset":"https:\/\/i0.wp.com\/lasprimeras.com.do\/wp-content\/uploads\/2026\/02\/Maira-Morla-Pineda.jpg?resize=350%2C200&ssl=1 1x, https:\/\/i0.wp.com\/lasprimeras.com.do\/wp-content\/uploads\/2026\/02\/Maira-Morla-Pineda.jpg?resize=525%2C300&ssl=1 1.5x, https:\/\/i0.wp.com\/lasprimeras.com.do\/wp-content\/uploads\/2026\/02\/Maira-Morla-Pineda.jpg?resize=700%2C400&ssl=1 2x"},"classes":[]},{"id":126274,"url":"https:\/\/lasprimeras.com.do\/index.php\/2026\/03\/31\/infotep-y-universidad-isa-revisan-alianza-para-fortalecer-formacion-de-tecnicos-del-sector-agropecuario\/","url_meta":{"origin":124673,"position":4},"title":"INFOTEP y Universidad ISA revisan alianza para fortalecer formaci\u00f3n de t\u00e9cnicos del sector agropecuario","author":"Nelson Feliz","date":"31 de marzo de 2026","format":false,"excerpt":"\u00b7 La directora general del INFOTEP, Maira Morla Pineda, encabez\u00f3 el encuentro con autoridades de la Universidad ISA. El Instituto Nacional de Formaci\u00f3n T\u00e9cnico Profesional (INFOTEP) y la Universidad ISA iniciaron un proceso de evaluaci\u00f3n de su alianza estrat\u00e9gica con el objetivo de fortalecer la formaci\u00f3n de t\u00e9cnicos capacitados para\u2026","rel":"","context":"En \u00abNACIONALES\u00bb","block_context":{"text":"NACIONALES","link":"https:\/\/lasprimeras.com.do\/index.php\/category\/nacionales\/"},"img":{"alt_text":"","src":"https:\/\/i0.wp.com\/lasprimeras.com.do\/wp-content\/uploads\/2026\/03\/IMG-20260331-WA0742.jpg?resize=350%2C200&ssl=1","width":350,"height":200,"srcset":"https:\/\/i0.wp.com\/lasprimeras.com.do\/wp-content\/uploads\/2026\/03\/IMG-20260331-WA0742.jpg?resize=350%2C200&ssl=1 1x, https:\/\/i0.wp.com\/lasprimeras.com.do\/wp-content\/uploads\/2026\/03\/IMG-20260331-WA0742.jpg?resize=525%2C300&ssl=1 1.5x, https:\/\/i0.wp.com\/lasprimeras.com.do\/wp-content\/uploads\/2026\/03\/IMG-20260331-WA0742.jpg?resize=700%2C400&ssl=1 2x, https:\/\/i0.wp.com\/lasprimeras.com.do\/wp-content\/uploads\/2026\/03\/IMG-20260331-WA0742.jpg?resize=1050%2C600&ssl=1 3x, https:\/\/i0.wp.com\/lasprimeras.com.do\/wp-content\/uploads\/2026\/03\/IMG-20260331-WA0742.jpg?resize=1400%2C800&ssl=1 4x"},"classes":[]},{"id":126939,"url":"https:\/\/lasprimeras.com.do\/index.php\/2026\/04\/07\/infotep-consolida-oferta-formativa-para-periodistas\/","url_meta":{"origin":124673,"position":5},"title":"Infotep consolida oferta formativa para periodistas","author":"Nelson Feliz","date":"7 de abril de 2026","format":false,"excerpt":"En los \u00faltimos cinco a\u00f1os, la instituci\u00f3n ha desarrollado 135 acciones formativas que han impactado a periodistas y comunicadores en todo el pa\u00eds. En el D\u00eda Nacional del Periodista Dominicano, Maira Morla Pineda, directora de Infotep, reafirm\u00f3 el compromiso institucional con la capacitaci\u00f3n del sector. Destac\u00f3 la importancia de fortalecer\u2026","rel":"","context":"En \u00abNACIONALES\u00bb","block_context":{"text":"NACIONALES","link":"https:\/\/lasprimeras.com.do\/index.php\/category\/nacionales\/"},"img":{"alt_text":"Maira Morla Pineda","src":"https:\/\/i0.wp.com\/lasprimeras.com.do\/wp-content\/uploads\/2026\/04\/Maira-Morla-Pineda.jpg?resize=350%2C200&ssl=1","width":350,"height":200,"srcset":"https:\/\/i0.wp.com\/lasprimeras.com.do\/wp-content\/uploads\/2026\/04\/Maira-Morla-Pineda.jpg?resize=350%2C200&ssl=1 1x, https:\/\/i0.wp.com\/lasprimeras.com.do\/wp-content\/uploads\/2026\/04\/Maira-Morla-Pineda.jpg?resize=525%2C300&ssl=1 1.5x, https:\/\/i0.wp.com\/lasprimeras.com.do\/wp-content\/uploads\/2026\/04\/Maira-Morla-Pineda.jpg?resize=700%2C400&ssl=1 2x"},"classes":[]}],"jetpack_sharing_enabled":true,"_links":{"self":[{"href":"https:\/\/lasprimeras.com.do\/index.php\/wp-json\/wp\/v2\/posts\/124673","targetHints":{"allow":["GET"]}}],"collection":[{"href":"https:\/\/lasprimeras.com.do\/index.php\/wp-json\/wp\/v2\/posts"}],"about":[{"href":"https:\/\/lasprimeras.com.do\/index.php\/wp-json\/wp\/v2\/types\/post"}],"author":[{"embeddable":true,"href":"https:\/\/lasprimeras.com.do\/index.php\/wp-json\/wp\/v2\/users\/10"}],"replies":[{"embeddable":true,"href":"https:\/\/lasprimeras.com.do\/index.php\/wp-json\/wp\/v2\/comments?post=124673"}],"version-history":[{"count":1,"href":"https:\/\/lasprimeras.com.do\/index.php\/wp-json\/wp\/v2\/posts\/124673\/revisions"}],"predecessor-version":[{"id":124676,"href":"https:\/\/lasprimeras.com.do\/index.php\/wp-json\/wp\/v2\/posts\/124673\/revisions\/124676"}],"wp:featuredmedia":[{"embeddable":true,"href":"https:\/\/lasprimeras.com.do\/index.php\/wp-json\/wp\/v2\/media\/124674"}],"wp:attachment":[{"href":"https:\/\/lasprimeras.com.do\/index.php\/wp-json\/wp\/v2\/media?parent=124673"}],"wp:term":[{"taxonomy":"category","embeddable":true,"href":"https:\/\/lasprimeras.com.do\/index.php\/wp-json\/wp\/v2\/categories?post=124673"},{"taxonomy":"post_tag","embeddable":true,"href":"https:\/\/lasprimeras.com.do\/index.php\/wp-json\/wp\/v2\/tags?post=124673"}],"curies":[{"name":"wp","href":"https:\/\/api.w.org\/{rel}","templated":true}]}}